{"id":361,"date":"2016-12-14T01:00:00","date_gmt":"2016-12-13T22:00:00","guid":{"rendered":"http:\/\/lemotdujour.fr\/?p=361"},"modified":"2017-06-05T15:41:31","modified_gmt":"2017-06-05T13:41:31","slug":"mercredi-14-decembre-2016","status":"publish","type":"post","link":"https:\/\/lemotdujour.fr\/?p=361","title":{"rendered":"Mercredi 14 d\u00e9cembre 2016"},"content":{"rendered":"<div class=\"mdjDate\"><a id=\"_Toc482008735\"><\/a>Mercredi 14 d\u00e9cembre 2016<\/div>\n<div class=\"mdjTexte\">\u00abImaginez ce que serait la situation aux \u00c9tats-Unis si, dans la foul\u00e9e de son ind\u00e9pendance, une superpuissance avait inflig\u00e9 pareil traitement : jamais des institutions d\u00e9mocratiques n\u2019auraient pu y prosp\u00e9rer. \u00bb<\/div>\n<div class=\"mdjAuteur\">Noam Chomsky \u00e0 propos de la mort de Fidel Castro et de la politique des Etats-Unis \u00e0 l\u2019\u00e9gard de cette \u00eele.<\/div>\n<div class=\"mdjComplements\">Mon complice de toujours Albert m\u2019a lanc\u00e9 un d\u00e9fi que je r\u00e9sumerai ainsi \u00ab Tu ne seras pas cap de consacrer un mot du jour positif \u00e0 Fidel Castro parce que ce n\u2019est pas politiquement correct ! \u00bb<\/div>\n<div class=\"mdjComplements\">Mais si je suis capable de dire que Fidel Castro a lib\u00e9r\u00e9 Cuba de la dictature mafieuse de Battista et que par la suite les Etats-Unis ont eu un comportement indigne avec ce petit pays ce qui a pouss\u00e9 le r\u00e9gime castriste vers l\u2019Union sovi\u00e9tique , alors qu&rsquo;\u00e0 l\u2019origine Castro n\u2019\u00e9tait pas communiste. Que l\u2019\u00e9ducation et le syst\u00e8me de sant\u00e9 mis en place \u00e0 Cuba \u00e9taient remarquables.<\/div>\n<div class=\"mdjComplements\">Les Etats-Unis est un pays plein de contradictions il y a des Donald Trump dont les diff\u00e9rentes d\u00e9signations aux postes cl\u00e9s de son administration n\u2019annoncent rien de bon, mais il y a aussi des hommes comme <span style=\"color: #0000ff;\"><a style=\"color: #0000ff;\" href=\"https:\/\/fr.wikipedia.org\/wiki\/Noam_Chomsky\">Noam Chomsky<\/a><\/span>, un des plus brillants intellectuels du monde, le New York Times a \u00e9mis cette hypoth\u00e8se : \u00ab Peut-\u00eatre l\u2019intellectuel vivant le plus important\u2026<\/div>\n<div class=\"mdjComplements\">Linguiste, philosophe, professeur au prestigieux Massachusetts Institute of Technology Et Noam Chomsky a rendu cet hommage \u00e0 Fidel Castro\u00a0:<\/div>\n<div class=\"mdjCiter\">\u00ab Les r\u00e9actions \u00e0 la mort de Fidel Castro diff\u00e8rent selon\u00a0 l\u2019endroit du monde o\u00f9 vous vous trouvez. Par exemple, en Ha\u00efti ou en Afrique du Sud, c\u2019\u00e9tait une figure tr\u00e8s respect\u00e9e, une ic\u00f4ne, et sa disparition a suscit\u00e9 une grande \u00e9motion.\u00a0 Aux \u00c9tats-Unis, l\u2019ambiance g\u00e9n\u00e9rale a \u00e9t\u00e9 r\u00e9sum\u00e9e par le premier titre du \u00ab New York Times \u00bb, lequel indiquait en substance : \u00ab Le dictateur cubain est mort \u00bb. Par curiosit\u00e9, j\u2019ai jet\u00e9 un oeil aux archives de ce journal pour voir combien de fois ils avaient qualifi\u00e9 le roi d\u2019Arabie saoudite de \u00ab dictateur \u00bb. Sans surprise, il n\u2019y avait aucune occurrence\u2026<\/div>\n<div class=\"mdjCiter\">Il y a \u00e9galement un silence absolu sur le r\u00f4le jou\u00e9 par les \u00c9tats-Unis \u00e0 Cuba, la mani\u00e8re dont Washington a \u0153uvr\u00e9 pour nuire aux vell\u00e9it\u00e9s d\u2019ind\u00e9pendance de l\u2019\u00eele et \u00e0 son d\u00e9veloppement, d\u00e8s la r\u00e9volution survenue en janvier 1959. L\u2019administration Eisenhower a tent\u00e9 de renverser Castro, puis, sous celle de Kennedy, il y a eu l\u2019invasion manqu\u00e9e de la baie des Cochons, suivie d\u2019une campagne terroriste majeure. Des centaines, voire des milliers de personnes ont \u00e9t\u00e9 assassin\u00e9es avec la complicit\u00e9 de l\u2019administration am\u00e9ricaine et une guerre \u00e9conomique d\u2019une sauvagerie extr\u00eame a \u00e9t\u00e9 d\u00e9clar\u00e9e contre le r\u00e9gime de Fidel.<\/div>\n<div class=\"mdjCiter\">Imaginez ce que serait la situation aux \u00c9tats-Unis si, dans la foul\u00e9e de son ind\u00e9pendance, une superpuissance avait inflig\u00e9 pareil traitement : jamais des institutions d\u00e9mocratiques n\u2019auraient pu y prosp\u00e9rer. Tout cela a \u00e9t\u00e9 omis lors de l\u2019annonce de la mort de Fidel Castro.<\/div>\n<div class=\"mdjCiter\">Autres omissions : pourquoi une personnalit\u00e9 aussi respect\u00e9e que Nelson Mandela, \u00e0 peine lib\u00e9r\u00e9e de prison, a-t-elle rendu hommage \u00e0 Fidel Castro en le remerciant de son aide pour la lib\u00e9ration de son pays du joug de l\u2019apartheid ?<\/div>\n<div class=\"mdjCiter\">Pourquoi La Havane a-t-elle envoy\u00e9 tant de m\u00e9decins au chevet d\u2019Ha\u00efti apr\u00e8s le s\u00e9isme de 2010 ?<\/div>\n<div class=\"mdjCiter\">Le rayonnement et l\u2019activisme international de cette petite \u00eele ont \u00e9t\u00e9 stup\u00e9fiants, notamment lorsque l\u2019Afrique du Sud a envahi l\u2019Angola avec le soutien des \u00c9tats-Unis. Les soldats cubains y ont combattu les troupes de Pretoria quand les \u00c9tats-Unis faisaient partie des derniers pays au monde \u00e0 soutenir l\u2019apartheid. [\u2026] Il faut \u00e9galement noter que le syst\u00e8me de sant\u00e9 \u00e0 Cuba s\u2019est impos\u00e9 comme l\u2019un des plus efficaces de la plan\u00e8te, bien sup\u00e9rieur, par exemple, \u00e0 celui que nous avons aux \u00c9tats-Unis.<\/div>\n<div class=\"mdjCiter\">Et concernant les violations des droits de l\u2019homme, ce qui s\u2019y est produit de pire ces quinze derni\u00e8res ann\u00e9es a eu lieu \u00e0 Guantanamo, dans la partie de l\u2019\u00eele occup\u00e9e par l\u2019arm\u00e9e am\u00e9ricaine, qui y a tortur\u00e9 des centaines de personnes dans le cadre de la \u00ab guerre contre le terrorisme \u00bb.<\/div>\n<div class=\"mdjComplements\">Vous trouverez les \u00e9l\u00e9ments de cet article derri\u00e8re ce lien :<a href=\"https:\/\/www.les-crises.fr\/ce-qui-a-ete-omis-a-la-mort-de-fidel-castro-par-noam-chomsky\/\"><span style=\"color: #0000ff;\"> https:\/\/www.les-crises.fr\/ce-qui-a-ete-omis-a-la-mort-de-fidel-castro-par-noam-chomsky\/<\/span> <\/a><\/div>\n<div class=\"mdjComplements\"><span style=\"color: #800000;\">&lt;803&gt;<\/span><\/div>\n","protected":false},"excerpt":{"rendered":"<p>Mercredi 14 d\u00e9cembre 2016 \u00abImaginez ce que serait la situation aux \u00c9tats-Unis si, dans la foul\u00e9e de son ind\u00e9pendance, une superpuissance avait inflig\u00e9 pareil traitement : jamais des institutions d\u00e9mocratiques n\u2019auraient pu y prosp\u00e9rer. \u00bb Noam Chomsky \u00e0 propos de<\/p>\n","protected":false},"author":1,"featured_media":0,"comment_status":"closed","ping_status":"closed","sticky":false,"template":"","format":"standard","meta":{"footnotes":""},"categories":[1],"tags":[17,18,3],"class_list":["post-361","post","type-post","status-publish","format-standard","hentry","category-motdujour","tag-histoire","tag-international","tag-politique"],"_links":{"self":[{"href":"https:\/\/lemotdujour.fr\/index.php?rest_route=\/wp\/v2\/posts\/361","targetHints":{"allow":["GET"]}}],"collection":[{"href":"https:\/\/lemotdujour.fr\/index.php?rest_route=\/wp\/v2\/posts"}],"about":[{"href":"https:\/\/lemotdujour.fr\/index.php?rest_route=\/wp\/v2\/types\/post"}],"author":[{"embeddable":true,"href":"https:\/\/lemotdujour.fr\/index.php?rest_route=\/wp\/v2\/users\/1"}],"replies":[{"embeddable":true,"href":"https:\/\/lemotdujour.fr\/index.php?rest_route=%2Fwp%2Fv2%2Fcomments&post=361"}],"version-history":[{"count":3,"href":"https:\/\/lemotdujour.fr\/index.php?rest_route=\/wp\/v2\/posts\/361\/revisions"}],"predecessor-version":[{"id":2425,"href":"https:\/\/lemotdujour.fr\/index.php?rest_route=\/wp\/v2\/posts\/361\/revisions\/2425"}],"wp:attachment":[{"href":"https:\/\/lemotdujour.fr\/index.php?rest_route=%2Fwp%2Fv2%2Fmedia&parent=361"}],"wp:term":[{"taxonomy":"category","embeddable":true,"href":"https:\/\/lemotdujour.fr\/index.php?rest_route=%2Fwp%2Fv2%2Fcategories&post=361"},{"taxonomy":"post_tag","embeddable":true,"href":"https:\/\/lemotdujour.fr\/index.php?rest_route=%2Fwp%2Fv2%2Ftags&post=361"}],"curies":[{"name":"wp","href":"https:\/\/api.w.org\/{rel}","templated":true}]}}