{"id":3594,"date":"2017-11-30T04:00:07","date_gmt":"2017-11-30T03:00:07","guid":{"rendered":"http:\/\/lemotdujour.fr\/?p=3594"},"modified":"2021-09-29T20:48:21","modified_gmt":"2021-09-29T18:48:21","slug":"jeudi-30-novembre-2017","status":"publish","type":"post","link":"https:\/\/lemotdujour.fr\/?p=3594","title":{"rendered":"Jeudi 30 novembre 2017"},"content":{"rendered":"<div class=\"mdjTexte\">\t\u00ab&nbsp;Le cerveau vit dans un temps particulier&nbsp;: le futur du pr\u00e9sent&nbsp;\u00bb<\/div>\n<div class=\"mdjAuteur\">\tLionel Naccache, \u00ab&nbsp;Le cerveau parle au futur du pr\u00e9sent\u00bb 33<sup>\u00e8me<\/sup> \u00e9mission de la s\u00e9rie \u00ab&nbsp;Parlez-vous cerveau&nbsp;?&nbsp;\u00bb<\/div>\n<p><span style=\"color: #777777; font-family: Arial;\">Dans cet \u00e9pisode, il n&rsquo;y a pas de r\u00e9v\u00e9lation aussi \u00e9tonnante que celles concernant la plasticit\u00e9 ou l&rsquo;invention du monde que le cerveau r\u00e9alise \u00e0 partir des informations envoy\u00e9es par ce que les yeux voient.<br \/>\n<\/span><\/p>\n<p><span style=\"color: #777777; font-family: Arial;\">Ici nous sommes dans l&rsquo;univers de l&rsquo;intelligence et de la philosophie.<br \/>\n<\/span><\/p>\n<p><span style=\"color: #777777; font-family: Arial;\">Car Lionel Naccache s&rsquo;interroge sur le temps du cerveau. Notre cerveau vit au pr\u00e9sent mais pas seulement. Il y a un temps particulier plus important pour notre vie.<br \/>\n<\/span><\/p>\n<p><span style=\"color: #777777; font-family: Arial;\">Car le cerveau anticipe continuellement pour conna\u00eetre l&rsquo;univers imm\u00e9diat futur vers lequel nous nous engageons&nbsp;:<br \/>\n<\/span><\/p>\n<p style=\"margin-left: 28pt;\"><span style=\"color: #c00000; font-family: Arial;\">\u00ab&nbsp;Contrairement \u00e0 notre intuition imm\u00e9diate, notre cerveau ne vit pas au pr\u00e9sent. Ou plus exactement pas uniquement au pr\u00e9sent.<br \/>\n<\/span><\/p>\n<p style=\"margin-left: 28pt;\"><span style=\"color: #c00000; font-family: Arial;\">Il vit dans un temps particulier que j&rsquo;aime \u00e0 appeler le futur du pr\u00e9sent.<br \/>\n<\/span><\/p>\n<p style=\"margin-left: 28pt;\"><span style=\"color: #c00000; font-family: Arial;\">A chaque instant notre cerveau construit ce \u00e0 quoi devrait ressembler notre futur imm\u00e9diat. Ce que nous devrions percevoir et vivre dans l&rsquo;instant qui suit&nbsp;: le futur du pr\u00e9sent.&nbsp;\u00bb<br \/>\n<\/span><\/p>\n<p><span style=\"color: #777777; font-family: Arial;\">Lorsque son anticipation est confirm\u00e9e par la r\u00e9alit\u00e9, Lionel Naccache conclut&nbsp;: <span style=\"color: #c00000;\">\u00ab le cerveau sourit silencieusement&nbsp;\u00bb.<br \/>\n<\/span><\/span><\/p>\n<p><span style=\"color: #777777; font-family: Arial;\">Mais quand le cerveau se rend compte que son anticipation \u00e9tait erron\u00e9e&nbsp;:<br \/>\n<\/span><\/p>\n<p style=\"margin-left: 28pt;\"><span style=\"color: #c00000; font-family: Arial;\">\u00ab&nbsp;Il chamboule son mod\u00e8le du futur \u00e0 venir. Et cela correspond \u00e0 d&rsquo;amples r\u00e9ponses c\u00e9r\u00e9brales que nous enregistrons avec nos outils de neuro-imagerie.<br \/>\n<\/span><\/p>\n<p style=\"margin-left: 28pt;\"><span style=\"color: #c00000; font-family: Arial;\">Prenons un exemple.<br \/>\nImaginons que j&rsquo;enregistre l&rsquo;activit\u00e9 de votre cerveau pendant que je vous fais \u00e9couter un m\u00eame son (<span style=\"color: #777777;\">un bip assez aga\u00e7ant \u00e0 mon oreille<span style=\"color: #c00000;\">) qui se r\u00e9p\u00e8te inlassablement.<br \/>\n<\/span><\/span><\/span><span style=\"color: #c00000; font-family: Arial;\">Voici la r\u00e9ponse que j&rsquo;enregistrerai&nbsp;: Une premi\u00e8re r\u00e9ponse tr\u00e8s ample des zones auditives de votre cortex, li\u00e9e \u00e0 la surprise du premier son entendu, suivie de r\u00e9ponses de plus en plus att\u00e9nu\u00e9es au fil des bips.&nbsp;\u00bb<br \/>\n<\/span><\/p>\n<p><span style=\"color: #777777; font-family: Arial;\">Lionel Naccache explique que cette att\u00e9nuation vient de la partie du cerveau qui r\u00e9fl\u00e9chit au futur du pr\u00e9sent. Car plus le m\u00eame son se r\u00e9p\u00e8te, plus le mod\u00e8le pr\u00e9dictif mis en place constate la diminution de l&rsquo;incertitude pour l&rsquo;avenir imm\u00e9diat. Il peut donc mettre au repos cette fonction.<br \/>\n<\/span><\/p>\n<p><span style=\"color: #777777; font-family: Arial;\">Ainsi, la partie du cerveau qui pense au pr\u00e9sent reste stable, alors que celle qui pense au futur du pr\u00e9sent voit son activit\u00e9 tendre vers z\u00e9ro.<br \/>\n<\/span><\/p>\n<p style=\"margin-left: 28pt;\"><span style=\"color: #c00000; font-family: Arial;\">\u00ab&nbsp;Bien entendu, si j&rsquo;arr\u00eate brutalement le son. J&rsquo;enregistrerai une r\u00e9ponse ample de votre cerveau, car il a d\u00fb chambouler son mod\u00e8le du futur imm\u00e9diat qui vient d&rsquo;\u00eatre contredit.&nbsp;\u00bb<br \/>\n<\/span><\/p>\n<p><span style=\"color: #777777; font-family: Arial;\">Et puis Lionel Naccache va plus loin dans son analyse de cette fonction du cerveau \u00e0 toujours anticiper le futur pr\u00e9visible&nbsp;:<br \/>\n<\/span><\/p>\n<p style=\"margin-left: 28pt;\"><span style=\"color: #c00000; font-family: Arial;\">\u00ab&nbsp;Ce n&rsquo;est pas du cerveau au singulier qu&rsquo;il faut parler, En r\u00e9alit\u00e9 il faut imaginer les r\u00e9seaux de notre cerveau, comme une foule d&rsquo;acteurs produisant des anticipations diff\u00e9rentes de l&rsquo;avenir. Des anticipations inconscientes mais aussi des anticipations conscientes qui peuvent se jouer, elles, sur des intervalles tr\u00e8s long.<br \/>\n<\/span><\/p>\n<p style=\"margin-left: 28pt;\"><span style=\"color: #c00000; font-family: Arial;\">M\u00eame lorsque nous d\u00e9cidons d&rsquo;effectuer un geste, nous simulons ce \u00e0 quoi il devra ressembler et quelles seront les cons\u00e9quences apr\u00e8s son ex\u00e9cution.<br \/>\n<\/span><\/p>\n<p style=\"margin-left: 28pt;\"><span style=\"color: #c00000; font-family: Arial;\">En parlant au futur du pr\u00e9sent, notre cerveau ne cesse donc d&rsquo;anticiper ce qu&rsquo;il va vivre.<br \/>\n<\/span><span style=\"color: #c00000; font-family: Arial;\">Cela fait partie de notre condition humaine.<br \/>\n<\/span><span style=\"color: #c00000; font-family: Arial;\">Une anticipation qui peut constituer un avantage de survie pr\u00e9cieux dans un monde dangereux et mouvant.<br \/>\n<\/span><\/p>\n<p style=\"margin-left: 28pt;\"><span style=\"color: #c00000; font-family: Arial;\">Une anticipation qui permet aussi d&rsquo;envisager que le monde puisse \u00eatre autre qu&rsquo;il n&rsquo;est. De simuler mille et un sc\u00e9narios possibles vers lesquels se projeter.<br \/>\n<\/span><span style=\"color: #c00000; font-family: Arial;\">Une anticipation qui illustre comment le futur pens\u00e9 par notre cerveau puise dans son pass\u00e9 et aussi dans les donn\u00e9es les plus imm\u00e9diates.<br \/>\n<\/span><\/p>\n<p style=\"margin-left: 28pt;\"><span style=\"color: #c00000; font-family: Arial;\">Cet infime d\u00e9calage entre le pr\u00e9sent et le futur du pr\u00e9sent est pr\u00e9cieux<br \/>\n<\/span><span style=\"color: #c00000; font-family: Arial;\">C&rsquo;est, en lui, me semble t&rsquo;il que se joue la seule forme de libert\u00e9 qui est \u00e0 notre port\u00e9e.<br \/>\n<\/span><\/p>\n<p style=\"margin-left: 28pt;\"><span style=\"color: #c00000; font-family: Arial;\">Si \u00abtime is money\u00bb pour certains.<br \/>\n<\/span><span style=\"color: #c00000; font-family: Arial;\">Il n&rsquo;est pas exag\u00e9r\u00e9 d&rsquo;affirmer que \u00ab&nbsp;time is freedom&nbsp;\u00bb pour notre cerveau.<br \/>\n<\/span><\/p>\n<p><span style=\"color: #777777; font-family: Arial;\">Il me semble que nous sommes plus savants de savoir et de comprendre que notre cerveau vit au futur du pr\u00e9sent.<br \/>\n<\/span><\/p>\n<p><span style=\"color: #777777; font-family: Arial;\">Vous trouverez l&rsquo;\u00e9mission de Lionel Naccache derri\u00e8re ce lien&nbsp;: <a href=\"https:\/\/www.franceinter.fr\/emissions\/parlez-vous-cerveau\/parlez-vous-cerveau-25-aout-2017\"><span style=\"color: #0000ff;\">&lt;Le cerveau parle au futur du pr\u00e9sent&gt;<\/span><\/a><br \/>\n<\/span><\/p>\n<p><span style=\"color: #777777; font-family: Arial;\"><span style=\"color: #800000;\">&lt;978&gt;<\/span><br \/>\n<\/span><\/p>\n","protected":false},"excerpt":{"rendered":"<p>\u00ab&nbsp;Le cerveau vit dans un temps particulier&nbsp;: le futur du pr\u00e9sent&nbsp;\u00bb Lionel Naccache, \u00ab&nbsp;Le cerveau parle au futur du pr\u00e9sent\u00bb 33\u00e8me \u00e9mission de la s\u00e9rie \u00ab&nbsp;Parlez-vous cerveau&nbsp;?&nbsp;\u00bb Dans cet \u00e9pisode, il n&rsquo;y a pas de r\u00e9v\u00e9lation aussi \u00e9tonnante que celles<\/p>\n","protected":false},"author":1,"featured_media":0,"comment_status":"open","ping_status":"closed","sticky":false,"template":"","format":"standard","meta":{"footnotes":""},"categories":[1],"tags":[13,35],"class_list":["post-3594","post","type-post","status-publish","format-standard","hentry","category-motdujour","tag-sante","tag-sciences"],"_links":{"self":[{"href":"https:\/\/lemotdujour.fr\/index.php?rest_route=\/wp\/v2\/posts\/3594","targetHints":{"allow":["GET"]}}],"collection":[{"href":"https:\/\/lemotdujour.fr\/index.php?rest_route=\/wp\/v2\/posts"}],"about":[{"href":"https:\/\/lemotdujour.fr\/index.php?rest_route=\/wp\/v2\/types\/post"}],"author":[{"embeddable":true,"href":"https:\/\/lemotdujour.fr\/index.php?rest_route=\/wp\/v2\/users\/1"}],"replies":[{"embeddable":true,"href":"https:\/\/lemotdujour.fr\/index.php?rest_route=%2Fwp%2Fv2%2Fcomments&post=3594"}],"version-history":[{"count":5,"href":"https:\/\/lemotdujour.fr\/index.php?rest_route=\/wp\/v2\/posts\/3594\/revisions"}],"predecessor-version":[{"id":12281,"href":"https:\/\/lemotdujour.fr\/index.php?rest_route=\/wp\/v2\/posts\/3594\/revisions\/12281"}],"wp:attachment":[{"href":"https:\/\/lemotdujour.fr\/index.php?rest_route=%2Fwp%2Fv2%2Fmedia&parent=3594"}],"wp:term":[{"taxonomy":"category","embeddable":true,"href":"https:\/\/lemotdujour.fr\/index.php?rest_route=%2Fwp%2Fv2%2Fcategories&post=3594"},{"taxonomy":"post_tag","embeddable":true,"href":"https:\/\/lemotdujour.fr\/index.php?rest_route=%2Fwp%2Fv2%2Ftags&post=3594"}],"curies":[{"name":"wp","href":"https:\/\/api.w.org\/{rel}","templated":true}]}}