{"id":3590,"date":"2017-11-29T03:21:33","date_gmt":"2017-11-29T02:21:33","guid":{"rendered":"http:\/\/lemotdujour.fr\/?p=3590"},"modified":"2021-09-29T10:56:00","modified_gmt":"2021-09-29T08:56:00","slug":"mercredi-29-novembre-2017","status":"publish","type":"post","link":"https:\/\/lemotdujour.fr\/?p=3590","title":{"rendered":"Mercredi 29 novembre 2017"},"content":{"rendered":"<div class=\"mdjTexte\">\t\u00ab&nbsp;Notre cerveau est une sculpture vivante ininterrompue \u00bb<\/div>\n<div class=\"mdjAuteur\">\tLionel Naccache, \u00ab&nbsp;La plasticit\u00e9 c\u00e9r\u00e9brale\u00bb 17<sup>\u00e8me<\/sup> \u00e9mission de la s\u00e9rie \u00ab&nbsp;Parlez-vous cerveau&nbsp;?&nbsp;\u00bb<\/div>\n<p><span style=\"color: #777777; font-family: Arial;\">Lors de la 16\u00e8me \u00e9mission Lionel Naccache avait \u00e9vacu\u00e9 scientifiquement le mythe selon lequel nous n&rsquo;utilisions que 10% de notre cerveau. Les neuro-sciences montrent que nous utilisons bien 100% de notre cerveau.<br \/>\n<\/span><\/p>\n<p><span style=\"color: #777777; font-family: Arial;\">Mais la plasticit\u00e9 du cerveau permet de d\u00e9passer les limites du 100%.<br \/>\n<\/span><\/p>\n<p><span style=\"color: #777777; font-family: Arial;\">Le cerveau utilis\u00e9 \u00e0 100%, ne cesse de se transformer, c&rsquo;est ce qu&rsquo;on appelle la plasticit\u00e9 c\u00e9r\u00e9brale.<br \/>\n<\/span><\/p>\n<p><span style=\"color: #777777; font-family: Arial;\">Lionel Naccache dit que contrairement au mythe des 10%, la plasticit\u00e9 c\u00e9r\u00e9brale est une r\u00e9alit\u00e9 quotidienne qu&rsquo;il va pouvoir nous r\u00e9v\u00e9ler par des exemples concrets.<br \/>\n<\/span><\/p>\n<p><span style=\"color: #777777; font-family: Arial;\">Il commence son \u00e9mission en faisant \u00e9couter plusieurs fois un enregistrement d&rsquo;une phrase reproduite \u00e0 une vitesse tr\u00e8s acc\u00e9l\u00e9r\u00e9e. Il pr\u00e9tend qu&rsquo;au bout de plusieurs essais vous arrivez \u00e0 la comprendre gr\u00e2ce \u00e0 la plasticit\u00e9 de votre cerveau.<br \/>\n<\/span><\/p>\n<p><span style=\"color: #777777; font-family: Arial;\">Moi je n&rsquo;y suis pas arriv\u00e9, mais Lionel Naccache en explique la raison, avec l&rsquo;\u00e2ge la plasticit\u00e9 diminue. Je comprends donc que je suis \u00e2g\u00e9.<br \/>\n<\/span><\/p>\n<p><span style=\"color: #777777; font-family: Arial;\">Pour celles et ceux pour qui \u00e7a marche&nbsp;:<br \/>\n<\/span><\/p>\n<p style=\"margin-left: 28pt;\"><span style=\"color: #c00000; font-family: Arial;\">\u00ab&nbsp;La structure de votre cerveau s&rsquo;est modifi\u00e9e \u00e0 chaque audition.<br \/>\n<strong>Notre cerveau est une sculpture vivante ininterrompue<\/strong> \u00bb.<br \/>\n<\/span><\/p>\n<p style=\"margin-left: 28pt;\"><span style=\"color: #c00000; font-family: Arial;\">Ce qui est vrai pour cette phrase, sans int\u00e9r\u00eat, est vrai pour chaque instant de votre existence, depuis votre vie ut\u00e9rine jusqu&rsquo;\u00e0 votre dernier souffle.<br \/>\n<\/span><\/p>\n<p style=\"margin-left: 28pt;\"><span style=\"color: #c00000; font-family: Arial;\">Notre cerveau est la sculpture de notre vie. Sculpture qui r\u00e9sulte certes de nos actions volontaires : pratiquer telle ou telle activit\u00e9, apprendre telle ou telle langue, mais aussi de tout ce que nous vivons en relation avec les autres et avec l&rsquo;environnement dans lequel nous baignons&nbsp;; ind\u00e9pendamment de tout contexte d&rsquo;apprentissage.<br \/>\n<\/span><\/p>\n<p style=\"margin-left: 28pt;\"><span style=\"color: #c00000; font-family: Arial;\">Si l&rsquo;on devait choisir une devise pour la plasticit\u00e9 c\u00e9r\u00e9brale, ma pr\u00e9f\u00e9rence irait pour la c\u00e9l\u00e8bre citation d&rsquo;H\u00e9raclite&nbsp;: \u00ab&nbsp;On ne se baigne jamais deux fois dans le m\u00eame fleuve&nbsp;\u00bb. C&rsquo;est-\u00e0-dire que le cerveau ne vit jamais deux fois la m\u00eame exp\u00e9rience de mani\u00e8re identique.\u00bb<br \/>\n<\/span><\/p>\n<p><span style=\"color: #777777; font-family: Arial;\">Et Lionel Naccache de pr\u00e9ciser qu&rsquo;Il n&rsquo;existe pas un seul m\u00e9canisme de plasticit\u00e9 c\u00e9r\u00e9brale mais de nombreux m\u00e9canismes qui mobilisent diff\u00e9rentes structures du cerveau&nbsp;: synapse, r\u00e9cepteurs membranaires, neurones, r\u00e9seau de neurones etc..<br \/>\n<\/span><\/p>\n<p><span style=\"color: #777777; font-family: Arial;\">Il donne alors trois exemples&nbsp;:<br \/>\n<\/span><\/p>\n<p style=\"margin-left: 28pt;\"><span style=\"color: #c00000; font-family: Arial;\"><strong>1<\/strong> &#8211; Une \u00e9tude rest\u00e9e c\u00e9l\u00e8bre a montr\u00e9 que la m\u00e9moire des lieux et la mati\u00e8re grise des hippocampes, ces GPS du cerveau, sont plus d\u00e9velopp\u00e9s chez les chauffeurs de taxi londoniens que chez le commun des mortels. Outre-manche comme ailleurs la structure du cerveau est affect\u00e9e par l&rsquo;exp\u00e9rience v\u00e9cue.<br \/>\n<\/span><\/p>\n<p style=\"margin-left: 28pt;\"><span style=\"color: #c00000; font-family: Arial;\"><strong>2<\/strong> &#8211; De la m\u00eame mani\u00e8re les r\u00e9gions visuels du cerveau des aveugles cong\u00e9nitaux sont recycl\u00e9s en r\u00e9gion tactile. Lorsqu&rsquo;ils lisent un texte en braille avec leurs doigts, ils utilisent la r\u00e9gion du cerveau normalement utilis\u00e9e pour la lecture visuelle.<br \/>\n<\/span><\/p>\n<p style=\"margin-left: 28pt;\"><span style=\"color: #c00000; font-family: Arial;\"><strong>3<\/strong> &#8211; Le troisi\u00e8me exemple a \u00e9t\u00e9 rapport\u00e9 par mon coll\u00e8gue Laurent Cohen et concerne une petite fille \u00e0 laquelle il a fallu retirer une r\u00e9gion d\u00e9terminante pour l&rsquo;apprentissage de la lecture \u00e0 un \u00e2ge o\u00f9 elle ne savait pas encore lire. Contre toute attente, cette enfant a pu apprendre \u00e0 lire. Et c&rsquo;est la r\u00e9gion de l&rsquo;h\u00e9misph\u00e8re droit, sym\u00e9trique de celle qui lui a \u00e9t\u00e9 retir\u00e9e \u00e0 gauche qui a pris en charge cette fonction qui normalement n&rsquo;est pas de son ressort.<br \/>\n<\/span><\/p>\n<p style=\"margin-left: 28pt;\"><span style=\"color: #c00000; font-family: Arial;\">Les exemples pourraient \u00eatre multipli\u00e9s \u00e0 l&rsquo;envie.<br \/>\n<\/span><\/p>\n<p><span style=\"color: #777777; font-family: Arial;\">Il existe des plasticit\u00e9s c\u00e9r\u00e9brales de courtes et de longues dur\u00e9es. Certaines sont accessibles \u00e0 notre conscience alors que la plupart ne le sont pas.<br \/>\n<\/span><\/p>\n<p><span style=\"color: #777777; font-family: Arial;\">Pour approfondir ce sujet, je vous conseille cette vid\u00e9o de&nbsp;: <\/span><a href=\"https:\/\/www.youtube.com\/watch?v=7x4am1tC7oo\"><span style=\"font-family: Arial;\">&lt;<span style=\"color: #0000ff;\"> Philippe Fait qui fait une conf\u00e9rence TED \u00e0 Montr\u00e9al sur la plasticit\u00e9 c\u00e9r\u00e9brale<\/span>&gt;<\/span><\/a><span style=\"color: #777777; font-family: Arial;\"><br \/>\n<\/span><\/p>\n<p><span style=\"color: #777777; font-family: Arial;\">Il introduit, en outre, son propos par une pr\u00e9sentation du cerveau par des comparaisons qui montrent le c\u00f4t\u00e9 exceptionnel du cerveau.<br \/>\n<\/span><\/p>\n<p><span style=\"color: #777777; font-family: Arial;\">Par exemple, le cerveau est irrigu\u00e9 par le sang. Pour ce faire il utilise un r\u00e9seau de vaisseaux sanguins qui mit bout \u00e0 bout repr\u00e9sentent 160&nbsp;000 km ce qui permet de faire 4 fois le tour de la terre.<br \/>\n<\/span><\/p>\n<p><span style=\"color: #777777; font-family: Arial;\">Il compare aussi le diam\u00e8tre d&rsquo;un neurone par rapport \u00e0 celui d&rsquo;un cheveu&nbsp;: un cheveu c&rsquo;est 0,1 mm, un neurone 0,004 soit 25 fois plus petit.<br \/>\n<\/span><\/p>\n<p><span style=\"color: #777777; font-family: Arial;\">Il revient aussi sur l&rsquo;\u00e9tude concernant les chauffeurs de taxi londoniens.<br \/>\n<\/span><\/p>\n<p><span style=\"color: #777777; font-family: Arial;\">Et il \u00e9voque une autre exp\u00e9rience o\u00f9 des tests ont \u00e9t\u00e9 effectu\u00e9s sur le d\u00e9veloppement de la plasticit\u00e9 chez des sujets \u00e2g\u00e9s. On leur a propos\u00e9 des exercices intensifs de jonglerie . M\u00eame chez les vieux cela fonctionne, le cerveau continue \u00e0 se d\u00e9velopper. Dans l&rsquo;exp\u00e9rience donn\u00e9e c&rsquo;est la partie du cerveau qui g\u00e8re la coordination des mains qui s&rsquo;est renforc\u00e9e. Et quand on arr\u00eate pendant un temps les exercices, comme chez tous les individus, l&rsquo;\u00e9volution est r\u00e9versible et la partie du cerveau qui s&rsquo;est d\u00e9velopp\u00e9 r\u00e9gresse.<br \/>\n<\/span><\/p>\n<p><span style=\"color: #777777; font-family: Arial;\">Philippe Fait pr\u00e9tend que trois pratiques sont indispensables, \u00e0 tout \u00e2ge, pour exercer la plasticit\u00e9 du cerveau<\/span><\/p>\n<ul>\n<li><span style=\"color: #777777; font-family: Arial;\">Il faut \u00eatre actif physiquement et aussi cognitivement. Ne jamais cesser d&rsquo;apprendre des choses nouvelles.<br \/>\n<\/span><\/li>\n<li><span style=\"color: #777777; font-family: Arial;\">Il faut avoir une bonne hygi\u00e8ne du sommeil. Le sommeil r\u00e9parateur va beaucoup servir \u00e0 la neuroplasticit\u00e9, comme d&rsquo;ailleurs des micro-pauses au milieu de la journ\u00e9e.<br \/>\n<\/span><\/li>\n<li><span style=\"color: #777777; font-family: Arial;\">Enfin avoir une activit\u00e9 sociale, c&rsquo;est-\u00e0-dire inter agir avec d&rsquo;autres humains.<br \/>\n<\/span><\/li>\n<\/ul>\n<p><span style=\"color: #777777; font-family: Arial;\">Vous trouverez \u00e9norm\u00e9ment de vid\u00e9o sur internet parlant de cette plasticit\u00e9 c\u00e9r\u00e9brale. Pour ma part j&rsquo;ai encore regard\u00e9 avec beaucoup d&rsquo;int\u00e9r\u00eat&nbsp;: <\/span><a href=\"https:\/\/www.youtube.com\/watch?v=f2JlHKq4TBk\"><span style=\"font-family: Arial;\"><span style=\"color: #0000ff;\">&lt;Catherine Vidal, neurobiologiste, directrice de recherche \u00e0 l&rsquo;Institut Pasteur&gt;<\/span><\/span><\/a><span style=\"color: #777777; font-family: Arial;\"><span style=\"color: #0000ff;\">.<\/span><br \/>\n<\/span><\/p>\n<p><span style=\"color: #777777; font-family: Arial;\">Vous trouverez l&rsquo;\u00e9mission de Lionel Naccache derri\u00e8re ce lien&nbsp;: <a href=\"https:\/\/www.franceinter.fr\/emissions\/parlez-vous-cerveau\/parlez-vous-cerveau-09-aout-2017\"><span style=\"color: #0000ff;\">&lt;Plasticit\u00e9 c\u00e9r\u00e9brale&gt;<\/span><br \/>\n<\/a><\/span><\/p>\n<p><span style=\"color: #777777; font-family: Arial;\">&lt;<span style=\"color: #800000;\">977<\/span>&gt;<br \/>\n<\/span><\/p>\n","protected":false},"excerpt":{"rendered":"<p>\u00ab&nbsp;Notre cerveau est une sculpture vivante ininterrompue \u00bb Lionel Naccache, \u00ab&nbsp;La plasticit\u00e9 c\u00e9r\u00e9brale\u00bb 17\u00e8me \u00e9mission de la s\u00e9rie \u00ab&nbsp;Parlez-vous cerveau&nbsp;?&nbsp;\u00bb Lors de la 16\u00e8me \u00e9mission Lionel Naccache avait \u00e9vacu\u00e9 scientifiquement le mythe selon lequel nous n&rsquo;utilisions que 10% de notre<\/p>\n","protected":false},"author":1,"featured_media":0,"comment_status":"open","ping_status":"closed","sticky":false,"template":"","format":"standard","meta":{"footnotes":""},"categories":[1],"tags":[13,35],"class_list":["post-3590","post","type-post","status-publish","format-standard","hentry","category-motdujour","tag-sante","tag-sciences"],"_links":{"self":[{"href":"https:\/\/lemotdujour.fr\/index.php?rest_route=\/wp\/v2\/posts\/3590","targetHints":{"allow":["GET"]}}],"collection":[{"href":"https:\/\/lemotdujour.fr\/index.php?rest_route=\/wp\/v2\/posts"}],"about":[{"href":"https:\/\/lemotdujour.fr\/index.php?rest_route=\/wp\/v2\/types\/post"}],"author":[{"embeddable":true,"href":"https:\/\/lemotdujour.fr\/index.php?rest_route=\/wp\/v2\/users\/1"}],"replies":[{"embeddable":true,"href":"https:\/\/lemotdujour.fr\/index.php?rest_route=%2Fwp%2Fv2%2Fcomments&post=3590"}],"version-history":[{"count":9,"href":"https:\/\/lemotdujour.fr\/index.php?rest_route=\/wp\/v2\/posts\/3590\/revisions"}],"predecessor-version":[{"id":12229,"href":"https:\/\/lemotdujour.fr\/index.php?rest_route=\/wp\/v2\/posts\/3590\/revisions\/12229"}],"wp:attachment":[{"href":"https:\/\/lemotdujour.fr\/index.php?rest_route=%2Fwp%2Fv2%2Fmedia&parent=3590"}],"wp:term":[{"taxonomy":"category","embeddable":true,"href":"https:\/\/lemotdujour.fr\/index.php?rest_route=%2Fwp%2Fv2%2Fcategories&post=3590"},{"taxonomy":"post_tag","embeddable":true,"href":"https:\/\/lemotdujour.fr\/index.php?rest_route=%2Fwp%2Fv2%2Ftags&post=3590"}],"curies":[{"name":"wp","href":"https:\/\/api.w.org\/{rel}","templated":true}]}}