{"id":357,"date":"2016-12-08T01:00:00","date_gmt":"2016-12-07T22:00:00","guid":{"rendered":"http:\/\/lemotdujour.fr\/?p=357"},"modified":"2017-06-05T15:37:27","modified_gmt":"2017-06-05T13:37:27","slug":"jeudi-8-decembre-2016","status":"publish","type":"post","link":"https:\/\/lemotdujour.fr\/?p=357","title":{"rendered":"Jeudi 8 D\u00e9cembre 2016"},"content":{"rendered":"<div class=\"mdjDate\">Jeudi 8 D\u00e9cembre 2016<\/div>\n<div class=\"mdjTexte\">\u00ab Ce n&rsquo;est qu&rsquo;en tournant autour du pot qu&rsquo;on peut en voir tous ses aspects !\u00bb<\/div>\n<div class=\"mdjAuteur\">R\u00e9flexions personnelles pour la suite des mots du jour<\/div>\n<div class=\"mdjComplements\">Quand j&rsquo;\u00e9tais dans l&rsquo;administration centrale de la d\u00e9funte Direction G\u00e9n\u00e9rale des Imp\u00f4ts, \u00e0 Bercy dans les ann\u00e9es 90, on me reprochait parfois de tourner autour du pot.<\/div>\n<div class=\"mdjComplements\">J&rsquo;avais alors trouv\u00e9 une r\u00e9ponse : \u00abOui mais ce n\u00a0\u00bbest qu&rsquo;en tournant autour du pot qu&rsquo;on peut en voir tous ses aspects\u00bb<\/div>\n<div class=\"mdjComplements\">Un danger nous menace, nous ne nous confrontons plus vraiment \u00e0 la contradiction. Les r\u00e9seaux sociaux et ce qui en d\u00e9coule nous conduit de plus en plus \u00e0 lire, \u00e9couter et \u00e9changer avec celles et ceux qui sont d&rsquo;accord avec nous. Et on constate que dans nos groupes d&rsquo;\u00abamis\u00bb (ce mot \u00abami\u00bb pour les relations que l&rsquo;on a sur les r\u00e9seaux sociaux me semble totalement inappropri\u00e9.) si l&rsquo;on souhaite exprimer une nuance ou pr\u00e9senter un autre \u00e9clairage, il n&rsquo;y a que rarement d&rsquo;\u00e9changes et on tombe rapidement dans l&rsquo;invective.<\/div>\n<div class=\"mdjComplements\">Or, c&rsquo;est par la confrontation qu&rsquo;il est possible de progresser. Tourner autour du pot pour l&rsquo;observer sous un autre angle.<\/div>\n<div class=\"mdjComplements\">Je vais donc tenter davantage de trouver le d\u00e9bat et lire ou pr\u00e9senter des points de vue divergents, pour sortir\u00a0 du confort intellectuel.<\/div>\n<div class=\"mdjComplements\">Bousculer un peu, en quelque sorte.<\/div>\n<div class=\"mdjComplements\">Mais je ne commencerai pas demain, car je me suis octroy\u00e9 un week-end prolong\u00e9, \u00e0 l&rsquo;occasion <span style=\"color: #0000ff;\"><a style=\"color: #0000ff;\" href=\"http:\/\/www.fetedeslumieres.lyon.fr\/en\">de la f\u00eate des lumi\u00e8res<\/a><\/span> \u00e0 Lyon.<\/div>\n<div class=\"mdjComplements\">Le 802\u00e8me mot du jour sera envoy\u00e9 mardi 13 d\u00e9cembre.<\/div>\n<div class=\"mdjComplements\"><span style=\"color: #800000;\">&lt;801&gt;<\/span><\/div>\n","protected":false},"excerpt":{"rendered":"<p>Jeudi 8 D\u00e9cembre 2016 \u00ab Ce n&rsquo;est qu&rsquo;en tournant autour du pot qu&rsquo;on peut en voir tous ses aspects !\u00bb R\u00e9flexions personnelles pour la suite des mots du jour Quand j&rsquo;\u00e9tais dans l&rsquo;administration centrale de la d\u00e9funte Direction G\u00e9n\u00e9rale des<\/p>\n","protected":false},"author":1,"featured_media":0,"comment_status":"closed","ping_status":"closed","sticky":false,"template":"","format":"standard","meta":{"footnotes":""},"categories":[1],"tags":[19,6],"class_list":["post-357","post","type-post","status-publish","format-standard","hentry","category-motdujour","tag-personnel","tag-philosophie"],"_links":{"self":[{"href":"https:\/\/lemotdujour.fr\/index.php?rest_route=\/wp\/v2\/posts\/357","targetHints":{"allow":["GET"]}}],"collection":[{"href":"https:\/\/lemotdujour.fr\/index.php?rest_route=\/wp\/v2\/posts"}],"about":[{"href":"https:\/\/lemotdujour.fr\/index.php?rest_route=\/wp\/v2\/types\/post"}],"author":[{"embeddable":true,"href":"https:\/\/lemotdujour.fr\/index.php?rest_route=\/wp\/v2\/users\/1"}],"replies":[{"embeddable":true,"href":"https:\/\/lemotdujour.fr\/index.php?rest_route=%2Fwp%2Fv2%2Fcomments&post=357"}],"version-history":[{"count":3,"href":"https:\/\/lemotdujour.fr\/index.php?rest_route=\/wp\/v2\/posts\/357\/revisions"}],"predecessor-version":[{"id":2423,"href":"https:\/\/lemotdujour.fr\/index.php?rest_route=\/wp\/v2\/posts\/357\/revisions\/2423"}],"wp:attachment":[{"href":"https:\/\/lemotdujour.fr\/index.php?rest_route=%2Fwp%2Fv2%2Fmedia&parent=357"}],"wp:term":[{"taxonomy":"category","embeddable":true,"href":"https:\/\/lemotdujour.fr\/index.php?rest_route=%2Fwp%2Fv2%2Fcategories&post=357"},{"taxonomy":"post_tag","embeddable":true,"href":"https:\/\/lemotdujour.fr\/index.php?rest_route=%2Fwp%2Fv2%2Ftags&post=357"}],"curies":[{"name":"wp","href":"https:\/\/api.w.org\/{rel}","templated":true}]}}