{"id":3560,"date":"2017-11-21T04:00:56","date_gmt":"2017-11-21T03:00:56","guid":{"rendered":"http:\/\/lemotdujour.fr\/?p=3560"},"modified":"2021-09-29T20:50:28","modified_gmt":"2021-09-29T18:50:28","slug":"mardi-21-novembre-2017","status":"publish","type":"post","link":"https:\/\/lemotdujour.fr\/?p=3560","title":{"rendered":"Mardi 21 novembre 2017"},"content":{"rendered":"<div class=\"mdjTexte\">\t\u00ab&nbsp;La part d\u2019ange en nous. Histoire de la violence et de son d\u00e9clin&nbsp;\u00bb<\/div>\n<div class=\"mdjAuteur\">\tSteven Pinker<\/div>\n<p><span style=\"color: #777777; font-family: Arial;\">Ce n&rsquo;est pas la premi\u00e8re fois que je m&rsquo;int\u00e9resse \u00e0 des scientifiques ou des \u00e9tudes qui montrent que monde va dans le bon sens dans beaucoup de domaines.<br \/>\n<\/span><\/p>\n<p><span style=\"color: #777777; font-family: Arial;\">Ainsi dans le mot du jour du<span style=\"color: #0000ff;\"> <a style=\"color: #0000ff;\" href=\"https:\/\/lemotdujour.fr\/?p=458\">7 mars 2017 <\/a><\/span>qui se situe dans la s\u00e9rie consacr\u00e9e \u00e0 Michel Serres, ce dernier \u00e9crivait&nbsp;: \u00ab&nbsp;<strong>Le premier \u00e2ge est plus long qu&rsquo;on ne le croit&nbsp;; Le deuxi\u00e8me pire qu&rsquo;on ne le pense&nbsp;; Le dernier meilleur qu&rsquo;on ne le dit<\/strong>.&nbsp;\u00bb, Michel Serres, \u00ab&nbsp;darwin, Bonaparte et le samaritain&nbsp;\u00bb<br \/>\n<\/span><\/p>\n<p><span style=\"color: #777777; font-family: Arial;\">Plus explicite encore, le mot du jour du<span style=\"color: #0000ff;\"> <a style=\"color: #0000ff;\" href=\"https:\/\/lemotdujour.fr\/?p=367\">19 d\u00e9cembre 2016 <\/a><\/span>o\u00f9 j&rsquo;\u00e9voquais un livre de Johan Norberg \u00ab<strong>Ten Reasons to Look Forward to the Future Progr\u00e8s<\/strong> : dix raisons de se r\u00e9jouir de l&rsquo;avenir\u00bb.<br \/>\n<\/span><\/p>\n<p><span style=\"color: #777777; font-family: Arial;\">Cette fois il s&rsquo;agit de l&rsquo;\u00e9volution de la violence dans l&rsquo;Histoire de l&rsquo;humanit\u00e9.<br \/>\n<\/span><\/p>\n<p><img decoding=\"async\" class=\"alignleft\" src=\"https:\/\/lemotdujour.fr\/wp-content\/uploads\/2017\/11\/111917_2245_Mardi21nove1.jpg\" alt=\"\" align=\"left\"><span style=\"color: #777777; font-family: Arial;\">Steve Pinker, d&rsquo;origine canadienne, est professeur de psychologie cognitiviste \u00e0 l&rsquo;universit\u00e9 Harvard et vient de publier un livre&nbsp;: <em>\u00ab&nbsp;<\/em>la Part d&rsquo;ange en nous&nbsp;\u00bb (Les&nbsp;Ar\u00e8nes)qui a pour sous-titre&nbsp;: \u00ab&nbsp;Histoire de la violence et de son d\u00e9clin&nbsp;\u00bb<br \/>\n<\/span><\/p>\n<p><span style=\"color: #777777; font-family: Arial;\">C&rsquo;est un livre de 1000 pages qui nous apprend que la violence ne fait que r\u00e9gresser depuis les premiers temps de l&rsquo;humanit\u00e9, qu&rsquo;il s&rsquo;agisse de la violence guerri\u00e8re ou de la criminalit\u00e9.<br \/>\n<\/span><\/p>\n<p><span style=\"color: #777777; font-family: Arial;\">Laurent Joffrin l&rsquo;a interview\u00e9 dans <a href=\"http:\/\/www.liberation.fr\/debats\/2017\/11\/17\/steve-pinker-la-diminution-de-la-violence-dans-le-monde-est-un-phenomene-massif-et-incontestable_1610799\"><span style=\"color: #0000ff;\">&lt;<\/span><\/a><\/span><span style=\"font-family: Arial;\"><a href=\"http:\/\/www.liberation.fr\/debats\/2017\/11\/17\/steve-pinker-la-diminution-de-la-violence-dans-le-monde-est-un-phenomene-massif-et-incontestable_1610799\"><span style=\"color: #0000ff;\">Lib\u00e9ration du 17 novembre 20<\/span><\/a><\/span><span style=\"color: #777777; font-family: Arial;\"><a href=\"http:\/\/www.liberation.fr\/debats\/2017\/11\/17\/steve-pinker-la-diminution-de-la-violence-dans-le-monde-est-un-phenomene-massif-et-incontestable_1610799\"><span style=\"color: #0000ff;\">17&gt;<\/span><\/a>.<br \/>\n<\/span><\/p>\n<p><span style=\"color: #777777; font-family: Arial;\">Mais avant d&rsquo;en venir \u00e0 cet entretien, je vous conseille de regarder une TED Conf\u00e9rence que cet auteur a tenu o\u00f9 il tente de d\u00e9monter le<a href=\"https:\/\/www.ted.com\/talks\/steven_pinker_on_the_myth_of_violence?language=fr\"><span style=\"color: #0000ff;\"> &lt;le mythe de la violence&gt;<\/span><\/a><br \/>\n<\/span><\/p>\n<p><span style=\"color: #777777; font-family: Arial;\">C&rsquo;est une conf\u00e9rence de 2007, ses r\u00e9f\u00e9rences sont le Darfour et l&rsquo;Irak, aujourd&rsquo;hui on parlerait des <a href=\"http:\/\/www.20minutes.fr\/monde\/2170795-20171117-birmanie-ong-accusent-pouvoir-genocide-viols-contre-rohingyas\"><span style=\"color: #1f497d;\"><span style=\"color: #0000ff;\">Rohingyas<\/span><\/span><\/a><span style=\"color: #1f497d;\"><br \/>\n<span style=\"color: #777777;\">ou <a href=\"https:\/\/www.lexpress.fr\/diaporama\/diapo-photo\/actualite\/monde\/proche-moyen-orient\/en-images-syrie-raqqa-liberee-des-mains-de-daech-mais-devastee_1953505.html\"><span style=\"color: #1f497d;\"><span style=\"color: #0000ff;\">des syriens<\/span><\/span><\/a><span style=\"color: #1f497d;\"><br \/>\n<span style=\"color: #777777;\">mais il dirait la m\u00eame chose m\u00eame si cela semble illogique voire obsc\u00e8ne quand on pense \u00e0 ces massacres d&rsquo;aujourd&rsquo;hui, nous vivons dans l&rsquo;\u00e9poque la plus paisible depuis que notre esp\u00e8ce existe.<br \/>\n<\/span><\/span><\/span><\/span><\/span><\/p>\n<p><span style=\"color: #777777; font-family: Arial;\">Et comme premier exemple pour s&rsquo;en convaincre, il en appelle au livre saint de notre civilisation, \u00ab&nbsp;la Bible&nbsp;\u00bb qui devrait nous enseigner l&rsquo;amour, la paix et qui est a priori la source de nos valeurs morales.<br \/>\n<\/span><\/p>\n<p><span style=\"color: #777777; font-family: Arial;\">Et il cite le livre des Nombres au chapitre 31 Nombres 31<br \/>\n<\/span><\/p>\n<p style=\"margin-left: 28pt;\"><span style=\"color: #c00000; font-family: Arial;\">\u00ab&nbsp;Mo\u00efse leur dit: Avez-vous laiss\u00e9 la vie \u00e0 toutes les femmes? Voici, ce sont elles qui, sur la parole de Balaam, ont entra\u00een\u00e9 les enfants d&rsquo;Isra\u00ebl \u00e0 l&rsquo;infid\u00e9lit\u00e9 envers l&rsquo;Eternel, dans l&rsquo;affaire de Peor; et alors \u00e9clata la plaie dans l&rsquo;assembl\u00e9e de l&rsquo;Eternel. Maintenant, tuez tout m\u00e2le parmi les petits enfants, et tuez toute femme qui a connu un homme en couchant avec lui; 18mais laissez en vie pour vous toutes les filles qui n&rsquo;ont point connu la couche d&rsquo;un homme.&nbsp;\u00bb<br \/>\n<\/span><\/p>\n<p><span style=\"color: #777777; font-family: Arial;\">Si le texte biblique n&rsquo;est pas assez clair, Mo\u00efse dit simplement \u00e0 ses hommes qui ont d\u00e9j\u00e0 tu\u00e9 tous les hommes parmi la troupe ennemie, de tuer tous les enfants m\u00e2les m\u00eame les plus petits et de tuer toutes les femmes et filles non vierges et de violer les autres.<br \/>\n<\/span><\/p>\n<p><span style=\"color: #777777; font-family: Arial;\">En dehors de la description probablement r\u00e9aliste de la mani\u00e8re dont se passait la guerre au temps de Mo\u00efse, Steven Pinker cite une \u00e9tude qui conclut que dans les pays occidentaux lorsque le taux d&rsquo;homicide par an \u00e9tait de 100 morts pour 100&nbsp;000 habitants au moyen \u00e2ge, il est d\u00e9sormais \u00e0 moins d&rsquo;un mort pour 100&nbsp;000. Il y a eu baisse de deux ordres de grandeurs entre le moyen-\u00e2ge et notre p\u00e9riode concernant le taux d&rsquo;homicide.<br \/>\n<\/span><\/p>\n<p><span style=\"color: #777777; font-family: Arial;\">Selon Pinker, le point de bascule est situ\u00e9 au d\u00e9but du 16<sup>\u00e8me<\/sup> si\u00e8cle, donc \u00e0 l&rsquo;entr\u00e9e dans la renaissance..<br \/>\n<\/span><\/p>\n<p><span style=\"color: #777777; font-family: Arial;\">De la m\u00eame mani\u00e8re si on se place sur les derni\u00e8res d\u00e9cennies depuis 1950, la diminution des guerres inter \u00e9tatiques et des guerres civiles est tr\u00e8s importantes.<br \/>\n<\/span><\/p>\n<p><span style=\"color: #777777; font-family: Arial;\">Alors il pose cette question&nbsp;: pourquoi l&rsquo;impression est contraire&nbsp;?<br \/>\n<\/span><\/p>\n<p><span style=\"color: #777777; font-family: Arial;\">Il donne 4 raisons&nbsp;:<br \/>\n<\/span><\/p>\n<ul>\n<li><span style=\"color: #777777; font-family: Arial;\">Parce que nous avons d&rsquo;excellents journalistes et des moyens d&rsquo;information qui nous renseignent de mieux en mieux.<br \/>\n<\/span><\/li>\n<li><span style=\"color: #777777; font-family: Arial;\">Il y a aussi une illusion cognitive que connaissent les psychologues cognitif comme moi&nbsp;: Plus on est en capacit\u00e9 de se rappeler de quelque chose plus on lui attribue une probabilit\u00e9 forte.<br \/>\n<\/span><\/li>\n<li><span style=\"color: #777777; font-family: Arial;\">Des titres alarmants accompagn\u00e9s de photos montrant des situations affreuses marquent bien davantage notre esprit que les statistiques qui donnent le nombre de gens morts de vieillesse dans leur lit.<br \/>\n<\/span><\/li>\n<li><span style=\"color: #777777; font-family: Arial;\">Il y a aussi une dynamique du march\u00e9&nbsp;: Personne n&rsquo;a jamais attir\u00e9 d&rsquo;observateurs de d\u00e9fenseurs de donateurs en disant les choses vont de mieux en mieux..<br \/>\n<\/span><\/li>\n<\/ul>\n<p><span style=\"color: #777777; font-family: Arial;\">On compare \u00e0 nos standards du moment. Nous sommes scandalis\u00e9s \u00e0 juste titre qu&rsquo;on mette \u00e0 mort quelques individus par injection l\u00e9tale au bout de 15 ans de proc\u00e9dures. Il y a quelques centaines d&rsquo;ann\u00e9e on envoyait au bucher massivement apr\u00e8s un proc\u00e8s de 10 minutes parce que ces individus avaient critiqu\u00e9 le roi.<br \/>\n<\/span><\/p>\n<p><span style=\"color: #777777; font-family: Arial;\">Dans l&rsquo;article de Lib\u00e9ration il \u00e9voque le terrorisme qui est la forme de violence la plus spectaculaire et souvent la plus redout\u00e9e aujourd&rsquo;hui. . Cette r\u00e9alit\u00e9 vient-elle contredire votre diagnostic ?<br \/>\n<\/span><\/p>\n<p><span style=\"color: #777777; font-family: Arial;\">Mais cette r\u00e9alit\u00e9 ne contredit pas son diagnostic&nbsp;:<br \/>\n<\/span><\/p>\n<p style=\"margin-left: 28pt;\"><span style=\"color: #c00000; font-family: Arial;\">\u00ab&nbsp;Le terrorisme est un ph\u00e9nom\u00e8ne terrible. Mais son importance statistique est minime. Cela correspond d&rsquo;ailleurs \u00e0 sa d\u00e9finition : ce sont des actes peu nombreux destin\u00e9s \u00e0 produire un effet psychologique massif. Les terroristes visent avant tout \u00e0 manipuler les m\u00e9dias pour attirer l&rsquo;attention sur une cause particuli\u00e8re. Statistiquement, le terrorisme d&rsquo;aujourd&rsquo;hui est infiniment moins dangereux que la jalousie des maris qui assassinent leurs femmes, ou le mauvais fonctionnement de certains appareils m\u00e9nagers qui causent des accidents domestiques. J&rsquo;ajoute qu&rsquo;en Europe, le terrorisme jihadiste, qu&rsquo;on appelle parfois \u00abhyperterrorisme\u00bb, cause moins de victimes que les terrorismes des ann\u00e9es&nbsp;70, ceux de l&rsquo;IRA, d&rsquo;ETA ou des \u00abann\u00e9es de plomb\u00bb en&nbsp;Italie. En&nbsp;fait, son effet psychologique est important parce que la population estime aujourd&rsquo;hui que le seul niveau acceptable de violence politique se situe aux alentours de z\u00e9ro, alors qu&rsquo;on se r\u00e9signait dans le pass\u00e9 \u00e0 des niveaux tr\u00e8s sup\u00e9rieurs.&nbsp;\u00bb<br \/>\n<\/span><\/p>\n<p><span style=\"color: #777777; font-family: Arial;\">Il reconnait cependant que la sensibilit\u00e9 \u00e0 la violence a augment\u00e9 alors que le nombre d&rsquo;actes violents diminue&nbsp;:<br \/>\n<\/span><\/p>\n<p style=\"margin-left: 28pt;\"><span style=\"color: #c00000; font-family: Arial;\">\u00ab&nbsp;Parce que notre syst\u00e8me de valeurs \u00e9volue. Nous accordons aujourd&rsquo;hui \u00e0 la vie humaine un prix tr\u00e8s sup\u00e9rieur \u00e0 celui du pass\u00e9. C&rsquo;est peut-\u00eatre aussi parce que le nombre des accidents et des morts par maladie diminue lui aussi sans cesse. On meurt moins que par le pass\u00e9 de noyade, de chute inopin\u00e9e, d&rsquo;accident de voiture, d&rsquo;incendies ou de maladie. Le monde est de plus en plus s\u00fbr, c&rsquo;est un ph\u00e9nom\u00e8ne fondamental. Sauf bien s\u00fbr dans certains pays comme l&rsquo;Irak ou la Syrie. Mais partout ailleurs, la s\u00e9curit\u00e9 de la vie quotidienne ne cesse de progresser.&nbsp;\u00bb<br \/>\n<\/span><\/p>\n<p><span style=\"color: #777777; font-family: Arial;\">Maintenant nous pouvons continuer \u00e0 critiquer le temps pr\u00e9sent et trouver qu&rsquo;il y a toujours trop de violences et de massacres, mais en reconnaissant que nous avons beaucoup progress\u00e9.<br \/>\n<\/span><\/p>\n<p><span style=\"color: #777777; font-family: Arial;\">Je vous renvoie vers l&rsquo;entretien de <a href=\"http:\/\/www.liberation.fr\/debats\/2017\/11\/17\/steve-pinker-la-diminution-de-la-violence-dans-le-monde-est-un-phenomene-massif-et-incontestable_1610799\"><span style=\"color: #0000ff;\">&lt;Lib\u00e9ration du 17 novembre 2017&gt;<\/span><\/a><span style=\"color: #0000ff;\">.<\/span><br \/>\n<\/span><\/p>\n<p><span style=\"color: #800000; font-family: Arial;\">&lt;971&gt;<\/span><\/p>\n","protected":false},"excerpt":{"rendered":"<p>\u00ab&nbsp;La part d\u2019ange en nous. Histoire de la violence et de son d\u00e9clin&nbsp;\u00bb Steven Pinker Ce n&rsquo;est pas la premi\u00e8re fois que je m&rsquo;int\u00e9resse \u00e0 des scientifiques ou des \u00e9tudes qui montrent que monde va dans le bon sens dans<\/p>\n","protected":false},"author":1,"featured_media":0,"comment_status":"open","ping_status":"closed","sticky":false,"template":"","format":"standard","meta":{"footnotes":""},"categories":[1],"tags":[17,11],"class_list":["post-3560","post","type-post","status-publish","format-standard","hentry","category-motdujour","tag-histoire","tag-sociologie"],"_links":{"self":[{"href":"https:\/\/lemotdujour.fr\/index.php?rest_route=\/wp\/v2\/posts\/3560","targetHints":{"allow":["GET"]}}],"collection":[{"href":"https:\/\/lemotdujour.fr\/index.php?rest_route=\/wp\/v2\/posts"}],"about":[{"href":"https:\/\/lemotdujour.fr\/index.php?rest_route=\/wp\/v2\/types\/post"}],"author":[{"embeddable":true,"href":"https:\/\/lemotdujour.fr\/index.php?rest_route=\/wp\/v2\/users\/1"}],"replies":[{"embeddable":true,"href":"https:\/\/lemotdujour.fr\/index.php?rest_route=%2Fwp%2Fv2%2Fcomments&post=3560"}],"version-history":[{"count":6,"href":"https:\/\/lemotdujour.fr\/index.php?rest_route=\/wp\/v2\/posts\/3560\/revisions"}],"predecessor-version":[{"id":12283,"href":"https:\/\/lemotdujour.fr\/index.php?rest_route=\/wp\/v2\/posts\/3560\/revisions\/12283"}],"wp:attachment":[{"href":"https:\/\/lemotdujour.fr\/index.php?rest_route=%2Fwp%2Fv2%2Fmedia&parent=3560"}],"wp:term":[{"taxonomy":"category","embeddable":true,"href":"https:\/\/lemotdujour.fr\/index.php?rest_route=%2Fwp%2Fv2%2Fcategories&post=3560"},{"taxonomy":"post_tag","embeddable":true,"href":"https:\/\/lemotdujour.fr\/index.php?rest_route=%2Fwp%2Fv2%2Ftags&post=3560"}],"curies":[{"name":"wp","href":"https:\/\/api.w.org\/{rel}","templated":true}]}}