{"id":3553,"date":"2017-11-20T04:00:15","date_gmt":"2017-11-20T03:00:15","guid":{"rendered":"http:\/\/lemotdujour.fr\/?p=3553"},"modified":"2021-09-29T11:10:31","modified_gmt":"2021-09-29T09:10:31","slug":"lundi-20-novembre-2017","status":"publish","type":"post","link":"https:\/\/lemotdujour.fr\/?p=3553","title":{"rendered":"Lundi 20 novembre 2017"},"content":{"rendered":"<div class=\"mdjTexte\">\t\u00abLa th\u00e9orie des 3D : D\u00e9sastres, D\u00e9couvertes, D\u00e9cence.\u00bb<\/div>\n<div class=\"mdjAuteur\">\tHans Joachim Schellnhuber<\/div>\n<p><span style=\"color: #777777; font-family: Arial;\">Hans Joachim Schellnhuber est un physicien allemand, climatologue et fondateur de l&rsquo;institut de Potsdam de Recherche sur le climat.<br \/>\n<\/span><\/p>\n<p><span style=\"color: #777777; font-family: Arial;\">Il fut un des premiers scientifiques \u00e0 avertir sur le danger du r\u00e9chauffement climatique, il est connu comme p\u00e8re du concept de la limite de 2\u00b0C<br \/>\n<\/span><\/p>\n<p><span style=\"color: #777777; font-family: Arial;\">Il \u00e9tait bien s\u00fbr \u00e0 Bonn, \u00e0 la COP23, la 23e conf\u00e9rence des Nations Unies sur les changements climatiques qui a \u00e9t\u00e9 organis\u00e9e conjointement par les iles Fidji et l&rsquo;Allemagne du 6 novembre au 17 novembre. Il \u00e9tait d\u00e9j\u00e0 \u00e0 la COP1 \u00e0 Berlin en 1995<br \/>\n<\/span><\/p>\n<p><span style=\"color: #777777; font-family: Arial;\">Apr\u00e8s les espoirs de la COP 21 d&rsquo;il y a deux ans \u00e0 Paris, il y eut entretemps une COP 22 \u00e0 Marrakech, les nouvelles ne sont pas bonnes.<br \/>\n<\/span><\/p>\n<p><span style=\"color: #777777; font-family: Arial;\">Il y a bien s\u00fbr l&rsquo;attitude irresponsable du Pr\u00e9sident des Etats-Unis mais aussi une nouvelle hausse de la production mondiale de CO2.<br \/>\n<\/span><\/p>\n<p><span style=\"color: #777777; font-family: Arial;\">La situation est telle que 15 000 scientifiques de 184 pays ont sign\u00e9 un appel contre la d\u00e9gradation de l&rsquo;environnement qui a \u00e9t\u00e9 publi\u00e9 dans la <a href=\"https:\/\/academic.oup.com\/bioscience\/advance-article\/doi\/10.1093\/biosci\/bix125\/4605229\"><span style=\"color: #0000ff;\">revue<\/span> <span style=\"color: #0000ff;\">Bio Science<\/span><\/a> de l&rsquo;Universit\u00e9 d&rsquo;Oxford, le lundi 13 novembre. Vous trouverez une version fran\u00e7aise <a href=\"https:\/\/www.goodplanet.info\/debat\/2017\/11\/14\/lalerte-scientifiques-monde-a-lhumanite-deuxieme-avis\/\"><span style=\"color: #0000ff;\">&lt;ICI&gt;<\/span><\/a>. Cet appel rappelle qu&rsquo;il y eut un premier appel il y a 25 ans. Il y a 25 ans, il n&rsquo;\u00e9tait que 1500 scientifiques ind\u00e9pendants, dont la majorit\u00e9 des laur\u00e9ats du prix Nobel dans les sciences qui avaient \u00e9crit l&rsquo;avertissement des scientifiques du monde \u00e0 l&rsquo;humanit\u00e9 de 1992.<br \/>\n<\/span><\/p>\n<p><span style=\"color: #777777; font-family: Arial;\">Ce nouveau texte base son analyse sur les \u00e9volutions de 9 indicateurs mondiaux, dont l&rsquo;\u00e9volution est suivie depuis 1960 jusqu&rsquo;\u00e0 2016.<br \/>\n<\/span><\/p>\n<p><span style=\"color: #777777; font-family: Arial;\">Le site France Culture consacre une page \u00ab&nbsp;<a href=\"https:\/\/www.franceculture.fr\/environnement\/alerte-de-15000-scientifiques-leurs-9-indicateurs-de-degradation-de-la-planete-analyses\"><span style=\"color: #0000ff;\">Alerte de 15 000 scientifiques&nbsp;<\/span><\/a>\u00bb qui donne la liste des 9 indicateurs et renvoie vers plusieurs \u00e9missions consacr\u00e9es \u00e0 ces diff\u00e9rents sujets.<br \/>\n<\/span><\/p>\n<p><span style=\"color: #777777; font-family: Arial;\">Voici ces 9 indicateurs<br \/>\n<\/span><\/p>\n<p style=\"margin-left: 28pt;\"><span style=\"color: #c00000; font-family: Arial;\">1\/ L&rsquo;ozone stratosph\u00e9rique : le seul indicateur au vert, gr\u00e2ce au protocole de Montr\u00e9al (1987)<br \/>\n<\/span><\/p>\n<p><span style=\"color: #777777; font-family: Arial;\">Ce qui prouve que si les humains agissent, ils ont la capacit\u00e9 de faire \u00e9voluer les choses<br \/>\n<\/span><\/p>\n<p style=\"margin-left: 28pt;\"><span style=\"color: #c00000; font-family: Arial;\">2\/ L&rsquo;eau douce : des ressources par habitant divis\u00e9es de moiti\u00e9 par rapport \u00e0 1960<br \/>\n<\/span><\/p>\n<p style=\"margin-left: 28pt;\"><span style=\"color: #c00000; font-family: Arial;\">3\/ La p\u00eache : les limites d&rsquo;une p\u00eache soutenable sont d\u00e9pass\u00e9es depuis 1992<br \/>\n<\/span><\/p>\n<p style=\"margin-left: 28pt;\"><span style=\"color: #c00000; font-family: Arial;\">4\/ Les zones mortes maritimes : plus de 600 en 2010. Les zones mortes maritimes, d\u00e9ficitaires en oxyg\u00e8ne, voient la vie sous-marine asphyxi\u00e9e (poissons, coraux&#8230;), dans des zones de plus en plus importantes, en taille et en nombre. Elles sont principalement dues au lessivage des engrais agricoles.<br \/>\n<\/span><\/p>\n<p style=\"margin-left: 28pt;\"><span style=\"color: #c00000; font-family: Arial;\">5\/ La d\u00e9forestation : une superficie de for\u00eats de la taille de l&rsquo;Afrique du Sud perdue entre 1990 et 2015<br \/>\n<\/span><\/p>\n<p style=\"margin-left: 28pt;\"><span style=\"color: #c00000; font-family: Arial;\">6\/ Les esp\u00e8ces vert\u00e9br\u00e9es : diminution de 58% entre 1970 et 2012<br \/>\n<\/span><\/p>\n<p style=\"margin-left: 28pt;\"><span style=\"color: #c00000; font-family: Arial;\">7\/ Les \u00e9missions de CO2 : apr\u00e8s une courte stabilisation depuis 2014, une nouvelle hausse<br \/>\n<\/span><\/p>\n<p style=\"margin-left: 28pt;\"><span style=\"color: #c00000; font-family: Arial;\">8\/ La hausse des temp\u00e9ratures : les 10 ann\u00e9es les plus chaudes depuis 136 ans ont eu lieu depuis 1998, c&rsquo;est-\u00e0-dire au cours des 20 derni\u00e8res ann\u00e9es.<br \/>\n<\/span><\/p>\n<p style=\"margin-left: 28pt;\"><span style=\"color: #c00000; font-family: Arial;\">9\/ La population : les humains pourraient \u00eatre 11 milliards en 2100<br \/>\n<\/span><\/p>\n<p><span style=\"color: #777777; font-family: Arial;\">Ces scientifiques qui plaident notamment pour la promotion de nouvelles technologies vertes et l&rsquo;adoption massive des sources d&rsquo;\u00e9nergie renouvelables, consid\u00e8rent aussi qu&rsquo;il faut r\u00e9viser notre \u00e9conomie pour r\u00e9duire les in\u00e9galit\u00e9s et veiller \u00e0 ce que les prix, la fiscalit\u00e9 et les syst\u00e8mes incitatifs tiennent compte des co\u00fbts r\u00e9els que les modes de consommation imposent \u00e0 notre environnement.<br \/>\n<\/span><\/p>\n<p><span style=\"color: #777777; font-family: Arial;\">Ils ont aussi cette proposition qui heurte un grand nombre de politiques et d&rsquo;\u00e9conomistes qui d\u00e9noncent un retour aux th\u00e9ories de <a href=\"https:\/\/fr.wikipedia.org\/wiki\/Thomas_Malthus\"><span style=\"color: #0000ff;\">Malthus<\/span><\/a>&nbsp;:<br \/>\n<\/span><\/p>\n<p style=\"margin-left: 28pt;\"><span style=\"color: #c00000; font-family: Arial;\">\u00ab&nbsp;Estimer une taille de population humaine scientifiquement d\u00e9fendable et durable \u00e0 long terme tout en rassemblant les nations et les dirigeants pour soutenir cet objectif vital.&nbsp;\u00bb<br \/>\n<\/span><\/p>\n<p><span style=\"color: #777777; font-family: Arial;\">La conclusion des scientifiques est pr\u00e9occupante&nbsp;:<br \/>\n<\/span><\/p>\n<p style=\"margin-left: 28pt;\"><span style=\"color: #c00000; font-family: Arial;\">\u00ab&nbsp;Pour \u00e9viter une mis\u00e8re g\u00e9n\u00e9ralis\u00e9e et une perte de biodiversit\u00e9 catastrophique, l&rsquo;humanit\u00e9 doit adopter des pratiques alternatives plus durables sur le plan environnemental que les modalit\u00e9s actuelles. Cette prescription a \u00e9t\u00e9 bien formul\u00e9e par les plus grands scientifiques du monde il y a 25 ans, mais, \u00e0 bien des \u00e9gards, nous n&rsquo;avons pas tenu compte de leur avertissement. Bient\u00f4t, il sera trop tard pour d\u00e9vier de notre trajectoire d\u00e9faillante, et le temps s&rsquo;\u00e9puise. Nous devons reconna\u00eetre, dans notre vie quotidienne et dans nos institutions gouvernementales, que <strong>la Terre avec toute sa vie est notre seul foyer.&nbsp;\u00bb<\/strong><br \/>\n<\/span><\/p>\n<p><span style=\"color: #777777; font-family: Arial;\">C&rsquo;est dans ce contexte <a href=\"https:\/\/www.sciencesetavenir.fr\/nature-environnement\/climat-le-pere-du-2-c-place-son-espoir-dans-la-jeunesse_118329\"><span style=\"color: #0000ff;\">que s&rsquo;exprime Hans Joachim<\/span> <span style=\"color: #0000ff;\">Schellnhuber<\/span>&nbsp;<\/a>:<br \/>\n<\/span><\/p>\n<p style=\"margin-left: 28pt;\"><span style=\"color: #c00000; font-family: Arial;\">\u00ab&nbsp;Le temps ne joue pas en notre faveur [\u2026]<br \/>\n<\/span><\/p>\n<p style=\"margin-left: 28pt;\"><span style=\"color: #c00000; font-family: Arial;\">Parfois je d\u00e9sesp\u00e8re. Vous vous levez le matin et vous vous sentez vraiment d\u00e9prim\u00e9. Puis vous ouvrez votre ordinateur, vous regardez les nouvelles, et vous trouvez quelque chose qui vous redonne de l&rsquo;espoir. Tant qu&rsquo;il y a de l&rsquo;espoir, il est de notre responsabilit\u00e9 d&rsquo;expliquer encore et encore.<br \/>\n<\/span><span style=\"color: #c00000; font-family: Arial;\">[\u2026]<br \/>\n<\/span><span style=\"color: #c00000; font-family: Arial;\">Mon moment [\u2026] a \u00e9t\u00e9 quand j&rsquo;ai r\u00e9alis\u00e9 que la machinerie plan\u00e9taire &#8211; moussons, circulation oc\u00e9anique, \u00e9cosyst\u00e8mes&#8230; \u2013 ne fonctionnait pas de mani\u00e8re lin\u00e9aire: vous avez de nombreux points de non-retour.<br \/>\n<\/span><span style=\"color: #c00000; font-family: Arial;\">Prenez l&rsquo;Antarctique, Si la barri\u00e8re de glace est d\u00e9truite, la glace arrive dans la mer. C&rsquo;est comme d\u00e9boucher une bouteille. En Antarctique il y a probablement une trentaine de ces \u00ab&nbsp;bouteilles&nbsp;\u00bb, et on est en train de les d\u00e9boucher les unes apr\u00e8s les autres\u00a0\u00bb.<br \/>\n<\/span><\/p>\n<p style=\"margin-left: 28pt;\"><span style=\"color: #c00000; font-family: Arial;\"><em>Pourra-t-on tenir les 2\u00b0C quand les \u00e9missions de gaz \u00e0 effet de serre continuent \u00e0 cro\u00eetre?<br \/>\n<\/em><\/span><span style=\"color: #c00000; font-family: Arial;\">Bien que le d\u00e9fi soit \u00e9norme, je pense que oui, si nous faisons tout notre possible. (Une \u00e9tude r\u00e9cente) montre qu&rsquo;on peut r\u00e9duire un tiers des \u00e9missions en g\u00e9rant mieux for\u00eats et agriculture&nbsp;\u00bb<br \/>\n<\/span><\/p>\n<p><span style=\"color: #777777; font-family: Arial;\">Il reste pourtant dans l&rsquo;optimisme de la volont\u00e9 car pour lui, le monde finira par agir plus fortement contre le r\u00e9chauffement.<br \/>\n<\/span><\/p>\n<p style=\"margin-left: 28pt;\"><span style=\"color: #c00000; font-family: Arial;\">\u00ab&nbsp;<strong>\u00ab\u00a0C&rsquo;est ma th\u00e9orie du \u00ab&nbsp;3D&nbsp;\u00bb: d\u00e9sastres, d\u00e9couvertes, d\u00e9cence. Les gens auront peur, car des d\u00e9sastres naturels vont se profiler. Et il y aura des d\u00e9couvertes, comme aujourd&rsquo;hui la r\u00e9volution photovolta\u00efque, et d&rsquo;autres, comme le bois \u00ab&nbsp;high tech&nbsp;\u00bb pour remplacer le ciment\u00a0\u00bb, tr\u00e8s \u00e9metteur. Enfin, la d\u00e9cence, l&rsquo;instinct humain \u00e9l\u00e9mentaire: nous ne voulons pas la fin des \u00eeles Marshall, nous ne voulons pas tuer nos descendants&nbsp;! &nbsp;\u00bb<\/strong><br \/>\n<\/span><\/p>\n<p style=\"margin-left: 28pt;\"><span style=\"color: #c00000; font-family: Arial;\">Apr\u00e8s la Seconde guerre mondiale, \u00ab\u00a0nous avons choisi le mauvais mod\u00e8le pour une vie heureuse : confort, consommation&#8230; Mais ce mode de vie ne nous rend pas plus heureux [\u2026]<br \/>\n<\/span><\/p>\n<p style=\"margin-left: 28pt;\"><span style=\"color: #c00000; font-family: Arial;\">Mon espoir est que la jeunesse a envie de casser ce mod\u00e8le. Mon fils a 9 ans. Je suis s\u00fbr qu&rsquo;\u00e0 15 ans il ne priera pas le Dieu de la croissance du PIB ! Je pense que nous pouvons esp\u00e9rer que les prochaines g\u00e9n\u00e9rations, pour qui nous essayons de pr\u00e9server le climat, contribueront elles aussi \u00e0 le sauver\u00a0\u00bb.<br \/>\n<\/span><\/p>\n<p><span style=\"color: #777777; font-family: Arial;\">Il est facile de critiquer les politiques, mais il serait plus juste probablement de parler de l&rsquo;impuissance des Etats \u00e0 agir tant sont nombreux les contraintes et les d\u00e9sirs contradictoires des concitoyens des gouvernants.<br \/>\n<\/span><\/p>\n<p><span style=\"color: #777777; font-family: Arial;\">\u00ab&nbsp;<a href=\"https:\/\/www.franceculture.fr\/emissions\/lesprit-public\/ou-est-la-droite-qui-nest-pas-au-centre-climat-la-politique-de-lautruche\"><span style=\"color: #0000ff;\">L&rsquo;esprit Public<\/span>&nbsp;<\/a>\u00bb de France Culture de ce dimanche a abord\u00e9 ce sujet dans la deuxi\u00e8me partie de l&rsquo;\u00e9mission.<br \/>\n<\/span><\/p>\n<p><span style=\"color: #777777; font-family: Arial;\">J&rsquo;ai trouv\u00e9 tr\u00e8s pertinente une intervention de Fran\u00e7ois-Xavier Bellamy que j&rsquo;essaie de r\u00e9sumer&nbsp;:<br \/>\n<\/span><\/p>\n<p style=\"margin-left: 28pt;\"><span style=\"color: #c00000; font-family: Arial;\">\u00ab&nbsp;Nous sommes devant un probl\u00e8me de nos d\u00e9mocraties qui sont structurellement constitu\u00e9es pour r\u00e9pondre aux besoins des citoyens dans un temps court.<br \/>\n<\/span><span style=\"color: #c00000; font-family: Arial;\">Dans le temps d&rsquo;un mandat et dans un espace limit\u00e9 par des fronti\u00e8res.<br \/>\n<\/span><span style=\"color: #c00000; font-family: Arial;\">La question que pose l&rsquo;\u00e9cologie est&nbsp;: comment nous pouvons ajuster nos politiques \u00e0 un d\u00e9fi qui ne se limite pas \u00e0 des fronti\u00e8res et qui par ailleurs engage le temps long et m\u00eame le temps tr\u00e8s long&nbsp;?<br \/>\n<\/span><span style=\"color: #c00000; font-family: Arial;\">Il n&rsquo;est pas juste d&rsquo;invoquer le poids des conservatismes, nous ne sommes pas assez conservateur \u00e0 cause de ce culte de la vitesse [qu&rsquo;impose notre soci\u00e9t\u00e9].<br \/>\n<\/span><\/p>\n<p style=\"margin-left: 28pt;\"><span style=\"color: #c00000; font-family: Arial;\">Nous avons construit notre \u00e9conomie sur l&rsquo;id\u00e9e du progr\u00e8s, sur l&rsquo;id\u00e9e de l&rsquo;acc\u00e9l\u00e9ration, sur l&rsquo;id\u00e9e du mouvement.<br \/>\n<\/span><span style=\"color: #c00000; font-family: Arial;\">Nous ne cessons de remplacer en permanence les produits de consommation que nous achetons et auquel nous substituons des versions nouvelles.<br \/>\n<\/span><span style=\"color: #c00000; font-family: Arial;\">Notre \u00e9conomie de la croissance et de l&rsquo;invention est une \u00e9conomie du remplacement permanent.<br \/>\n<\/span><span style=\"color: #c00000; font-family: Arial;\">C&rsquo;est une anti \u00e9conomie. C&rsquo;est une \u00e9conomie qui s&rsquo;est retourn\u00e9e contre elle-m\u00eame. L&rsquo;\u00e9conomie, au sens le plus classique consiste \u00e0 \u00e9conomiser.<br \/>\n<\/span><span style=\"color: #c00000; font-family: Arial;\">Or, on ne peut plus rien \u00e9conomiser aujourd&rsquo;hui.<br \/>\n<\/span><span style=\"color: #c00000; font-family: Arial;\">Si vous acheter un smartphone et que vous d\u00e9cidez pour l&rsquo;\u00e9conomiser de ne pas en faire trop d&rsquo;usage, vous le ranger et vous ne vous en servez pas. M\u00eame si vous n&rsquo;en faites rien, deux ans plus tard il ne vaudra plus rien.<br \/>\n<\/span><span style=\"color: #c00000; font-family: Arial;\">C&rsquo;est \u00e0 dire sa valeur marchande s&rsquo;est effondr\u00e9e.<br \/>\n<\/span><\/p>\n<p><span style=\"color: #777777; font-family: Arial;\">Contrairement \u00e0 un <a href=\"http:\/\/www.fiscalonline.com\/Le-tableau-de-Leonard-de-Vinci.html\"><span style=\"color: #0000ff;\">tableau peint<\/span><\/a> il y a plus de 500 ans par l\u00e9onard de Vinci et qui a battu le record de vente des \u0153uvres d&rsquo;art.<br \/>\n<\/span><\/p>\n<p style=\"margin-left: 28pt;\"><span style=\"color: #c00000; font-family: Arial;\">En r\u00e9alit\u00e9, ce culte du progr\u00e8s nous appauvrit terriblement.<br \/>\n<\/span><span style=\"color: #c00000; font-family: Arial;\">Puisqu&rsquo;il fait faner, dans nos mains, tout ce que nous avons construit et que nous avons achet\u00e9.<br \/>\nL&rsquo;\u00e9conomie de la consommation est en r\u00e9alit\u00e9 une \u00e9conomie de la destruction.<br \/>\nLitt\u00e9ralement, puisque consommer c&rsquo;est d\u00e9truire. Une \u00e9conomie qui mesure son taux de croissance \u00e0 l&rsquo;intensit\u00e9 de la destruction des biens qu&rsquo;elle produit ne peut pas aboutir \u00e0 autre chose qu&rsquo;\u00e0 la crise \u00e9conomique que nous connaissons aujourd&rsquo;hui.&nbsp;\u00bb<br \/>\n<\/span><\/p>\n<p><span style=\"color: #777777; font-family: Arial;\">Et il donne ce conseil&nbsp;:<br \/>\n<\/span><\/p>\n<p style=\"margin-left: 28pt;\"><span style=\"color: #c00000; font-family: Arial;\">\u00ab&nbsp;Pour \u00eatre capable de transmettre \u00e0 nos descendants un monde qui reste vivable, nous ferions bien de devenir un peu plus conservateur.&nbsp;\u00bb<br \/>\n<\/span><\/p>\n<p><span style=\"color: #777777; font-family: Arial;\">Il faut s&rsquo;entendre sur le mot conservateur. Mais je crois qu&rsquo;il a raison au fond.<br \/>\n<\/span><\/p>\n<p><span style=\"color: #777777; font-family: Arial;\">Nous devons aussi compter sur les d\u00e9couvertes qu&rsquo;\u00e9voque Hans Joachim Schellnhuber pour garder l&rsquo;espoir, sans penser que celles-ci pourront nous permettre d&rsquo;\u00e9viter de remettre en question notre mod\u00e8le consum\u00e9riste.<br \/>\n<\/span><\/p>\n<p><span style=\"color: #800000;\">&lt;970&gt;<\/span><\/p>\n","protected":false},"excerpt":{"rendered":"<p>\u00abLa th\u00e9orie des 3D : D\u00e9sastres, D\u00e9couvertes, D\u00e9cence.\u00bb Hans Joachim Schellnhuber Hans Joachim Schellnhuber est un physicien allemand, climatologue et fondateur de l&rsquo;institut de Potsdam de Recherche sur le climat. Il fut un des premiers scientifiques \u00e0 avertir sur le<\/p>\n","protected":false},"author":1,"featured_media":0,"comment_status":"open","ping_status":"closed","sticky":false,"template":"","format":"standard","meta":{"footnotes":""},"categories":[1],"tags":[43,44,35],"class_list":["post-3553","post","type-post","status-publish","format-standard","hentry","category-motdujour","tag-ecologie","tag-rechauffement","tag-sciences"],"_links":{"self":[{"href":"https:\/\/lemotdujour.fr\/index.php?rest_route=\/wp\/v2\/posts\/3553","targetHints":{"allow":["GET"]}}],"collection":[{"href":"https:\/\/lemotdujour.fr\/index.php?rest_route=\/wp\/v2\/posts"}],"about":[{"href":"https:\/\/lemotdujour.fr\/index.php?rest_route=\/wp\/v2\/types\/post"}],"author":[{"embeddable":true,"href":"https:\/\/lemotdujour.fr\/index.php?rest_route=\/wp\/v2\/users\/1"}],"replies":[{"embeddable":true,"href":"https:\/\/lemotdujour.fr\/index.php?rest_route=%2Fwp%2Fv2%2Fcomments&post=3553"}],"version-history":[{"count":5,"href":"https:\/\/lemotdujour.fr\/index.php?rest_route=\/wp\/v2\/posts\/3553\/revisions"}],"predecessor-version":[{"id":12243,"href":"https:\/\/lemotdujour.fr\/index.php?rest_route=\/wp\/v2\/posts\/3553\/revisions\/12243"}],"wp:attachment":[{"href":"https:\/\/lemotdujour.fr\/index.php?rest_route=%2Fwp%2Fv2%2Fmedia&parent=3553"}],"wp:term":[{"taxonomy":"category","embeddable":true,"href":"https:\/\/lemotdujour.fr\/index.php?rest_route=%2Fwp%2Fv2%2Fcategories&post=3553"},{"taxonomy":"post_tag","embeddable":true,"href":"https:\/\/lemotdujour.fr\/index.php?rest_route=%2Fwp%2Fv2%2Ftags&post=3553"}],"curies":[{"name":"wp","href":"https:\/\/api.w.org\/{rel}","templated":true}]}}