{"id":3540,"date":"2017-11-24T04:00:59","date_gmt":"2017-11-24T03:00:59","guid":{"rendered":"http:\/\/lemotdujour.fr\/?p=3540"},"modified":"2021-09-29T11:52:41","modified_gmt":"2021-09-29T09:52:41","slug":"vendredi-24-novembre-2017","status":"publish","type":"post","link":"https:\/\/lemotdujour.fr\/?p=3540","title":{"rendered":"Vendredi 24 Novembre 2017"},"content":{"rendered":"<div class=\"mdjTexte\">\t\u00ab&nbsp;J\u2019ai tellement besoin de ma m\u00e8re, mais comment faire pour lui parler ?&nbsp;\u00bb<\/div>\n<div class=\"mdjAuteur\">\tBarbara,Dans ses m\u00e9moires posthumes, se rem\u00e9morant son enfance trahie et viol\u00e9e par son p\u00e8re incestueux<\/div>\n<p><span style=\"color: #777777; font-family: Arial;\">Nous sommes le 24 novembre. Il y a 20 ans mourait la dame en noir, Barbara.<br \/>\n<\/span><\/p>\n<p><span style=\"color: #777777; font-family: Arial;\">Immense artiste, po\u00e9tesse, musicienne, la beaut\u00e9 de ses m\u00e9lodies, la profondeur de ses textes, l&rsquo;\u00e9motion de sa voix, tout est \u00e0 souligner.<br \/>\n<\/span><\/p>\n<p><span style=\"color: #777777; font-family: Arial;\">Elle \u00e9tait aussi sensibilit\u00e9 et d\u00e9vouement. Le professeur Pierre-Marie Girard est chef du service des maladies infectieuses de l&rsquo;h\u00f4pital Saint-Antoine \u00e0 Paris. Il raconte l&rsquo;action de Barbara pour les malades du sida. Il \u00e9tait alors jeune m\u00e9decin qui, \u00e0 Bichat, commence \u00e0 soigner les malades du sida. Pendant dix ans, il fut celui qui permit \u00e0 Barbara de les rencontrer et de les aider. Il raconte&nbsp;:<br \/>\n<\/span><\/p>\n<p style=\"margin-left: 28pt;\"><span style=\"color: #c00000; font-family: Arial;\">\u00ab&nbsp;C&rsquo;est en 1988, au cours d&rsquo;un d\u00eener [\u2026] que j&rsquo;ai fait connaissance de Barbara. [\u2026] Elle a exprim\u00e9 son souhait de s&rsquo;engager contre le sida. Je suis devenu son s\u00e9same pour qu&rsquo;elle rencontre des patients \u00e0 l&rsquo;h\u00f4pital Bichat o\u00f9 je travaillais alors. Elle voulait donner de son temps. [\u2026]<br \/>\n<\/span><\/p>\n<p style=\"margin-left: 28pt;\"><span style=\"color: #c00000; font-family: Arial;\">Barbara \u00e9tait un \u00eatre hypersensible [\u2026] Elle \u00e9tait profond\u00e9ment \u00e9mue des visites \u00e0 l&rsquo;h\u00f4pital. Ces rencontres l&rsquo;affectaient beaucoup. Ces visites ont dur\u00e9 pr\u00e8s de 3 ans&nbsp;: pendant la p\u00e9riode la plus terrible du sida. Les grandes avanc\u00e9es remontent \u00e0 avril 1996, quand les premi\u00e8res tri-th\u00e9rapies ont transform\u00e9 la vie des patients. [\u2026] Elle donnait son num\u00e9ro de t\u00e9l\u00e9phone aux patients qui pouvaient l&rsquo;appeler \u00e0 n&rsquo;importe quelle heure.&nbsp;\u00bb<br \/>\n<\/span><span style=\"color: #777777; font-family: Arial;\">Hors-S\u00e9rie Barbara page 85<br \/>\n<\/span><\/p>\n<p style=\"margin-left: 28pt;\"><span style=\"color: #c00000; font-family: Arial;\">\u00ab&nbsp;La nuit Barbara ne mentait pas. Elle d\u00e9crochait son t\u00e9l\u00e9phone dans sa maison silencieuse de Pr\u00e9cy et elle \u00e9coutait les malades du sida. Ils lui disaient leur solitude, leur douleur, leur peur. Elle tremblait de ne savoir que leur r\u00e9pondre, mais n&rsquo;en laissait rien para\u00eetre, c\u00e2linant l&rsquo;un, morig\u00e9nant l&rsquo;autre, toujours attentive. Cela a dur\u00e9 presque dix ans. Le docteur Pierre-Marie Girard [\u2026] a attendu 20 ans avant de nous raconter cette exp\u00e9rience qui le bouleversa.&nbsp;\u00bb<br \/>\n<\/span><span style=\"color: #777777; font-family: Arial;\">Hors-S\u00e9rie Barbara page 77<br \/>\n<\/span><\/p>\n<p><span style=\"color: #777777; font-family: Arial;\">Elle a cr\u00e9\u00e9 la chanson \u00ab&nbsp;Sid&rsquo;amour \u00e0 mort&nbsp;\u00bb sur la sc\u00e8ne du Chatelet en 1987. Elle dira&nbsp;: \u00ab&nbsp;<span style=\"color: #c00000;\">\u00e7a c&rsquo;est une chanson que j&rsquo;aurais vraiment aim\u00e9 ne pas avoir \u00e9crite&nbsp;<span style=\"color: #777777;\">\u00bb.<br \/>\n<\/span><\/span><\/span><\/p>\n<p><span style=\"color: #777777; font-family: Arial;\">Dans une interview \u00e0 Lib\u00e9ration du 28 novembre 1988 qui parle de cet engagement, elle r\u00e9pond&nbsp;:<br \/>\n<\/span><\/p>\n<p style=\"margin-left: 28pt;\"><span style=\"color: #c00000; font-family: Arial;\">\u00ab&nbsp;Bizarrement, on ne rel\u00e8ve de mes chansons que la mort. Le morbide est quelquefois dans les autres, mais moi je parle compl\u00e8tement de la vie, parce que je parle de l&rsquo;amour. [\u2026]. C&rsquo;est justement parce que j&rsquo;aime la vie que je peux parler de la mort et d&rsquo;une telle maladie. J&rsquo;ai chant\u00e9 beaucoup de chansons d&rsquo;amour. Or, cette maladie est arriv\u00e9e l\u00e0 pr\u00e9cis\u00e9ment par l&rsquo;amour. Par le sang et par le sperme. Il n&rsquo;y avait pas plus grave.&nbsp;\u00bb<br \/>\n<\/span><\/p>\n<p><img decoding=\"async\" class=\"alignleft\" src=\"https:\/\/lemotdujour.fr\/wp-content\/uploads\/2017\/11\/111717_2238_Vendredi24N1.jpg\" alt=\"\" align=\"left\"><span style=\"color: #777777; font-family: Arial;\">Elle dit \u00ab&nbsp;<strong>Je parle compl\u00e8tement de la vie, parce que je parle de l&rsquo;amour<\/strong>&nbsp;\u00bb.<br \/>\n<\/span><\/p>\n<p><span style=\"color: #777777; font-family: Arial;\">J&rsquo;avais \u00e9crit un mot du jour&nbsp;: \u00ab&nbsp;L&rsquo;homme m\u00e9diocre parle des personnes, l&rsquo;homme moyen parle des faits, l&rsquo;homme de culture parle des id\u00e9es&nbsp;\u00bb.<br \/>\n<\/span><\/p>\n<p><span style=\"color: #777777; font-family: Arial;\">Barbara me rappelle que j&rsquo;ai oubli\u00e9 le plus l&rsquo;important&nbsp;: \u00ab&nbsp;L&rsquo;homme de c\u0153ur et en l&rsquo;occurrence la femme de c\u0153ur parle de la vie et de l&rsquo;amour.&nbsp;\u00bb<br \/>\n<\/span><\/p>\n<p><span style=\"color: #777777; font-family: Arial;\">Tant de belles chansons ont jalonn\u00e9 sa vie.<br \/>\n<\/span><\/p>\n<p><span style=\"color: #777777; font-family: Arial;\">Apr\u00e8s le triomphe remport\u00e9 \u00e0 Bobino en 1965, \u00e9mue par l&rsquo;accueil du public, elle compose pour le remercier \u00ab&nbsp;<a href=\"https:\/\/www.youtube.com\/watch?v=XoLcVzxwgvQ\"><span style=\"color: #0000ff;\">Ma plus belle histoire d&rsquo;amour<\/span>&nbsp;<\/a>\u00bb.<br \/>\n<\/span><\/p>\n<p><span style=\"color: #777777; font-family: Arial;\">En ao\u00fbt 1965, alors qu&rsquo;elle donne un concert \u00e0 Chalons sur Marne, Barbara apprend la mort de Liliane Benelli, sa pianiste \u00e0 L&rsquo;Ecluse dans un accident de voiture au c\u00f4t\u00e9 de son fianc\u00e9 Serge Lama qui est gravement bless\u00e9. Dans la nuit elle lui \u00e9crit en hommage une chanson&nbsp;: \u00ab<span style=\"color: #0000ff;\">&nbsp;<a href=\"https:\/\/www.youtube.com\/watch?v=-WfX8rUXBi0\"><span style=\"color: #0000ff;\">Une<\/span><\/a><\/span><\/span><span style=\"color: #0000ff;\"><span style=\"font-family: Arial;\"><a href=\"https:\/\/www.youtube.com\/watch?v=-WfX8rUXBi0\"><span style=\"color: #0000ff;\"> petite c<\/span><\/a><span style=\"color: #0000ff;\"><a href=\"https:\/\/www.youtube.com\/watch?v=-WfX8rUXBi0\"><span style=\"color: #0000ff;\">antate<\/span>&nbsp;<\/a><\/span>\u00bb<br \/>\n<\/span><\/span><\/p>\n<p><span style=\"color: #777777; font-family: Arial;\">En 1961, l&rsquo;histoire d&rsquo;amour entre Barbara et Hubert Ballay, diplomate mais aussi agent secret s&rsquo;ach\u00e8ve, apr\u00e8s un dernier s\u00e9jour orageux \u00e0 Abidjan dans l&rsquo;avion de retour elle \u00e9crit les premiers vers de \u00ab&nbsp;<a href=\"https:\/\/www.youtube.com\/watch?v=nUE80DTNxK4\"><span style=\"color: #0000ff;\">Dis quand reviendras-tu&nbsp;<\/span><\/a><span style=\"color: #0000ff;\">?<\/span>&nbsp;\u00bb<br \/>\n<\/span><\/p>\n<p><span style=\"color: #777777; font-family: Arial;\">En juillet 1964, elle \u00e9tait invit\u00e9e par des \u00e9tudiants d&rsquo;une petite ville universitaire de G\u00f6ttingen. Il y avait gr\u00e8ve des d\u00e9m\u00e9nageurs, alors les \u00e9tudiants lui ont apport\u00e9 son piano sur leurs \u00e9paules. Elle leur compose le jour m\u00eame une chanson pour les remercier. C&rsquo;est une incroyable chanson de pardon et de r\u00e9conciliation \u00e9crite par une jeune juive, 20 ans apr\u00e8s la fin de la seconde guerre mondiale&nbsp;: \u00ab&nbsp;<a href=\"https:\/\/www.youtube.com\/watch?v=s9b6E4MnCWk\"><span style=\"color: #0000ff;\">G\u00f6ttingen<\/span><\/a>&nbsp;\u00bb. En janvier 2003, le chancelier Schr\u00f6der en lira un extrait lors du 47<sup>\u00e8me<\/sup> anniversaire du Trait\u00e9 d&rsquo;amiti\u00e9 franco-allemand.<br \/>\n<\/span><\/p>\n<p><span style=\"color: #777777; font-family: Arial;\">Et puis en 1970, elle \u00e9crit et chante l&rsquo;&nbsp;\u00ab&nbsp;<a href=\"https:\/\/www.youtube.com\/watch?v=fd-2w4TgIQE\"><span style=\"color: #0000ff;\">aigle noir<\/span>&nbsp;<\/a>\u00bb<br \/>\n<\/span><\/p>\n<p><span style=\"color: #777777; font-family: Arial;\">Chanson myst\u00e9rieuse et merveilleusement belle<br \/>\n<\/span><\/p>\n<p style=\"margin-left: 28pt;\"><span style=\"color: #c00000; font-family: Arial;\">Un beau jour,<br \/>\nOu peut-\u00eatre une nuit<br \/>\nPr\u00e8s d&rsquo;un lac, je m&rsquo;\u00e9tais endormie<br \/>\nQuand soudain, semblant crever le ciel<br \/>\nEt venant de nulle part,<br \/>\nSurgit un aigle noir.<br \/>\n[\u2026]<br \/>\nDe son bec, il a touch\u00e9 ma joue.<br \/>\nDans ma main, il a gliss\u00e9 son cou.<br \/>\nC&rsquo;est alors que je l&rsquo;ai reconnu :<br \/>\n[\u2026]<br \/>\nL&rsquo;aigle noir, dans un bruissement d&rsquo;ailes<br \/>\nPrit son vol pour regagner le ciel.<br \/>\nQuatre plumes, couleur de la nuit,<br \/>\nUne larme, ou peut-\u00eatre un rubis.<br \/>\nJ&rsquo;avais froid, il ne me restait rien.<br \/>\nL&rsquo;oiseau m&rsquo;avait laiss\u00e9e<br \/>\nSeule avec mon chagrin.<br \/>\n<\/span><\/p>\n<p><span style=\"color: #777777; font-family: Arial;\">Certains avaient cru que Barbara parlait de la menace nazi qu&rsquo;elle avait connu quand jeune juive, elle \u00e9tait pourchass\u00e9e par les allemands dont l&#8217;embl\u00e8me \u00e9tait un aigle.<br \/>\n<\/span><\/p>\n<p><span style=\"color: #777777; font-family: Arial;\">Mais ce n&rsquo;\u00e9tait pas cela.<br \/>\n<\/span><\/p>\n<p><span style=\"color: #777777; font-family: Arial;\">Et pourtant en 1967, Barbara revient \u00e0 Saint Marcellin, le village o\u00f9 sa famille s&rsquo;\u00e9tait cach\u00e9e de juillet 1943 \u00e0 octobre 1945. Elle en tire une chanson \u00ab&nbsp;<a href=\"https:\/\/www.youtube.com\/watch?v=VQ7MxTBUZnE\"><span style=\"color: #0000ff;\">Mon<\/span> <span style=\"color: #0000ff;\">enfance&nbsp;<\/span><\/a>\u00bb qui se termine par ces vers&nbsp;:<br \/>\n<\/span><\/p>\n<p style=\"margin-left: 28pt;\"><span style=\"color: #c00000; font-family: Arial;\">\u00ab&nbsp;et je reste seule avec ma d\u00e9tresse,<br \/>\nh\u00e9las.<br \/>\nPourquoi suis-je donc revenue<br \/>\net seule au d\u00e9tour de ces rues<br \/>\nj&rsquo;ai froid, j&rsquo;ai peur, le soir se penche.<br \/>\nPourquoi suis-je venue ici,<br \/>\no\u00f9 mon pass\u00e9 me crucifie,<br \/>\no\u00f9 dort \u00e0 jamais mon enfance ?&nbsp;\u00bb<br \/>\n<\/span><\/p>\n<p><span style=\"color: #777777; font-family: Arial;\">Elle a m\u00eame \u00e9crit en 1972 \u00ab&nbsp;<a href=\"https:\/\/www.youtube.com\/watch?v=iujxd_8fO2E\"><span style=\"color: #0000ff;\">Amours<\/span> <span style=\"color: #0000ff;\">incestueuses&nbsp;<\/span><\/a>\u00bb qui raconte une histoire d&rsquo;amour entre une dame m\u00fbre et un jeune homme. Renversement du crime qu&rsquo;elle a v\u00e9cu et qu&rsquo;on a pu lire dans ses m\u00e9moires posthumes qui paraissent en 1998&nbsp;:<br \/>\n<\/span><\/p>\n<p style=\"margin-left: 28pt;\"><span style=\"color: #c00000; font-family: Arial;\">\u00ab J&rsquo;ai de plus en plus peur de mon p\u00e8re. Il le sent. Il le sait. J&rsquo;ai tellement besoin de ma m\u00e8re, mais comment faire pour lui parler ?<br \/>\n<\/span><span style=\"color: #c00000; font-family: Arial;\">Et que lui dire ? Que je trouve le comportement de mon p\u00e8re bizarre ? Je me tais.<br \/>\n<\/span><\/p>\n<p style=\"margin-left: 28pt;\"><span style=\"color: #c00000; font-family: Arial;\">Un soir, \u00e0 Tarbes, mon univers bascule dans l&rsquo;horreur. J&rsquo;ai dix ans et demi.<br \/>\n<\/span><span style=\"color: #c00000; font-family: Arial;\">Les enfants se taisent parce qu&rsquo;on refuse de les croire.<br \/>\n<\/span><span style=\"color: #c00000; font-family: Arial;\">Parce qu&rsquo;on les soup\u00e7onne d&rsquo;affabuler.<br \/>\n<\/span><span style=\"color: #c00000; font-family: Arial;\">Parce qu&rsquo;ils ont honte et qu&rsquo;ils se sentent coupables.<br \/>\n<\/span><span style=\"color: #c00000; font-family: Arial;\">Parce qu&rsquo;ils ont peur.<br \/>\n<\/span><span style=\"color: #c00000; font-family: Arial;\">Parce qu&rsquo;ils croient qu&rsquo;ils sont les seuls au monde avec leur terrible secret.<br \/>\n<\/span><\/p>\n<p style=\"margin-left: 28pt;\"><span style=\"color: #c00000; font-family: Arial;\"> De ces humiliations inflig\u00e9es \u00e0 l&rsquo;enfance, de ces hautes turbulences, de ces descentes au fond du fond, j&rsquo;ai toujours ressurgi.<br \/>\n<\/span><span style=\"color: #c00000; font-family: Arial;\">S\u00fbr, il m&rsquo;a fallu un sacr\u00e9 go\u00fbt de vivre, une sacr\u00e9e envie d&rsquo;\u00eatre heureuse, une sacr\u00e9e volont\u00e9 d&rsquo;atteindre le plaisir dans les bras d&rsquo;un homme, pour me sentir un jour purifi\u00e9e de tout, longtemps apr\u00e8s.<br \/>\n<\/span><span style=\"color: #c00000; font-family: Arial;\">J&rsquo;\u00e9cris cela avec des larmes qui me viennent.<br \/>\n<\/span><span style=\"color: #c00000; font-family: Arial;\">C&rsquo;est quoi, ces larmes&nbsp;?<br \/>\n<\/span><span style=\"color: #c00000; font-family: Arial;\">Qu&rsquo;importe, on continue&nbsp;!\u00bb<br \/>\n<\/span><span style=\"color: #777777; font-family: Arial;\">Il \u00e9tait un piano noir\u2026 M\u00e9moires interrompus, Fayard, 1998.<br \/>\n<\/span><\/p>\n<p><span style=\"color: #777777; font-family: Arial;\">Dans ce texte, elle raconte simplement le d\u00e9sarroi de l&rsquo;enfant victime de ce qu&rsquo;il ne comprend pas mais dont il sent que c&rsquo;est mal. Comment le dire \u00e0 ma m\u00e8re&nbsp;?<br \/>\n<\/span><\/p>\n<p><span style=\"color: #777777; font-family: Arial;\">Les enfants se taisent parce qu&rsquo;on les soup\u00e7onne d&rsquo;affabuler, qu&rsquo;ils se sentent coupables\u2026<br \/>\n<\/span><\/p>\n<p><span style=\"color: #777777; font-family: Arial;\">Et tout devenait clair&nbsp;: l&rsquo;aigle noir est l&rsquo;histoire d&rsquo;un inceste que Barbara raconte pour mieux se lib\u00e9rer.<br \/>\n<\/span><\/p>\n<p><span style=\"color: #777777; font-family: Arial;\">Tous les enfants n&rsquo;ont pas cette possibilit\u00e9 qu&rsquo;\u00e9voque Barbara dans ses m\u00e9moires&nbsp;: \u00ab&nbsp;<span style=\"color: #c00000;\">Tu peux dormir tranquille, je m&rsquo;en suis sortie puisque je chante<span style=\"color: #777777;\"><em>.&nbsp;\u00bb<\/em><br \/>\n<\/span><\/span><\/span><\/p>\n<p><span style=\"color: #777777; font-family: Arial;\">Depardieu, son ami, a r\u00e9pondu \u00e0 une interview de Telerama le 4 f\u00e9vrier 2017&nbsp;:<br \/>\n<\/span><\/p>\n<p style=\"margin-left: 28pt;\"><span style=\"color: #c00000; font-family: Arial;\">\u00ab&nbsp;L&rsquo;inceste a gliss\u00e9 sur elle d\u00e8s qu&rsquo;elle a commenc\u00e9 \u00e0 chanter. Elle s&rsquo;en est \u00e9chapp\u00e9e. (\u2026) Barbara \u00e9tait non seulement tr\u00e8s joyeuse, mais elle avait en elle une force de vie formidable. Elle savait \u00e9couter, recevoir le malheur des gens, et ne se lamentait jamais sur son propre v\u00e9cu. Avec Nantes, elle montre qu&rsquo;elle a pardonn\u00e9&nbsp;\u00bb.<br \/>\n<\/span><\/p>\n<p><span style=\"color: #777777; font-family: Arial;\">Et en effet il y a <a href=\"https:\/\/www.youtube.com\/watch?v=h8_of67iNm8\"><span style=\"color: #0000ff;\">&lt;Nantes&gt;<\/span><\/a>. Le 21 d\u00e9cembre 1959&nbsp;; un coup de t\u00e9l\u00e9phone apprend \u00e0 Barbara que son p\u00e8re Jacques disparu depuis plusieurs ann\u00e9es est en train de mourir \u00e0 Nantes. Elle arrive trop tard et va en tirer une chanson bouleversante qu&rsquo;elle mettra plusieurs ann\u00e9es \u00e0 achever.<br \/>\n<\/span><\/p>\n<p><a href=\"https:\/\/www.youtube.com\/watch?v=mlACsgfG4Q0\"><span style=\"font-family: Arial;\"><span style=\"color: #0000ff;\">Boris<\/span> <span style=\"color: #0000ff;\">Cyrulnik<\/span><\/span><\/a><span style=\"color: #777777; font-family: Arial;\"> y voit comme un exemple extraordinairement abouti de r\u00e9silience dans la po\u00e9sie.<br \/>\n<\/span><\/p>\n<p><span style=\"color: #777777; font-family: Arial;\">Barbara fut une immense artiste et po\u00e8te et une tr\u00e8s grande Dame<br \/>\n<\/span><\/p>\n<p><a href=\"https:\/\/www.youtube.com\/watch?v=cAhMsb54yEY\"><span style=\"font-family: Arial;\"><span style=\"color: #0000ff;\">&lt;Jacques Higelin qui \u00e9tait aussi son ami a dit : j&rsquo;adore cette femme&gt;<\/span><\/span><\/a><span style=\"color: #777777; font-family: Arial;\">. Il n&rsquo;est pas le seul.<br \/>\n<\/span><\/p>\n<p><span style=\"color: #777777; font-family: Arial;\">* <em>J&rsquo;ai pu donner toutes les pr\u00e9cisions sur les chansons cit\u00e9es gr\u00e2ce au Hors-s\u00e9rie le Monde la vie \u00ab&nbsp;Barbara une femme qui chante&nbsp;\u00bb, num\u00e9ro d&rsquo;octobre novembre 2017<\/em><\/span><\/p>\n<p><span style=\"color: #800000;\">&lt;974&gt;<\/span><\/p>\n","protected":false},"excerpt":{"rendered":"<p>\u00ab&nbsp;J\u2019ai tellement besoin de ma m\u00e8re, mais comment faire pour lui parler ?&nbsp;\u00bb Barbara,Dans ses m\u00e9moires posthumes, se rem\u00e9morant son enfance trahie et viol\u00e9e par son p\u00e8re incestueux Nous sommes le 24 novembre. Il y a 20 ans mourait la<\/p>\n","protected":false},"author":1,"featured_media":0,"comment_status":"open","ping_status":"closed","sticky":false,"template":"","format":"standard","meta":{"footnotes":""},"categories":[1],"tags":[46,52,29],"class_list":["post-3540","post","type-post","status-publish","format-standard","hentry","category-motdujour","tag-art","tag-enfance","tag-hommage"],"_links":{"self":[{"href":"https:\/\/lemotdujour.fr\/index.php?rest_route=\/wp\/v2\/posts\/3540","targetHints":{"allow":["GET"]}}],"collection":[{"href":"https:\/\/lemotdujour.fr\/index.php?rest_route=\/wp\/v2\/posts"}],"about":[{"href":"https:\/\/lemotdujour.fr\/index.php?rest_route=\/wp\/v2\/types\/post"}],"author":[{"embeddable":true,"href":"https:\/\/lemotdujour.fr\/index.php?rest_route=\/wp\/v2\/users\/1"}],"replies":[{"embeddable":true,"href":"https:\/\/lemotdujour.fr\/index.php?rest_route=%2Fwp%2Fv2%2Fcomments&post=3540"}],"version-history":[{"count":12,"href":"https:\/\/lemotdujour.fr\/index.php?rest_route=\/wp\/v2\/posts\/3540\/revisions"}],"predecessor-version":[{"id":12265,"href":"https:\/\/lemotdujour.fr\/index.php?rest_route=\/wp\/v2\/posts\/3540\/revisions\/12265"}],"wp:attachment":[{"href":"https:\/\/lemotdujour.fr\/index.php?rest_route=%2Fwp%2Fv2%2Fmedia&parent=3540"}],"wp:term":[{"taxonomy":"category","embeddable":true,"href":"https:\/\/lemotdujour.fr\/index.php?rest_route=%2Fwp%2Fv2%2Fcategories&post=3540"},{"taxonomy":"post_tag","embeddable":true,"href":"https:\/\/lemotdujour.fr\/index.php?rest_route=%2Fwp%2Fv2%2Ftags&post=3540"}],"curies":[{"name":"wp","href":"https:\/\/api.w.org\/{rel}","templated":true}]}}