{"id":3511,"date":"2017-11-16T04:00:39","date_gmt":"2017-11-16T03:00:39","guid":{"rendered":"http:\/\/lemotdujour.fr\/?p=3511"},"modified":"2021-09-29T10:56:45","modified_gmt":"2021-09-29T08:56:45","slug":"jeudi-16-novembre-2017","status":"publish","type":"post","link":"https:\/\/lemotdujour.fr\/?p=3511","title":{"rendered":"Jeudi 16 novembre 2017"},"content":{"rendered":"<div class=\"mdjTexte\">\t\u00ab&nbsp;Par rapport \u00e0 l\u2019intelligence artificielle&nbsp;: il y a les substituts qui seront remplac\u00e9s et qui seront soit au ch\u00f4mage soit dans un emploi aid\u00e9et les compl\u00e9mentaires de l\u2019intelligence artificielle qui seront tr\u00e8s bien r\u00e9mun\u00e9r\u00e9s&nbsp;\u00bb<\/div>\n<div class=\"mdjAuteur\">\tLaurent Alexandre<\/div>\n<p><a href=\"https:\/\/fr.wikipedia.org\/wiki\/Laurent_Alexandre\"><span style=\"font-family: Arial;\"><span style=\"color: #0000ff;\">Laurent Alexandre<\/span><\/span><\/a><span style=\"color: #777777; font-family: Arial;\">, est un chirurgien-urologue fran\u00e7ais. Il a cr\u00e9\u00e9 le site de vulgarisation m\u00e9dicale tr\u00e8s s\u00e9rieux que toutes les personnes qui s&rsquo;int\u00e9ressent \u00e0 leur sant\u00e9 connaissent : <a href=\"http:\/\/www.doctissimo.fr\/\">doctissimo<\/a><br \/>\n<\/span><\/p>\n<p><span style=\"color: #777777; font-family: Arial;\">Il a aussi \u00e9crit un livre au titre tr\u00e8s explicite&nbsp;: <a href=\"http:\/\/www.editions-jclattes.fr\/la-mort-de-la-mort-9782709636803\"><span style=\"color: #0000ff;\">&lt;La mort de la mort&gt;<\/span><\/a><br \/>\n<\/span><\/p>\n<p><span style=\"color: #777777; font-family: Arial;\">Il est tr\u00e8s int\u00e9ress\u00e9 par l&rsquo;intelligence artificielle et il a \u00e9t\u00e9 invit\u00e9 par le S\u00e9nat le 19\/01\/2017 pour parler de l&rsquo;impact de l&rsquo;Intelligence Artificielle sur la soci\u00e9t\u00e9 et l&rsquo;\u00e9conomie fran\u00e7aise.<br \/>\n<\/span><\/p>\n<p><span style=\"color: #777777; font-family: Arial;\">Vous pourrez \u00e9couter cette intervention qui me parait essentiel derri\u00e8re ce lien&nbsp;: <a href=\"https:\/\/www.youtube.com\/watch?v=rJowm24piM4\"><span style=\"color: #0000ff;\">&lt;Impact de l&rsquo;Intelligence<\/span> <span style=\"color: #0000ff;\">Artificielle sur l&rsquo;\u00e9conomie&gt;<\/span><\/a><br \/>\n<\/span><\/p>\n<p><span style=\"color: #777777; font-family: Arial;\">Il a probablement une haute opinion de lui-m\u00eame et s&rsquo;exprime de mani\u00e8re un peu p\u00e9remptoire. Son analyse me parait cependant tr\u00e8s argument\u00e9 et notamment poser les bonnes questions.<br \/>\n<\/span><\/p>\n<p><span style=\"color: #777777; font-family: Arial;\">Je vais essayer de r\u00e9sumer le propos \u00e0 ma mani\u00e8re et avec mon intelligence humaine.<br \/>\n<\/span><\/p>\n<p><span style=\"color: #777777; font-family: Arial;\">D&rsquo;abord un sujet de d\u00e9finition&nbsp;: on distingue l&rsquo;intelligence artificielle forte et l&rsquo;intelligence artificielle (<em>que je nommerai IA dans la suite de cette article<\/em>) faible.<br \/>\n<\/span><\/p>\n<p><span style=\"color: #777777; font-family: Arial;\">L&rsquo;IA forte serait une intelligence qui comme homo sapiens aurait conscience de son intelligence, ou dit autrement de son existence. Elle saurait dire \u00ab\u00a0JE\u00a0\u00bb et saurait que ce \u00ab\u00a0JE\u00a0\u00bb, c&rsquo;est elle.<br \/>\n<\/span><\/p>\n<p><span style=\"color: #777777; font-family: Arial;\">Cette forme d&rsquo;IA entra\u00eene tous les fantasmes, puisque si un tel sujet apparaissait, il y aurait concurrence entre deux intelligences conscientes qui pourraient entrer en comp\u00e9tition et entra\u00eener \u00e0 terme un assujettissement de l&rsquo;une \u00e0 l&rsquo;autre, voire une destruction de l&rsquo;autre. Dans cette hypoth\u00e8se dans la mesure o\u00f9 l&rsquo;intelligence artificielle serait arriv\u00e9e \u00e0 la hauteur de la conscience humaine, il est raisonnable de pr\u00e9voir qu&rsquo;elle nous d\u00e9passera. Cette hypoth\u00e8se conduit donc \u00e0 un assujettissement d&rsquo;homo sapiens \u00e0 cette entit\u00e9 cr\u00e9\u00e9e par l&rsquo;homme. En r\u00e9sum\u00e9 dans un film de science-fiction, les robots prennent le pouvoir.<br \/>\n<\/span><\/p>\n<p><span style=\"color: #777777; font-family: Arial;\">Ce fantasme n&rsquo;est pas pr\u00eat \u00e0 se produire selon lui. J&rsquo;ai entendu d&rsquo;autres gens tr\u00e8s s\u00e9rieux dire la m\u00eame chose. Il faut savoir cependant que ce n&rsquo;est pas l&rsquo;avis d&rsquo;Elon Musk, cofondateur de Paypal, directeur chez Tesla motors et cofondateur de OpenAI, une association de recherche \u00e0 but non lucratif en intelligence artificielle, ni d&rsquo;ailleurs de certains des grands esprits de Google.<br \/>\n<\/span><\/p>\n<p><span style=\"color: #777777; font-family: Arial;\">Selon Laurent Alexandre, ce qui existe d\u00e9j\u00e0 et va se d\u00e9velopper encore de mani\u00e8re exponentielle c&rsquo;est l&rsquo;intelligence artificielle faible qui n&rsquo;a pas conscience de son intelligence, mais qui est un formidable calculateur adoss\u00e9 \u00e0 d&rsquo;immenses bases de donn\u00e9es que l&rsquo;on appelle dans le langage num\u00e9rique les big datas.<br \/>\n<\/span><\/p>\n<p><span style=\"color: #777777; font-family: Arial;\">Et cette annonce-l\u00e0&nbsp;: que l&rsquo;IA faible va se d\u00e9velopper de mani\u00e8re exponentielle est aussi pr\u00e9occupante, notamment pour nous europ\u00e9ens.<br \/>\n<\/span><\/p>\n<p><span style=\"color: #777777; font-family: Arial;\">Dans la g\u00e9opolitique de l&rsquo;IA et du big data, l&rsquo;Europe est un pays du tiers monde, pour reprendre un concept \u00e9conomique connu. Nous exportons des ing\u00e9nieurs, un des principaux directeurs de laboratoire d&rsquo;IA s&rsquo;appelle Yann Le Cun, auquel j&rsquo;ai d\u00e9j\u00e0 consacr\u00e9 <a href=\"https:\/\/lemotdujour.fr\/?p=1618\">un mot du jour<\/a>, il est fran\u00e7ais et il travaille pour Facebook.<br \/>\n<\/span><\/p>\n<p><span style=\"color: #777777; font-family: Arial;\">Je vous demande d\u00e9j\u00e0 de nous arr\u00eater \u00e0 ce fait&nbsp;: Un des types les plus cal\u00e9s sur l&rsquo;IA travaille pour Facebook.<br \/>\n<\/span><\/p>\n<p><span style=\"color: #777777; font-family: Arial;\">Dans notre esprit cart\u00e9sien de fran\u00e7ais, ce n&rsquo;est pas s\u00e9rieux.<br \/>\n<\/span><\/p>\n<p><span style=\"color: #777777; font-family: Arial;\">Un type super intelligent qui travaille sur des sujets de pointe, il bosse pour l&rsquo;arm\u00e9e, pour l&rsquo;industrie a\u00e9ronautique ou spatiale ou l&rsquo;industrie financi\u00e8re pas pour ce caf\u00e9 du commerce mondialis\u00e9 qu&rsquo;est facebook. Ce n&rsquo;est pas s\u00e9rieux&nbsp;!<br \/>\n<\/span><\/p>\n<p><span style=\"color: #777777; font-family: Arial;\">Si vous r\u00e9agissez comme \u00e7a, c&rsquo;est qu&rsquo;il y a quelque chose qui vous a \u00e9chapp\u00e9.<br \/>\n<\/span><\/p>\n<p><span style=\"color: #777777; font-family: Arial;\">Facebook, n&rsquo;a qu&rsquo;un atout mais dans le contexte de l&rsquo;IA faible d\u00e9crit ci avant, c&rsquo;est un atout gigantesque dans ce monde-l\u00e0&nbsp;: c&rsquo;est un collecteur de donn\u00e9es, il est \u00e0 la t\u00eate d&rsquo;un big data immense.<br \/>\n<\/span><\/p>\n<p><span style=\"color: #777777; font-family: Arial;\">Et Laurent Alexandre l&rsquo;explique au cours de sa pr\u00e9sentation, des tests ont \u00e9t\u00e9 fait. On a mis en comp\u00e9tition des algorithmes tr\u00e8s sophistiqu\u00e9s avec des petites bases de donn\u00e9es et des algorithmes plus simples mais adoss\u00e9s \u00e0 d&rsquo;immense big data. Ce sont les seconds qui l&rsquo;ont emport\u00e9 tr\u00e8s largement.<br \/>\n<\/span><\/p>\n<p><span style=\"color: #777777; font-family: Arial;\">Dans ce monde-l\u00e0, celui qui domine c&rsquo;est celui qui poss\u00e8de le big data. L&rsquo;Europe n&rsquo;est pas dans ce cas, les Etats Unis et la Chine oui. C&rsquo;est pourquoi nous serons un pays du tiers monde si nous ne parvenons pas \u00e0 r\u00e9agir rapidement.<br \/>\n<\/span><\/p>\n<p><span style=\"color: #777777; font-family: Arial;\">Dans sa d\u00e9monstration brillante, il ajoute un point essentiel&nbsp;: la zone Asie-Pacifique qui est au c\u0153ur de cette nouvelle r\u00e9volution croit plus vite que nous et surtout est tr\u00e8s transgressif par rapport \u00e0 nos valeurs qu&rsquo;il d\u00e9finit comme&nbsp;: \u00ab&nbsp;chr\u00e9tiens-d\u00e9mocrate et sociaux d\u00e9mocrate de gauche que nous sommes tous par rapport \u00e0 ces gens-l\u00e0&nbsp;\u00bb.<br \/>\n<\/span><\/p>\n<p><span style=\"color: #777777; font-family: Arial;\">Selon lui, l&rsquo;IA faible a d\u00e9sormais un d\u00e9veloppement exponentiel, ce qui rend tr\u00e8s difficile les pr\u00e9visions. Les pr\u00e9visions sont plus pertinentes quand on est en pr\u00e9sence d&rsquo;\u00e9volutions proche du lin\u00e9aire.<br \/>\n<\/span><\/p>\n<p><span style=\"color: #777777; font-family: Arial;\">L&rsquo;\u00e9volution exponentielle ne touche pas les technologies robotiques qui n\u00e9cessitent de la m\u00e9canique, ni la sant\u00e9 ou la biologie qui \u00e9voluent aussi mais \u00e0 un rythme plus lin\u00e9aire.<br \/>\n<\/span><\/p>\n<p><span style=\"color: #777777; font-family: Arial;\">Pour \u00eatre plus pr\u00e9cis, ce qui \u00e9volue de mani\u00e8re exponentielle c&rsquo;est l&rsquo;IA faible adoss\u00e9e au big data des plateformes, c&rsquo;est \u00e0 dire Google, Apple, Facebook et Amazon. Apple et Facebook ont chacun 2 milliards d&rsquo;utilisateurs. Nous n&rsquo;avons pas la base industrielle pour rivaliser avec ces g\u00e9ants. En outre, nous sommes les idiots utiles de ces plateformes, puisque nous mettons chaque jour, gratuitement, des milliards de photos et de donn\u00e9es sur ces plate-formes<br \/>\n<\/span><\/p>\n<p><span style=\"color: #777777; font-family: Arial;\">Mais ce qui lui semble essentiel, c&rsquo;est que l&rsquo;intelligence artificielle sera quasi gratuite par rapport \u00e0 l&rsquo;intelligence biologique&nbsp;;<br \/>\n<\/span><\/p>\n<p><span style=\"color: #777777; font-family: Arial;\">Ce deuxi\u00e8me point va avoir un effet majeur notamment sur le march\u00e9 de l&#8217;emploi&nbsp;et il donne une r\u00e8gle simple \u00e0 comprendre mais p\u00e9nible \u00e0 entendre&nbsp;: Dans un march\u00e9 o\u00f9 entre en comp\u00e9tition un bien gratuit et un bien on\u00e9reux, les substituts cr\u00e8vent et les compl\u00e9mentaires voient leur prix augmenter<br \/>\n<\/span><\/p>\n<p><span style=\"color: #777777; font-family: Arial;\">Nous devons donc tr\u00e8s rapidement, en Europe, d\u00e9velopper des plateformes de la dimension des am\u00e9ricains et des chinois sinon nous serons le Zimbabwe du monde de demain.<br \/>\n<\/span><\/p>\n<p><span style=\"color: #777777; font-family: Arial;\">L&rsquo;\u00e9cole doit s&rsquo;efforcer de prendre en compte cette dichotomie entre les substituts \u00e0 l&rsquo;IA, c&rsquo;est-\u00e0-dire tous ceux qui pourraient faire le m\u00eame travail que l&rsquo;IA moins vite, plus ch\u00e8re et malgr\u00e9 tout probablement moins bien et les compl\u00e9mentaires qui travailleront en s&rsquo;aidant de l&rsquo;IA, en compl\u00e9mentarit\u00e9 de l&rsquo;IA.<br \/>\n<\/span><\/p>\n<p><span style=\"color: #777777; font-family: Arial;\">Il affirme d&rsquo;ailleurs&nbsp;: qu&rsquo;aucun emploi non compl\u00e9mentaire de l&rsquo;IA n&rsquo;existera plus en 2050.<br \/>\n<\/span><\/p>\n<p><span style=\"color: #777777; font-family: Arial;\">Il pr\u00e9sente cette affirmation sous une autre forme&nbsp;: si votre intelligence + l&rsquo;IA est l&rsquo;\u00e9quivalent de l&rsquo;IA, votre emploi dispara\u00eetra.<br \/>\n<\/span><\/p>\n<p><span style=\"color: #777777; font-family: Arial;\">On pense aux guichetier de banque, biblioth\u00e9caire, chauffeur de taxi, comptable, assistant juridique, contr\u00f4leurs a\u00e9riens, agent de voyage, interpr\u00e8te et traducteurs, probablement \u00e9norm\u00e9ment de travaux actuellement assur\u00e9s par des fonctionnaires, mais aussi le m\u00e9decin traitant qui ne saura rivaliser avec l&rsquo;IA connect\u00e9 sur les big data pour faire le diagnostic.<br \/>\n<\/span><\/p>\n<p><span style=\"color: #777777; font-family: Arial;\">Pour le reste de son intervention je vous renvoie vers la vid\u00e9o : <a href=\"https:\/\/www.youtube.com\/watch?v=rJowm24piM4\"><span style=\"color: #0000ff;\">&lt;Impact de l&rsquo;Intelligence Artificielle sur<\/span> <span style=\"color: #0000ff;\">l&rsquo;\u00e9conomie<\/span>&gt;<\/a><br \/>\n<\/span><\/p>\n<p><span style=\"color: #777777; font-family: Arial;\">Et pour celles et ceux qui ne l&rsquo;auraient pas encore vu, je vous invite \u00e0 regarder <a href=\"https:\/\/www.youtube.com\/watch?v=tMpsMt7ETi8&amp;list=PL16A39FD504A786B1\"><span style=\"color: #0000ff;\">&lt;cette vid\u00e9o&gt;<\/span><\/a> o\u00f9 on voit comment la manutention se r\u00e9alise dans un entrep\u00f4t Amazon. On peut supposer que beaucoup des travaux humains qui subsistent aujourd&rsquo;hui dans ces entrep\u00f4ts seront aussi rapidement remplac\u00e9s, substitu\u00e9s pour reprendre le langage de Laurent Alexandre.<\/span><\/p>\n<p><span style=\"color: #800000;\">&lt;968&gt;<\/span><\/p>\n","protected":false},"excerpt":{"rendered":"<p>\u00ab&nbsp;Par rapport \u00e0 l\u2019intelligence artificielle&nbsp;: il y a les substituts qui seront remplac\u00e9s et qui seront soit au ch\u00f4mage soit dans un emploi aid\u00e9et les compl\u00e9mentaires de l\u2019intelligence artificielle qui seront tr\u00e8s bien r\u00e9mun\u00e9r\u00e9s&nbsp;\u00bb Laurent Alexandre Laurent Alexandre, est un<\/p>\n","protected":false},"author":1,"featured_media":0,"comment_status":"open","ping_status":"closed","sticky":false,"template":"","format":"standard","meta":{"footnotes":""},"categories":[1],"tags":[10,57,32],"class_list":["post-3511","post","type-post","status-publish","format-standard","hentry","category-motdujour","tag-economie","tag-emploi","tag-numerique"],"_links":{"self":[{"href":"https:\/\/lemotdujour.fr\/index.php?rest_route=\/wp\/v2\/posts\/3511","targetHints":{"allow":["GET"]}}],"collection":[{"href":"https:\/\/lemotdujour.fr\/index.php?rest_route=\/wp\/v2\/posts"}],"about":[{"href":"https:\/\/lemotdujour.fr\/index.php?rest_route=\/wp\/v2\/types\/post"}],"author":[{"embeddable":true,"href":"https:\/\/lemotdujour.fr\/index.php?rest_route=\/wp\/v2\/users\/1"}],"replies":[{"embeddable":true,"href":"https:\/\/lemotdujour.fr\/index.php?rest_route=%2Fwp%2Fv2%2Fcomments&post=3511"}],"version-history":[{"count":7,"href":"https:\/\/lemotdujour.fr\/index.php?rest_route=\/wp\/v2\/posts\/3511\/revisions"}],"predecessor-version":[{"id":12230,"href":"https:\/\/lemotdujour.fr\/index.php?rest_route=\/wp\/v2\/posts\/3511\/revisions\/12230"}],"wp:attachment":[{"href":"https:\/\/lemotdujour.fr\/index.php?rest_route=%2Fwp%2Fv2%2Fmedia&parent=3511"}],"wp:term":[{"taxonomy":"category","embeddable":true,"href":"https:\/\/lemotdujour.fr\/index.php?rest_route=%2Fwp%2Fv2%2Fcategories&post=3511"},{"taxonomy":"post_tag","embeddable":true,"href":"https:\/\/lemotdujour.fr\/index.php?rest_route=%2Fwp%2Fv2%2Ftags&post=3511"}],"curies":[{"name":"wp","href":"https:\/\/api.w.org\/{rel}","templated":true}]}}