{"id":3503,"date":"2017-11-14T04:00:05","date_gmt":"2017-11-14T03:00:05","guid":{"rendered":"http:\/\/lemotdujour.fr\/?p=3503"},"modified":"2021-09-29T20:56:46","modified_gmt":"2021-09-29T18:56:46","slug":"mardi-14-novembre-2017","status":"publish","type":"post","link":"https:\/\/lemotdujour.fr\/?p=3503","title":{"rendered":"Mardi 14 novembre 2017"},"content":{"rendered":"<div class=\"mdjTexte\">\t\u00ab&nbsp;Pour une entreprise, l\u2019imp\u00f4t est un co\u00fbt comme un autre, qu\u2019il faut r\u00e9duire par tous les moyens l\u00e9gaux.&nbsp;\u00bb<\/div>\n<div class=\"mdjAuteur\">\tBruno Bonnell d\u00e9put\u00e9 R\u00e9publique en marche de la circonscription de Villeurbanne<\/div>\n<p><span style=\"color: #777777; font-family: Arial;\">Bruno Bonnell est un chef d&rsquo;entreprise important de la r\u00e9gion lyonnaise. Il a \u00e9t\u00e9 notamment patron d&rsquo;Infogrames. Dans une compr\u00e9hension des int\u00e9r\u00eats r\u00e9ciproques, il \u00e9tait proche du maire de Lyon, G\u00e9rard Collomb. Ce fait a d\u00fb jouer un r\u00f4le important dans sa d\u00e9signation comme candidat du parti pr\u00e9sidentiel contre Najat Vallaud Belkacem dans la circonscription l\u00e9gislative de Villeurbanne qui \u00e9tait un fief historique du Parti socialiste. Il a gagn\u00e9 et il est donc maintenant d\u00e9put\u00e9 et repr\u00e9sentant de la nation.<br \/>\n<\/span><\/p>\n<p><span style=\"color: #777777; font-family: Arial;\">Vous savez que la semaine derni\u00e8re, 95 m\u00e9dias r\u00e9unis dans un partenariat ont exhum\u00e9 13,5&nbsp;millions de documents surnomm\u00e9s<strong> <em>Paradise papers<\/em> <\/strong>sur les pratiques d&rsquo;optimisation fiscale de multinationales et de particuliers dans le monde.<br \/>\n<\/span><\/p>\n<p><span style=\"color: #777777; font-family: Arial;\">C&rsquo;est dans ce contexte que <span style=\"color: #0000ff;\">&nbsp;<\/span><a href=\"http:\/\/www.rtl.fr\/actu\/politique\/bruno-bonnell-sur-rtl-l-optimisation-fiscale-n-est-pas-de-la-fraude-fiscale-7790849767\" target=\"_blank\" rel=\"noopener\"><span style=\"color: #0000ff;\">Bruno Bonnell \u00e9tait invit\u00e9 de RTL<\/span><\/a> mercredi dernier.<br \/>\n<\/span><\/p>\n<p><span style=\"color: #777777; font-family: Arial;\">Il trouve le terme \u00ab&nbsp;optimisation&nbsp;\u00bb positif, par voie de cons\u00e9quence l&rsquo;optimisation fiscale l&rsquo;est aussi. Plus pr\u00e9cis\u00e9ment il a dit&nbsp;:<br \/>\n<\/span><\/p>\n<p style=\"margin-left: 28pt;\"><span style=\"color: #c00000; font-family: Arial;\">\u00ab&nbsp;Le mot optimisation est int\u00e9ressant parce qu&rsquo;il est positif. Quand on optimise son \u00e9nergie, on est quelqu&rsquo;un de bien. Mais quand on y ajoute le mot fiscal, on est quelqu&rsquo;un de mal. On m\u00e9lange tout. L&rsquo;optimisation n&rsquo;est pas la fraude fiscale. Aux USA on demande \u00e0 un chef d&rsquo;entreprise d&rsquo;optimiser les taxes qu&rsquo;il doit payer. C&rsquo;est une philosophie.&nbsp;\u00bb<\/span><\/p>\n<p><span style=\"color: #777777; font-family: Arial;\">La plupart des personnes mises en cause r\u00e9pondent par cet argument&nbsp;: \u00ab&nbsp;Tout ce que j&rsquo;ai fait est l\u00e9gal&nbsp;\u00bb.<br \/>\n<\/span><\/p>\n<p><span style=\"color: #777777; font-family: Arial;\">Bruno Bonnell est sur cette ligne&nbsp;: il fait une distinction nette entre la l\u00e9galit\u00e9 de l&rsquo;optimisation et l&rsquo;ill\u00e9galit\u00e9 de la fraude&nbsp;:<br \/>\n<\/span><\/p>\n<p style=\"margin-left: 28pt;\"><span style=\"color: #c00000; font-family: Arial;\">\u00ab&nbsp;<strong>Pour une entreprise, l&rsquo;imp\u00f4t est un co\u00fbt comme un autre, qu&rsquo;il faut r\u00e9duire par tous les moyens l\u00e9gaux.<\/strong> Dans un \u00c9tat de droit, il y a des r\u00e8gles. Quand on est chef d&rsquo;entreprise, il y a des r\u00e8gles et il faut jouer avec. On n&rsquo;est pas dans la morale. Parce qu&rsquo;au nom de la morale on a fait beaucoup de b\u00eatises.&nbsp;\u00bb<br \/>\n<\/span><\/p>\n<p><span style=\"color: #777777; font-family: Arial;\">Accordons lui qu&rsquo;il souhaite promouvoir \u00ab&nbsp;une harmonie fiscale en Europe&nbsp;\u00bb&nbsp;:<br \/>\n<\/span><\/p>\n<p style=\"margin-left: 28pt;\"><span style=\"color: #c00000; font-family: Arial;\">\u00ab&nbsp;En tant que politique, on doit continuer de fa\u00e7on obsessionnelle \u00e0 faire de l&rsquo;Europe un bloc fiscal coh\u00e9rent. On ne peut pas continuer de laisser des trous dans la raquette en Europe, avec une diversit\u00e9 fiscale port\u00e9e par certains pays comme l&rsquo;Irlande, les Pays-Bas, Malte, qui sont des pays microscopiques par rapport \u00e0 l&rsquo;Allemagne, la France, l&rsquo;Espagne ou l&rsquo;Italie.&nbsp;Aujourd&rsquo;hui, de nombreuses multinationales viennent en Europe parce que le march\u00e9 repart et font leur march\u00e9 en demandant \u00e0 chaque pays : \u00ab\u00a0Que proposez-vous comme taxes&nbsp;?\u00a0\u00bb \u00c7a, c&rsquo;est une erreur.&nbsp;\u00bb<br \/>\n<\/span><\/p>\n<p><span style=\"color: #777777; font-family: Arial;\">Sur ce point, je ne peux \u00eatre que d&rsquo;accord.<br \/>\n<\/span><\/p>\n<p><span style=\"color: #777777; font-family: Arial;\">Mais avant d&rsquo;interroger la notion d&rsquo;optimisation fiscale et de l\u00e9galit\u00e9, <a href=\"http:\/\/lelab.europe1.fr\/les-petits-arrangements-fiscaux-de-bruno-bonnell-candidat-lrem-a-villeurbanne-3353870\">&lt;<span style=\"color: #0000ff;\">Vous trouverez sur le site lelab.europe1.fr,<\/span> <span style=\"color: #0000ff;\">l&rsquo;information suivante concernant Bruno Bonnell<\/span>&gt;&nbsp;: <\/a>Mediacit\u00e9s s&rsquo;est aper\u00e7u que Bruno Bonnell poss\u00e8de une soci\u00e9t\u00e9 au Delaware, aux Etats-Unis, un \u00c9tat qui pr\u00e9sente les caract\u00e9ristiques d&rsquo;un paradis fiscal \u2013 sans \u00eatre reconnu comme tel par l&rsquo;OCDE. On apprend \u00e9galement que l&rsquo;homme d&rsquo;affaires a restructur\u00e9 son patrimoine pour \u00e9chapper \u00e0 l&rsquo;imp\u00f4t sur la fortune (ISF) et l&rsquo;imp\u00f4t sur le revenu pendant deux ans.<br \/>\n<\/span><\/p>\n<p><span style=\"color: #777777; font-family: Arial;\">Sur le fond&nbsp;!<br \/>\n<\/span><\/p>\n<p><a href=\"http:\/\/www.francetvinfo.fr\/replay-magazine\/france-2\/cash-investigation\/cash-investigation-du-mardi-7-novembre-2017_2446212.html\"><span style=\"font-family: Arial;\"><span style=\"color: #0000ff;\">&lt;Cash investigation d&rsquo;Elise Lucet a consacr\u00e9 son dernier opus aux Paradise Papers et vous pourrez trouver le replay ici si vous n&rsquo;avez pas vu cette \u00e9mission en dire<\/span>ct&gt;<\/span><\/a><span style=\"color: #777777; font-family: Arial;\"><br \/>\n<\/span><\/p>\n<p><span style=\"color: #777777; font-family: Arial;\">L&rsquo;\u00e9mission <a href=\"https:\/\/www.franceculture.fr\/emissions\/lesprit-public\/evasion-fiscale-une-histoire-sans-fin-presidence-macron-6-mois-sans-emois\"><span style=\"color: #0000ff;\">&lt;L&rsquo;esprit public de France Culture de ce dimanche&gt;<\/span><\/a> a consacr\u00e9 sa premi\u00e8re partie \u00e0 ce sujet.<br \/>\n<\/span><\/p>\n<p><span style=\"color: #777777; font-family: Arial;\">G\u00e9rard Courtois, Directeur \u00e9ditorial du journal \u00ab\u00a0Le Monde\u00a0\u00bb a clairement pos\u00e9 le probl\u00e8me, en balayant d&rsquo;un revers de main, la distinction entre l\u00e9galit\u00e9 et moral, pour affirmer&nbsp;:<br \/>\n<\/span><\/p>\n<p style=\"margin-left: 28pt;\"><span style=\"color: #c00000; font-family: Arial;\">\u00ab&nbsp;C&rsquo;est un probl\u00e8me fondamentalement politique qui \u00e9branle les piliers de notre contrat d\u00e9mocratique&nbsp;\u00bb<br \/>\n<\/span><\/p>\n<p><span style=\"color: #777777; font-family: Arial;\"><strong>Un probl\u00e8me politique&nbsp;!<br \/>\n<\/strong><\/span><\/p>\n<p><span style=\"color: #777777; font-family: Arial;\">Dans le mot du jour d&rsquo;hier il \u00e9tait \u00e9galement question d&rsquo;un sujet dans lequel la Loi actuel heurtait notre raison, notre connaissance&nbsp;: \u00ab&nbsp;un enfant de 11 ans ne saurait consentir, en pleine conscience, \u00e0 une relation sexuelle avec un adulte&nbsp;\u00bb Et nous en \u00e9tions arriv\u00e9 \u00e0 cette conclusion qu&rsquo;il fallait changer la Loi.<br \/>\n<\/span><\/p>\n<p><span style=\"color: #777777; font-family: Arial;\">Dans le sujet de l&rsquo;optimisation fiscale, le sujet est politique.<br \/>\n<\/span><\/p>\n<p><span style=\"color: #777777; font-family: Arial;\">Le premier pilier de notre soci\u00e9t\u00e9 qui est \u00e9branl\u00e9 est celui de l&rsquo;\u00e9galit\u00e9 devant la Loi et donc par voie de cons\u00e9quence devant l&rsquo;imp\u00f4t. Pourquoi chacun de nous accepterait-il \u00e0 consentir \u00e0 l&rsquo;imp\u00f4t, si les plus riches peuvent y \u00e9chapper, gr\u00e2ce \u00e0 l&rsquo;optimisation&nbsp;?<br \/>\n<\/span><\/p>\n<p><span style=\"color: #777777; font-family: Arial;\">Cela constitue une fracture dans la soci\u00e9t\u00e9.<br \/>\n<\/span><\/p>\n<p><img decoding=\"async\" src=\"https:\/\/lemotdujour.fr\/wp-content\/uploads\/2017\/11\/111217_1520_Mardi14nove1.jpg\" alt=\"\" align=\"left\"><span style=\"color: #777777; font-family: Arial;\">Mais le second pilier est encore plus important. Et il r\u00e9cuse totalement l&rsquo;argument de Bruno Bonnell&nbsp;: \u00ab&nbsp;L&rsquo;imp\u00f4t est un co\u00fbt comme un autre&nbsp;\u00bb. Affirmer cela comme chef d&rsquo;entreprise est une erreur, le dire comme \u00e9lu de la Nation est une faute.<br \/>\n<\/span><\/p>\n<p><span style=\"color: #777777; font-family: Arial;\">Pour le comprendre et l&rsquo;expliciter, quoi de mieux que de citer l&rsquo;article 13 de la d\u00e9claration des droits de l&rsquo;Homme et du citoyen de 1789 :<br \/>\n<\/span><\/p>\n<p style=\"margin-left: 28pt;\"><span style=\"color: #c00000; font-family: Arial;\"><strong>\u00ab&nbsp;<\/strong>Pour l&rsquo;entretien de la force publique, et pour les d\u00e9penses d&rsquo;administration, une contribution commune est indispensable : elle doit \u00eatre \u00e9galement r\u00e9partie entre tous les citoyens, en raison de leurs facult\u00e9s.&nbsp;\u00bb<br \/>\n<\/span><\/p>\n<p><span style=\"color: #777777; font-family: Arial;\">C&rsquo;est la juste part \u00e0 donner pour faire soci\u00e9t\u00e9, pour permettre \u00e0 la soci\u00e9t\u00e9 d&rsquo;assurer pour l&rsquo;ensemble de ses membres la s\u00e9curit\u00e9 publique, les services communs et la solidarit\u00e9.<br \/>\n<\/span><\/p>\n<p><span style=\"color: #777777; font-family: Arial;\">Ne pas donner sa part, c&rsquo;est vouloir faire s\u00e9cession, ne plus faire partie de la m\u00eame soci\u00e9t\u00e9.<br \/>\n<\/span><\/p>\n<p><span style=\"color: #777777; font-family: Arial;\">La mondialisation telle qu&rsquo;elle s&rsquo;est d\u00e9velopp\u00e9e a surinvesti sur la comp\u00e9tition et n&rsquo;a pas assez pris en compte la coop\u00e9ration pourtant indispensable devant les grands d\u00e9fis de l&rsquo;humanit\u00e9&nbsp;: le d\u00e9fi \u00e9cologique, le d\u00e9fi de l&rsquo;alimentation de l&rsquo;humanit\u00e9, de sa sant\u00e9, de la paix entre les Etats et \u00e0 l&rsquo;int\u00e9rieur des Etats.<br \/>\n<\/span><\/p>\n<p><span style=\"color: #777777; font-family: Arial;\">Un des premiers mots du jour (c&rsquo;\u00e9tait le n\u00b0 78) avait cit\u00e9 le secr\u00e9taire au Tr\u00e9sor du pr\u00e9sident Roosevelt qui disait&nbsp;: <span style=\"color: #0000ff;\">\u00ab<\/span><a href=\"https:\/\/lemotdujour.fr\/?p=2037\"><span style=\"color: #0000ff;\">Les imp\u00f4ts sont le prix \u00e0 payer pour une soci\u00e9t\u00e9 civilis\u00e9e, trop de citoyens veulent la civilisation au rabais<\/span><\/a><span style=\"color: #0000ff;\">\u00bb<\/span><br \/>\n<\/span><\/p>\n<p><span style=\"color: #777777; font-family: Arial;\">Cet homme s&rsquo;appelait Henry Morgenthau, ses propos datent de 1937.<br \/>\n<\/span><\/p>\n<p><span style=\"color: #777777; font-family: Arial;\">A l&rsquo;\u00e9poque les taux d&rsquo;imposition \u00e0 l&rsquo;imp\u00f4t sur le revenu \u00e9taient beaucoup plus \u00e9lev\u00e9s, notamment aux Etats-Unis qu&rsquo;aujourd&rsquo;hui.<br \/>\n<\/span><\/p>\n<p><span style=\"color: #777777; font-family: Arial;\">Lors de cette m\u00eame \u00e9mission, Gilles Finkelstein rapporte le chiffre suivant&nbsp;: \u00ab&nbsp;40% des profits des grands groupes internationaux seraient localis\u00e9s dans des lieux offshore dans lesquels ils ont une adresse mais pas de salari\u00e9s&nbsp;\u00bb<br \/>\n<\/span><\/p>\n<p><span style=\"color: #777777; font-family: Arial;\">Le sch\u00e9ma joint \u00e0 cet article pr\u00e9sente le palmar\u00e8s d\u00e9l\u00e9t\u00e8re des pays les plus touch\u00e9s par l&rsquo;\u00e9vasion fiscale selon une estimation r\u00e9alis\u00e9e par des organisations sp\u00e9cialis\u00e9es dans la lutte contre l&rsquo;\u00e9vasion fiscale. La France est sixi\u00e8me et dans ce domaine d\u00e9passe l&rsquo;Allemagne !<br \/>\n<\/span><\/p>\n<p><span style=\"color: #777777; font-family: Arial;\">Ce qui est l\u00e9gal, n&rsquo;est pas forc\u00e9ment juste.<br \/>\n<\/span><\/p>\n<p><span style=\"color: #777777; font-family: Arial;\">Ce n&rsquo;est pas juste si la cons\u00e9quence en est une civilisation au rabais&nbsp;!<br \/>\n<\/span><\/p>\n<p><span style=\"color: #800000;\">&lt;966&gt;<\/span><\/p>\n","protected":false},"excerpt":{"rendered":"<p>\u00ab&nbsp;Pour une entreprise, l\u2019imp\u00f4t est un co\u00fbt comme un autre, qu\u2019il faut r\u00e9duire par tous les moyens l\u00e9gaux.&nbsp;\u00bb Bruno Bonnell d\u00e9put\u00e9 R\u00e9publique en marche de la circonscription de Villeurbanne Bruno Bonnell est un chef d&rsquo;entreprise important de la r\u00e9gion lyonnaise.<\/p>\n","protected":false},"author":1,"featured_media":0,"comment_status":"open","ping_status":"closed","sticky":false,"template":"","format":"standard","meta":{"footnotes":""},"categories":[1],"tags":[56,18,3],"class_list":["post-3503","post","type-post","status-publish","format-standard","hentry","category-motdujour","tag-fiscalite","tag-international","tag-politique"],"_links":{"self":[{"href":"https:\/\/lemotdujour.fr\/index.php?rest_route=\/wp\/v2\/posts\/3503","targetHints":{"allow":["GET"]}}],"collection":[{"href":"https:\/\/lemotdujour.fr\/index.php?rest_route=\/wp\/v2\/posts"}],"about":[{"href":"https:\/\/lemotdujour.fr\/index.php?rest_route=\/wp\/v2\/types\/post"}],"author":[{"embeddable":true,"href":"https:\/\/lemotdujour.fr\/index.php?rest_route=\/wp\/v2\/users\/1"}],"replies":[{"embeddable":true,"href":"https:\/\/lemotdujour.fr\/index.php?rest_route=%2Fwp%2Fv2%2Fcomments&post=3503"}],"version-history":[{"count":9,"href":"https:\/\/lemotdujour.fr\/index.php?rest_route=\/wp\/v2\/posts\/3503\/revisions"}],"predecessor-version":[{"id":12287,"href":"https:\/\/lemotdujour.fr\/index.php?rest_route=\/wp\/v2\/posts\/3503\/revisions\/12287"}],"wp:attachment":[{"href":"https:\/\/lemotdujour.fr\/index.php?rest_route=%2Fwp%2Fv2%2Fmedia&parent=3503"}],"wp:term":[{"taxonomy":"category","embeddable":true,"href":"https:\/\/lemotdujour.fr\/index.php?rest_route=%2Fwp%2Fv2%2Fcategories&post=3503"},{"taxonomy":"post_tag","embeddable":true,"href":"https:\/\/lemotdujour.fr\/index.php?rest_route=%2Fwp%2Fv2%2Ftags&post=3503"}],"curies":[{"name":"wp","href":"https:\/\/api.w.org\/{rel}","templated":true}]}}