{"id":3496,"date":"2017-11-15T03:52:27","date_gmt":"2017-11-15T02:52:27","guid":{"rendered":"http:\/\/lemotdujour.fr\/?p=3496"},"modified":"2021-09-29T11:11:19","modified_gmt":"2021-09-29T09:11:19","slug":"mercredi-15-novembre-2017","status":"publish","type":"post","link":"https:\/\/lemotdujour.fr\/?p=3496","title":{"rendered":"Mercredi 15 novembre 2017"},"content":{"rendered":"<div class=\"mdjTexte\">\t\u00ab&nbsp;\u00ab&nbsp;Paradise Papers&nbsp;\u00bb : y croire ou pas\u2026&nbsp;\u00bb<\/div>\n<div class=\"mdjAuteur\">\tMarie Viennot<\/div>\n<p><span style=\"color: #777777; font-family: Arial;\">Le samedi de 12h41 \u00e0 12h45, Marie Viennot fait une chronique appel\u00e9e \u00ab&nbsp;<a href=\"https:\/\/www.franceculture.fr\/emissions\/la-bulle-economique\/saison-28-08-2017-08-07-2018\"><span style=\"color: #0000ff;\">La bulle<\/span> <span style=\"color: #0000ff;\">\u00e9conomique<\/span><\/a>&nbsp;\u00bb<br \/>\n<\/span><\/p>\n<p><span style=\"color: #777777; font-family: Arial;\">Dans sa chronique du 11 novembre elle posait la question&nbsp;:<br \/>\n<\/span><\/p>\n<p style=\"margin-left: 28pt;\"><span style=\"color: #c00000; font-family: Arial;\">\u00ab&nbsp;Que peut-on attendre des nouvelles r\u00e9v\u00e9lations de l<\/span><span style=\"color: #0000ff; font-family: Arial;\">&lsquo;<a href=\"https:\/\/www.icij.org\/\"><span style=\"color: #0000ff;\">ICIJ<\/span><\/a><\/span><span style=\"color: #c00000; font-family: Arial;\"> <span style=\"color: white;\"><span style=\"color: #666699;\">[Consortium international pour le journalisme d&rsquo;investigation<\/span><span style=\"color: #c00000;\"><span style=\"color: #666699;\">]<\/span> sur la d\u00e9loyaut\u00e9 fiscale des grands de ce monde ? Les \u00ab\u00a0Paradise Papers\u00a0\u00bb sont-ils un scandale de plus ? Est-ce qu&rsquo;on avance ?&nbsp;\u00bb<br \/>\n<\/span><\/span><\/span><\/p>\n<p><span style=\"color: #777777; font-family: Arial;\">Elle a commenc\u00e9 par faire un d\u00e9tour par l&rsquo;Histoire, \u00e0 une \u00e9poque o\u00f9 le Maire de Lyon \u00e9tait Pr\u00e9sident du Conseil&nbsp;: Edouard Herriot&nbsp;:<br \/>\n<\/span><\/p>\n<p style=\"margin-left: 28pt;\"><span style=\"color: #c00000; font-family: Arial;\"> \u00ab&nbsp;Avant que les \u00eeles paradisiaques ne se sp\u00e9cialisent dans la domiciliation de comptes cach\u00e9es dans les ann\u00e9es 20, il \u00e9tait une \u00eele bien plus proche, et sans acc\u00e8s \u00e0 la mer : la SUISSE.<br \/>\n<\/span><span style=\"color: #c00000; font-family: Arial;\">La Suisse est devenue une planque pour les grandes fortunes fran\u00e7aises au d\u00e9but du 20e si\u00e8cle, parce qu&rsquo;en 1902 a \u00e9t\u00e9 cr\u00e9\u00e9 en France un imp\u00f4t sur les successions. Ainsi a commenc\u00e9 l&rsquo;exode des grandes fortunes, et de leur capitaux dans l&rsquo;indiff\u00e9rence relative des pouvoirs politique, jusqu&rsquo;en 1932.<br \/>\n<\/span><span style=\"color: #c00000; font-family: Arial;\">Le 27 octobre 1932, sur demande du minist\u00e8re des finances, un commissaire perquisitionne un appartement lou\u00e9 \u00e0 Paris par la Banque Commerciale de Bale, l&rsquo;une des plus grandes banques suisses. Il saisit de tr\u00e8s nombreux papiers, mais surtout un carnet, qui met en regard des num\u00e9ros de compte et le nom et adresse de leurs b\u00e9n\u00e9ficiaires. Ce sont les Paradise Papers avant l&rsquo;heure. On y trouve pas Bernard Arnault, Total, Apple, Madonna et Philippe Starck, mais tout le bottin mondain fran\u00e7ais : d\u00e9put\u00e9s, s\u00e9nateurs, anciens ministres, \u00e9v\u00eaques, g\u00e9n\u00e9raux, la famille Peugeot, la famille Coty propri\u00e9taire du journal le Matin etc..<br \/>\n<\/span><span style=\"color: #c00000; font-family: Arial;\">A l&rsquo;\u00e9poque, on ne compte pas l&rsquo;ampleur des fuites en kilo octet, mais 1 000 personnes sont dans ce carnet. L&rsquo;affaire mettra 10 jours \u00e0 s&rsquo;\u00e9bruiter, mais elle arrive finalement au Parlement, et ce qu&rsquo;on y entend alors ce n&rsquo;est pas \u00ab\u00a0honte \u00e0 eux\u00a0\u00bb, mais plut\u00f4t :Il est normal que chacun prenne des mesures pour prot\u00e9ger le bien diminu\u00e9 qui lui reste, car la fiscalit\u00e9 est trop lourde.<br \/>\n<\/span><\/p>\n<p style=\"margin-left: 28pt;\"><span style=\"color: #c00000; font-family: Arial;\">Le Parlement refusera m\u00eame de lever l&rsquo;immunit\u00e9 des parlementaires impliqu\u00e9s et quelques semaines plus tard, il renversera le gouvernement Herriot pour que le scandale retombe dans l&rsquo;oubli&#8230;<br \/>\n<\/span><span style=\"color: #c00000; font-family: Arial;\">C\u00f4t\u00e9 politique, les mentalit\u00e9s ont donc l\u00e9g\u00e8rement \u00e9volu\u00e9, en 1932, J\u00e9rome Cahuzac serait peut \u00eatre rest\u00e9 ministre ! \u00bb<br \/>\n<\/span><\/p>\n<p><span style=\"color: #777777; font-family: Arial;\">Et elle poursuit sur des affaires plus r\u00e9centes, o\u00f9 il appara\u00eet que celles et ceux qui se sont attaqu\u00e9s ont toujours eu beaucoup de probl\u00e8mes, d\u00e9pens\u00e9 beaucoup d&rsquo;\u00e9nergie, d&rsquo;argent. Il arrive m\u00eame encore aujourd&rsquo;hui que des journalistes soient assassin\u00e9s&nbsp;dans des pays de l&rsquo;Union europ\u00e9enne.<br \/>\n<\/span><\/p>\n<p><span style=\"color: #777777; font-family: Arial;\">Elle \u00e9voque ainsi Denis Robert qui a mis \u00e0 jour le r\u00f4le obscur de la soci\u00e9t\u00e9 luxembourgeoise \u00ab&nbsp;<span style=\"color: #0000ff;\"><a href=\"https:\/\/fr.wikipedia.org\/wiki\/Clearstream\"><span style=\"color: #0000ff;\">Clearstream<\/span>&nbsp;<\/a><\/span>\u00bb, chambre de compensation internationale situ\u00e9e au Luxembourg, sp\u00e9cialis\u00e9e dans l&rsquo;\u00e9change de titres. Denis Robert pour ce faire a subi 10 ans de proc\u00e9dures et de harc\u00e8lement de la part de cette soci\u00e9t\u00e9 et des avocats qu&rsquo;elle avait lanc\u00e9 contre Le journaliste. Finalement, en f\u00e9vrier 2011, apr\u00e8s 10 ans de proc\u00e9dures, Clearstream avait quand m\u00eame perdu tous les proc\u00e8s contre Denis Robert. Se fondant sur l&rsquo;article 10 de la Cour Europ\u00e9enne des Droits de l&rsquo;Homme, la Cour de Cassation a explicitement reconnu \u00ab l&rsquo;int\u00e9r\u00eat g\u00e9n\u00e9ral du sujet\u00bb et le \u00ab s\u00e9rieux de l&rsquo;enqu\u00eate \u00bb de Denis Robert<br \/>\n<\/span><\/p>\n<p><span style=\"color: #777777; font-family: Arial;\">En revanche, l&rsquo;enqu\u00eate qui avait \u00e9t\u00e9 ouverte par la justice luxembourgeoise pour blanchiment d&rsquo;argent et escroquerie fiscale \u00e0 l&rsquo;encontre de Clearstream a abouti en 2004 \u00e0 un non-lieu en raison de l&rsquo;insuffisance des preuves sur le blanchiment, de la non r\u00e9troactivit\u00e9 des lois (le Luxembourg n&rsquo;ayant adopt\u00e9 une l\u00e9gislation contre le blanchiment qu&rsquo;\u00e0 la fin des ann\u00e9es 1990), de la double comptabilit\u00e9 et de la prescription de certains d\u00e9lits mineurs. En novembre 2004, le parquet grand-ducal a cl\u00f4tur\u00e9 l&rsquo;enqu\u00eate principale portant sur le blanchiment de capitaux.<br \/>\n<\/span><\/p>\n<p><span style=\"color: #777777; font-family: Arial;\">En 1997 Denis Robert avec Philippe Harrel ont r\u00e9alis\u00e9 un documentaire \u00ab&nbsp;<a href=\"http:\/\/www.telerama.fr\/cinema\/films\/journal-intime-des-affaires-en-cours,43911.php\"><span style=\"color: #0000ff;\">Journal intime<\/span> <span style=\"color: #0000ff;\">des affaires en cours&nbsp;<\/span><\/a>&nbsp;\u00bb<br \/>\n<\/span><\/p>\n<p><span style=\"color: #777777; font-family: Arial;\">Marie Viennot d\u00e9crit ce documentaire de la mani\u00e8re suivante&nbsp;:<br \/>\n<\/span><\/p>\n<p style=\"margin-left: 28pt;\"><span style=\"color: #c00000; font-family: Arial;\">\u00ab&nbsp;C&rsquo;est l&rsquo;histoire d&rsquo;un voyage de l&rsquo;autre c\u00f4t\u00e9 du miroir des \u00ab\u00a0affaires\u00a0\u00bb, dans le monde de l&rsquo;entremise et de l&rsquo;argent occulte<br \/>\n<\/span><\/p>\n<p style=\"margin-left: 28pt;\"><span style=\"color: #c00000; font-family: Arial;\">Juges impuissants, interm\u00e9diaires qui font leur beurre de leur intelligence mise au service du contournement des r\u00e8gles, soci\u00e9t\u00e9s \u00e9crans, politiques qui utilisent l&rsquo;opacit\u00e9 pour enfreindre les r\u00e8gles, tout y est, tout est dit. 20 ans plus tard, les noms ont chang\u00e9, les pratiques se sont sophistiqu\u00e9es, mais quoi de neuf finalement ?<br \/>\n<\/span><\/p>\n<p style=\"margin-left: 28pt;\"><span style=\"color: #c00000; font-family: Arial;\">La diff\u00e9rence de taille, c&rsquo;est que cette fois, les r\u00e9v\u00e9lations sont mondiales, or c&rsquo;est \u00e0 cet \u00e9chelon que le probl\u00e8me se pose. C&rsquo;est d\u00e9j\u00e0 un bon point. Aucun gouvernement ne peut \u00e9touffer durablement les affaires qui sortent. [\u2026]<br \/>\n<\/span><\/p>\n<p style=\"margin-left: 28pt;\"><span style=\"color: #c00000; font-family: Arial;\">La diff\u00e9rence, c&rsquo;est aussi que les journalistes qui ont travaill\u00e9 sur les \u00ab\u00a0Paradise Papers\u00a0\u00bb sont plusieurs centaines, et qu&rsquo;il sera plus difficile de les harceler judiciairement. Contrairement \u00e0 Denis Robert, sorti blanchi par la justice apr\u00e8s 10 ans de proc\u00e8s, et 150 000 euros de frais de proc\u00e9dure pour les proc\u00e8s intent\u00e9s par CLEARSTREAM dont il avait d\u00e9nonc\u00e9 les pratiques occultes dans plusieurs livres et documentaires. Souvenons-nous aussi que Denis Robert n&rsquo;avait pas eu re\u00e7u beaucoup de soutien. Cela a compl\u00e8tement chang\u00e9.<br \/>\n<\/span><\/p>\n<p><img decoding=\"async\" class=\"alignleft\" src=\"https:\/\/lemotdujour.fr\/wp-content\/uploads\/2017\/11\/111217_1349_Mercredi15n1.jpg\" alt=\"\" align=\"left\"><span style=\"color: #777777; font-family: Arial;\">Et puis elle rappelle qu&rsquo;une journaliste a \u00e9t\u00e9 assassin\u00e9e r\u00e9cemment \u00e0 Malte&nbsp;: <a href=\"https:\/\/www.courrierinternational.com\/article\/les-maltais-reclament-justice-pour-la-journaliste-daphne-caruana-galizia\"><span style=\"color: #0000ff;\">Daphne<\/span> <span style=\"color: #0000ff;\">Caruana Galizia<\/span><\/a> qui enqu\u00eatait sur les comptes cach\u00e9s de la classe politique de son pays en s&rsquo;appuyant sur les \u00ab\u00a0Panama Papers\u00a0\u00bb. Le premier ministre de Malte, Joseph Muscat l&rsquo;avait appel\u00e9e \u00ab&nbsp;sa plus grande adversaire&nbsp;\u00bb. Apr\u00e8s son assassinat, il a expliqu\u00e9 que&nbsp;: \u00ab&nbsp;Tout le monde sait que Daphne Caruana Galizia me critiquait violemment, sur le plan politique et personnel. Mais personne ne peut justifier cet acte barbare de quelque mani\u00e8re qui soit&nbsp;\u00bb. Prenons acte de cette d\u00e9claration de ce gouvernant dont le pays appartient \u00e0 l&rsquo;Union europ\u00e9enne. D&rsquo;ailleurs, la Commission Europ\u00e9enne s&rsquo;est dite \u00ab\u00a0horrifi\u00e9e\u00a0\u00bb et a r\u00e9clam\u00e9 une enqu\u00eate ind\u00e9pendance.<br \/>\n<\/span><\/p>\n<p><span style=\"color: #777777; font-family: Arial;\">Marie Viennot donne une note d&rsquo;espoir&nbsp;:<br \/>\n<\/span><\/p>\n<p style=\"margin-left: 28pt;\"><span style=\"color: #c00000; font-family: Arial;\">\u00ab&nbsp;En 2017, en Europe on tue donc encore pour des enqu\u00eates mal venues, mais en 2017, les journalistes sont de plus en plus nombreux \u00e0 s&rsquo;int\u00e9resser aux pratiques d\u00e9loyales des \u00e9lites \u00e9conomiques et ceux qui trichent savent qu&rsquo;ils ne sont plus totalement \u00e0 l&rsquo;abri des regards.&nbsp;\u00bb<br \/>\n<\/span><\/p>\n<p><span style=\"color: #777777; font-family: Arial;\">Mais les faits sont t\u00eatus et il existe un cercle vicieux de la fraude, de l&rsquo;affaiblissement des \u00e9tats et de la lutte contre la fraude.<br \/>\n<\/span><\/p>\n<p><span style=\"color: #777777; font-family: Arial;\">Car cet argent qui \u00e9chappe \u00e0 l&rsquo;imp\u00f4t conduit les Etats et notamment la France \u00e0 \u00eatre plus imp\u00e9cunieux. Et quand l&rsquo;Etat a moins de ressources financi\u00e8res, il a aussi moins de moyens d&rsquo;action. Marie Viennot cite un article de Marianne o\u00f9 Eva Joly a fait le compte&nbsp;: \u00ab&nbsp;27 juges d&rsquo;instruction au p\u00f4le financier de Paris en 2001, 13 en 2007, 8 en 2012&Prime;&#8230;&nbsp;\u00bb. Marie Viennot rappelle cependant qu&rsquo;il y a eu la cr\u00e9ation du Parquet National Financier apr\u00e8s l&rsquo;affaire Cahuzac.<br \/>\n<\/span><\/p>\n<p><span style=\"color: #777777; font-family: Arial;\">Une chose reste certaine, cette lutte d\u00e9passe les limites de la seule France, le combat est mondial. D\u00e9j\u00e0 au niveau europ\u00e9en, le consensus est tr\u00e8s compliqu\u00e9 \u00e0 r\u00e9aliser en raison de l&rsquo;int\u00e9r\u00eat de certains \u00c9tats et du b\u00e9n\u00e9fice qu&rsquo;ils tirent de la situation actuelle.<\/span><\/p>\n<p><span style=\"color: #800000;\">&lt;967&gt;<\/span><\/p>\n","protected":false},"excerpt":{"rendered":"<p>\u00ab&nbsp;\u00ab&nbsp;Paradise Papers&nbsp;\u00bb : y croire ou pas\u2026&nbsp;\u00bb Marie Viennot Le samedi de 12h41 \u00e0 12h45, Marie Viennot fait une chronique appel\u00e9e \u00ab&nbsp;La bulle \u00e9conomique&nbsp;\u00bb Dans sa chronique du 11 novembre elle posait la question&nbsp;: \u00ab&nbsp;Que peut-on attendre des nouvelles r\u00e9v\u00e9lations<\/p>\n","protected":false},"author":1,"featured_media":0,"comment_status":"open","ping_status":"closed","sticky":false,"template":"","format":"standard","meta":{"footnotes":""},"categories":[1],"tags":[56,18,3],"class_list":["post-3496","post","type-post","status-publish","format-standard","hentry","category-motdujour","tag-fiscalite","tag-international","tag-politique"],"_links":{"self":[{"href":"https:\/\/lemotdujour.fr\/index.php?rest_route=\/wp\/v2\/posts\/3496","targetHints":{"allow":["GET"]}}],"collection":[{"href":"https:\/\/lemotdujour.fr\/index.php?rest_route=\/wp\/v2\/posts"}],"about":[{"href":"https:\/\/lemotdujour.fr\/index.php?rest_route=\/wp\/v2\/types\/post"}],"author":[{"embeddable":true,"href":"https:\/\/lemotdujour.fr\/index.php?rest_route=\/wp\/v2\/users\/1"}],"replies":[{"embeddable":true,"href":"https:\/\/lemotdujour.fr\/index.php?rest_route=%2Fwp%2Fv2%2Fcomments&post=3496"}],"version-history":[{"count":7,"href":"https:\/\/lemotdujour.fr\/index.php?rest_route=\/wp\/v2\/posts\/3496\/revisions"}],"predecessor-version":[{"id":12244,"href":"https:\/\/lemotdujour.fr\/index.php?rest_route=\/wp\/v2\/posts\/3496\/revisions\/12244"}],"wp:attachment":[{"href":"https:\/\/lemotdujour.fr\/index.php?rest_route=%2Fwp%2Fv2%2Fmedia&parent=3496"}],"wp:term":[{"taxonomy":"category","embeddable":true,"href":"https:\/\/lemotdujour.fr\/index.php?rest_route=%2Fwp%2Fv2%2Fcategories&post=3496"},{"taxonomy":"post_tag","embeddable":true,"href":"https:\/\/lemotdujour.fr\/index.php?rest_route=%2Fwp%2Fv2%2Ftags&post=3496"}],"curies":[{"name":"wp","href":"https:\/\/api.w.org\/{rel}","templated":true}]}}