{"id":3492,"date":"2017-11-13T04:00:52","date_gmt":"2017-11-13T03:00:52","guid":{"rendered":"http:\/\/lemotdujour.fr\/?p=3492"},"modified":"2021-09-29T11:55:13","modified_gmt":"2021-09-29T09:55:13","slug":"lundi-13-novembre-2017","status":"publish","type":"post","link":"https:\/\/lemotdujour.fr\/?p=3492","title":{"rendered":"Lundi 13 novembre 2017"},"content":{"rendered":"<div class=\"mdjTexte\">\t\u00ab&nbsp;Un homme de 22 ans a une relation sexuelle avec une enfant de 11 ansElle tombe enceinte puis l\u2019enfant qui na\u00eet est plac\u00e9 dans une famille d\u2019accueilCet homme vient d\u2019\u00eatre acquitt\u00e9 par la cour d\u2019assisses de Seine-et-Marne&nbsp;\u00bb<\/div>\n<div class=\"mdjAuteur\">\tUn probl\u00e8me de Loi en France<\/div>\n<p><span style=\"color: #777777; font-family: Arial;\">Non, je ne r\u00e9p\u00e8te pas un mot du jour que j&rsquo;ai d\u00e9j\u00e0 \u00e9crit le 27 septembre : \u00ab&nbsp;<a href=\"https:\/\/lemotdujour.fr\/?p=3238\"><span style=\"color: #0000ff;\">Un enfant de 11 ans peut consentir \u00e0 une<\/span> <span style=\"color: #0000ff;\">relation sexuelle avec un homme de 28 ans&nbsp;<\/span><\/a>\u00bb et que j&rsquo;avais compl\u00e9t\u00e9 quelques jours apr\u00e8s avec ce jugement remarquable du p\u00e8re d&rsquo;Albert Camus&nbsp;: \u00ab<a href=\"https:\/\/lemotdujour.fr\/?p=3245\"><span style=\"color: #0000ff;\">Non, un homme \u00e7a s&#8217;emp\u00eache.<\/span> <span style=\"color: #0000ff;\">Voil\u00e0 ce qu&rsquo;est un homme, ou sinon\u2026<\/span><\/a> \u00bb.<br \/>\n<\/span><\/p>\n<p><span style=\"color: #777777; font-family: Arial;\">Il s&rsquo;agit d&rsquo;une nouvelle affaire&nbsp;!<br \/>\n<\/span><\/p>\n<p><span style=\"color: #777777; font-family: Arial;\">D&rsquo;ailleurs l&rsquo;affaire que j&rsquo;avais d\u00e9j\u00e0 relat\u00e9e n&rsquo;est pas encore jug\u00e9e, je m&rsquo;\u00e9tais \u00e9lev\u00e9 contre la position du parquet qui avait refus\u00e9 de qualifier cet acte sexuel de viol.<br \/>\n<\/span><\/p>\n<p><span style=\"color: #777777; font-family: Arial;\">Cette fois nous sommes un degr\u00e9 plus loin, il y a eu jugement alors que le parquet poursuivait pour viol.<br \/>\n<\/span><\/p>\n<p><span style=\"color: #777777; font-family: Arial;\">Le Monde du 11 novembre titre&nbsp;: \u00ab&nbsp;<a href=\"http:\/\/www.lemonde.fr\/police-justice\/article\/2017\/11\/11\/une-cour-d-assises-acquitte-un-homme-accuse-d-avoir-viole-une-fille-de-11-ans_5213592_1653578.html\"><span style=\"color: #0000ff;\">Une cour d&rsquo;assises acquitte un homme accus\u00e9 d&rsquo;avoir viol\u00e9 une fille de 11 ans.&nbsp;<\/span><\/a>\u00bb<br \/>\n<\/span><\/p>\n<p><span style=\"color: #777777; font-family: Arial;\">Je cite le Monde&nbsp;:<br \/>\n<\/span><\/p>\n<p style=\"margin-left: 28pt;\"><span style=\"color: #c00000; font-family: Arial;\">\u00ab&nbsp;Jug\u00e9 pour le viol d&rsquo;une fille de 11 ans en 2009, un homme de 30 ans a \u00e9t\u00e9 acquitt\u00e9 mardi soir par la cour d&rsquo;assises de Seine-et-Marne. Huit ans de prison avaient \u00e9t\u00e9 requis contre lui, mais les jur\u00e9s ont estim\u00e9 que le viol n&rsquo;\u00e9tait pas caract\u00e9ris\u00e9, a-t-on appris de sources concordantes, samedi 11 novembre.<br \/>\n<\/span><\/p>\n<p style=\"margin-left: 28pt;\"><span style=\"color: #c00000; font-family: Arial;\">Au terme de deux jours d&rsquo;audience, mardi soir, ceux-ci ont argu\u00e9 que les \u00e9l\u00e9ments constitutifs du viol, \u00ab la contrainte, la menace, la violence et la surprise, n&rsquo;\u00e9taient pas \u00e9tablis \u00bb, a expliqu\u00e9 la procureure de Meaux, Dominique Laurens. Le parquet g\u00e9n\u00e9ral a fait appel de l&rsquo;acquittement vendredi, selon Le Parisien.<br \/>\n<\/span><\/p>\n<p style=\"margin-left: 28pt;\"><span style=\"color: #c00000; font-family: Arial;\">Les faits se sont produits en ao\u00fbt 2009, a racont\u00e9 Laure Habeneck, l&rsquo;avocate de la jeune fille, aujourd&rsquo;hui \u00e2g\u00e9e de 20 ans. Elle s&rsquo;\u00e9tait rendue dans un parc avec un homme, \u00e2g\u00e9 de 22 ans \u00e0 l&rsquo;\u00e9poque, qui l&rsquo;avait abord\u00e9e alors qu&rsquo;elle jouait avec sa cousine \u00e0 Champs-sur-Marne (Seine-et-Marne).<br \/>\n<\/span><\/p>\n<p style=\"margin-left: 28pt;\"><span style=\"color: #c00000; font-family: Arial;\">Ils avaient eu une relation sexuelle, consentie selon l&rsquo;accus\u00e9. Ce dernier affirme que la jeune fille avait menti sur son \u00e2ge, en lui disant, selon son avocat, Samir Mbarki, \u00ab qu&rsquo;elle avait 14 ans et qu&rsquo;elle allait vers ses 15 ans \u00bb, ce qu&rsquo;elle conteste. La famille de la jeune fille avait eu connaissance des faits en 2010, en d\u00e9couvrant sa grossesse. Son enfant, 7 ans aujourd&rsquo;hui, avait \u00e9t\u00e9 plac\u00e9 dans une famille d&rsquo;accueil.<br \/>\n<\/span><\/p>\n<p style=\"margin-left: 28pt;\"><span style=\"color: #c00000; font-family: Arial;\">La m\u00e8re de la jeune fille s&rsquo;est dite atterr\u00e9e par le jugement, rapporte Le Parisien : \u00ab Cet homme a d\u00e9truit la vie de ma fille, qui est tomb\u00e9e dans son pi\u00e8ge. Apr\u00e8s le viol, elle avait \u00e9t\u00e9 plac\u00e9e dans une famille car elle \u00e9tait enceinte, c&rsquo;\u00e9tait pour \u00e9viter les contacts avec les voisins. \u00bb \u00ab Pour ma cliente \u00bb, ce verdict \u00ab est un deuxi\u00e8me traumatisme \u00bb, a dit son avocate. \u00ab Je ne le comprends pas \u00bb.<br \/>\n<\/span><\/p>\n<p style=\"margin-left: 28pt;\"><span style=\"color: #c00000; font-family: Arial;\">\u00ab J&rsquo;ai plaid\u00e9 le droit, rien que le droit \u00bb, a de son c\u00f4t\u00e9 argument\u00e9 Me Samir Mbarki, avocat de la d\u00e9fense. \u00ab A charge pour le l\u00e9gislateur de changer la loi. Ce n&rsquo;est ni \u00e0 l&rsquo;avocat, ni \u00e0 l&rsquo;accus\u00e9 de porter la responsabilit\u00e9 de cette d\u00e9faillance l\u00e9gale \u00bb.<br \/>\n<\/span><\/p>\n<p><span style=\"color: #777777; font-family: Arial;\"><strong>Si c&rsquo;est cela la Loi, il faut la changer c<\/strong>omme le dit d&rsquo;ailleurs l&rsquo;avocat de la d\u00e9fense.<br \/>\n<\/span><\/p>\n<p><span style=\"color: #777777; font-family: Arial;\">Il semblerait que le gouvernement a l&rsquo;intention de le faire<br \/>\n<\/span><\/p>\n<p><span style=\"color: #777777; font-family: Arial;\">La secr\u00e9taire d\u2019\u00c9tat \u00e0 l&rsquo;\u00e9galit\u00e9 entre les femmes et les hommes, Marl\u00e8ne Schiappa a tweet\u00e9&nbsp;: <em>\u00ab&nbsp;Projet de loi en cours d&rsquo;\u00e9laboration notamment sur la pr\u00e9somption irr\u00e9fragable de non-consentement des enfants&nbsp;\u00bb<\/em>.<br \/>\n<\/span><\/p>\n<p><span style=\"color: #777777; font-family: Arial;\">Je vous redonne le lien, d\u00e9j\u00e0 donn\u00e9 lors des articles pr\u00e9c\u00e9dents, vers une p\u00e9tition qui r\u00e9clame une \u00e9volution de la Loi qui devrait mettre un \u00e2ge en dessous duquel, le consentement ne peut pas exister <\/span><span style=\"color: #777777; font-family: Arial;\"><a href=\"https:\/\/www.change.org\/p\/changeons-la-loi-un-enfant-n-est-jamais-consentant-%C3%A0-une-relation-sexuelle\/fbog\/31417695?recruiter=31417695&amp;utm_source=share_petition&amp;utm_medium=facebook&amp;utm_campaign=autopublish&amp;utm_term=autopublish\"><span style=\"color: #0000ff;\">&lt;ICI&gt;<\/span><\/a><span style=\"color: #0000ff;\">.<\/span><br \/>\n<\/span><\/p>\n<p><span style=\"color: #800000; font-family: Arial;\">&lt;965&gt;<\/span><\/p>\n","protected":false},"excerpt":{"rendered":"<p>\u00ab&nbsp;Un homme de 22 ans a une relation sexuelle avec une enfant de 11 ansElle tombe enceinte puis l\u2019enfant qui na\u00eet est plac\u00e9 dans une famille d\u2019accueilCet homme vient d\u2019\u00eatre acquitt\u00e9 par la cour d\u2019assisses de Seine-et-Marne&nbsp;\u00bb Un probl\u00e8me de<\/p>\n","protected":false},"author":1,"featured_media":0,"comment_status":"open","ping_status":"closed","sticky":false,"template":"","format":"standard","meta":{"footnotes":""},"categories":[1],"tags":[52,51,14],"class_list":["post-3492","post","type-post","status-publish","format-standard","hentry","category-motdujour","tag-enfance","tag-justice","tag-recit"],"_links":{"self":[{"href":"https:\/\/lemotdujour.fr\/index.php?rest_route=\/wp\/v2\/posts\/3492","targetHints":{"allow":["GET"]}}],"collection":[{"href":"https:\/\/lemotdujour.fr\/index.php?rest_route=\/wp\/v2\/posts"}],"about":[{"href":"https:\/\/lemotdujour.fr\/index.php?rest_route=\/wp\/v2\/types\/post"}],"author":[{"embeddable":true,"href":"https:\/\/lemotdujour.fr\/index.php?rest_route=\/wp\/v2\/users\/1"}],"replies":[{"embeddable":true,"href":"https:\/\/lemotdujour.fr\/index.php?rest_route=%2Fwp%2Fv2%2Fcomments&post=3492"}],"version-history":[{"count":4,"href":"https:\/\/lemotdujour.fr\/index.php?rest_route=\/wp\/v2\/posts\/3492\/revisions"}],"predecessor-version":[{"id":12267,"href":"https:\/\/lemotdujour.fr\/index.php?rest_route=\/wp\/v2\/posts\/3492\/revisions\/12267"}],"wp:attachment":[{"href":"https:\/\/lemotdujour.fr\/index.php?rest_route=%2Fwp%2Fv2%2Fmedia&parent=3492"}],"wp:term":[{"taxonomy":"category","embeddable":true,"href":"https:\/\/lemotdujour.fr\/index.php?rest_route=%2Fwp%2Fv2%2Fcategories&post=3492"},{"taxonomy":"post_tag","embeddable":true,"href":"https:\/\/lemotdujour.fr\/index.php?rest_route=%2Fwp%2Fv2%2Ftags&post=3492"}],"curies":[{"name":"wp","href":"https:\/\/api.w.org\/{rel}","templated":true}]}}