{"id":3448,"date":"2017-11-10T04:00:23","date_gmt":"2017-11-10T03:00:23","guid":{"rendered":"http:\/\/lemotdujour.fr\/?p=3448"},"modified":"2021-09-29T21:17:22","modified_gmt":"2021-09-29T19:17:22","slug":"vendredi-10-novembre-2017","status":"publish","type":"post","link":"https:\/\/lemotdujour.fr\/?p=3448","title":{"rendered":"Vendredi 10 novembre 2017"},"content":{"rendered":"<div class=\"mdjTexte\">\t\u00ab [Macron] est quelqu\u2019un qui a beaucoup de confiance en lui-m\u00eame.Mais ce poste n\u00e9cessite de l\u2019humilit\u00e9.&nbsp;\u00bb<\/div>\n<div class=\"mdjAuteur\">\tDavid Axelrod, ancien conseiller principal de Barack Obama.<\/div>\n<p><span style=\"color: #777777; font-family: Arial;\">On dit que David Axelrod a jou\u00e9 un r\u00f4le essentiel dans l&rsquo;\u00e9lection de Barack Obama. Il l&rsquo;a ensuite suivi et a \u00e9t\u00e9 son principal conseiller \u00e0 la Maison Blanche.<br \/>\n<\/span><\/p>\n<p><span style=\"color: #777777; font-family: Arial;\">Les matins de France Culture s&rsquo;\u00e9taient d\u00e9localis\u00e9s \u00e0 Chicago, le 6 novembre, pour interroger l&rsquo;Am\u00e9rique apr\u00e8s un an de pr\u00e9sidence Trump.<br \/>\n<\/span><\/p>\n<p><span style=\"color: #777777; font-family: Arial;\">Un des invit\u00e9s fut David Axelrod.<br \/>\n<\/span><\/p>\n<p><span style=\"color: #777777; font-family: Arial;\">A la fin de l&rsquo;entretien, Guillaume Erner lui a demand\u00e9 ce qu&rsquo;il pensait de Macron.<br \/>\n<\/span><\/p>\n<p><span style=\"color: #777777; font-family: Arial;\">David Axelrod&nbsp;:<br \/>\n<\/span><\/p>\n<p style=\"margin-left: 28pt;\"><span style=\"color: #c00000; font-family: Arial;\">\u00ab&nbsp;Je pense que c&rsquo;est une des personnes les plus surprenantes sur la sc\u00e8ne mondiale.<br \/>\n<\/span><span style=\"color: #c00000; font-family: Arial;\">Le monde manque de leadership. Il essaie de le remplir.<br \/>\n<\/span><span style=\"color: #c00000; font-family: Arial;\">Angela Merkel a ses propres difficult\u00e9s en Allemagne.<br \/>\n<\/span><span style=\"color: #c00000; font-family: Arial;\">Nous avons ce jeune leader dynamique qui veut jouer un r\u00f4le<br \/>\n<\/span><span style=\"color: #c00000; font-family: Arial;\">La question qui se pose est : comment va-t-il faire arriver le changement ?<br \/>\n<\/span><span style=\"color: #c00000; font-family: Arial;\">Comment est-ce que cela sera re\u00e7u.<br \/>\n<\/span><span style=\"color: #c00000; font-family: Arial;\">C&rsquo;est quelqu&rsquo;un qui a beaucoup de confiance en lui-m\u00eame.<br \/>\n<\/span><span style=\"color: #c00000; font-family: Arial;\">Mais ce poste n\u00e9cessite de l&rsquo;humilit\u00e9.&nbsp;\u00bb<br \/>\n<\/span><\/p>\n<p><span style=\"color: #777777; font-family: Arial;\">Voil\u00e0 ce que le conseiller d&rsquo;Obama dit \u00e0 propos de Macron&nbsp;: il faut de l&rsquo;humilit\u00e9.<br \/>\n<\/span><\/p>\n<p><span style=\"color: #777777; font-family: Arial;\">En manquerait-il, selon lui&nbsp;?<br \/>\n<\/span><\/p>\n<p><span style=\"color: #800000; font-family: Arial;\">&lt;964&gt;<\/span><\/p>\n","protected":false},"excerpt":{"rendered":"<p>\u00ab [Macron] est quelqu\u2019un qui a beaucoup de confiance en lui-m\u00eame.Mais ce poste n\u00e9cessite de l\u2019humilit\u00e9.&nbsp;\u00bb David Axelrod, ancien conseiller principal de Barack Obama. On dit que David Axelrod a jou\u00e9 un r\u00f4le essentiel dans l&rsquo;\u00e9lection de Barack Obama. Il<\/p>\n","protected":false},"author":1,"featured_media":0,"comment_status":"open","ping_status":"closed","sticky":false,"template":"","format":"standard","meta":{"footnotes":""},"categories":[1],"tags":[15,18,3],"class_list":["post-3448","post","type-post","status-publish","format-standard","hentry","category-motdujour","tag-france","tag-international","tag-politique"],"_links":{"self":[{"href":"https:\/\/lemotdujour.fr\/index.php?rest_route=\/wp\/v2\/posts\/3448","targetHints":{"allow":["GET"]}}],"collection":[{"href":"https:\/\/lemotdujour.fr\/index.php?rest_route=\/wp\/v2\/posts"}],"about":[{"href":"https:\/\/lemotdujour.fr\/index.php?rest_route=\/wp\/v2\/types\/post"}],"author":[{"embeddable":true,"href":"https:\/\/lemotdujour.fr\/index.php?rest_route=\/wp\/v2\/users\/1"}],"replies":[{"embeddable":true,"href":"https:\/\/lemotdujour.fr\/index.php?rest_route=%2Fwp%2Fv2%2Fcomments&post=3448"}],"version-history":[{"count":5,"href":"https:\/\/lemotdujour.fr\/index.php?rest_route=\/wp\/v2\/posts\/3448\/revisions"}],"predecessor-version":[{"id":12294,"href":"https:\/\/lemotdujour.fr\/index.php?rest_route=\/wp\/v2\/posts\/3448\/revisions\/12294"}],"wp:attachment":[{"href":"https:\/\/lemotdujour.fr\/index.php?rest_route=%2Fwp%2Fv2%2Fmedia&parent=3448"}],"wp:term":[{"taxonomy":"category","embeddable":true,"href":"https:\/\/lemotdujour.fr\/index.php?rest_route=%2Fwp%2Fv2%2Fcategories&post=3448"},{"taxonomy":"post_tag","embeddable":true,"href":"https:\/\/lemotdujour.fr\/index.php?rest_route=%2Fwp%2Fv2%2Ftags&post=3448"}],"curies":[{"name":"wp","href":"https:\/\/api.w.org\/{rel}","templated":true}]}}