{"id":3442,"date":"2017-11-08T04:00:06","date_gmt":"2017-11-08T03:00:06","guid":{"rendered":"http:\/\/lemotdujour.fr\/?p=3442"},"modified":"2021-09-29T21:10:15","modified_gmt":"2021-09-29T19:10:15","slug":"mercredi-8-novembre-2017","status":"publish","type":"post","link":"https:\/\/lemotdujour.fr\/?p=3442","title":{"rendered":"Mercredi 8 novembre 2017"},"content":{"rendered":"<div class=\"mdjTexte\">\t\u00ab&nbsp;Avec plus de 500 portraits, [Luther] est l\u2019homme le plus repr\u00e9sent\u00e9 de son temps, devan\u00e7ant m\u00eame les monarques !&nbsp;\u00bb<\/div>\n<div class=\"mdjAuteur\">\tMarion Deschamp dans un article dans la Revue Histoire (Hors s\u00e9rie de septembre 2017)<\/div>\n<p><span style=\"color: #777777; font-family: Arial;\">Je vais finir, aujourd&rsquo;hui, avec cette s\u00e9rie de mots sur Luther.<br \/>\n<\/span><\/p>\n<p><span style=\"color: #777777; font-family: Arial;\">Luther ne peut se r\u00e9sumer ni \u00e0 son antis\u00e9mitisme que j&rsquo;ai \u00e9voqu\u00e9 hier, ni sa soumission \u00e0 l&rsquo;injustice du monde que j&rsquo;ai rapport\u00e9e lundi.<br \/>\n<\/span><\/p>\n<p><span style=\"color: #777777; font-family: Arial;\">Mais Luther, ce croyant irr\u00e9ductible, a aussi \u00e9crit ces textes assez terrifiants, haineux et manquant beaucoup de l&rsquo;amour qu&rsquo;il pr\u00eachait par ailleurs.<br \/>\n<\/span><\/p>\n<p><span style=\"color: #777777; font-family: Arial;\">Il y aurait encore tant de choses \u00e0 raconter sur lui. Notamment son conflit avec le grand humaniste Erasme qui fut avant tout philosophe, humaniste et th\u00e9ologien n\u00e9 \u00e0 Rotterdam dans le comt\u00e9 de Hollande, bien qu&rsquo;aujourd&rsquo;hui il soit surtout connu parce que son nom a \u00e9t\u00e9 utilis\u00e9 pour le c\u00e9l\u00e8bre programme \u00ab<span style=\"color: #0000ff;\"><a href=\"https:\/\/info.erasmusplus.fr\/\"><span style=\"color: #0000ff;\">Erasmus<\/span><\/a><\/span>\u00bb de l&rsquo;Union europ\u00e9enne.<br \/>\n<\/span><\/p>\n<p><span style=\"color: #777777; font-family: Arial;\">Probablement que dans le conflit entre le r\u00e9formateur intraitable et l&rsquo;humaniste pond\u00e9r\u00e9 nous serions aujourd&rsquo;hui beaucoup plus proche d&rsquo;Erasme.<br \/>\n<\/span><\/p>\n<p><span style=\"color: #777777; font-family: Arial;\">Lucien Febvre dans son ouvrage de r\u00e9f\u00e9rence cite encore un \u00e9crit de Luther&nbsp;:<br \/>\n<\/span><\/p>\n<p style=\"margin-left: 28pt;\"><span style=\"color: #c00000; font-family: Arial;\">\u00ab&nbsp;Je hais Erasme du fond du c\u0153ur&nbsp;\u00bb<br \/>\n<\/span><span style=\"color: #c00000; font-family: Arial;\"><em>Martin Luther un destin page 82<\/em><br \/>\n<\/span><\/p>\n<p><span style=\"color: #777777; font-family: Arial;\">Et un peu plus loin&nbsp;: <\/span><span style=\"color: #c00000; font-family: Arial;\">\u00ab&nbsp;En ces mati\u00e8res, Erasme est bien plus ignorant que Lef\u00e8vre d&rsquo;Etaples. Ce qui est de l&rsquo;homme l&#8217;emporte en lui sur ce qui est de Dieu&nbsp;\u00bb<br \/>\n<\/span><\/p>\n<p><span style=\"color: #777777; font-family: Arial;\">En titre de ce chapitre, Lucien Febvre cite l&rsquo;accusation principale de Luther \u00e0 l&rsquo;encontre d&rsquo;Erasme&nbsp;:<br \/>\n<\/span><\/p>\n<p style=\"margin-left: 28pt;\"><span style=\"color: #c00000; font-family: Arial;\">\u00ab&nbsp;Du bist nicht fromm&nbsp;!\u00bb<br \/>\n<\/span><\/p>\n<p><span style=\"color: #777777; font-family: Arial;\">Tu n&rsquo;es pas pieux. Voil\u00e0 le grand reproche, Erasme n&rsquo;\u00e9tait pas assez illumin\u00e9 par la Foi&nbsp;! Il s&rsquo;int\u00e9ressait trop \u00e0 l&rsquo;homme et \u00e0 l&rsquo;humanit\u00e9.<br \/>\n<\/span><\/p>\n<p><span style=\"color: #777777; font-family: Arial;\">En creux, cela dessine encore une fois Luther en croyant radical, absolu. Je n&rsquo;utilise pas \u00e0 dessein le terme \u00ab&nbsp;int\u00e9griste&nbsp;\u00bb qui serait d\u00e9cal\u00e9 et utiliserait un terme d&rsquo;aujourd&rsquo;hui pour d\u00e9crire un monde qui \u00e9tait si diff\u00e9rent. Le terme exact pour qualifier cette erreur est \u00abanachronisme\u00bb.<br \/>\n<\/span><\/p>\n<p><img loading=\"lazy\" decoding=\"async\" class=\"alignleft\" src=\"https:\/\/lemotdujour.fr\/wp-content\/uploads\/2017\/11\/110617_2317_Mercredi8no1.png\" alt=\"\" width=\"282\" height=\"227\" align=\"left\"><span style=\"color: #777777; font-family: Arial;\">Mais Luther a d\u00e9clench\u00e9 un mouvement d&rsquo;une telle ampleur que probablement il n&rsquo;avait pas imagin\u00e9 et m\u00eame pas voulu :<br \/>\n<\/span><\/p>\n<ul>\n<li><span style=\"color: #777777; font-family: Arial;\">Il ne voulait pas le schisme avec l&rsquo;\u00e9glise catholique, mais il l&rsquo;a provoqu\u00e9.<br \/>\n<\/span><\/li>\n<li><span style=\"color: #777777; font-family: Arial;\">Il voulait convaincre, faire \u00e9voluer la th\u00e9ologie catholique. Il a provoqu\u00e9 les guerres de religion, la terrible guerre de trente ans.<br \/>\n<\/span><\/li>\n<li><span style=\"color: #777777; font-family: Arial;\">Il pensait que l&rsquo;alphab\u00e9tisation g\u00e9n\u00e9rale servirait \u00e0 l&rsquo;unique but que chacun passe tout son temps disponible \u00e0 lire et \u00e0 commenter la Bible et les autres textes saints. Il ne pensait pas que cela permettrait aux ouvriers de lire Marx ou d&rsquo;autres penseurs socialistes, par exemple.<br \/>\n<\/span><\/li>\n<li><span style=\"color: #777777; font-family: Arial;\">De m\u00eame la libert\u00e9 de penser devait permettre \u00e0 chacun de mieux interpr\u00e9ter la parole divine et non pas de blasph\u00e9mer, de r\u00e9aliser des caricatures du Christ et d&rsquo;appeler \u00e0 la r\u00e9volte contre les classes poss\u00e9dantes.<br \/>\n<\/span><\/li>\n<\/ul>\n<p><span style=\"color: #777777; font-family: Arial;\">Mais il a aussi provoqu\u00e9 cela.<br \/>\n<\/span><\/p>\n<p><span style=\"color: #777777; font-family: Arial;\">Avant que je ne m&rsquo;int\u00e9resse de plus pr\u00e8s \u00e0 son destin et \u00e0 ce qu&rsquo;il a vraiment \u00e9crit et profess\u00e9, je le trouvais plut\u00f4t sympathique. Notamment dans son \u00e9volution entre le moine rigide, aust\u00e8re passant son temps et son \u00e9nergie \u00e0 se soumettre \u00e0 des contraintes disciplinaires dans l&rsquo;esp\u00e9rance de plaire \u00e0 Dieu au vieux bourgeois gras, aimant la bonne ch\u00e8re, le vin et aussi le sexe.<br \/>\n<\/span><\/p>\n<p><img decoding=\"async\" class=\"alignright\" src=\"https:\/\/lemotdujour.fr\/wp-content\/uploads\/2017\/11\/110617_2317_Mercredi8no2.jpg\" alt=\"\" align=\"left\"><span style=\"color: #777777; font-family: Arial;\">Lucien Febvre cite une lettre \u00e0 sa femme Catherine de Bore qui avait \u00e9t\u00e9 nonne et qu&rsquo;il a lib\u00e9r\u00e9 de ses v\u0153ux puis \u00e9pous\u00e9 dans laquelle il reconna\u00eet que l&rsquo;\u00e2ge l&rsquo;a rendu impuissant et que s&rsquo;il ne l&rsquo;\u00e9tait pas, il lui ferait bien l&rsquo;amour.<br \/>\n<\/span><\/p>\n<p><span style=\"color: #777777; font-family: Arial;\">De multiples convives ont rapport\u00e9 les \u00ab&nbsp;Tischreden&nbsp;\u00bb, \u00ab&nbsp;ses propos de table&nbsp;\u00bb pleins de verves, d&rsquo;outrance et de vulgarit\u00e9.<br \/>\n<\/span><\/p>\n<p><span style=\"color: #777777; font-family: Arial;\">Il fait ainsi plusieurs fois l&rsquo;\u00e9loge de l&rsquo;alcool et m\u00eame plus\u2026&nbsp;:<br \/>\n<\/span><\/p>\n<p style=\"margin-left: 28pt;\"><span style=\"color: #c00000; font-family: Arial;\">\u00ab&nbsp;Il y a des fois o\u00f9 il faut boire un coup de trop, et prendre ses d\u00e9bats et s&rsquo;amuser, bref commettre quelque p\u00e9ch\u00e9 en haine et en m\u00e9pris du diable.\u00bb<br \/>\n<\/span><\/p>\n<p><span style=\"color: #777777; font-family: Arial;\">Pour boire et pratiquer les choses du sexe, il \u00e9voque le diable pour mieux s&rsquo;en moquer&nbsp;:<br \/>\n<\/span><\/p>\n<p style=\"margin-left: 28pt;\"><span style=\"color: #c00000; font-family: Arial;\">\u00ab Au moment des \u00e9preuves spirituelles les plus graves, j&rsquo;ai souvent saisi les seins et les t\u00e9tons de ma K\u00e4the, mais cela ne m&rsquo;a pas aid\u00e9 et n&rsquo;a pas chass\u00e9 mes mauvaises pens\u00e9es .\u00bb<br \/>\n<\/span><\/p>\n<p><span style=\"color: #777777; font-family: Arial;\">Ou encore&nbsp;:<br \/>\n<\/span><\/p>\n<p style=\"margin-left: 28pt;\"><span style=\"color: #c00000; font-family: Arial;\">\u00ab&nbsp;Oh&nbsp;! si je pouvais enfin imaginer quelque \u00e9norme p\u00e9ch\u00e9, pour d\u00e9cevoir le diable et qu&rsquo;il comprenne que je reconnais aucun p\u00e9ch\u00e9, que ma conscience ne m&rsquo;en reproche aucun&nbsp;!&nbsp;\u00bb<br \/>\n<\/span><\/p>\n<p><span style=\"color: #777777; font-family: Arial;\">Il allait parfois si loin dans ses extravagances que son plus fid\u00e8le collaborateur Philippe M\u00e9lanchthon s&rsquo;est \u00e9cri\u00e9 \u00ab&nbsp;Utinam Lutherus etiam taceret&nbsp;\u00bb Ah si Luther pouvait seulement se taire&nbsp;!.<br \/>\n<\/span><\/p>\n<p><span style=\"color: #777777; font-family: Arial;\">Pour comprendre comment avec un tel homme \u00e0 l&rsquo;origine, les protestants ont pu devenir des \u00ab&nbsp;puritains&nbsp;\u00bb d\u00e9nonc\u00e9s pour leur rigidit\u00e9 par Ingmar Bergman et tant d&rsquo;autres cin\u00e9astes ou \u00e9crivains ayant v\u00e9cu en terre protestante, il faut comprendre que d&rsquo;autres influences, d&rsquo;autres hommes comme Calvin par exemple ont jou\u00e9 un r\u00f4le essentiel dans le d\u00e9veloppement du protestantisme<br \/>\n<\/span><\/p>\n<p><span style=\"color: #777777; font-family: Arial;\">Mais Luther ce n&rsquo;est pas qu&rsquo;un vieil homme autoritaire, aimant boire et faire la f\u00eate.<br \/>\n<\/span><\/p>\n<p><span style=\"color: #777777; font-family: Arial;\">Lucien Febvre \u00e9crit page 182 de son ouvrage&nbsp;:<br \/>\n<\/span><\/p>\n<p style=\"margin-left: 28pt;\"><span style=\"color: #c00000; font-family: Arial;\">\u00ab&nbsp;Il ignore l&rsquo;avarice, et m\u00eame l&rsquo;\u00e9conomie. Il aime donner. Il se montre tr\u00e8s simple, tr\u00e8s accessible \u00e0 tous. Peu \u00e0 peu, il re\u00e7oit dans son logis des pensionnaires. Des privil\u00e9gi\u00e9s, [\u2026] et qui, \u00e0 table du grand homme, ouvre les oreilles pour bien tout \u00e9couter. Souvent Luther se tait. Il s&rsquo;assied sans mot dire. On respecte son silence, lourd de m\u00e9ditation et de r\u00eaverie. Souvent aussi, il parle. Et des propos \u00e9pais sortent de sa bouche&nbsp;: grossier mais, car le ma\u00eetre a pour un certain genre d&rsquo;ordures, pour la scatologie, un go\u00fbt qui ne fait que s&rsquo;affirmer davantage, \u00e0 mesure que passent les ann\u00e9es. Mais parfois aussi, de ce gros corps qui s&rsquo;enlaidit, un autre homme se d\u00e9gage et surgit. Un po\u00e8te, qui dit sur la nature, sur la beaut\u00e9 des fleurs, le chant des oiseaux, le regard brillant et profond des b\u00eates, toutes sortes de choses fra\u00eeches et spontan\u00e9es.&nbsp;\u00bb<br \/>\n<\/span><\/p>\n<p><span style=\"color: #777777; font-family: Arial;\">Et je voudrais finir par la grande modernit\u00e9 de Luther. Je tire cet extrait d&rsquo;un article du hors s\u00e9rie Histoire publi\u00e9e par la Vie consacr\u00e9e \u00e0 Luther&nbsp;:<br \/>\n<\/span><\/p>\n<p style=\"margin-left: 28pt;\"><span style=\"color: #c00000; font-family: Arial;\">\u00ab&nbsp;Luther est instrumentalis\u00e9 d\u00e8s sa mort en 1546. Un dispositif m\u00e9moriel se met en place, et son discours est recycl\u00e9 \u00e0 des fins politiques. Le r\u00e9formateur y a lui-m\u00eame contribu\u00e9 en pariant de son vivant sur une diffusion de son message par l&rsquo;image. Avec plus de 500 portraits, c&rsquo;est l&rsquo;homme le plus repr\u00e9sent\u00e9 de son temps, devan\u00e7ant m\u00eame les monarques ! Cette culture du souvenir, aliment\u00e9e sous toutes les formes possibles, traduit une modernit\u00e9 dans la communication : Luther parlait au peuple, pas seulement aux \u00e9lites.&nbsp;\u00bb<\/span><\/p>\n<p><span style=\"color: #800000;\">&lt;962&gt;<\/span><\/p>\n","protected":false},"excerpt":{"rendered":"<p>\u00ab&nbsp;Avec plus de 500 portraits, [Luther] est l\u2019homme le plus repr\u00e9sent\u00e9 de son temps, devan\u00e7ant m\u00eame les monarques !&nbsp;\u00bb Marion Deschamp dans un article dans la Revue Histoire (Hors s\u00e9rie de septembre 2017) Je vais finir, aujourd&rsquo;hui, avec cette s\u00e9rie<\/p>\n","protected":false},"author":1,"featured_media":0,"comment_status":"open","ping_status":"closed","sticky":false,"template":"","format":"standard","meta":{"footnotes":""},"categories":[1],"tags":[17,14,34],"class_list":["post-3442","post","type-post","status-publish","format-standard","hentry","category-motdujour","tag-histoire","tag-recit","tag-religion"],"_links":{"self":[{"href":"https:\/\/lemotdujour.fr\/index.php?rest_route=\/wp\/v2\/posts\/3442","targetHints":{"allow":["GET"]}}],"collection":[{"href":"https:\/\/lemotdujour.fr\/index.php?rest_route=\/wp\/v2\/posts"}],"about":[{"href":"https:\/\/lemotdujour.fr\/index.php?rest_route=\/wp\/v2\/types\/post"}],"author":[{"embeddable":true,"href":"https:\/\/lemotdujour.fr\/index.php?rest_route=\/wp\/v2\/users\/1"}],"replies":[{"embeddable":true,"href":"https:\/\/lemotdujour.fr\/index.php?rest_route=%2Fwp%2Fv2%2Fcomments&post=3442"}],"version-history":[{"count":7,"href":"https:\/\/lemotdujour.fr\/index.php?rest_route=\/wp\/v2\/posts\/3442\/revisions"}],"predecessor-version":[{"id":12289,"href":"https:\/\/lemotdujour.fr\/index.php?rest_route=\/wp\/v2\/posts\/3442\/revisions\/12289"}],"wp:attachment":[{"href":"https:\/\/lemotdujour.fr\/index.php?rest_route=%2Fwp%2Fv2%2Fmedia&parent=3442"}],"wp:term":[{"taxonomy":"category","embeddable":true,"href":"https:\/\/lemotdujour.fr\/index.php?rest_route=%2Fwp%2Fv2%2Fcategories&post=3442"},{"taxonomy":"post_tag","embeddable":true,"href":"https:\/\/lemotdujour.fr\/index.php?rest_route=%2Fwp%2Fv2%2Ftags&post=3442"}],"curies":[{"name":"wp","href":"https:\/\/api.w.org\/{rel}","templated":true}]}}