{"id":3433,"date":"2017-11-07T04:00:49","date_gmt":"2017-11-07T03:00:49","guid":{"rendered":"http:\/\/lemotdujour.fr\/?p=3433"},"modified":"2021-09-29T21:09:18","modified_gmt":"2021-09-29T19:09:18","slug":"mardi-7-novembre-2017","status":"publish","type":"post","link":"https:\/\/lemotdujour.fr\/?p=3433","title":{"rendered":"Mardi 7 novembre 2017"},"content":{"rendered":"<div class=\"mdjTexte\">\t\u00ab&nbsp;En premier lieu, il faut mettre le feu \u00e0 leurs synagogues et \u00e0 leurs \u00e9coles,et enterrer et couvrir de salet\u00e9s ce qui n\u2019aura pas br\u00fbl\u00e9,de sorte qu\u2019aucun homme ne puisse jamais en retrouver la moindre pierre ou cendre.&nbsp;\u00bb<\/div>\n<div class=\"mdjAuteur\">\tMartin Luther \u00abDes Juifs et de leurs mensonges \u00bb<\/div>\n<p><span style=\"color: #777777; font-family: Arial;\">Luther a \u00e9crit, a beaucoup \u00e9crit.<br \/>\nIl a eu un r\u00f4le primordial dans l&rsquo;\u00e9mergence de la modernit\u00e9 occidentale.<br \/>\nIl a aussi par son combat de 1517 et les ann\u00e9es suivantes, peut-\u00eatre \u00e0 son corps d\u00e9fendant, lib\u00e9r\u00e9 la parole, les \u00e9nergies et le dynamisme occidental.<br \/>\n<\/span><\/p>\n<p><span style=\"color: #777777; font-family: Arial;\">Mais il va vivre bien au-del\u00e0 de 1517, jusqu&rsquo;en 1546. Et en 1543 il a \u00e9crit l&rsquo;ouvrage de trop&nbsp;: \u00ab&nbsp;<a href=\"http:\/\/www.eglise-realiste.org\/pdf\/luther_juifs.pdf\"><span style=\"color: #0000ff;\">Des Juifs et de leurs mensonges&nbsp;<\/span><\/a>\u00bb<br \/>\n<\/span><\/p>\n<p><span style=\"color: #777777; font-family: Arial;\">Les protestants et les luth\u00e9riens peuvent expliquer et d\u00e9fendre Luther contre beaucoup des controverses, mais l\u00e0 ils ne peuvent plus.<br \/>\n<\/span><\/p>\n<p><span style=\"color: #777777; font-family: Arial;\">Les historiens expliquent toujours qu&rsquo;au d\u00e9but, Luther \u00e9tait tr\u00e8s compr\u00e9hensif \u00e0 l&rsquo;\u00e9gard des juifs.<br \/>\n<\/span><\/p>\n<p><a href=\"https:\/\/fr.wikipedia.org\/wiki\/Des_Juifs_et_de_leurs_mensonges\"><span style=\"font-family: Arial;\"><span style=\"color: #0000ff;\">Wikipedia&nbsp;<\/span><\/span><\/a><span style=\"font-family: Arial;\"><span style=\"color: #777777; font-family: Arial;\">rappelle qu&rsquo;il avait \u00e9crit un essai en 1523 \u00ab&nbsp;Que J\u00e9sus-Christ est n\u00e9 juif&nbsp; dans lequel il condamne le traitement inhumain des Juifs et presse les chr\u00e9tiens de les traiter avec bienveillance.<\/span><\/span><\/p>\n<p><span style=\"color: #777777; font-family: Arial;\">Mais comme je l&rsquo;ai \u00e9crit plusieurs fois, Luther \u00e9tait un homme de Foi, plus pr\u00e9cis\u00e9ment un fondamentaliste, aujourd&rsquo;hui on dirait un int\u00e9griste. Sa bienveillance \u00e0 l&rsquo;\u00e9gard des juifs entra\u00eene chez lui pour seul but de les convertir au christianisme.<br \/>\n<\/span><\/p>\n<p><span style=\"color: #777777; font-family: Arial;\">Et Luther pense que si les Juifs entendent l&rsquo;\u00c9vangile exprim\u00e9 clairement, ils seront pouss\u00e9s naturellement \u00e0 se convertir au christianisme. Et il \u00e9crit en 1523&nbsp;:<br \/>\n<\/span><\/p>\n<p style=\"margin-left: 28pt;\"><span style=\"color: #c00000; font-family: Arial;\">\u00ab Si j&rsquo;avais \u00e9t\u00e9 un Juif, et avais vu de tels balourds et de tels cr\u00e9tins gouverner et professer la foi chr\u00e9tienne, je serais plut\u00f4t devenu un cochon qu&rsquo;un chr\u00e9tien. Ils se sont conduits avec les Juifs comme s&rsquo;ils \u00e9taient des chiens et non des \u00eatres vivants ; ils n&rsquo;ont fait gu\u00e8re plus que de les bafouer et saisir leurs biens. Quand ils les baptisent, ils ne leur montrent rien de la doctrine et de la vie chr\u00e9tiennes, mais ne les soumettent qu&rsquo;\u00e0 des papisteries et des moineries [\u2026] Si les ap\u00f4tres, qui aussi \u00e9taient juifs, s&rsquo;\u00e9taient comport\u00e9s avec nous, Gentils, comme nous Gentils nous nous comportons avec les Juifs, il n&rsquo;y aurait eu aucun chr\u00e9tien parmi les Gentils\u2026 Quand nous sommes enclins \u00e0 nous vanter de notre situation de chr\u00e9tiens, nous devons nous souvenir que nous ne sommes que des Gentils, alors que les Juifs sont de la lign\u00e9e du Christ. Nous sommes des \u00e9trangers et de la famille par alliance ; ils sont de la famille par le sang, des cousins et des fr\u00e8res de notre Seigneur. En cons\u00e9quence, si on doit se vanter de la chair et du sang, les Juifs sont actuellement plus pr\u00e8s du Christ que nous-m\u00eames\u2026 Si nous voulons r\u00e9ellement les aider, nous devons \u00eatre guid\u00e9s dans notre approche vers eux non par la loi papale, mais par la loi de l&rsquo;amour chr\u00e9tien. Nous devons les recevoir cordialement et leur permettre de commercer et de travailler avec nous, de fa\u00e7on qu&rsquo;ils aient l&rsquo;occasion et l&rsquo;opportunit\u00e9 de s&rsquo;associer \u00e0 nous, d&rsquo;apprendre notre enseignement chr\u00e9tien et d&rsquo;\u00eatre t\u00e9moins de notre vie chr\u00e9tienne. Si certains d&rsquo;entre eux se comportent de fa\u00e7on ent\u00eat\u00e9e, o\u00f9 est le probl\u00e8me ? Apr\u00e8s tout, nous-m\u00eames, nous ne sommes pas tous de bons chr\u00e9tiens. \u00bb<br \/>\n<\/span><\/p>\n<p><span style=\"color: #777777; font-family: Arial;\">Bref, pour l&rsquo;instant les chr\u00e9tiens s&rsquo;y sont mal pris, mais si les chr\u00e9tiens se comportent bien, avec la foi de Luther et avec amour, nul doute que quasi tous les juifs se convertiront \u00e0 la seule Foi, \u00e0 la v\u00e9rit\u00e9, au christianisme.<br \/>\n<\/span><\/p>\n<p><span style=\"color: #777777; font-family: Arial;\">Mais seulement cela ne s&rsquo;est pas pass\u00e9 ainsi. Luther a compris que tr\u00e8s peu de juifs accepteront de se convertir. Il le reconnait d\u00e8s le d\u00e9but de son ouvrage \u00ab&nbsp;Des Juifs et de leurs mensonges&nbsp;\u00bb&nbsp;:<br \/>\n<\/span><\/p>\n<p style=\"margin-left: 28pt;\"><span style=\"color: #c00000; font-family: Arial;\">\u00ab&nbsp;Je me propose encore moins de convertir les Juifs, car c&rsquo;est impossible.&nbsp;\u00bb<br \/>\n<\/span><\/p>\n<p><span style=\"color: #777777; font-family: Arial;\">Cet ouvrage de 1543, dont la premi\u00e8re phrase est&nbsp;:<br \/>\n<\/span><\/p>\n<p style=\"margin-left: 28pt;\"><span style=\"color: #c00000; font-family: Arial;\">\u00ab&nbsp;Je m&rsquo;\u00e9tais fait \u00e0 l&rsquo;id\u00e9e de ne plus \u00e9crire \u00e0 propos des Juifs ou contre eux. Mais depuis que j&rsquo;ai appris que ce peuple m\u00e9chant et d\u00e9testable n&rsquo;arr\u00eate pas de nous attirer \u00e0 lui par la ruse, nous les Chr\u00e9tiens, j&rsquo;ai publi\u00e9 ce petit livre, afin d&rsquo;avoir ma place parmi ceux qui s&rsquo;opposent aux activit\u00e9s diaboliques des Juifs et qui recommandent aux Chr\u00e9tiens de rester sur leur garde en ce qui les concerne.&nbsp;\u00bb<br \/>\n<\/span><\/p>\n<p><span style=\"color: #777777; font-family: Arial;\">Et puis il parle d&rsquo;eux comme \u00ab&nbsp;&nbsp;<span style=\"color: #c00000;\">une port\u00e9e de vip\u00e8res et enfants du diable<span style=\"color: #777777;\">&nbsp;\u00bb , \u00ab&nbsp;<span style=\"color: #c00000;\">mis\u00e9rables, aveugles et stupides<span style=\"color: #777777;\">&nbsp;\u00bb, \u00ab&nbsp;<span style=\"color: #c00000;\">des fripons paresseux<span style=\"color: #777777;\">&nbsp;\u00bb, \u00ab&nbsp;<span style=\"color: #c00000;\">des meurtriers permanents<span style=\"color: #777777;\">&nbsp;\u00bb, et \u00ab&nbsp;<span style=\"color: #c00000;\">de la vermine<span style=\"color: #777777;\">&nbsp;\u00bb et les apparente \u00e0 de la \u00ab&nbsp;<span style=\"color: #c00000;\">gangr\u00e8ne<span style=\"color: #777777;\">&nbsp;\u00bb.<br \/>\n<\/span><\/span><\/span><\/span><\/span><\/span><\/span><\/span><\/span><\/span><\/span><\/span><\/span><\/p>\n<p><span style=\"color: #777777; font-family: Arial;\">Son ouvrage est encore un ouvrage th\u00e9ologique o\u00f9 sur la base des textes bibliques, il entend d\u00e9montrer qu&rsquo;il a raison et que les juifs sont dans l&rsquo;erreur, du point de vue de la Foi.<br \/>\n<\/span><\/p>\n<p><span style=\"color: #777777; font-family: Arial;\">A partir de la page 119, il commence \u00e0 d\u00e9cliner un plan d&rsquo;action&nbsp;:<br \/>\n<\/span><\/p>\n<p style=\"margin-left: 28pt;\"><span style=\"color: #c00000; font-family: Arial;\">En premier lieu, il faut mettre le feu \u00e0 leurs synagogues et \u00e0 leurs \u00e9coles, et enterrer et couvrir de salet\u00e9s ce qui n&rsquo;aura pas br\u00fbl\u00e9, de sorte qu&rsquo;aucun homme ne puisse jamais en retrouver la moindre pierre ou cendre. Cela doit \u00eatre fait en l&rsquo;honneur de Dieu et de la chr\u00e9tient\u00e9, pour que Dieu puisse voir que nous sommes Chr\u00e9tiens, et que nous ne fermons pas les yeux ou supportons sciemment ces mensonges, mal\u00e9dictions et blasph\u00e8mes publics contre son Fils et ses Chr\u00e9tiens.<br \/>\n<\/span><\/p>\n<p style=\"margin-left: 28pt;\"><span style=\"color: #c00000; font-family: Arial;\">[&#8230;]<br \/>\n<\/span><\/p>\n<p style=\"margin-left: 28pt;\"><span style=\"color: #c00000; font-family: Arial;\">En second lieu, je recommande de raser et d\u00e9truire les maisons des Juifs. Car ils poursuivent l\u00e0 les m\u00eames buts que dans leurs synagogues. Ils devraient plut\u00f4t \u00eatre log\u00e9s sous un abri ou dans une grange, comme les boh\u00e9miens.<br \/>\n<\/span><\/p>\n<p style=\"margin-left: 28pt;\"><span style=\"color: #c00000; font-family: Arial;\">[&#8230;]<br \/>\n<\/span><\/p>\n<p style=\"margin-left: 28pt;\"><span style=\"color: #c00000; font-family: Arial;\">En troisi\u00e8me lieu, je recommande de leur retirer leurs livres de pri\u00e8res et les \u00e9crits talmudiques, qui enseignent cette idol\u00e2trie, ces mensonges, ces mal\u00e9dictions et ces blasph\u00e8mes.<br \/>\n<\/span><\/p>\n<p style=\"margin-left: 28pt;\"><span style=\"color: #c00000; font-family: Arial;\">[&#8230;]<br \/>\n<\/span><\/p>\n<p style=\"margin-left: 28pt;\"><span style=\"color: #c00000; font-family: Arial;\">En quatri\u00e8me lieu, je recommande que leurs rabbins soient dor\u00e9navant interdits d&rsquo;enseigner sous peine d&rsquo;\u00eatre frapp\u00e9s dans leur corps et dans leur vie ; car ils ont trahi le droit \u00e0 cette fonction.<br \/>\n<\/span><\/p>\n<p style=\"margin-left: 28pt;\"><span style=\"color: #c00000; font-family: Arial;\">[&#8230;]<br \/>\n<\/span><\/p>\n<p style=\"margin-left: 28pt;\"><span style=\"color: #c00000; font-family: Arial;\">En cinqui\u00e8me lieu, je recommande d&rsquo;abolir compl\u00e8tement les sauf-conduits sur les routes principales pour les Juifs. Car ils ne font pas d&rsquo;affaires dans la campagne, \u00e9tant donn\u00e9 que ce ne sont pas des seigneurs, des fonctionnaires, des commer\u00e7ants, etc.<br \/>\n<\/span><\/p>\n<p style=\"margin-left: 28pt;\"><span style=\"color: #c00000; font-family: Arial;\"> [\u2026]<br \/>\n<\/span><\/p>\n<p style=\"margin-left: 28pt;\"><span style=\"color: #c00000; font-family: Arial;\">En sixi\u00e8me lieu, je recommande qu&rsquo;on interdise l&rsquo;usure aux Juifs, et que toutes leurs esp\u00e8ces et leur fortune en argent et en or leur soient confisqu\u00e9es et mises de c\u00f4t\u00e9 en lieu s\u00fbr. La raison en est que, comme nous l&rsquo;avons dit plus haut, ils n&rsquo;ont pas d&rsquo;autre moyen de gagner leur vie que l&rsquo;usure et que, de cette mani\u00e8re, ils nous ont vol\u00e9 et d\u00e9rob\u00e9 tout ce qu&rsquo;ils poss\u00e8dent.<br \/>\n<\/span><\/p>\n<p style=\"margin-left: 28pt;\"><span style=\"color: #c00000; font-family: Arial;\">[&#8230;]<br \/>\n<\/span><\/p>\n<p style=\"margin-left: 28pt;\"><span style=\"color: #c00000; font-family: Arial;\">En septi\u00e8me lieu, je recommande de mettre entre les mains des jeunes et solides Juifs et Juives un fl\u00e9au, une hache, une houe, une b\u00eache, une quenouille, ou un fuseau, et de les laisser gagner leur pain \u00e0 la sueur de leur front, comme il se doit pour les enfants d&rsquo;Adam (Gen\u00e8se 3 [: 19]). Il n&rsquo;est pas normal qu&rsquo;ils nous laissent trimer en suant, nous maudits Goyim, tandis qu&rsquo;eux, le peuple saint, passent leur temps dans l&rsquo;oisivet\u00e9 derri\u00e8re le po\u00eale, festoyant et p\u00e9tant et, par-dessus tout, blasph\u00e9mant et se vantant de leur pouvoir sur les Chr\u00e9tiens par l&rsquo;utilisation de notre sueur. Non, il faut jeter dehors ces gredins paresseux par leur fond de culotte<br \/>\n<\/span><\/p>\n<p><span style=\"color: #777777; font-family: Arial;\">Violent, grossier, criminel voici comment apparaissent aujourd&rsquo;hui les propos \u00e9crits par Luther.<br \/>\n<\/span><\/p>\n<p><span style=\"color: #777777; font-family: Arial;\">Et cela se poursuit sur des dizaines de pages dans lesquelles alternent des citations de la bible, des controverses th\u00e9ologiques et des insultes \u00e0 l&rsquo;\u00e9gard du peuple juif.<br \/>\n<\/span><\/p>\n<p><img decoding=\"async\" class=\"alignleft\" src=\"https:\/\/lemotdujour.fr\/wp-content\/uploads\/2017\/11\/110517_1748_Mardi7novem1.jpg\" alt=\"\" align=\"left\"><span style=\"color: #777777; font-family: Arial;\">Ce texte a \u00e9t\u00e9 relativement peu publi\u00e9, m\u00eame si selon Wikipedia des groupes antis\u00e9mites ou le ku klux klan ont donn\u00e9 une certaine publicit\u00e9 \u00e0 cet \u00e9crit.<br \/>\n<\/span><\/p>\n<p><span style=\"color: #777777; font-family: Arial;\">Mais bien s\u00fbr ce sont les nazis qui se sont empar\u00e9s avec d\u00e9lice de ce texte.<br \/>\n<\/span><\/p>\n<p><span style=\"color: #777777; font-family: Arial;\">L&rsquo;Allemagne a eu deux p\u00e8res fondateurs&nbsp;: Luther et Bismarck. Les outrances de Luther \u00e9taient pains b\u00e9nis pour les nazis.<br \/>\n<\/span><\/p>\n<p><span style=\"color: #777777; font-family: Arial;\">On voit \u00e0 gauche, une affiche nazi.<br \/>\n<\/span><\/p>\n<p><span style=\"color: #777777; font-family: Arial;\">Son commentaire&nbsp;: \u00ab&nbsp;Le combat d&rsquo;Hitler et l&rsquo;enseignement de Luther sont la bonne d\u00e9fense du peuple allemand&nbsp;\u00bb<br \/>\n<\/span><\/p>\n<p><span style=\"color: #777777; font-family: Arial;\">Bien s\u00fbr, les racines de l&rsquo;antis\u00e9mitisme des nazis et de Luther ne sont pas les m\u00eames.<br \/>\n<\/span><\/p>\n<p><span style=\"color: #777777; font-family: Arial;\">L&rsquo;antis\u00e9mitisme nazi est un antis\u00e9mitisme g\u00e9n\u00e9tique (pour ne pas dire raciale puisque les race n&rsquo;existent pas). C&rsquo;est pour cela qu&rsquo;il y a g\u00e9nocide. Un juif m\u00eame non croyant ne peut \u00e9chapper \u00e0 la haine des nazis.<br \/>\n<\/span><\/p>\n<p><span style=\"color: #777777; font-family: Arial;\">L&rsquo;antis\u00e9mitisme de Luther n&rsquo;est que d&rsquo;origine religieux. Si le juif se convertit, Luther aurait probablement ajout\u00e9 sinc\u00e8rement, il devient un fr\u00e8re en foi et tout conflit est oubli\u00e9.<br \/>\n<\/span><\/p>\n<p><span style=\"color: #777777; font-family: Arial;\">Hier nous voyions Luther, dans sa croyance intransigeante faire une s\u00e9paration nette entre deux mondes, notre monde r\u00e9el et le second monde celui de la promesse de la religion.<br \/>\n<\/span><\/p>\n<p><span style=\"color: #777777; font-family: Arial;\">Ici, Luther dans son d\u00e9lire antis\u00e9mite montre la seconde faille des monoth\u00e9ismes&nbsp;: la certitude que sa croyance est la v\u00e9rit\u00e9.<br \/>\n<\/span><\/p>\n<p><span style=\"color: #777777; font-family: Arial;\">\u00ab<span style=\"color: #0000ff;\">&nbsp;<\/span><a href=\"https:\/\/lemotdujour.fr\/?p=399\"><span style=\"color: #0000ff;\">Le contraire de la connaissance, ce n&rsquo;est pas l&rsquo;ignorance mais les certitudes<\/span><\/a>.\u00bb<br \/>\n<\/span><\/p>\n<p><span style=\"color: #777777; font-family: Arial;\">Dans son univers mental, Luther ne peut concevoir que les juifs pensent diff\u00e9remment de lui, poss\u00e8dent d&rsquo;autres croyances. Dans son univers, ils se trompent&nbsp;!<br \/>\n<\/span><\/p>\n<p><span style=\"color: #777777; font-family: Arial;\">Et fait aggravant, alors qu&rsquo;il leur explique calmement et de mani\u00e8re didactique, selon lui, ils persistent dans l&rsquo;erreur.<br \/>\n<\/span><\/p>\n<p><span style=\"color: #777777; font-family: Arial;\">D\u00e8s lors ils deviennent m\u00e9chants, d\u00e9testables et on peut user de violence \u00e0 leur \u00e9gard.<br \/>\n<\/span><\/p>\n<p><span style=\"color: #0000ff; font-family: Arial;\">&lt;961&gt;<\/span><\/p>\n","protected":false},"excerpt":{"rendered":"<p>\u00ab&nbsp;En premier lieu, il faut mettre le feu \u00e0 leurs synagogues et \u00e0 leurs \u00e9coles,et enterrer et couvrir de salet\u00e9s ce qui n\u2019aura pas br\u00fbl\u00e9,de sorte qu\u2019aucun homme ne puisse jamais en retrouver la moindre pierre ou cendre.&nbsp;\u00bb Martin Luther<\/p>\n","protected":false},"author":1,"featured_media":0,"comment_status":"open","ping_status":"closed","sticky":false,"template":"","format":"standard","meta":{"footnotes":""},"categories":[1],"tags":[17,41,34],"class_list":["post-3433","post","type-post","status-publish","format-standard","hentry","category-motdujour","tag-histoire","tag-liberte","tag-religion"],"_links":{"self":[{"href":"https:\/\/lemotdujour.fr\/index.php?rest_route=\/wp\/v2\/posts\/3433","targetHints":{"allow":["GET"]}}],"collection":[{"href":"https:\/\/lemotdujour.fr\/index.php?rest_route=\/wp\/v2\/posts"}],"about":[{"href":"https:\/\/lemotdujour.fr\/index.php?rest_route=\/wp\/v2\/types\/post"}],"author":[{"embeddable":true,"href":"https:\/\/lemotdujour.fr\/index.php?rest_route=\/wp\/v2\/users\/1"}],"replies":[{"embeddable":true,"href":"https:\/\/lemotdujour.fr\/index.php?rest_route=%2Fwp%2Fv2%2Fcomments&post=3433"}],"version-history":[{"count":4,"href":"https:\/\/lemotdujour.fr\/index.php?rest_route=\/wp\/v2\/posts\/3433\/revisions"}],"predecessor-version":[{"id":12288,"href":"https:\/\/lemotdujour.fr\/index.php?rest_route=\/wp\/v2\/posts\/3433\/revisions\/12288"}],"wp:attachment":[{"href":"https:\/\/lemotdujour.fr\/index.php?rest_route=%2Fwp%2Fv2%2Fmedia&parent=3433"}],"wp:term":[{"taxonomy":"category","embeddable":true,"href":"https:\/\/lemotdujour.fr\/index.php?rest_route=%2Fwp%2Fv2%2Fcategories&post=3433"},{"taxonomy":"post_tag","embeddable":true,"href":"https:\/\/lemotdujour.fr\/index.php?rest_route=%2Fwp%2Fv2%2Ftags&post=3433"}],"curies":[{"name":"wp","href":"https:\/\/api.w.org\/{rel}","templated":true}]}}