{"id":3427,"date":"2017-11-06T04:00:04","date_gmt":"2017-11-06T03:00:04","guid":{"rendered":"http:\/\/lemotdujour.fr\/?p=3427"},"modified":"2021-09-29T11:12:01","modified_gmt":"2021-09-29T09:12:01","slug":"lundi-6-novembre-2017","status":"publish","type":"post","link":"https:\/\/lemotdujour.fr\/?p=3427","title":{"rendered":"Lundi 6 novembre 2017"},"content":{"rendered":"<div class=\"mdjTexte\">\t\u00abLa r\u00e9bellion est chose intol\u00e9rable.\u00bb<\/div>\n<div class=\"mdjAuteur\">\tMartin Luther,pendant la guerre des paysans<\/div>\n<p><span style=\"color: #777777; font-family: Arial;\">J&rsquo;ai l&rsquo;intuition que certains trouvent que j&rsquo;exag\u00e8re de consacrer autant de temps \u00e0 Martin Luther. Car ils pensent que c&rsquo;est de l&rsquo;histoire ancienne.<br \/>\n<\/span><\/p>\n<p><span style=\"color: #777777; font-family: Arial;\">Le croyez-vous&nbsp;vraiment ?<br \/>\n<\/span><\/p>\n<p><span style=\"color: #777777; font-family: Arial;\">Boris Cyrulnik vient d&rsquo;\u00e9crire un livre \u00ab&nbsp;<a href=\"https:\/\/www.odilejacob.fr\/catalogue\/psychologie\/psychologie-generale\/psychotherapie-de-dieu_9782738138873.php\"><span style=\"color: #0000ff;\">Psychoth\u00e9rapie de Dieu&nbsp;<\/span><\/a>\u00bb, dans lequel il affirme&nbsp;:<br \/>\n<\/span><\/p>\n<p style=\"margin-left: 28pt;\"><span style=\"color: #c00000; font-family: Arial;\">\u00ab Aujourd&rsquo;hui, sur la plan\u00e8te, 7 milliards d&rsquo;\u00eatres humains entrent plusieurs fois par jour en relation avec un Dieu qui les aide.<br \/>\nIls sont mus par le d\u00e9sir d&rsquo;offrir \u00e0 Dieu et aux autres humains leur temps, leurs biens, leur travail et parfois leur corps pour \u00e9prouver le bonheur de donner du bonheur.&nbsp;\u00bb<br \/>\n<\/span><\/p>\n<p><span style=\"color: #777777; font-family: Arial;\">C&rsquo;est probablement mu par un fantasme quantophr\u00e9nique, qu&rsquo;il se sent oblig\u00e9 de citer un chiffre de 7 milliards, sans justifier comment il le d\u00e9termine. Mais il dit une r\u00e9alit\u00e9, si nous autres europ\u00e9ens largement agnostiques sommes sortis de la religion, il n&rsquo;en va pas du tout de m\u00eame pour les autres pays de la plan\u00e8te.<br \/>\n<\/span><\/p>\n<p><span style=\"color: #777777; font-family: Arial;\">Et notamment aux Etats-Unis, il serait impossible \u00e0 quelqu&rsquo;un qui dirait qu&rsquo;il ne croit pas en Dieu d&rsquo;\u00eatre \u00e9lu Pr\u00e9sident. Les am\u00e9ricains sont capables d&rsquo;\u00e9lire un Trump, mais incapable d&rsquo;\u00e9lire un incroyant assum\u00e9.<br \/>\n<\/span><\/p>\n<p><span style=\"color: #777777; font-family: Arial;\">Les Etats-Unis sont un pays encore largement protestant, un pays tr\u00e8s riche mais un pays tr\u00e8s in\u00e9galitaire. Les croyants sont enclins \u00e0 la charit\u00e9, c&rsquo;est-\u00e0-dire donner ce qu&rsquo;ils jugent juste aux pauvres qu&rsquo;ils ont choisis. La justice sociale n&rsquo;est pas dans leur univers mental.<br \/>\n<\/span><\/p>\n<p><span style=\"color: #777777; font-family: Arial;\">Je crois que la religion leur permet de vivre sereinement dans une soci\u00e9t\u00e9 o\u00f9 l&rsquo;injustice sociale est la norme. Et je pense pouvoir \u00e9clairer cette r\u00e9alit\u00e9 \u00e0 travers un exemple explicite de la vie de Luther.<br \/>\n<\/span><\/p>\n<p><span style=\"color: #777777; font-family: Arial;\">G\u00e9rald Chaix, historien professeur \u00e0 l&rsquo;Universit\u00e9 de Tours a \u00e9crit dans le num\u00e9ro sp\u00e9cial de la revue Histoire&nbsp;: \u00ab&nbsp;Luther 1517, Le grand schisme&nbsp;\u00bb un article sur \u00ab&nbsp;la guerre des paysans&nbsp;\u00bb qui eut lieu en 1524-1525 en Allemagne.<br \/>\n<\/span><\/p>\n<p style=\"margin-left: 28pt;\"><span style=\"color: #c00000; font-family: Arial;\">\u00ab&nbsp;Tout commen\u00e7a en juin 1524, \u00e0 Forchheim, au nord de Nuremberg, et dans le comt\u00e9 de St\u00fchlingen au sud de la For\u00eat Noire. [\u2026] Suite \u00e0 des abus, notamment fiscaux, les insurg\u00e9s remettaient en cause les droits et les usages locaux.&nbsp;[\u2026] Au printemps 1525, les troubles avaient gagn\u00e9 toute la partie m\u00e9ridionale de l&rsquo;Empire, de l&rsquo;Alsace jusqu&rsquo;au Tyrol et la r\u00e9gion de Salzbourg, en passant par la Souabe sup\u00e9rieure et en s&rsquo;\u00e9tendant au nord vers la Franconie et la Thuringe.\u00bb<br \/>\n<\/span><\/p>\n<p><span style=\"color: #777777; font-family: Arial;\">C&rsquo;est une jacquerie pour reprendre le terme fran\u00e7ais dans laquelle les paysans se r\u00e9voltaient contre leurs seigneurs parce qu&rsquo;ils estimaient qu&rsquo;ils subissaient trop de taxes et de corv\u00e9es au profit des chefs f\u00e9odaux.<br \/>\n<\/span><\/p>\n<p><span style=\"color: #777777; font-family: Arial;\">Les paysans de Souabe ont notamment r\u00e9dig\u00e9s leurs revendications dans \u00ab&nbsp;douze articles&nbsp;\u00bb. L&rsquo;article 3 r\u00e9clamait notamment \u00ab&nbsp;la suppression du servage&nbsp;\u00bb ou l&rsquo;article 5 \u00ab&nbsp;Le maintien des for\u00eats communales&nbsp;\u00bb, c&rsquo;est-\u00e0-dire le refus de leur privatisation au profit des seigneurs.<br \/>\n<\/span><\/p>\n<p><span style=\"color: #777777; font-family: Arial;\">Les auteurs de ces douze articles avaient mis r\u00e9solument ces 12 articles sous la tutelle de la religion. L&rsquo;article 12 disposait en effet&nbsp;:<br \/>\n<\/span><\/p>\n<p style=\"margin-left: 28pt;\"><span style=\"color: #c00000; font-family: Arial;\">\u00ab&nbsp;la Sainte Ecriture [est] la seule autorit\u00e9 que veulent suivre les paysans&nbsp;\u00bb<br \/>\n<\/span><\/p>\n<p><span style=\"color: #777777; font-family: Arial;\">Mon objet, n&rsquo;est pas de d\u00e9crire pr\u00e9cis\u00e9ment les p\u00e9rip\u00e9ties de cette guerre des paysans, ni m\u00eame de d\u00e9crire plus pr\u00e9cis\u00e9ment les revendications des paysans, mais de faire le lien entre ce soul\u00e8vement et Luther.<br \/>\n<\/span><\/p>\n<p><span style=\"color: #777777; font-family: Arial;\">Si vous voulez en savoir davantage <a href=\"https:\/\/fr.wikipedia.org\/wiki\/Guerre_des_Paysans_allemands\">&lt;<span style=\"color: #0000ff;\">Vous pouvez utilement lire ce qu&rsquo;en dit Wikipedia<\/span>&gt;<\/a><br \/>\n<\/span><\/p>\n<p><span style=\"color: #777777; font-family: Arial;\">Luther a d\u00e9clench\u00e9 un mouvement de libert\u00e9 en pr\u00eachant que chaque chr\u00e9tien peut acc\u00e9der par lui-m\u00eame au message biblique. C&rsquo;\u00e9tait donc une invitation pour chacun \u00e0 r\u00e9fl\u00e9chir par lui-m\u00eame. Pour Luther cette r\u00e9flexion \u00e9tait cependant tr\u00e8s contrainte, contrainte par la foi et les commandements de Dieu. Mais certains ont voulu r\u00e9fl\u00e9chir sur les relations entre les paysans et leurs seigneurs et y ont constat\u00e9 de grandes in\u00e9galit\u00e9s. Ancien partisan de Luther, Thomas M\u00fcntzer qui est un pasteur va prendre fait et cause pour les paysans et m\u00eame prendre la t\u00eate de l&rsquo;insurrection. Il souhaiterait mettre en place un ordre social \u00e9quitable&nbsp;: suppression des privil\u00e8ges, dissolution des ordres monastiques, abris pour les sans-logis, distribution de repas pour les pauvres.<br \/>\n<\/span><\/p>\n<p><span style=\"color: #777777; font-family: Arial;\">Luther est directement confront\u00e9 \u00e0 la r\u00e9volte, en Thuringe, les paysans voudraient qu&rsquo;il agisse en tant que m\u00e9diateur.<br \/>\n<\/span><\/p>\n<p><span style=\"color: #777777; font-family: Arial;\">Ainsi il r\u00e9digea un opuscule&nbsp;: \u00ab&nbsp;Exhortation \u00e0 la paix en r\u00e9ponse aux 12 articles des paysans de Souabe&nbsp;\u00bb. Dans cet \u00e9crit, il exhortait \u00e0 l&rsquo;apaisement mais surtout r\u00e9cusait aux paysans le droit de se soulever. Dans un raisonnement th\u00e9ologique il oppose la libert\u00e9 spirituelle qui lui a permis de s&rsquo;opposer au Pape \u00e0 la soumission aux autorit\u00e9s temporelles, c&rsquo;est-\u00e0-dire non religieuses. Il refusait notamment de tirer de l&rsquo;\u00e9vangile la suppression du servage.<br \/>\n<\/span><\/p>\n<p><span style=\"color: #777777; font-family: Arial;\">Lucien Febvre r\u00e9sume dans son livre consacr\u00e9 \u00e0 Luther (page 161), cet \u00e9crit de la mani\u00e8re suivante&nbsp;:<br \/>\n<\/span><\/p>\n<p style=\"margin-left: 28pt;\"><span style=\"color: #c00000; font-family: Arial;\">\u00ab&nbsp;L&rsquo;Evangile ne justifie pas, mais condamne la r\u00e9volte, Toute r\u00e9volte.&nbsp;\u00bb<br \/>\n<\/span><\/p>\n<p><span style=\"color: #777777; font-family: Arial;\">Son \u00e9crit se r\u00e9pandit \u00e0 travers l&rsquo;Allemagne mais ne ramena pas la paix. Au contraire l&rsquo;insurrection, pris de l&rsquo;ampleur. Et suite \u00e0 cette aggravation, je cite \u00e0 nouveau G\u00e9rald Chaix&nbsp;:<br \/>\n<\/span><\/p>\n<p style=\"margin-left: 28pt;\"><span style=\"color: #c00000; font-family: Arial;\">Luther se rendit \u00e0 la cour de Weimar pour r\u00e9clamer une intervention princi\u00e8re. L&rsquo;Electeur y r\u00e9pugnait, mais il mourut le 5 mai 1525. Luther profita d&rsquo;une r\u00e9\u00e9dition de l&rsquo;Exhortation pour y ajouter quelques pages, achev\u00e9es le 6 mai&nbsp;: \u00ab&nbsp;Contre les bandes criminelles et meurtri\u00e8res des paysans&nbsp;: \u00abC&rsquo;est pourquoi, chers seigneurs, d\u00e9livrez, sauvez, secourez, ayez mis\u00e9ricorde de ces pauvres gens. Poignardez, pourfendez et \u00e9gorgez \u00e0 qui mieux mieux [\u2026]. Si tout cela parait trop dur \u00e0 quelqu&rsquo;un, qu&rsquo;il songe que la r\u00e9bellion est chose intol\u00e9rable, et qu&rsquo;\u00e0 tout moment il faut s&rsquo;attendre \u00e0 la destruction du monde.&nbsp;\u00bb&nbsp;\u00bb<br \/>\n<\/span><\/p>\n<p><span style=\"color: #777777; font-family: Arial;\">Il fut fait selon les souhaits de Martin Luther et G\u00e9rald Chaix de pr\u00e9ciser&nbsp;:<br \/>\n<\/span><\/p>\n<p style=\"margin-left: 28pt;\"><span style=\"color: #c00000; font-family: Arial;\">\u00ab&nbsp;En quatre batailles, les paysans furent \u00e9cras\u00e9s&nbsp;: le 12 mai \u00e0) B\u00f6blingen, en Souabe, le 15 mai \u00e0 Frankenhausen en Thuringe, un jour plus tard \u00e0 Saverne, en Alsace, et le 2 juin \u00e0 K\u00f6nigshofen, en Franconie. Le 27 mai 1525, M\u00fcntzer \u00e9tait ex\u00e9cut\u00e9. Au total, entre 70&nbsp;000 et 100&nbsp;000 r\u00e9volt\u00e9s perdirent la vie.&nbsp;\u00bb<br \/>\n<\/span><\/p>\n<p><img loading=\"lazy\" decoding=\"async\" class=\"wp-image-3438 alignleft\" src=\"https:\/\/lemotdujour.fr\/wp-content\/uploads\/2017\/11\/La-guerre-des-paysans-784x1024.jpg\" alt=\"\" width=\"503\" height=\"657\" srcset=\"https:\/\/lemotdujour.fr\/wp-content\/uploads\/2017\/11\/La-guerre-des-paysans-784x1024.jpg 784w, https:\/\/lemotdujour.fr\/wp-content\/uploads\/2017\/11\/La-guerre-des-paysans-230x300.jpg 230w, https:\/\/lemotdujour.fr\/wp-content\/uploads\/2017\/11\/La-guerre-des-paysans-768x1003.jpg 768w\" sizes=\"auto, (max-width: 503px) 100vw, 503px\" \/><\/p>\n<p><span style=\"color: #777777; font-family: Arial;\">Probablement que sans Luther, les princes auraient \u00e9galement \u00e9cras\u00e9 cette r\u00e9volte dans le sang. Mais Luther a utilis\u00e9 de sa plume et de son magist\u00e8re pour soutenir pleinement la r\u00e9pression. Il nous a facilit\u00e9 l&rsquo;analyse historique, en \u00e9crivant sur du papier explicitement son opinion&nbsp;: \u00ab&nbsp;Poignardez, pourfendez et \u00e9gorgez&nbsp;\u00bb. Alors qu&rsquo;auparavant, le mouvement qu&rsquo;il avait d\u00e9clench\u00e9 avait justement pour fonction de conduire les masses \u00e0 s&rsquo;interroger et \u00e0 r\u00e9fl\u00e9chir par eux m\u00eame. Et cette pr\u00e9dication a conduit les paysans \u00e0 consid\u00e9rer que leurs revendications \u00e9taient l\u00e9gitimes.<br \/>\n<\/span><\/p>\n<p><span style=\"color: #777777; font-family: Arial;\">Comment expliquez cela&nbsp;? Comment justifiez cela&nbsp;?<br \/>\n<\/span><\/p>\n<p><span style=\"color: #777777; font-family: Arial;\">Les marxistes ont une explication claire&nbsp;: \u00ab&nbsp;Luther \u00e9tait intiment li\u00e9 aux princes et \u00e0 leurs protections, il a donc pris fait et cause pour ses amis de classe&nbsp;\u00bb. L&rsquo;ami, le confident de Marx, Friedrich Engels a \u00e9crit un ouvrage sur la guerre des paysans que vous trouverez sur internet derri\u00e8re ce <a href=\"https:\/\/www.marxists.org\/francais\/marx\/works\/1850\/00\/fe1850c.htm\"><span style=\"color: #0000ff;\">&lt;lien&gt;.<\/span><\/a><br \/>\n<\/span><\/p>\n<p><span style=\"color: #777777; font-family: Arial;\">J&rsquo;en tire ce paragraphe<br \/>\n<\/span><\/p>\n<p style=\"margin-left: 28pt;\"><span style=\"color: #c00000; font-family: Arial;\">\u00ab&nbsp;Avec sa traduction de la Bible, Luther avait donn\u00e9 au mouvement pl\u00e9b\u00e9ien une arme puissante. Dans la Bible, il avait oppos\u00e9 au christianisme f\u00e9odalis\u00e9 de l&rsquo;\u00e9poque l&rsquo;humble christianisme des premiers si\u00e8cles&nbsp; \u00e0 la soci\u00e9t\u00e9 f\u00e9odale en d\u00e9composition, le tableau d&rsquo;une soci\u00e9t\u00e9 qui ignorait la vaste et ing\u00e9nieuse hi\u00e9rarchie f\u00e9odale. Les paysans avaient utilis\u00e9 cet outil en tous sens contre les princes, la noblesse et le clerg\u00e9. Maintenant, Luther le retournait contre eux et tirait de la Bible un v\u00e9ritable hymne aux autorit\u00e9s \u00e9tablies par Dieu, tel que n&rsquo;en composa jamais aucun l\u00e8che-bottes de la monarchie absolue&nbsp;! Le pouvoir princier de droit divin, l&rsquo;ob\u00e9issance passive, m\u00eame le servage trouv\u00e8rent leur sanction dans la Bible. Ainsi se trouvaient reni\u00e9es non seulement l&rsquo;insurrection des paysans, mais toute la r\u00e9volte de Luther contre les autorit\u00e9s spirituelles et temporelles. Ainsi \u00e9taient trahis, au profit des princes, non seulement le mouvement populaire, mais m\u00eame le mouvement bourgeois.&nbsp;\u00bb<br \/>\n<\/span><\/p>\n<p><span style=\"color: #777777; font-family: Arial;\">J&rsquo;expliquerai, pour ma part, la position de Luther d&rsquo;une mani\u00e8re plus simple et encore plus radicale.<br \/>\n<\/span><\/p>\n<p><span style=\"color: #777777; font-family: Arial;\">Je prends acte que Luther est un croyant absolu dans sa Foi.<br \/>\n<\/span><\/p>\n<p><span style=\"color: #777777; font-family: Arial;\">Nous avons d\u00e9j\u00e0 vu que son combat \u00e9tait un combat th\u00e9ologique, non un combat de morale.<br \/>\n<\/span><\/p>\n<p><span style=\"color: #777777; font-family: Arial;\">Qu&rsquo;applique t&rsquo;il dans cet \u00e9pisode&nbsp;?<br \/>\n<\/span><\/p>\n<p><span style=\"color: #777777; font-family: Arial;\">Je rejoins sur ce point Michel Onfray qui explique que les religions monoth\u00e9istes ont th\u00e9oris\u00e9 l&rsquo;existence de deux mondes, celui que nous connaissons et dans lequel nous vivons et l&rsquo;autre monde dont nous ne savons rien sauf ce qu&rsquo;en disent les religieux. Dans le monde que nous connaissons, nous savons que nous ne vivrons que quelques ann\u00e9es, dans le monde mythique d&rsquo;apr\u00e8s la mort nous vivrons \u00e9ternellement selon la croyance monoth\u00e9iste.<br \/>\n<\/span><\/p>\n<p><span style=\"color: #777777; font-family: Arial;\">D\u00e8s lors, le monde r\u00e9el, celui que nous connaissons a beaucoup moins d&rsquo;importance, une importance quasi n\u00e9gligeable.<br \/>\n<\/span><\/p>\n<p><span style=\"color: #777777; font-family: Arial;\">Ici-bas nous devons vivre dans la soumission de l&rsquo;ordre \u00e9tabli pour \u00eatre r\u00e9compens\u00e9 dans l&rsquo;autre.<br \/>\n<\/span><\/p>\n<p><span style=\"color: #777777; font-family: Arial;\">Harari, l&rsquo;auteur de <span style=\"color: #0000ff;\"><a href=\"https:\/\/lemotdujour.fr\/?page_id=2658\"><span style=\"color: #0000ff;\">\u00ab&nbsp;Sapiens&nbsp;\u00bb<\/span><\/a><\/span> a eu cette formule saisissante&nbsp;: \u00ab&nbsp;<span style=\"color: #c00000;\">Jamais vous ne convaincrez un singe de vous donner sa banane en lui promettant qu&rsquo;elle lui sera rendue au centuple au ciel des singes<span style=\"color: red;\">.&nbsp;<span style=\"color: #c00000;\">\u00bb<span style=\"color: #777777;\"><br \/>\n<\/span><\/span><\/span><\/span><\/span><\/p>\n<p><span style=\"color: #777777; font-family: Arial;\">Et si la premi\u00e8re fonction de la religion n&rsquo;\u00e9tait pas celle-ci&nbsp;: \u00ab&nbsp;Faire accepter l&rsquo;injustice sur terre et enseigner l&rsquo;esprit de soumission&nbsp;?&nbsp;\u00bb<br \/>\n<\/span><\/p>\n<p><span style=\"color: #777777; font-family: Arial;\">L&rsquo;Histoire de Luther me semble particuli\u00e8rement r\u00e9v\u00e9latrice de ce point de vue.<br \/>\n<\/span><\/p>\n<p><span style=\"color: #800000; font-family: Arial;\">&lt;960&gt;<\/span><\/p>\n","protected":false},"excerpt":{"rendered":"<p>\u00abLa r\u00e9bellion est chose intol\u00e9rable.\u00bb Martin Luther,pendant la guerre des paysans J&rsquo;ai l&rsquo;intuition que certains trouvent que j&rsquo;exag\u00e8re de consacrer autant de temps \u00e0 Martin Luther. Car ils pensent que c&rsquo;est de l&rsquo;histoire ancienne. Le croyez-vous&nbsp;vraiment ? Boris Cyrulnik vient<\/p>\n","protected":false},"author":1,"featured_media":0,"comment_status":"open","ping_status":"closed","sticky":false,"template":"","format":"standard","meta":{"footnotes":""},"categories":[1],"tags":[47,17,34],"class_list":["post-3427","post","type-post","status-publish","format-standard","hentry","category-motdujour","tag-allemagne","tag-histoire","tag-religion"],"_links":{"self":[{"href":"https:\/\/lemotdujour.fr\/index.php?rest_route=\/wp\/v2\/posts\/3427","targetHints":{"allow":["GET"]}}],"collection":[{"href":"https:\/\/lemotdujour.fr\/index.php?rest_route=\/wp\/v2\/posts"}],"about":[{"href":"https:\/\/lemotdujour.fr\/index.php?rest_route=\/wp\/v2\/types\/post"}],"author":[{"embeddable":true,"href":"https:\/\/lemotdujour.fr\/index.php?rest_route=\/wp\/v2\/users\/1"}],"replies":[{"embeddable":true,"href":"https:\/\/lemotdujour.fr\/index.php?rest_route=%2Fwp%2Fv2%2Fcomments&post=3427"}],"version-history":[{"count":5,"href":"https:\/\/lemotdujour.fr\/index.php?rest_route=\/wp\/v2\/posts\/3427\/revisions"}],"predecessor-version":[{"id":12245,"href":"https:\/\/lemotdujour.fr\/index.php?rest_route=\/wp\/v2\/posts\/3427\/revisions\/12245"}],"wp:attachment":[{"href":"https:\/\/lemotdujour.fr\/index.php?rest_route=%2Fwp%2Fv2%2Fmedia&parent=3427"}],"wp:term":[{"taxonomy":"category","embeddable":true,"href":"https:\/\/lemotdujour.fr\/index.php?rest_route=%2Fwp%2Fv2%2Fcategories&post=3427"},{"taxonomy":"post_tag","embeddable":true,"href":"https:\/\/lemotdujour.fr\/index.php?rest_route=%2Fwp%2Fv2%2Ftags&post=3427"}],"curies":[{"name":"wp","href":"https:\/\/api.w.org\/{rel}","templated":true}]}}