{"id":3396,"date":"2017-10-25T04:00:01","date_gmt":"2017-10-25T02:00:01","guid":{"rendered":"http:\/\/lemotdujour.fr\/?p=3396"},"modified":"2021-09-29T11:57:20","modified_gmt":"2021-09-29T09:57:20","slug":"mercredi-25-octobre-2017","status":"publish","type":"post","link":"https:\/\/lemotdujour.fr\/?p=3396","title":{"rendered":"Mercredi 25 octobre 2017"},"content":{"rendered":"<div class=\"mdjTexte\">\t\u00ab&nbsp;Ce n\u2019est pas de Luther qu\u2019il s\u2019agit, c\u2019est de nous tous&nbsp;; le pape ne tire pas le glaive contre un seul, il nous attaque tous. Ecoutez-moi, souvenez-vous que vous \u00eates germains&nbsp;\u00bb<\/div>\n<div class=\"mdjAuteur\">\tUlrich von Hutten<\/div>\n<p><a href=\"https:\/\/fr.wikipedia.org\/wiki\/Ulrich_von_Hutten\"><span style=\"font-family: Arial;\">&lt;<span style=\"color: #0000ff;\">Ulrich von Hutten<\/span>&gt;<\/span><\/a><span style=\"color: #777777; font-family: Arial;\"> \u00e9tait un chevalier et aussi un pol\u00e9miste qui soutint Martin Luther d\u00e8s le d\u00e9but de son aventure de la R\u00e9forme.<br \/>\n<\/span><\/p>\n<p><span style=\"color: #777777; font-family: Arial;\">Il faut savoir que sans qu&rsquo;il ne l&rsquo;ait excommuni\u00e9 le Pape a publi\u00e9, en 1520, une bulle \u00ab&nbsp; Exsurge Domine&nbsp;\u00bb condamnant ses opinions, livrant au feu ses ouvrages et lui laissant 60 jours pour se soumettre.<br \/>\n<\/span><\/p>\n<p><span style=\"color: #777777; font-family: Arial;\">Mais Luther n&rsquo;est pas un moine isol\u00e9, il va obtenir des soutiens en Allemagne et notamment celui de ce Ulrich von Hutten.<br \/>\n<\/span><\/p>\n<p><span style=\"color: #777777; font-family: Arial;\">Je tire ce discours de la page 102 de l&rsquo;ouvrage de Lucien Febvre&nbsp;&lt;Martin Luther, un destin&gt;&nbsp;:<br \/>\n<\/span><\/p>\n<p style=\"margin-left: 28pt;\"><span style=\"color: #c00000; font-family: Arial;\"> [Hutten] m\u00e8ne alors contre Rome une campagne enrag\u00e9e. En avril 1520 \u00e0 Mayence [\u2026] paraissent des \u00e9crits violents contre les romanistes&nbsp;:<br \/>\n\u00ab&nbsp;Ce n&rsquo;est pas de Luther qu&rsquo;il s&rsquo;agit, c&rsquo;est de nous tous&nbsp;; le pape ne tire pas le glaive contre un seul, il nous attaque tous. Ecoutez-moi, souvenez-vous que vous \u00eates germains&nbsp;\u00bb<br \/>\n<\/span><\/p>\n<p><span style=\"color: #777777; font-family: Arial;\">Hutten est parmi les soutiens de Luther, un des plus virulents, des plus intransigeants, refusant tout compromis avec le Pape et Rome. Mais il exprime ici un point essentiel, la R\u00e9forme, le combat de Luther sont intimement li\u00e9 \u00e0 l&rsquo;Allemagne, l&rsquo;Allemagne d\u00e9sunie en nombreux \u00c9tats mais voulant se lib\u00e9rer de la tutelle romaine et aussi de l&rsquo;Empereur du Saint Empire Germanique qui \u00e9tait le repr\u00e9sentant temporel du Pape, dans les terres germaines.<br \/>\n<\/span><\/p>\n<p><span style=\"color: #777777; font-family: Arial;\">Et dans la suite de cette campagne, Luther va r\u00e9diger et publier toujours \u00e0 Wittenberg en 1520 un ouvrage qu&rsquo;il va simplement appeler \u00ab&nbsp;<a href=\"https:\/\/fr.wikipedia.org\/wiki\/%C3%80_la_noblesse_chr%C3%A9tienne_de_la_nation_allemande\"><strong><span style=\"color: #0000ff;\">\u00c0 la noblesse chr\u00e9tienne de la nation allemande<\/span><\/strong><\/a><strong><span style=\"color: #0000ff;\">&nbsp;<\/span>\u00bb, <\/strong>dans lequel il va attaquer le Pape, la curie, Rome et demander au peuple de soutenir les r\u00e9formes notamment celle qui consiste \u00e0 permettre \u00e0 chacun de lire la bible et de s&rsquo;en nourrir sans faire appel aux pr\u00eatres&nbsp;;<br \/>\n<\/span><\/p>\n<p><span style=\"color: #777777; font-family: Arial;\">Et je cite Lucien Febvre page 104&nbsp;:<br \/>\n<\/span><\/p>\n<p style=\"margin-left: 28pt;\"><span style=\"color: #c00000; font-family: Arial;\">Ainsi ce petit livre, \u00e9crit en allemand \u00e0 l&rsquo;usage de tout un peuple, qu&rsquo;il se soit enlev\u00e9 chez les libraires avec une rapidit\u00e9 inou\u00efe; qu&rsquo;en 6 jours, on en ait d\u00e9bit\u00e9 quatre mille exemplaires, chiffre sans pr\u00e9c\u00e9dent&nbsp;: rien d&rsquo;\u00e9tonnant. Il visait tout le monde, tout le monde l&rsquo;acheta.<br \/>\nQuand il vint en Allemagne publier la bulle [Le repr\u00e9sentant du Pape] pu noter&nbsp;: \u00ab&nbsp;Les neuf dixi\u00e8mes de l&rsquo;Allemagne crient&nbsp;: Vive Luther&nbsp;! et tout en ne le suivant pas, le reste fait chorus pour crier&nbsp;: Mort \u00e0 Rome&nbsp;!&nbsp;\u00bb<br \/>\n<\/span><\/p>\n<p><span style=\"color: #777777; font-family: Arial;\">Et le 1<sup>er<\/sup> novembre 1521, dans une lettre Luther \u00e9crit&nbsp;: (<em>Febvre page 137<\/em>)<br \/>\n<\/span><\/p>\n<p style=\"margin-left: 28pt;\"><span style=\"color: #c00000; font-family: Arial;\">\u00ab&nbsp;Je suis n\u00e9 pour mes Allemands et je les veux servir.&nbsp;\u00bb<br \/>\n<\/span><\/p>\n<p><span style=\"color: #777777; font-family: Arial;\">Et \u00e0 partir de 1525 Febvre fait remarquer que Luther n&rsquo;\u00e9crit plus qu&rsquo;en allemand&nbsp; (page 181)<br \/>\n<\/span><\/p>\n<p style=\"margin-left: 28pt;\"><span style=\"color: #c00000; font-family: Arial;\">\u00ab&nbsp;Il renonce au latin, langue universelle, langue de l&rsquo;\u00e9lite. Ce n&rsquo;est pas \u00e0 la chr\u00e9tient\u00e9 qu&rsquo;il s&rsquo;adresse&nbsp;: \u00e0 l&rsquo;Allemagne seule, m\u00eame pas, \u00e0 la Saxe luth\u00e9rienne.&nbsp;\u00bb<br \/>\n<\/span><\/p>\n<p><span style=\"color: #777777; font-family: Arial;\">Les relations avec Rome et le Pape vont empirer, il faut dire que Luther est tr\u00e8s intransigeant. Il est mis au ban de l&#8217;empire ce qui signifie que n&rsquo;importe qui peut le mettre \u00e0 mort impun\u00e9ment. Mais son protecteur, l&rsquo;\u00e9lecteur de Saxe, Fr\u00e9d\u00e9ric le Sage continue \u00e0 le prot\u00e9ger. Et Aussit\u00f4t sa condamnation prononc\u00e9e, l&rsquo;\u00e9lecteur de Saxe Fr\u00e9d\u00e9ric III le Sage, craignant qu&rsquo;il ne lui arrive malheur ordonne \u00e0 des hommes de confiance de l&rsquo;enlever alors qu&rsquo;il traverse la for\u00eat de Thuringe le 4 mai 1521. Pour le mettre \u00e0 l&rsquo;abri dans le <a title=\"Ch\u00e2teau de la Wartbourg\" href=\"https:\/\/fr.wikipedia.org\/wiki\/Ch%C3%A2teau_de_la_Wartbourg\"><span style=\"color: #0000ff;\">ch\u00e2teau de la Wartbourg<\/span><\/a><span style=\"color: #0000ff;\">.<\/span><br \/>\n<\/span><\/p>\n<p><span style=\"color: #777777; font-family: Arial;\">Dans ce ch\u00e2teau, Luther demeure jusqu&rsquo;au 6 mars 1522 sous le pseudonyme de <em>chevalier Georges<\/em>. Et c&rsquo;est l\u00e0 qu&rsquo;il va accomplir une autre t\u00e2che fondamentale le rattachant \u00e0 l&rsquo;Allemagne, il commence sa traduction de la Bible, en langue allemande.<br \/>\n<\/span><\/p>\n<p><span style=\"color: #777777; font-family: Arial;\">On dit souvent que c&rsquo;est la langue allemande qui a fait l&rsquo;Allemagne. Mais cette langue n&rsquo;\u00e9tait pas unique, de multiples patois coexistaient et c&rsquo;est Luther qui va unifier cette langue, notamment par ce travail sur la bible il va cr\u00e9er une sorte de langue officielle. On parle d\u00e9sormais, pour d\u00e9signer cette langue, de \u00ab&nbsp;la langue de Luther&nbsp;\u00bb.<br \/>\n<\/span><\/p>\n<p><span style=\"color: #777777; font-family: Arial;\">La r\u00e9forme de Luther est donc une r\u00e9forme th\u00e9ologique.<br \/>\n<\/span><\/p>\n<p><span style=\"color: #777777; font-family: Arial;\">Mais ce que nous apprenons ici, c&rsquo;est qu&rsquo;elle est aussi une r\u00e9volte des allemands, sinon du peuple, au moins de l&rsquo;\u00e9lite et de la noblesse allemande contre l&rsquo;h\u00e9g\u00e9monie de Rome et de la papaut\u00e9.<br \/>\n<\/span><\/p>\n<p><span style=\"color: #777777; font-family: Arial;\">Et pendant ce temps, l&rsquo;alli\u00e9 du Pape, l&#8217;empereur du Saint Empire Germanique, Charles Quint qui devrait r\u00e9tablir l&rsquo;ordre dans son empire et mettre \u00e0 la raison Luther est paralys\u00e9. Il l&rsquo;est parce qu&rsquo;il est en guerre contre Fran\u00e7ois 1<sup>er<\/sup>, le roi fran\u00e7ais, et qu&rsquo;il ne dispose pas des ressources pour mener deux batailles \u00e0 la fois. En outre, il soit m\u00e9nager les nobles allemands qui soutiennent Luther et qui parall\u00e8lement sont ses \u00e9lecteurs.<br \/>\n<\/span><\/p>\n<p><span style=\"color: #777777; font-family: Arial;\">La r\u00e9forme va par la suite s&rsquo;\u00e9tendre rapidement \u00e0 d&rsquo;autres pays&nbsp;: la Suisse, les Pays bas et l&rsquo;Angleterre qui dans sa r\u00e9forme anglicane va se rapprocher du mouvement r\u00e9formateur. Mais du point de vue de Luther elle est avant tout un combat du peuple allemand dont il se sent l&rsquo;\u00e9tendard.<br \/>\n<\/span><\/p>\n<p><span style=\"color: #777777; font-family: Arial;\">A cela va s&rsquo;ajouter, mais nous le verrons dans un autre mot du jour, un antis\u00e9mitisme tr\u00e8s virulent de Luther \u00e0 la fin de sa vie.<br \/>\n<\/span><\/p>\n<p><span style=\"color: #777777; font-family: Arial;\">Les nazis utiliseront d\u00e8s lors la figure tut\u00e9laire de Luther pour cautionner leur syst\u00e8me et leurs actes.<br \/>\n<\/span><\/p>\n<p><span style=\"color: #777777; font-family: Arial;\">\u00ab&nbsp;<strong>Souvenez-vous que vous \u00eates germains<\/strong>&nbsp;\u00bb disait Ulrich von Hutten, le soutien de Luther.<br \/>\n<\/span><\/p>\n<p><span style=\"color: #800000;\">&lt;957&gt;<\/span><\/p>\n<p><span style=\"color: #777777; font-family: Arial;\"><br \/>\n<\/span><\/p>\n","protected":false},"excerpt":{"rendered":"<p>\u00ab&nbsp;Ce n\u2019est pas de Luther qu\u2019il s\u2019agit, c\u2019est de nous tous&nbsp;; le pape ne tire pas le glaive contre un seul, il nous attaque tous. Ecoutez-moi, souvenez-vous que vous \u00eates germains&nbsp;\u00bb Ulrich von Hutten &lt;Ulrich von Hutten&gt; \u00e9tait un chevalier<\/p>\n","protected":false},"author":1,"featured_media":0,"comment_status":"open","ping_status":"closed","sticky":false,"template":"","format":"standard","meta":{"footnotes":""},"categories":[1],"tags":[47,17,34],"class_list":["post-3396","post","type-post","status-publish","format-standard","hentry","category-motdujour","tag-allemagne","tag-histoire","tag-religion"],"_links":{"self":[{"href":"https:\/\/lemotdujour.fr\/index.php?rest_route=\/wp\/v2\/posts\/3396","targetHints":{"allow":["GET"]}}],"collection":[{"href":"https:\/\/lemotdujour.fr\/index.php?rest_route=\/wp\/v2\/posts"}],"about":[{"href":"https:\/\/lemotdujour.fr\/index.php?rest_route=\/wp\/v2\/types\/post"}],"author":[{"embeddable":true,"href":"https:\/\/lemotdujour.fr\/index.php?rest_route=\/wp\/v2\/users\/1"}],"replies":[{"embeddable":true,"href":"https:\/\/lemotdujour.fr\/index.php?rest_route=%2Fwp%2Fv2%2Fcomments&post=3396"}],"version-history":[{"count":6,"href":"https:\/\/lemotdujour.fr\/index.php?rest_route=\/wp\/v2\/posts\/3396\/revisions"}],"predecessor-version":[{"id":12269,"href":"https:\/\/lemotdujour.fr\/index.php?rest_route=\/wp\/v2\/posts\/3396\/revisions\/12269"}],"wp:attachment":[{"href":"https:\/\/lemotdujour.fr\/index.php?rest_route=%2Fwp%2Fv2%2Fmedia&parent=3396"}],"wp:term":[{"taxonomy":"category","embeddable":true,"href":"https:\/\/lemotdujour.fr\/index.php?rest_route=%2Fwp%2Fv2%2Fcategories&post=3396"},{"taxonomy":"post_tag","embeddable":true,"href":"https:\/\/lemotdujour.fr\/index.php?rest_route=%2Fwp%2Fv2%2Ftags&post=3396"}],"curies":[{"name":"wp","href":"https:\/\/api.w.org\/{rel}","templated":true}]}}