{"id":3385,"date":"2017-10-24T04:00:55","date_gmt":"2017-10-24T02:00:55","guid":{"rendered":"http:\/\/lemotdujour.fr\/?p=3385"},"modified":"2021-09-29T21:59:11","modified_gmt":"2021-09-29T19:59:11","slug":"mardi-24-octobre-2017","status":"publish","type":"post","link":"https:\/\/lemotdujour.fr\/?p=3385","title":{"rendered":"Mardi 24 octobre 2017"},"content":{"rendered":"<div class=\"mdjTexte\">\t\u00ab&nbsp;Une dispute qui termine mal&nbsp;?&nbsp;\u00bb<\/div>\n<div class=\"mdjAuteur\">\tDidier Poton de Xaintrailles, titre d\u2019une conf\u00e9rence \u00e0 la Rochelle \u00e0 propos des 95 th\u00e8ses de Luther.<\/div>\n<p><span style=\"color: #777777; font-family: Arial;\">Trouver l&rsquo;exergue qui introduit ce que je souhaite partager dans le mot du jour est parfois compliqu\u00e9. Pour aujourd&rsquo;hui, j&rsquo;ai trouv\u00e9 le titre d&rsquo;une conf\u00e9rence qui a eu lieu le 17 octobre 2017, dans une ville qui a \u00e9t\u00e9 longtemps une place forte du protestantisme en France&nbsp;: La Rochelle. C&rsquo;\u00e9tait une conf\u00e9rence de de Didier Poton de Xaintrailles, professeur \u00e9m\u00e9rite \u00e0 l&rsquo;universit\u00e9 de la Rochelle, pr\u00e9sident du mus\u00e9e rochelais d&rsquo;histoire.<br \/>\n<\/span><\/p>\n<p><span style=\"color: #777777; font-family: Arial;\">Le titre de cette <span style=\"color: #0000ff;\"><a href=\"http:\/\/ww2.ac-poitiers.fr\/hist_geo\/spip.php?article1707\"><span style=\"color: #0000ff;\">conf\u00e9rence<\/span><\/a><\/span>&nbsp;: \u00ab&nbsp;<strong>31 octobre 1517&nbsp;: une dispute qui tourne mal&nbsp;?&nbsp;<\/strong>\u00bb<br \/>\n<\/span><\/p>\n<p><span style=\"color: #777777; font-family: Arial;\">Je n&rsquo;ai pas trouv\u00e9 de compte rendu, ni de vid\u00e9o sur cette conf\u00e9rence. Je n&rsquo;en connais donc pas le contenu. Mais le titre de cette conf\u00e9rence correspond exactement \u00e0 la conclusion que j&rsquo;ai tir\u00e9 <a href=\"http:\/\/classiques.uqac.ca\/classiques\/febvre_lucien\/destin_martin_luther\/destin_luther.html\"><span style=\"color: #0000ff;\">du<\/span> <span style=\"color: #0000ff;\">livre de Febvre sur Luther<\/span><\/a> et des diff\u00e9rents articles ou \u00e9mission que j&rsquo;ai \u00e9cout\u00e9s sur ce sujet.<br \/>\n<\/span><\/p>\n<p><span style=\"color: #777777; font-family: Arial;\">J&rsquo;ai vu une \u00e9mission qui me semble particuli\u00e8rement pertinente sur ce sujet, sur la chaine de t\u00e9l\u00e9vision catholique KTO et qui explicite ce que je vais raconter ici.<br \/>\n<\/span><\/p>\n<p><a href=\"https:\/\/www.youtube.com\/watch?v=wE9MxlsPDWc&amp;t=1s\"><span style=\"font-family: Arial;\"><span style=\"color: #0000ff;\">&lt;Emission de KTO<\/span> <span style=\"color: #0000ff;\">qui fait dialoguer un catholique et un Luth\u00e9rien&gt;<\/span><\/span><\/a><span style=\"color: #777777; font-family: Arial;\"><strong><br \/>\n<\/strong><\/span><\/p>\n<p><span style=\"color: #777777; font-family: Arial;\">Le 31 octobre 1517, Luther a donc publi\u00e9 ses \u00ab&nbsp;<a href=\"http:\/\/leboncombat.fr\/wp-content\/uploads\/2013\/09\/Les-95-Th%C3%A8ses-de-Wittenberg.pdf\"><span style=\"color: #0000ff;\">95 th\u00e8ses<\/span>&nbsp;<\/a>\u00bb, il y a 500 ans. Et on fixe \u00e0 ce moment fondateur le d\u00e9but du mouvement r\u00e9formateur.<br \/>\n<\/span><\/p>\n<p><span style=\"color: #777777; font-family: Arial;\">Rappelons de mani\u00e8re simplifi\u00e9e la version officielle&nbsp;:<br \/>\n<\/span><\/p>\n<p><span style=\"color: #777777; font-family: Arial;\">Luther est scandalis\u00e9 par \u00ab&nbsp;les indulgences&nbsp;\u00bb qui sont utilis\u00e9es par les eccl\u00e9siastiques catholiques pour financer leurs d\u00e9penses somptuaires. \u00ab&nbsp;Les indulgences&nbsp;\u00bb sont en terminologie contemporaine une taxe pay\u00e9e par les catholiques, surtout riches, pour racheter leurs fautes morales ou contre la religion. Le terme faute \u00e9tait remplac\u00e9e par \u00ab&nbsp;p\u00e9ch\u00e9&nbsp;\u00bb. A cette \u00e9poque, les gens \u00e9taient saisis d&rsquo;effroi de ce qui pourrait arriver apr\u00e8s leur mort&nbsp;: l&rsquo;enfer, le purgatoire et les tourments etc. Donc ils \u00e9taient tr\u00e8s enclins \u00e0 accepter de payer. Et les sp\u00e9cialistes marketing de l\u2019\u00c9glise de l&rsquo;\u00e9poque ont alors m\u00eame imagin\u00e9 de faire payer pour des p\u00e9ch\u00e9s futurs. Donc Martin Luther, religieux aust\u00e8re et rigoureux part en guerre contre ces abus et va clouer sur les portes du ch\u00e2teau de Wittenberg en Saxe ses 95 th\u00e8ses contre les indulgences, le 31 octobre 1517. La Papaut\u00e9 ne va appr\u00e9cier, il va s&rsquo;en suivre des conflits et une scission dans l\u2019\u00c9glise catholique romaine (Rappelons qu&rsquo;il y a eu une pr\u00e9c\u00e9dente scission avec l\u2019\u00c9glise d&rsquo;Orient, historiquement de Constantinople dont est issu l\u2019\u00c9glise orthodoxe) et la cr\u00e9ation des \u00e9glises protestantes ou r\u00e9form\u00e9es.<br \/>\n<\/span><\/p>\n<p><span style=\"color: #777777; font-family: Arial;\">Fernand Braudel disait qu&rsquo;en Histoire les choses sont toujours vrai \u00e0 peu pr\u00e8s. Mais cette version est \u00e0 peu pr\u00e8s fausse.<br \/>\n<\/span><\/p>\n<p><span style=\"color: #777777; font-family: Arial;\">D&rsquo;abord les historiens d&rsquo;aujourd&rsquo;hui doutent beaucoup du fait que ce long texte aurait \u00e9t\u00e9 placard\u00e9 sur les portes du ch\u00e2teau de Wittenberg, le 31 octobre 1517.<br \/>\n<\/span><\/p>\n<p><span style=\"color: #777777; font-family: Arial;\">Ce qui est certain c&rsquo;est que ce texte a \u00e9t\u00e9 \u00e9crit par Luther et imprim\u00e9. Ce qui est aussi certain c&rsquo;est qu&rsquo;il a \u00e9t\u00e9 envoy\u00e9 \u00e0 certaines autorit\u00e9s eccl\u00e9siastiques et universitaires.<br \/>\n<\/span><\/p>\n<p><span style=\"color: #777777; font-family: Arial;\">Ensuite la vision morale de l&rsquo;Histoire qu&rsquo;on nous a apprise est largement fausse.<br \/>\n<\/span><\/p>\n<p><span style=\"color: #777777; font-family: Arial;\">Luther ne s&rsquo;est pas \u00e9lev\u00e9 contre l\u2019\u00c9glise catholique parce que les m\u0153urs de cette derni\u00e8re \u00e9taient moralement condamnables. Cette version \u00ab&nbsp;L&rsquo;\u00e9glise catholique est corrompue et en contradiction avec son message christique, il faut remettre de la morale et de l&rsquo;ordre dans tout \u00e7a&nbsp;\u00bb, nous convient bien, \u00e0 nous autres hommes modernes, parce que nous la comprenons.<br \/>\n<\/span><\/p>\n<p><span style=\"color: #777777; font-family: Arial;\">Il faut savoir par exemple que Le Prince Electeur de Saxe, Fr\u00e9d\u00e9ric III dit le \u00ab&nbsp;sage&nbsp;\u00bb, qui sera le protecteur de Luther tout au long de la controverse \u00e9tait lui-m\u00eame un utilisateur des indulgences, parce qu&rsquo;elles lui permettaient de financer des<span style=\"color: #0000ff;\"> <a href=\"https:\/\/fr.wikipedia.org\/wiki\/Relique\"><span style=\"color: #0000ff;\">reliques<\/span><\/a><\/span> tr\u00e8s pris\u00e9es \u00e0 l&rsquo;\u00e9poque et dont il a \u00e9t\u00e9 un grand collectionneur.<br \/>\n<\/span><\/p>\n<p><span style=\"color: #777777; font-family: Arial;\">La v\u00e9rit\u00e9 c&rsquo;est que cette controverse est totalement incompr\u00e9hensible \u00e0 la plupart d&rsquo;entre nous. Je vais quand m\u00eame essayer de vous l&rsquo;expliquer, j&rsquo;en appelle \u00e0 votre indulgence.<br \/>\n<\/span><\/p>\n<p><span style=\"color: #777777; font-family: Arial;\"><strong>La controverse d\u00e9clench\u00e9e par Luther est d&rsquo;essence th\u00e9ologique<\/strong>. Il est bien question des indulgences, mais non pour une question de morale, pour une question th\u00e9ologique.<br \/>\n<\/span><\/p>\n<p><span style=\"color: #777777; font-family: Arial;\">C&rsquo;est incompr\u00e9hensible aujourd&rsquo;hui pour les europ\u00e9ens que nous sommes, peut-\u00eatre pas pour le reste de l&rsquo;Humanit\u00e9 qui est encore largement influenc\u00e9 par la religion.<br \/>\n<\/span><\/p>\n<p><span style=\"color: #777777; font-family: Arial;\">A cette \u00e9poque on s&rsquo;entretuait pour ces questions&nbsp;!<br \/>\n<\/span><\/p>\n<p><span style=\"color: #777777; font-family: Arial;\">Des questions aussi extraordinaires que&nbsp;:<br \/>\n<\/span><\/p>\n<ul>\n<li><span style=\"color: #777777; font-family: Arial;\">Est-ce que l&rsquo;hostie que l&rsquo;on vous donne \u00e0 l&rsquo;Eglise symbolise le corps du Christ ou est-ce vraiment physiquement le corps du Christ&nbsp;?<br \/>\n<\/span><\/li>\n<li><span style=\"color: #777777; font-family: Arial;\">Que signifie exactement la Trinit\u00e9, est-ce un seul \u00eatre ou 3, existe-t-il une hi\u00e9rarchie entre eux&nbsp;?<br \/>\n<\/span><\/li>\n<\/ul>\n<p><span style=\"color: #777777; font-family: Arial;\">A cette \u00e9poque,&nbsp; selon votre r\u00e9ponse vous pouviez \u00eatre un homme respect\u00e9 ou un h\u00e9r\u00e9tique qui devait \u00eatre tortur\u00e9 puis brul\u00e9. Et s&rsquo;il existait suffisamment de personnes pour d\u00e9fendre des r\u00e9ponses antagonistes, ces groupes se faisaient la guerre, une guerre totale.<br \/>\n<\/span><\/p>\n<p><span style=\"color: #777777; font-family: Arial;\">Nous autres europ\u00e9ens s\u00e9cularis\u00e9s ne comprenons pas cela m\u00eame si l&rsquo;actualit\u00e9 et d&rsquo;autres religions que la chr\u00e9tienne devraient nous interpeller.<br \/>\n<\/span><\/p>\n<p><span style=\"color: #777777; font-family: Arial;\">Les religions monoth\u00e9istes ont apport\u00e9 quelques bienfaits \u00e0 l&rsquo;humanit\u00e9, notamment les moines qui ont beaucoup travaill\u00e9, ass\u00e9ch\u00e9 des marais et r\u00e9alis\u00e9 d&rsquo;autres choses utiles. Mais le fondement du monoth\u00e9isme qui <strong>entraine la confusion entre \u00ab&nbsp;une croyance&nbsp;\u00bb et \u00ab&nbsp;la v\u00e9rit\u00e9 unique&nbsp;\u00bb<\/strong> a une fabuleuse capacit\u00e9 \u00e0 cr\u00e9tiniser ceux qui se laissent happer par ces mythes.<br \/>\n<\/span><\/p>\n<p><span style=\"color: #777777; font-family: Arial;\">Le plus simplement possible je dirai que Luther pr\u00e9tendait que l&rsquo;enseignement de l&rsquo;\u00e9glise catholique se trompait en pr\u00e9tendant que c&rsquo;est le comportement, les actes (il disait les \u0153uvres) des croyants, notamment les mortifications (les je\u00fbnes, se donner la discipline ce qui signifiait se fouetter soi-m\u00eame ou se faire fouetter ce qui n&rsquo;\u00e9tait pas vue comme une manifestation de masochisme mais une preuve de foi) permettaient de \u00ab&nbsp;se faire bien voir&nbsp;\u00bb par Dieu, \u00ab&nbsp;d&rsquo;obtenir la gr\u00e2ce&nbsp;\u00bb selon le vocabulaire d&rsquo;\u00e9poque.<br \/>\n<\/span><\/p>\n<p><span style=\"color: #777777; font-family: Arial;\">Selon lui, pour plaire \u00e0 Dieu il fallait simplement avoir la Foi, croire tr\u00e8s fort et la gr\u00e2ce de Dieu faisait le reste.<br \/>\n<\/span><\/p>\n<p><span style=\"color: #777777; font-family: Arial;\">Alors bien s\u00fbr, les indulgences cela n&rsquo;allait pas du tout puisque cette mani\u00e8re d&rsquo;agir laissait entendre qu&rsquo;un acte de la part du croyant&nbsp;: \u00ab&nbsp;payer&nbsp;\u00bb pouvait conduire \u00e0 ce que Dieu sois content&nbsp;!<br \/>\n<\/span><\/p>\n<p><span style=\"color: #777777; font-family: Arial;\">Ce qui est vrai, c&rsquo;est que Luther n&rsquo;avait pas pour intention de cr\u00e9er une nouvelle \u00e9glise. Ses 95 th\u00e8ses \u00e9taient l&rsquo;expression de son d\u00e9saccord avec l&rsquo;enseignement de l&rsquo;Universit\u00e9 qui essentiellement consacrait son enseignement \u00e0 la th\u00e9ologie. Il voulait d\u00e9clencher un d\u00e9bat, \u00e0 l&rsquo;\u00e9poque on parlait de \u00ab&nbsp;<strong>dispute<\/strong>&nbsp;\u00bb, pour d\u00e9battre avec d&rsquo;autres de ce qu&rsquo;il avan\u00e7ait.<br \/>\n<\/span><\/p>\n<p><span style=\"color: #777777; font-family: Arial;\">Mon propos d&rsquo;aujourd&rsquo;hui se moque totalement du contenu des 95 th\u00e8ses qui sont 95 affirmations d&rsquo;une vingtaine de mots chacune. En revanche, je vais vous citer, in extenso, l&rsquo;introduction de ce texte historique&nbsp;:<br \/>\n<\/span><\/p>\n<p style=\"margin-left: 28pt;\"><span style=\"color: #c00000; font-family: Arial;\">\u00abPar amour pour la v\u00e9rit\u00e9 et dans le d\u00e9sir de la mettre en lumi\u00e8re, nous d\u00e9battrons \u00e0 Wittenberg des 95 th\u00e8ses ci-apr\u00e8s sous la pr\u00e9sidence du P\u00e8re Martin Luther, Ma\u00eetre \u00e8s Lettres et Docteur en Th\u00e9ologie, Professeur ordinaire en ce lieu. Nous demandons \u00e0 ceux qui ne peuvent \u00eatre ici pr\u00e9sent en ne pourront par cons\u00e9quent pas prendre part oralement au d\u00e9bat, de le faire par \u00e9crit. Au nom de notre Seigneur J\u00e9sus-Christ, Amen.\u00bb<br \/>\n<\/span><\/p>\n<p><span style=\"color: #777777; font-family: Arial;\">Il s&rsquo;agit pour prendre des termes modernes, d&rsquo;un d\u00e9bat intellectuel, de la confrontation d&rsquo;id\u00e9es dans l&rsquo;espace universitaire.<br \/>\n<\/span><\/p>\n<p><span style=\"color: #777777; font-family: Arial;\">Luther eut deux surprises&nbsp;:<br \/>\n<\/span><\/p>\n<ul>\n<li><span style=\"color: #777777; font-family: Arial;\">La premi\u00e8re c&rsquo;est ce que ce d\u00e9bat n&rsquo;a pas eu lieu&nbsp;;<br \/>\n<\/span><\/li>\n<li><span style=\"color: #777777; font-family: Arial;\">La seconde, c&rsquo;est que son texte a eu un \u00e9cho \u00e9norme, notamment en Allemagne et que pour diff\u00e9rentes raisons dont certaines politiques, il avait enclench\u00e9 un mouvement qui allait secouer l&rsquo;Occident et mener \u00e0 des guerres.<br \/>\n<\/span><\/li>\n<\/ul>\n<p><span style=\"color: #777777; font-family: Arial;\">Ce que je vous ai racont\u00e9 dans ce mot du jour est vrai \u00e0 peu pr\u00e8s, mais c&rsquo;est tr\u00e8s vrai \u00e0 peu pr\u00e8s. En tout cas beaucoup plus que la th\u00e8se officielle apprise dans nos livres d&rsquo;Histoire et que j&rsquo;ai rappel\u00e9 ci-avant.<br \/>\n<\/span><\/p>\n<p><a href=\"https:\/\/www.youtube.com\/watch?v=wE9MxlsPDWc&amp;t=1s\"><span style=\"font-family: Arial;\"><span style=\"color: #0000ff;\">&lt;Et je vous renvoie vers cette \u00e9mission de KTO cit\u00e9e pr\u00e9c\u00e9demment&gt;<\/span><\/span><\/a><span style=\"font-family: Arial;\"><br \/>\n<\/span><\/p>\n<p><span style=\"color: #777777; font-family: Arial;\">Vous conviendrez que l&rsquo;exergue sous forme de question \u00ab&nbsp;Une dispute qui termine mal&nbsp;?&nbsp;\u00bb est particuli\u00e8rement adapt\u00e9 \u00e0 ce que j&rsquo;ai d\u00e9velopp\u00e9 dans cet article.<br \/>\n<\/span><\/p>\n<p><span style=\"color: #c00000; font-family: Arial;\">&lt;956&gt;<span style=\"color: #777777;\">.<br \/>\n<\/span><\/span><\/p>\n","protected":false},"excerpt":{"rendered":"<p>\u00ab&nbsp;Une dispute qui termine mal&nbsp;?&nbsp;\u00bb Didier Poton de Xaintrailles, titre d\u2019une conf\u00e9rence \u00e0 la Rochelle \u00e0 propos des 95 th\u00e8ses de Luther. Trouver l&rsquo;exergue qui introduit ce que je souhaite partager dans le mot du jour est parfois compliqu\u00e9. Pour<\/p>\n","protected":false},"author":1,"featured_media":0,"comment_status":"open","ping_status":"closed","sticky":false,"template":"","format":"standard","meta":{"footnotes":""},"categories":[1],"tags":[47,17,34],"class_list":["post-3385","post","type-post","status-publish","format-standard","hentry","category-motdujour","tag-allemagne","tag-histoire","tag-religion"],"_links":{"self":[{"href":"https:\/\/lemotdujour.fr\/index.php?rest_route=\/wp\/v2\/posts\/3385","targetHints":{"allow":["GET"]}}],"collection":[{"href":"https:\/\/lemotdujour.fr\/index.php?rest_route=\/wp\/v2\/posts"}],"about":[{"href":"https:\/\/lemotdujour.fr\/index.php?rest_route=\/wp\/v2\/types\/post"}],"author":[{"embeddable":true,"href":"https:\/\/lemotdujour.fr\/index.php?rest_route=\/wp\/v2\/users\/1"}],"replies":[{"embeddable":true,"href":"https:\/\/lemotdujour.fr\/index.php?rest_route=%2Fwp%2Fv2%2Fcomments&post=3385"}],"version-history":[{"count":7,"href":"https:\/\/lemotdujour.fr\/index.php?rest_route=\/wp\/v2\/posts\/3385\/revisions"}],"predecessor-version":[{"id":12306,"href":"https:\/\/lemotdujour.fr\/index.php?rest_route=\/wp\/v2\/posts\/3385\/revisions\/12306"}],"wp:attachment":[{"href":"https:\/\/lemotdujour.fr\/index.php?rest_route=%2Fwp%2Fv2%2Fmedia&parent=3385"}],"wp:term":[{"taxonomy":"category","embeddable":true,"href":"https:\/\/lemotdujour.fr\/index.php?rest_route=%2Fwp%2Fv2%2Fcategories&post=3385"},{"taxonomy":"post_tag","embeddable":true,"href":"https:\/\/lemotdujour.fr\/index.php?rest_route=%2Fwp%2Fv2%2Ftags&post=3385"}],"curies":[{"name":"wp","href":"https:\/\/api.w.org\/{rel}","templated":true}]}}