{"id":3378,"date":"2016-11-02T15:55:59","date_gmt":"2016-11-02T14:55:59","guid":{"rendered":"http:\/\/lemotdujour.fr\/?p=3378"},"modified":"2021-09-26T21:14:04","modified_gmt":"2021-09-26T19:14:04","slug":"mercredi-2-novembre-2016","status":"publish","type":"post","link":"https:\/\/lemotdujour.fr\/?p=3378","title":{"rendered":"Mercredi 2 novembre 2016"},"content":{"rendered":"<div class=\"mdjTexte\">\t\u00ab&nbsp;Peter Sadlo\u00bb<\/div>\n<div class=\"mdjAuteur\">\t(27\/06\/1962 \u2013 29\/07\/2016) Percussionniste g\u00e9nial<\/div>\n<p><span style=\"color: #777777; font-family: Arial;\">Je partage avec Michel Rocard, l&rsquo;id\u00e9e et surtout l&rsquo;exp\u00e9rience que les plus grands et beaux moments de notre vie ne sont jamais li\u00e9s \u00e0 l&rsquo;argent.<br \/>\n<\/span><\/p>\n<p><span style=\"color: #777777; font-family: Arial;\">Pour ma part que pourrais-je citer&nbsp;?<br \/>\n<\/span><\/p>\n<ul>\n<li><span style=\"color: #777777; font-family: Arial;\">Ma rencontre avec ma douce compagne.<br \/>\n<\/span><\/li>\n<li><span style=\"color: #777777; font-family: Arial;\">La naissance de mes deux merveilleux enfants et des moments de partage avec eux.<br \/>\n<\/span><\/li>\n<li><span style=\"color: #777777; font-family: Arial;\">Et aussi de magnifiques moments artistiques.<br \/>\n<\/span><\/li>\n<\/ul>\n<p><span style=\"color: #777777; font-family: Arial;\">Et parmi ces moments, il en est qui est toujours pr\u00e9sent :&nbsp;c&rsquo;est le concert que donna en 1987 \u00e0 la salle Pleyel, Sergiu Celibidache avec son Orchestre Philharmonique de Munich dans la huiti\u00e8me symphonie de Bruckner.<br \/>\n<\/span><\/p>\n<p><span style=\"color: #777777; font-family: Arial;\">Je me souviens encore du visage baign\u00e9 de larmes d&rsquo;\u00e9motion de la jeune femme qui \u00e9tait assis devant moi et qui se tourna vers ses amis \u00e0 l&rsquo;issue de l&rsquo;adagio sublime.<br \/>\n<\/span><\/p>\n<p><span style=\"color: #777777; font-family: Arial;\">Et puis, il y eut le 4<sup>\u00e8me<\/sup> mouvement, o\u00f9 \u00e0 3 reprises, pendant quelques instants, intervint le timbalier de l&rsquo;orchestre philharmonique de Munich. Des moments de gr\u00e2ce, un artiste d&rsquo;exception, inexplicable&nbsp;: comment peut-on avec une intervention aussi restreinte et avec aussi peu de moyens : 4 timbales c&rsquo;est \u00e0 dire 4 notes, d\u00e9gager autant de charisme, de beaut\u00e9 et de force&nbsp;?<br \/>\n<\/span><\/p>\n<p><span style=\"color: #777777; font-family: Arial;\">A la fin du concert, il y eut bien s\u00fbr une standing ovation et lorsque Celibidache d\u00e9signa, comme premier musicien \u00e0 saluer, le percussionniste, une immense ferveur se manifesta dans le public.<br \/>\n<\/span><\/p>\n<p><span style=\"color: #777777; font-family: Arial;\">C&rsquo;\u00e9tait il y a 29 ans et j&rsquo;avais 29 ans.<br \/>\n<\/span><\/p>\n<p><span style=\"color: #777777; font-family: Arial;\">A l&rsquo;issue du concert, j&rsquo;appelais imm\u00e9diatement mon grand fr\u00e8re G\u00e9rard, qui venait de quitter Paris et l&rsquo;Op\u00e9ra pour le poste de violon solo de l&rsquo;Orchestre Philharmonique des Pays de la Loire \u00e0 Nantes pour lui dire mon \u00e9motion devant ce concert et particuli\u00e8rement ce percussionniste dont j&rsquo;ignorais le nom.<br \/>\n<\/span><\/p>\n<p><span style=\"color: #777777; font-family: Arial;\">R\u00e9cemment je d\u00e9couvris sur Youtube un enregistrement \u00e0 Tokyo de cette symphonie de Bruckner avec Celibidache et je retrouvais ce percussionniste et les formidables sensations de l&rsquo;\u00e9poque.<br \/>\n<\/span><\/p>\n<p><span style=\"color: #777777; font-family: Arial;\">Quand mon fr\u00e8re vint me rendre visite il y a quelques semaines, je lui montrais cet enregistrement en d\u00e9plorant de ne pas conna\u00eetre le nom de cet artiste.<br \/>\n<\/span><\/p>\n<p><span style=\"color: #777777; font-family: Arial;\">Et ce week end, il m&rsquo;annon\u00e7a qu&rsquo;il avait trouv\u00e9 le nom du percussionniste&nbsp;: <strong>Peter Sadlo<\/strong> mais que malheureusement il venait de mourir le 29 juillet 2016, \u00e0 l&rsquo;\u00e2ge de 54 ans suite \u00e0 une op\u00e9ration chirurgicale.<br \/>\n<\/span><\/p>\n<p><img loading=\"lazy\" decoding=\"async\" class=\"alignleft\" src=\"https:\/\/lemotdujour.fr\/wp-content\/uploads\/2017\/10\/102117_1355_Mercredi2no1.jpg\" alt=\"\" width=\"442\" height=\"216\"><span style=\"color: #777777; font-family: Arial;\">Alors ce week end, j&rsquo;ai fait des recherches approfondies sur cet artiste et j&rsquo;ai constat\u00e9 qu&rsquo;il faisait l&rsquo;unanimit\u00e9. Beaucoup parle de lui comme le percussionniste le plus g\u00e9nial de son \u00e9poque et les vid\u00e9os que j&rsquo;ai pu voir m&rsquo;ont \u00e9poustoufl\u00e9 : la diversit\u00e9 des instruments qu&rsquo;il jouait, sa technique notamment sur un marimba (grand xylophone), sa musicalit\u00e9, les nuances dont il \u00e9tait capable sont fascinantes.<br \/>\n<\/span><\/p>\n<p><span style=\"color: #777777; font-family: Arial;\">Suite \u00e0 un malentendu, j&rsquo;ai \u00e9t\u00e9 entra\u00een\u00e9 \u00e0 assister, le 17 octobre, &nbsp;\u00e0 un concert \u00e0 l&rsquo;Auditorium de Lyon d&rsquo;une pianiste&nbsp;: Hiromi accompagn\u00e9e d&rsquo;une basse et d&rsquo;une batterie. Ce sont certainement des artistes de qualit\u00e9, mais le son \u00e9tait tellement amplifi\u00e9 et satur\u00e9 que je suis incapable d&rsquo;en juger. C&rsquo;est un son sans aucune nuance, en r\u00e8gle g\u00e9n\u00e9rale c&rsquo;est tr\u00e8s tr\u00e8s fort quelquefois un peu moins fort, mais quasi toujours uniforme. La pianiste n&rsquo;avait retenu du piano que le fait qu&rsquo;il s&rsquo;agit aussi d&rsquo;un instrument \u00e0 percussion et voulait donc rivaliser avec la batterie pour savoir celui qui \u00e9tait capable de produire le plus de d\u00e9cibels. Pour ce faire elle se levait pour pouvoir mieux cogner sur ce pauvre instrument qui est \u00e0 percussion mais aussi \u00e0 cordes. Je me suis efforc\u00e9 de rester jusqu&rsquo;au bout en essayant de comprendre l&rsquo;enthousiasme du public fort nombreux qui m&rsquo;entourait. En toute humilit\u00e9, je n&rsquo;ai toujours pas compris.<br \/>\n<\/span><\/p>\n<p><span style=\"color: #777777; font-family: Arial;\">Peter Sadlo faisait de la musique, produisait un son non satur\u00e9 m\u00eame s&rsquo;il \u00e9tait fort et \u00e9tait capable de faire des nuances. Son r\u00e9pertoire n&rsquo;\u00e9tait pas forc\u00e9ment classique, et quelquefois il utilisait des objets improbables pour faire du rythme et des nuances.<br \/>\n<\/span><\/p>\n<p><span style=\"color: #777777; font-family: Arial;\">Voici une vid\u00e9o o\u00f9 sont pr\u00e9sent\u00e9s diff\u00e9rentes facettes de son talent et il y a notamment un des extraits de la 8<sup>\u00e8me<\/sup> symphonie (\u00e0 6mn42) dont je parlais tant\u00f4t&nbsp;<span style=\"color: #0000ff;\">: <\/span><a href=\"https:\/\/www.youtube.com\/watch?v=eFj886x6q34\"><span style=\"color: #0000ff;\">https:\/\/www.youtube.com\/watch?v=eFj886x6q34<\/span><\/a><\/span><\/p>\n<p><span style=\"color: #777777; font-family: Arial;\">Ici il y a deux petites \u0153uvres o\u00f9 il joue un marimba avec quelques autres amis percussionnistes : <\/span><span style=\"color: #777777; font-family: Arial;\"><span style=\"color: #0000ff;\"><a href=\"https:\/\/www.youtube.com\/watch?v=xMPF8bGiUMs\"><span style=\"color: #0000ff;\">https:\/\/www.youtube.com\/watch?v=xMPF8bGiUMs<\/span><\/a><\/span> &amp; <\/span><span style=\"color: #0000ff; font-family: Arial;\"> <a href=\"https:\/\/www.youtube.com\/watch?v=YOE272lWOtw\"><span style=\"color: #0000ff;\">https:\/\/www.youtube.com\/watch?v=YOE272lWOtw<\/span><\/a><\/span><\/p>\n<p><span style=\"color: #777777; font-family: Arial;\">Et ici un moment d&rsquo;anthologie une \u0153uvre contemporaine qui est un concerto pour percussion et orchestre absolument \u00e9poustouflant : <\/span><\/p>\n<p><iframe loading=\"lazy\" width=\"720\" height=\"405\" src=\"https:\/\/www.youtube.com\/embed\/Oc0NWXSyVJ0?feature=oembed\" frameborder=\"0\" allowfullscreen><\/iframe><\/p>\n<p><span style=\"color: #777777; font-family: Arial;\">En live, je ne l&rsquo;ai entendu qu&rsquo;une seule fois mais je ne l&rsquo;oublierai jamais.<\/span><\/p>\n<p><span style=\"color: #800000;\">&lt;780&gt;<\/span><\/p>\n","protected":false},"excerpt":{"rendered":"<p>\u00ab&nbsp;Peter Sadlo\u00bb (27\/06\/1962 \u2013 29\/07\/2016) Percussionniste g\u00e9nial Je partage avec Michel Rocard, l&rsquo;id\u00e9e et surtout l&rsquo;exp\u00e9rience que les plus grands et beaux moments de notre vie ne sont jamais li\u00e9s \u00e0 l&rsquo;argent. Pour ma part que pourrais-je citer&nbsp;? Ma rencontre<\/p>\n","protected":false},"author":1,"featured_media":0,"comment_status":"open","ping_status":"closed","sticky":false,"template":"","format":"standard","meta":{"footnotes":""},"categories":[1],"tags":[29,20,19],"class_list":["post-3378","post","type-post","status-publish","format-standard","hentry","category-motdujour","tag-hommage","tag-musique","tag-personnel"],"_links":{"self":[{"href":"https:\/\/lemotdujour.fr\/index.php?rest_route=\/wp\/v2\/posts\/3378","targetHints":{"allow":["GET"]}}],"collection":[{"href":"https:\/\/lemotdujour.fr\/index.php?rest_route=\/wp\/v2\/posts"}],"about":[{"href":"https:\/\/lemotdujour.fr\/index.php?rest_route=\/wp\/v2\/types\/post"}],"author":[{"embeddable":true,"href":"https:\/\/lemotdujour.fr\/index.php?rest_route=\/wp\/v2\/users\/1"}],"replies":[{"embeddable":true,"href":"https:\/\/lemotdujour.fr\/index.php?rest_route=%2Fwp%2Fv2%2Fcomments&post=3378"}],"version-history":[{"count":6,"href":"https:\/\/lemotdujour.fr\/index.php?rest_route=\/wp\/v2\/posts\/3378\/revisions"}],"predecessor-version":[{"id":12159,"href":"https:\/\/lemotdujour.fr\/index.php?rest_route=\/wp\/v2\/posts\/3378\/revisions\/12159"}],"wp:attachment":[{"href":"https:\/\/lemotdujour.fr\/index.php?rest_route=%2Fwp%2Fv2%2Fmedia&parent=3378"}],"wp:term":[{"taxonomy":"category","embeddable":true,"href":"https:\/\/lemotdujour.fr\/index.php?rest_route=%2Fwp%2Fv2%2Fcategories&post=3378"},{"taxonomy":"post_tag","embeddable":true,"href":"https:\/\/lemotdujour.fr\/index.php?rest_route=%2Fwp%2Fv2%2Ftags&post=3378"}],"curies":[{"name":"wp","href":"https:\/\/api.w.org\/{rel}","templated":true}]}}