{"id":3370,"date":"2017-10-19T04:00:31","date_gmt":"2017-10-19T02:00:31","guid":{"rendered":"http:\/\/lemotdujour.fr\/?p=3370"},"modified":"2021-09-29T20:52:39","modified_gmt":"2021-09-29T18:52:39","slug":"jeudi-19-octobre-2017","status":"publish","type":"post","link":"https:\/\/lemotdujour.fr\/?p=3370","title":{"rendered":"Jeudi 19 Octobre 2017"},"content":{"rendered":"<div class=\"mdjTexte\">\t\u00ab D\u00e8s que [Jacqueline Du Pr\u00e9] commen\u00e7a de jouer, je fus comme hypnotis\u00e9. \u00bb<\/div>\n<div class=\"mdjAuteur\">\tPlacido Domingo<\/div>\n<p><span style=\"color: #777777; font-family: Arial;\">Cette chronique quotidienne est partage.<br \/>\n<\/span><\/p>\n<p><span style=\"color: #777777; font-family: Arial;\">Je ne peux partager que ce que je comprends, ce qui m&rsquo;interpelle, qui r\u00e9sonne en moi, qui m&rsquo;\u00e9meut.<br \/>\n<\/span><\/p>\n<p><span style=\"color: #777777; font-family: Arial;\">Je suis n\u00e9 dans une famille de musiciens. Mon p\u00e8re, mon fr\u00e8re ain\u00e9 en ont fait leur beau m\u00e9tier.<br \/>\n<\/span><\/p>\n<p><span style=\"color: #777777; font-family: Arial;\">Le destin, les circonstances, mes envies ne m&rsquo;ont pas conduit vers ce m\u00eame chemin.<br \/>\n<\/span><\/p>\n<p><span style=\"color: #777777; font-family: Arial;\">Mais la musique occupe une place essentielle dans ma vie, parce qu&rsquo;elle me fait du bien, parce qu&rsquo;elle me nourrit, parce qu&rsquo;elle m&rsquo;apaise, parce qu&rsquo;elle me donne de la joie.<br \/>\n<\/span><\/p>\n<p><img decoding=\"async\" class=\"alignleft\" src=\"https:\/\/lemotdujour.fr\/wp-content\/uploads\/2017\/10\/101517_2109_Jeudi19Octo1.jpg\" alt=\"\" align=\"left\"><span style=\"color: #777777; font-family: Arial;\">Et dans ce monde de la musique, je me suis construit un panth\u00e9on.<br \/>\n<\/span><\/p>\n<p><span style=\"color: #777777; font-family: Arial;\">Une des plus belles places dans ce panth\u00e9on est occup\u00e9e par la violoncelliste <strong>Jacqueline Du Pr\u00e9<\/strong>.<br \/>\n<\/span><\/p>\n<p><span style=\"color: #777777; font-family: Arial;\">Elle \u00e9tait lumineuse, passionn\u00e9e, elle d\u00e9gageait une \u00e9motion imm\u00e9diatement perceptible.<br \/>\n<\/span><\/p>\n<p><span style=\"color: #777777; font-family: Arial;\">Elle eut un destin tragique.<br \/>\n<\/span><\/p>\n<p><span style=\"color: #777777; font-family: Arial;\">Elle nous a quitt\u00e9s <strong>il y a exactement 30 ans, le 19 octobre 1987. Elle avait 42 ans<\/strong>.<br \/>\n<\/span><\/p>\n<p><span style=\"color: #777777; font-family: Arial;\">Mais en r\u00e9alit\u00e9, elle nous avait quitt\u00e9s bien avant. En 1971, elle avait 26 ans, ses capacit\u00e9s de jeu avaient entam\u00e9 un d\u00e9clin irr\u00e9versible car l&rsquo;artiste avait commenc\u00e9 \u00e0 perdre la sensibilit\u00e9 et la mobilit\u00e9 de ses doigts. Elle a d\u00fb, alors tr\u00e8s vite, arr\u00eater sa carri\u00e8re. Elle \u00e9tait atteinte de scl\u00e9rose en plaques, maladie qui, par ses complications, a caus\u00e9 son d\u00e9c\u00e8s.<br \/>\n<\/span><\/p>\n<p><span style=\"color: #777777; font-family: Arial;\">Ce fut une com\u00e8te, une musicienne extraordinairement pr\u00e9coce, pleine d&rsquo;intensit\u00e9 comme si d\u00e8s le d\u00e9but elle savait qu&rsquo;elle aurait si peu de temps pour s&rsquo;exprimer.<br \/>\n<\/span><\/p>\n<p><span style=\"color: #777777; font-family: Arial;\">Le grand violoniste Yehudi Menuhin a dit&nbsp;:<br \/>\n<\/span><\/p>\n<p style=\"margin-left: 28pt;\"><span style=\"color: #c00000; font-family: Arial;\">\u00ab&nbsp;Lorsque je la regarde, lorsque je l&rsquo;\u00e9coute, je me sens tout petit devant tant d&rsquo;esprit, honteux de la moindre indulgence vis-\u00e0-vis de moi-m\u00eame et particuli\u00e8rement fier d&rsquo;avoir, aussi peu que ce soit, fait de la musique avec elle.&nbsp;\u00bb<br \/>\n<\/span><\/p>\n<p><span style=\"color: #777777; font-family: Arial;\">Et j&rsquo;ai mis en exergue ce propos du chanteur Placido Domingo&nbsp;:<br \/>\n<\/span><\/p>\n<p style=\"margin-left: 28pt;\"><span style=\"color: #c00000; font-family: Arial;\">\u00ab&nbsp;D\u00e8s qu&rsquo;elle commen\u00e7a de jouer, je fus comme hypnotis\u00e9. J&rsquo;ai \u00e9t\u00e9 imm\u00e9diatement convaincu par sa ma\u00eetrise, sa concentration, qui faisait chanter son violoncelle comme je n&rsquo;en ai entendu chanter aucun autre.&nbsp;\u00bb<br \/>\n<\/span><\/p>\n<p><span style=\"color: #777777; font-family: Arial;\">Vous trouverez sur Youtube <a href=\"https:\/\/www.youtube.com\/watch?v=UUgdbqt2ON0\"><span style=\"color: #0000ff;\">&lt;Cette interpr\u00e9tation<\/span> <span style=\"color: #0000ff;\">magistrale du Concerto d&rsquo;Elgar&gt;<\/span>.<\/a><br \/>\n<\/span><\/p>\n<p><span style=\"color: #777777; font-family: Arial;\">Et puis, r\u00e9alis\u00e9 par Christopher Nuppen un reportage et un concert extraordinaire o\u00f9 5 jeunes artistes dont Jacqueline Du Pr\u00e9 interpr\u00e8tent la plus belle version du <span style=\"color: #0000ff;\"><a href=\"https:\/\/www.youtube.com\/watch?v=VNBiJcsnJ6M\">&lt;<span style=\"color: #0000ff;\">quintette la Truite<\/span> <span style=\"color: #0000ff;\">de Schubert&gt;<\/span><\/a><\/span><br \/>\n<\/span><\/p>\n<p><span style=\"color: #777777; font-family: Arial;\">Et si vous voulez des propositions de CD, j&rsquo;en propose deux&nbsp;:<br \/>\n<\/span><\/p>\n<p><a href=\"https:\/\/musique.fnac.com\/a10977221\/Robert-Schumann-Schumann-Saint-Saens-Cello-Concertos-CD-album?omnsearchpos=9\"><img loading=\"lazy\" decoding=\"async\" class=\"\" src=\"https:\/\/lemotdujour.fr\/wp-content\/uploads\/2017\/10\/101517_2109_Jeudi19Octo2.jpg\" alt=\"\" width=\"300\" height=\"300\" border=\"0\"><\/a><span style=\"color: #777777; font-family: Arial;\"><br \/>\n<a href=\"https:\/\/musique.fnac.com\/a10437321\/Edward-Elgar-Elgar-Cello-Concerto-Sea-Pictures-Vinyl-album?omnsearchpos=16\"><img loading=\"lazy\" decoding=\"async\" class=\"\" src=\"https:\/\/lemotdujour.fr\/wp-content\/uploads\/2017\/10\/101517_2109_Jeudi19Octo3.jpg\" alt=\"\" width=\"300\" height=\"300\" border=\"0\"><\/a><br \/>\n<\/span><\/p>\n<p><span style=\"color: #777777; font-family: Arial;\">Et je finirai par une rose, car le nom de Jacqueline Du Pr\u00e9 a \u00e9t\u00e9 donn\u00e9 \u00e0 une rose&nbsp;:<br \/>\n<\/span><\/p>\n<p><img loading=\"lazy\" decoding=\"async\" class=\"\" src=\"https:\/\/lemotdujour.fr\/wp-content\/uploads\/2017\/10\/101517_2109_Jeudi19Octo4.jpg\" alt=\"\" width=\"424\" height=\"390\"><span style=\"color: #777777; font-family: Arial;\"><br \/>\n<\/span><\/p>\n<p><a href=\"http:\/\/www.mooseyscountrygarden.com\/rose-garden\/rose-jacqueline-dupres.html\"><span style=\"font-family: Arial;\">&lt;<span style=\"color: #0000ff;\">Vous trouverez plus de pr\u00e9cisions derri\u00e8re ce lien<\/span>&gt;<\/span><\/a><span style=\"font-family: Arial;\"><br \/>\n<\/span><\/p>\n<p><span style=\"font-family: Arial; color: #800000;\">&lt;953&gt;<\/span><\/p>\n","protected":false},"excerpt":{"rendered":"<p>\u00ab D\u00e8s que [Jacqueline Du Pr\u00e9] commen\u00e7a de jouer, je fus comme hypnotis\u00e9. \u00bb Placido Domingo Cette chronique quotidienne est partage. Je ne peux partager que ce que je comprends, ce qui m&rsquo;interpelle, qui r\u00e9sonne en moi, qui m&rsquo;\u00e9meut. Je<\/p>\n","protected":false},"author":1,"featured_media":0,"comment_status":"open","ping_status":"closed","sticky":false,"template":"","format":"standard","meta":{"footnotes":""},"categories":[1],"tags":[29,20,19],"class_list":["post-3370","post","type-post","status-publish","format-standard","hentry","category-motdujour","tag-hommage","tag-musique","tag-personnel"],"_links":{"self":[{"href":"https:\/\/lemotdujour.fr\/index.php?rest_route=\/wp\/v2\/posts\/3370","targetHints":{"allow":["GET"]}}],"collection":[{"href":"https:\/\/lemotdujour.fr\/index.php?rest_route=\/wp\/v2\/posts"}],"about":[{"href":"https:\/\/lemotdujour.fr\/index.php?rest_route=\/wp\/v2\/types\/post"}],"author":[{"embeddable":true,"href":"https:\/\/lemotdujour.fr\/index.php?rest_route=\/wp\/v2\/users\/1"}],"replies":[{"embeddable":true,"href":"https:\/\/lemotdujour.fr\/index.php?rest_route=%2Fwp%2Fv2%2Fcomments&post=3370"}],"version-history":[{"count":5,"href":"https:\/\/lemotdujour.fr\/index.php?rest_route=\/wp\/v2\/posts\/3370\/revisions"}],"predecessor-version":[{"id":12285,"href":"https:\/\/lemotdujour.fr\/index.php?rest_route=\/wp\/v2\/posts\/3370\/revisions\/12285"}],"wp:attachment":[{"href":"https:\/\/lemotdujour.fr\/index.php?rest_route=%2Fwp%2Fv2%2Fmedia&parent=3370"}],"wp:term":[{"taxonomy":"category","embeddable":true,"href":"https:\/\/lemotdujour.fr\/index.php?rest_route=%2Fwp%2Fv2%2Fcategories&post=3370"},{"taxonomy":"post_tag","embeddable":true,"href":"https:\/\/lemotdujour.fr\/index.php?rest_route=%2Fwp%2Fv2%2Ftags&post=3370"}],"curies":[{"name":"wp","href":"https:\/\/api.w.org\/{rel}","templated":true}]}}