{"id":3359,"date":"2017-10-20T04:00:25","date_gmt":"2017-10-20T02:00:25","guid":{"rendered":"http:\/\/lemotdujour.fr\/?p=3359"},"modified":"2021-09-29T11:12:42","modified_gmt":"2021-09-29T09:12:42","slug":"vendredi-20-octobre-2017","status":"publish","type":"post","link":"https:\/\/lemotdujour.fr\/?p=3359","title":{"rendered":"Vendredi 20 octobre 2017"},"content":{"rendered":"<div class=\"mdjTexte\">\t\u00ab&nbsp;Le Taj mahal doit \u00eatre retir\u00e9 des brochures touristiques indiennes parce qu\u2019il est musulman&nbsp;\u00bb<\/div>\n<div class=\"mdjAuteur\">\tLes responsables de l\u2019Etat indien de l\u2019Uttar Pradesh<\/div>\n<p><span style=\"color: #777777; font-family: Arial;\">O\u00f9 s&rsquo;arr\u00eatera la b\u00eatise de certains religieux&nbsp;?<br \/>\n<\/span><\/p>\n<p><span style=\"color: #777777; font-family: Arial;\">Je reste prudent et mesur\u00e9&nbsp;: tous les religieux et croyants ne sont pas des sectaires d\u00e9biles.<br \/>\n<\/span><\/p>\n<p><span style=\"color: #777777; font-family: Arial;\">Mais force est de constater qu&rsquo;aucune religion n&rsquo;est \u00e9pargn\u00e9e de la pr\u00e9sence d&rsquo;obscurantistes cr\u00e9tinis\u00e9s.<br \/>\n<\/span><\/p>\n<p><span style=\"color: #777777; font-family: Arial;\">Apr\u00e8s les bouddhistes qui s&rsquo;attaquent aux musulmans rohingyas, voici que des hindouistes s&rsquo;attaquent au Taj Mahal parce qu&rsquo;il est l&rsquo;\u0153uvre d&rsquo;un musulman.<br \/>\n<\/span><\/p>\n<p><a href=\"http:\/\/abonnes.lemonde.fr\/m-actu\/article\/2017\/10\/13\/cachez-ce-taj-mahal-que-les-extremistes-hindous-ne-sauraient-voir_5200572_4497186.html\"><span style=\"font-family: Arial;\"><span style=\"color: #0000ff;\">&lt;Le Monde<\/span>&gt;<\/span><\/a><span style=\"color: #777777; font-family: Arial;\"> nous apprend \u00e0 propos du Taj Mahal que&nbsp;:<br \/>\n<\/span><\/p>\n<p style=\"margin-left: 28pt;\"><span style=\"color: #c00000; font-family: Arial;\">Les extr\u00e9mistes hindous au pouvoir dans l&rsquo;Etat indien de l&rsquo;Uttar Pradesh l&rsquo;ont sorti de leur brochure touristique. Le monument du XVIIe si\u00e8cle avait le malheur de porter la signature d&rsquo;un empereur moghol, Sh\u00e2h Jah\u00e2n, qui, selon la l\u00e9gende, l&rsquo;a \u00e9rig\u00e9 en m\u00e9moire de son \u00e9pouse d\u00e9funte, Mumtaz Mahal. Dans la nouvelle Inde des extr\u00e9mistes hindous, les monuments construits par les musulmans ne font pas partie du patrimoine national.<br \/>\n<\/span><\/p>\n<p style=\"margin-left: 28pt;\"><span style=\"color: #c00000; font-family: Arial;\">En juin, \u00ab Yogi \u00bb Adityanath, le pr\u00eatre hindou \u00e0 la t\u00eate de l&rsquo;Uttar Pradesh, s&rsquo;en est pris \u00e0 tous ceux qui avaient l&rsquo;outrecuidance d&rsquo;offrir aux hauts dignitaires \u00e9trangers des \u00ab r\u00e9pliques du Taj Mahal \u00bb ou \u00ab de minarets \u00bb qui ne sont pas en \u00ab consonance avec la culture indienne \u00bb. Depuis l&rsquo;arriv\u00e9e au pouvoir de Narendra Modi en 2014, les chefs d&rsquo;\u00c9tat \u00e9trangers \u00e9vitent d&rsquo;ailleurs soigneusement de visiter le Taj Mahal, encore plus de se faire prendre en photo devant.<br \/>\n<\/span><\/p>\n<p style=\"margin-left: 28pt;\"><span style=\"color: #c00000; font-family: Arial;\">Avneesh Awasthi, le directeur du tourisme pour l&rsquo;Uttar Pradesh, a voulu d\u00e9samorcer les critiques en expliquant que le guide intitul\u00e9 \u00ab Tourisme en Uttar Pradesh : son haut potentiel \u00bb ne comprenait que les projets du gouvernement dans le secteur touristique. Une d\u00e9fense qui n&rsquo;a pas vraiment convaincu, puisque le Taj Mahal est justement l&rsquo;un de ces monuments indiens au \u00ab potentiel \u00bb touristique important et qu&rsquo;il souffre d&rsquo;un manque d&rsquo;investissements.<br \/>\n<\/span><\/p>\n<p style=\"margin-left: 28pt;\"><span style=\"color: #c00000; font-family: Arial;\">Le mausol\u00e9e de marbre blanc attire 6 millions de visiteurs chaque ann\u00e9e et fait travailler des dizaines de milliers d&rsquo;Indiens. Apr\u00e8s avoir d\u00e9cim\u00e9 l&rsquo;industrie de la viande et du cuir \u2013 en fermant les abattoirs soup\u00e7onn\u00e9s de tuer des vaches \u2013, le gouvernement de \u00ab Yogi \u00bb Adityanath n&rsquo;est sans doute pas \u00e0 quelques dizaines de milliers d&#8217;emplois pr\u00e8s.<br \/>\n<\/span><\/p>\n<p style=\"margin-left: 28pt;\"><span style=\"color: #c00000; font-family: Arial;\">Quels sont les lieux touristiques que le gouvernement de l&rsquo;Uttar Pradesh veut promouvoir \u00e0 la place du Taj Mahal ? Des fonds ont \u00e9t\u00e9 d\u00e9bloqu\u00e9s pour app\u00e2ter les touristes dans le village natal de Deendayal Upadhyay, id\u00e9ologue des extr\u00e9mistes hindous, grand d\u00e9fenseur du syst\u00e8me des castes et ennemi du s\u00e9cularisme. Pas s\u00fbr que le personnage, et encore moins la maison o\u00f9 il est n\u00e9, attirent les foules du monde entier.<br \/>\n<\/span><\/p>\n<p style=\"margin-left: 28pt;\"><span style=\"color: #c00000; font-family: Arial;\">Les autorit\u00e9s veulent aussi promouvoir des circuits touristiques \u00ab spirituels \u00bb, autour de l&rsquo;\u00e9pop\u00e9e mythologique du R\u00e2m\u00e2yana par exemple, ou du bouddhisme \u2013 bref, autour de toutes les traditions spirituelles ayant travers\u00e9 le nord de l&rsquo;Inde, sauf l&rsquo;islam.<br \/>\n<\/span><\/p>\n<p style=\"margin-left: 28pt;\"><span style=\"color: #c00000; font-family: Arial;\">Les touristes pourront, sinon, visiter un ravissant petit temple qui se trouve \u00e0 une bonne dizaine d&rsquo;heures de route du Taj Mahal. Laxmi Narayan Chaudhary, le ministre de la culture de l&rsquo;Uttar Pradesh, en a fait la promotion lui-m\u00eame : \u00ab Le Taj Mahal a \u00e9t\u00e9 sorti du guide touristique \u00e0 juste titre et devrait \u00eatre remplac\u00e9 par le Guru Gorakhnath Peeth. \u00bb<br \/>\n<\/span><\/p>\n<p style=\"margin-left: 28pt;\"><span style=\"color: #c00000; font-family: Arial;\">Malgr\u00e9 sa structure en marbre blanc, ou plut\u00f4t gris\u00e2tre, ce temple ne pr\u00e9sente aucun int\u00e9r\u00eat historique ni architectural. Mais il est g\u00e9r\u00e9 par \u00ab Yogi \u00bb Adityanath, nouveau dirigeant de l&rsquo;Uttar Pradesh, et m\u00e9riterait \u00e0 ce titre de devenir la septi\u00e8me merveille du monde.<br \/>\n<\/span><\/p>\n<p style=\"margin-left: 28pt;\"><span style=\"color: #c00000; font-family: Arial;\">Le Taj Mahal aurait une chance de figurer dans la brochure touristique si seulement il \u00e9tait d\u00e9clar\u00e9 comme un temple hindou. Le plus s\u00e9rieusement du monde, quelques extr\u00e9mistes ont saisi le tribunal d&rsquo;Agra afin que le Taj Mahal soit consid\u00e9r\u00e9 comme tel. Ils pr\u00e9tendent que le mausol\u00e9e a \u00e9t\u00e9 construit \u00e0 l&#8217;emplacement du temple Tejo Mahalaya, d\u00e9di\u00e9 au dieu Shiva. La justice leur a donn\u00e9 tort, fin septembre.<br \/>\n<\/span><\/p>\n<p style=\"margin-left: 28pt;\"><span style=\"color: #c00000; font-family: Arial;\">Pour les touristes int\u00e9ress\u00e9s par la d\u00e9couverte de l&rsquo;extr\u00e9misme hindou plut\u00f4t que par l&rsquo;architecture moghole, l&rsquo;Uttar Pradesh est devenu la destination id\u00e9ale.&nbsp;\u00bb<br \/>\n<\/span><\/p>\n<p><span style=\"color: #777777; font-family: Arial;\">Les \u00ab&nbsp;cons \u00e7a osent tout, c&rsquo;est m\u00eame \u00e0 cela qu&rsquo;on les reconna\u00eet.&nbsp;\u00bb<br \/>\n<\/span><\/p>\n<p><span style=\"color: #777777; font-family: Arial;\">\u00c7a c&rsquo;est du Michel Audiard.<br \/>\n<\/span><\/p>\n<p><span style=\"color: #777777; font-family: Arial;\">Mais m\u00eame \u00e0 Audiard on ne peut plus faire confiance, nous apprenons qu&rsquo;il a \u00e9crit <a href=\"http:\/\/www.lexpress.fr\/culture\/des-ecrits-antisemites-de-michel-audiard-exhumes-70-ans-plus-tard_1951887.html\"><span style=\"color: #0000ff;\">des choses<\/span> <span style=\"color: #0000ff;\">ignobles<\/span><\/a> dans les journaux collaborationnismes.<br \/>\n<\/span><\/p>\n<p><span style=\"color: #777777; font-family: Arial;\">Alors contemplons la beaut\u00e9 du Taj Mahal<br \/>\n<\/span><\/p>\n<figure id=\"attachment_3362\" aria-describedby=\"caption-attachment-3362\" style=\"width: 1254px\" class=\"wp-caption alignnone\"><img loading=\"lazy\" decoding=\"async\" class=\"size-full wp-image-3362\" src=\"https:\/\/lemotdujour.fr\/wp-content\/uploads\/2017\/10\/tajmahal.jpg\" alt=\"\" width=\"1254\" height=\"836\" srcset=\"https:\/\/lemotdujour.fr\/wp-content\/uploads\/2017\/10\/tajmahal.jpg 1254w, https:\/\/lemotdujour.fr\/wp-content\/uploads\/2017\/10\/tajmahal-300x200.jpg 300w, https:\/\/lemotdujour.fr\/wp-content\/uploads\/2017\/10\/tajmahal-768x512.jpg 768w, https:\/\/lemotdujour.fr\/wp-content\/uploads\/2017\/10\/tajmahal-1024x683.jpg 1024w\" sizes=\"auto, (max-width: 1254px) 100vw, 1254px\" \/><figcaption id=\"caption-attachment-3362\" class=\"wp-caption-text\"><span style=\"color: #800000;\">&lt;954&gt;<\/span><\/figcaption><\/figure>\n","protected":false},"excerpt":{"rendered":"<p>\u00ab&nbsp;Le Taj mahal doit \u00eatre retir\u00e9 des brochures touristiques indiennes parce qu\u2019il est musulman&nbsp;\u00bb Les responsables de l\u2019Etat indien de l\u2019Uttar Pradesh O\u00f9 s&rsquo;arr\u00eatera la b\u00eatise de certains religieux&nbsp;? Je reste prudent et mesur\u00e9&nbsp;: tous les religieux et croyants ne<\/p>\n","protected":false},"author":1,"featured_media":0,"comment_status":"open","ping_status":"closed","sticky":false,"template":"","format":"standard","meta":{"footnotes":""},"categories":[1],"tags":[46,18,34],"class_list":["post-3359","post","type-post","status-publish","format-standard","hentry","category-motdujour","tag-art","tag-international","tag-religion"],"_links":{"self":[{"href":"https:\/\/lemotdujour.fr\/index.php?rest_route=\/wp\/v2\/posts\/3359","targetHints":{"allow":["GET"]}}],"collection":[{"href":"https:\/\/lemotdujour.fr\/index.php?rest_route=\/wp\/v2\/posts"}],"about":[{"href":"https:\/\/lemotdujour.fr\/index.php?rest_route=\/wp\/v2\/types\/post"}],"author":[{"embeddable":true,"href":"https:\/\/lemotdujour.fr\/index.php?rest_route=\/wp\/v2\/users\/1"}],"replies":[{"embeddable":true,"href":"https:\/\/lemotdujour.fr\/index.php?rest_route=%2Fwp%2Fv2%2Fcomments&post=3359"}],"version-history":[{"count":6,"href":"https:\/\/lemotdujour.fr\/index.php?rest_route=\/wp\/v2\/posts\/3359\/revisions"}],"predecessor-version":[{"id":12246,"href":"https:\/\/lemotdujour.fr\/index.php?rest_route=\/wp\/v2\/posts\/3359\/revisions\/12246"}],"wp:attachment":[{"href":"https:\/\/lemotdujour.fr\/index.php?rest_route=%2Fwp%2Fv2%2Fmedia&parent=3359"}],"wp:term":[{"taxonomy":"category","embeddable":true,"href":"https:\/\/lemotdujour.fr\/index.php?rest_route=%2Fwp%2Fv2%2Fcategories&post=3359"},{"taxonomy":"post_tag","embeddable":true,"href":"https:\/\/lemotdujour.fr\/index.php?rest_route=%2Fwp%2Fv2%2Ftags&post=3359"}],"curies":[{"name":"wp","href":"https:\/\/api.w.org\/{rel}","templated":true}]}}