{"id":3331,"date":"2017-10-13T03:30:58","date_gmt":"2017-10-13T01:30:58","guid":{"rendered":"http:\/\/lemotdujour.fr\/?p=3331"},"modified":"2021-09-29T21:14:52","modified_gmt":"2021-09-29T19:14:52","slug":"vendredi-13-octobre-2017","status":"publish","type":"post","link":"https:\/\/lemotdujour.fr\/?p=3331","title":{"rendered":"Vendredi 13 octobre 2017"},"content":{"rendered":"<div class=\"mdjTexte\">\t\u00ab&nbsp;Un anniversaire&nbsp;\u00bb<\/div>\n<div class=\"mdjAuteur\">\tRetour annuel d\u2019un jour marqu\u00e9 par un \u00e9v\u00e9nement<\/div>\n<p><span style=\"color: #777777; font-family: Arial;\">Avant qu&rsquo;homo sapiens puisse f\u00eater un anniversaire, il a fallu qu&rsquo;il invente plusieurs choses.<br \/>\n<\/span><\/p>\n<ul>\n<li><span style=\"color: #777777; font-family: Arial;\">Il lui fallait d&rsquo;abord la capacit\u00e9 de d\u00e9crire le temps dans une p\u00e9riode cyclique. Le cycle de l&rsquo;ann\u00e9e qui accompagne une rotation compl\u00e8te de la plan\u00e8te des homos sapiens autour de son \u00e9toile constitue la premi\u00e8re pierre de cet \u00e9difice.<br \/>\n<\/span><\/li>\n<li><span style=\"color: #777777; font-family: Arial;\">Il fallait ensuite \u00eatre capable de d\u00e9crire un cycle par petites p\u00e9riodes rep\u00e9rables et identifi\u00e9es. Le jour, p\u00e9riode pendant laquelle la terre tourne autour d&rsquo;elle-m\u00eame fut la seconde pierre.<br \/>\n<\/span><\/li>\n<li><span style=\"color: #777777; font-family: Arial;\">Et la troisi\u00e8me pierre est constitu\u00e9e par la capacit\u00e9 \u00e0 marquer un \u00e9v\u00e8nement dans le calendrier ainsi cr\u00e9\u00e9. Cette derni\u00e8re facult\u00e9 n\u00e9cessitait la cr\u00e9ation de l&rsquo;\u00e9criture.<br \/>\n<\/span><\/li>\n<\/ul>\n<p><span style=\"color: #777777; font-family: Arial;\">L&rsquo;\u00e9tymologie illustre parfaitement le sens d&rsquo;anniversaire. C&rsquo;est encore un mot qui vient du latin anniversarius (\u00ab qui revient tous les ans \u00bb), form\u00e9 de annus (\u00ab ann\u00e9e \u00bb), et de versus participe pass\u00e9 du verbe vertere (\u00ab revenir \u00bb).<br \/>\n<\/span><\/p>\n<p><span style=\"color: #777777; font-family: Arial;\">On f\u00eate l&rsquo;anniversaire d&rsquo;un \u00e9v\u00e8nement, cet \u00e9v\u00e8nement peut \u00eatre une naissance.<br \/>\n<\/span><\/p>\n<p><span style=\"color: #777777; font-family: Arial;\">Depuis quand f\u00eate t&rsquo;on les anniversaires&nbsp;?<br \/>\n<\/span><\/p>\n<p><span style=\"color: #777777; font-family: Arial;\">On apprend sur cette page <a href=\"http:\/\/www.cnrtl.fr\/definition\/anniversaire\"><span style=\"color: #4bacc6;\"><span style=\"color: #0000ff;\">du CNRS<\/span><\/span><\/a><span style=\"color: #4bacc6;\"> <span style=\"color: #777777;\">que :<br \/>\n<\/span><\/span><\/span><\/p>\n<p style=\"margin-left: 28pt;\"><span style=\"color: #c00000; font-family: Arial;\"> Plutarque raconte qu&rsquo;apr\u00e8s la bataille de Plat\u00e9e les guerriers morts ayant \u00e9t\u00e9 enterr\u00e9s sur le lieu du combat, les plat\u00e9ens s&rsquo;\u00e9taient engag\u00e9s \u00e0 leur offrir <em>chaque ann\u00e9e<\/em> le repas fun\u00e8bre. En cons\u00e9quence, au <em>jour <\/em><strong>anniversaire<\/strong>, ils se rendaient en grande procession, conduits par leurs premiers magistrats, vers le tertre sous lequel reposaient les morts. (Fustel de Coulanges, <em>La Cit\u00e9 antique,<\/em>1864, p. 14.)<br \/>\n<\/span><\/p>\n<p><span style=\"color: #777777; font-family: Arial;\">* Plat\u00e9e fut une bataille des guerres entre les grecs et les perses appel\u00e9s guerres m\u00e9diques et eut lieu en 479 avant JC.<br \/>\n<\/span><\/p>\n<p><a href=\"https:\/\/fr.wikipedia.org\/wiki\/Anniversaire\"><span style=\"font-family: Arial; font-size: 12pt;\"><span style=\"color: #0000ff;\">Wikipedia<\/span><\/span><\/a><span style=\"color: #777777; font-family: Arial;\"> fait r\u00e9f\u00e9rence \u00e0 la bible pour montrer que dans ce livre des monoth\u00e9ismes, il est question d&rsquo;anniversaire.<br \/>\n<\/span><\/p>\n<p><span style=\"color: #777777; font-family: Arial;\">Ainsi dans l&rsquo;Ancien Testament, un festin d&rsquo;anniversaire est cit\u00e9 en Gen\u00e8se 40, 20, dans l&rsquo;histoire de Joseph :<br \/>\n<\/span><\/p>\n<p style=\"margin-left: 28pt;\"><span style=\"color: #c00000; font-family: Arial;\">\u00ab&nbsp;Et il arriva, le troisi\u00e8me jour, <strong>jour de la naissance du Pharaon<\/strong>, qu&rsquo;il fit un festin \u00e0 tous ses serviteurs ; et il \u00e9leva la t\u00eate du chef des \u00e9chansons et la t\u00eate du chef des panetiers au milieu de ses serviteurs : il le r\u00e9tablit dans son office d&rsquo;\u00e9chanson(&#8230;). Mais le chef des panetiers, il le pendit.&nbsp;\u00bb<br \/>\n<\/span><\/p>\n<p><span style=\"color: #777777; font-family: Arial;\">Dans le Nouveau Testament, un festin d&rsquo;anniversaire est cit\u00e9 en Marc 6, 21 quand la fille d&rsquo;H\u00e9rodiade obtient la t\u00eate de Jean le Baptiste :<br \/>\n<\/span><\/p>\n<p style=\"margin-left: 28pt;\"><span style=\"color: #c00000; font-family: Arial;\">\u00ab&nbsp;Or vint un jour propice, quand H\u00e9rode, <strong>\u00e0 l&rsquo;anniversaire de sa naissance<\/strong>, fit un banquet pour les grands de sa cour, les officiers et les principaux personnages de la Galil\u00e9e : &#8211; la fille d&rsquo;H\u00e9rodiade entra et dansa, et plut tant \u00e0 H\u00e9rode qu&rsquo;il promit avec serment de lui donner ce qu&rsquo;elle demanderait. Et elle de dire, endoctrin\u00e9e par sa m\u00e8re: &lsquo;Donne-moi ici, sur un plat, la t\u00eate de Jean le Baptiste.&rsquo; (&#8230;) il envoya d\u00e9capiter Jean dans la prison.&nbsp;\u00bb<br \/>\n<\/span><\/p>\n<p><span style=\"color: #777777; font-family: Arial;\">C&rsquo;est l&rsquo;histoire dont Oscar Wilde fit la pi\u00e8ce de th\u00e9\u00e2tre \u00ab&nbsp;Salom\u00e9&nbsp;\u00bb et Richard Strauss un op\u00e9ra. Mais, en France c&rsquo;est \u00e0 partir de la r\u00e9volution et de l&rsquo;institution du registre d&rsquo;\u00e9tat civil que l&rsquo;on a vraiment commenc\u00e9 pour le commun des mortels de conna\u00eetre avec pr\u00e9cision la date de naissance et qu&rsquo;on a pu f\u00eater l&rsquo;anniversaire de chacun. Certains, diront mais avant le registre d&rsquo;\u00e9tat civil, il y avait les registres des \u00e9glises. Mais le registre des \u00e9glises enregistrait le bapt\u00eame, non la naissance. D&rsquo;ailleurs, avant le registre d&rsquo;\u00e9tat civil, le commun des mortels f\u00eatait plut\u00f4t le jour du Saint dont il portait le pr\u00e9nom et qu&rsquo;on appelle encore aujourd&rsquo;hui \u00abla f\u00eate\u00bb. Le 13 octobre correspond \u00e0 la Saint \u00c9douard, c&rsquo;est donc la f\u00eate de tous les \u00c9douard.<br \/>\n<\/span><\/p>\n<p><span style=\"color: #777777; font-family: Arial;\">2017, est une ann\u00e9e particuli\u00e8rement f\u00e9conde en anniversaires d&rsquo;\u00e9v\u00e8nements de dizaines, voire de centaines d&rsquo;ann\u00e9es&nbsp;:<br \/>\n<\/span><\/p>\n<ul>\n<li><span style=\"color: #777777; font-family: Arial;\">Il y a quelques jours, on comm\u00e9morait l&rsquo;anniversaire des 50 ans de l&rsquo;ex\u00e9cution du Che le 9 octobre 1967 \u00e0 la Higuera, Bolivie<br \/>\n<\/span><\/li>\n<li><span style=\"color: #777777; font-family: Arial;\">Et puis il y a la date anniversaire des 100 ans de la r\u00e9volution bolchevique, la r\u00e9volution d&rsquo;octobre qui a eu lieu selon notre calendrier le 7 novembre 1917<br \/>\n<\/span><\/li>\n<li><span style=\"color: #777777; font-family: Arial;\">Le 7 janvier 1957 a eu lieu le d\u00e9but de la bataille d&rsquo;Alger.<br \/>\n<\/span><\/li>\n<li><span style=\"color: #777777; font-family: Arial;\">Et puis nous f\u00eaterons aussi les 500 ans de la R\u00e9forme sur laquelle je reviendrai bient\u00f4t plus longuement.<br \/>\n<\/span><\/li>\n<\/ul>\n<p><span style=\"color: #777777; font-family: Arial;\">J&rsquo;ai trouv\u00e9 taquin d&rsquo;\u00e9crire ce mot sur \u00ab&nbsp;un anniversaire&nbsp;\u00bb le 13 octobre puisque c&rsquo;est le jour o\u00f9 je suis n\u00e9, en 1958.<br \/>\n<\/span><\/p>\n<p><span style=\"color: #777777; font-family: Arial;\">Je partage cette caract\u00e9ristique avec Margaret Thatcher (1925), mais aussi Yves Montand (1921) et Raymond Kopa (1931).<br \/>\n<\/span><\/p>\n<p><span style=\"color: #777777; font-family: Arial;\">J&rsquo;ai aussi eu la joie, lorsque j&rsquo;\u00e9tais \u00e0 Bercy de travailler avec la p\u00e9tillante et sympathique Chantal qui est n\u00e9e le m\u00eame jour que moi, un peu plus tard et qui parfois lit ce mot.<br \/>\n<\/span><\/p>\n<p><span style=\"color: #777777; font-family: Arial;\">Je souhaite donc un bon anniversaire \u00e0 Chantal.<\/span><\/p>\n<p><span style=\"color: #800000;\">&lt;949&gt;<\/span><\/p>\n","protected":false},"excerpt":{"rendered":"<p>\u00ab&nbsp;Un anniversaire&nbsp;\u00bb Retour annuel d\u2019un jour marqu\u00e9 par un \u00e9v\u00e9nement Avant qu&rsquo;homo sapiens puisse f\u00eater un anniversaire, il a fallu qu&rsquo;il invente plusieurs choses. Il lui fallait d&rsquo;abord la capacit\u00e9 de d\u00e9crire le temps dans une p\u00e9riode cyclique. Le cycle<\/p>\n","protected":false},"author":1,"featured_media":0,"comment_status":"open","ping_status":"closed","sticky":false,"template":"","format":"standard","meta":{"footnotes":""},"categories":[1],"tags":[17,19],"class_list":["post-3331","post","type-post","status-publish","format-standard","hentry","category-motdujour","tag-histoire","tag-personnel"],"_links":{"self":[{"href":"https:\/\/lemotdujour.fr\/index.php?rest_route=\/wp\/v2\/posts\/3331","targetHints":{"allow":["GET"]}}],"collection":[{"href":"https:\/\/lemotdujour.fr\/index.php?rest_route=\/wp\/v2\/posts"}],"about":[{"href":"https:\/\/lemotdujour.fr\/index.php?rest_route=\/wp\/v2\/types\/post"}],"author":[{"embeddable":true,"href":"https:\/\/lemotdujour.fr\/index.php?rest_route=\/wp\/v2\/users\/1"}],"replies":[{"embeddable":true,"href":"https:\/\/lemotdujour.fr\/index.php?rest_route=%2Fwp%2Fv2%2Fcomments&post=3331"}],"version-history":[{"count":10,"href":"https:\/\/lemotdujour.fr\/index.php?rest_route=\/wp\/v2\/posts\/3331\/revisions"}],"predecessor-version":[{"id":12292,"href":"https:\/\/lemotdujour.fr\/index.php?rest_route=\/wp\/v2\/posts\/3331\/revisions\/12292"}],"wp:attachment":[{"href":"https:\/\/lemotdujour.fr\/index.php?rest_route=%2Fwp%2Fv2%2Fmedia&parent=3331"}],"wp:term":[{"taxonomy":"category","embeddable":true,"href":"https:\/\/lemotdujour.fr\/index.php?rest_route=%2Fwp%2Fv2%2Fcategories&post=3331"},{"taxonomy":"post_tag","embeddable":true,"href":"https:\/\/lemotdujour.fr\/index.php?rest_route=%2Fwp%2Fv2%2Ftags&post=3331"}],"curies":[{"name":"wp","href":"https:\/\/api.w.org\/{rel}","templated":true}]}}