{"id":3319,"date":"2017-10-11T04:04:52","date_gmt":"2017-10-11T02:04:52","guid":{"rendered":"http:\/\/lemotdujour.fr\/?p=3319"},"modified":"2021-09-29T21:11:29","modified_gmt":"2021-09-29T19:11:29","slug":"mercredi-11-octobre-2017","status":"publish","type":"post","link":"https:\/\/lemotdujour.fr\/?p=3319","title":{"rendered":"Mercredi 11 octobre 2017"},"content":{"rendered":"<div class=\"mdjTexte\">\t\u00ab&nbsp;Sur les modifications des nuages&nbsp;\u00bb<\/div>\n<div class=\"mdjAuteur\">\tLuke Howard<\/div>\n<p><span style=\"color: #777777; font-family: Arial;\">Un scientifique,&nbsp; Lamarck, avait propos\u00e9 de nommer les nuages \u00ab&nbsp;diablotins&nbsp;\u00bb, \u00ab&nbsp;coureurs&nbsp;\u00bb, \u00ab&nbsp;demi-termin\u00e9s&nbsp;\u00bb. Mais ce ne sont pas ces d\u00e9signations qui ont \u00e9t\u00e9 retenues.<\/span><\/p>\n<p><span style=\"color: #777777; font-family: Arial;\">Je ne le savais pas, <a href=\"https:\/\/www.franceculture.fr\/emissions\/la-conclusion-daurelien-bellanger\/la-conclusion-daurelien-bellanger-vendredi-6-octobre-2017\"><span style=\"color: #0000ff;\">mais la chronique d&rsquo;Aur\u00e9lien Bellanger du 6 octobre<\/span><\/a><span style=\"color: #0000ff;\">,<\/span> sur France Culture le matin, me l&rsquo;a appris.<br \/>\n<\/span><\/p>\n<p><span style=\"color: #777777; font-family: Arial;\">C&rsquo;est un anglais Luke Howard (1772-1864) qui a invent\u00e9 le nom des nuages.<br \/>\n<\/span><\/p>\n<p><span style=\"color: #777777; font-family: Arial;\">C&rsquo;\u00e9tait un pharmacien et aussi un m\u00e9t\u00e9orologue amateur. Cet homme leur a donn\u00e9 des noms, les noms que nous connaissons :<br \/>\n<\/span><\/p>\n<p><img loading=\"lazy\" decoding=\"async\" class=\"alignleft\" src=\"https:\/\/lemotdujour.fr\/wp-content\/uploads\/2017\/10\/100817_2204_Mercredi11o1.jpg\" alt=\"\" width=\"339\" height=\"254\" align=\"left\"><span style=\"color: #777777; font-family: Arial;\"><br \/>\n<\/span><\/p>\n<p><span style=\"color: #777777; font-family: Arial;\">CUMULUS&nbsp;: Un cumulus (du latin cumulus \u00abamas\u00bb), est un nuage de forme boursoufl\u00e9e appartenant \u00e0 l&rsquo;\u00e9tage inf\u00e9rieur (base : 2 km d&rsquo;altitude) mais peut s&rsquo;\u00e9lever jusqu&rsquo;\u00e0 l&rsquo;\u00e9tage moyen et atteindre ainsi plusieurs kilom\u00e8tres d&rsquo;\u00e9paisseur. <a href=\"https:\/\/fr.wikipedia.org\/wiki\/Cumulus\"><span style=\"color: #0000ff;\">Voir sur Wikipedia<\/span>.<\/a><br \/>\n<\/span><\/p>\n<p>&nbsp;<\/p>\n<p>&nbsp;<\/p>\n<p>&nbsp;<\/p>\n<p>&nbsp;<\/p>\n<p>&nbsp;<\/p>\n<p><img decoding=\"async\" class=\"alignleft\" src=\"https:\/\/lemotdujour.fr\/wp-content\/uploads\/2017\/10\/100817_2204_Mercredi11o2.jpg\" alt=\"\" align=\"left\"><span style=\"color: #777777; font-family: Arial;\">STRATUS&nbsp;: Un stratus est un genre de nuage bas dont la base se trouve \u00e0 des altitudes inf\u00e9rieures \u00e0 quelques centaines de m\u00e8tres. Lorsque cette base touche le sol, cela correspond \u00e0 du brouillard. <a href=\"https:\/\/fr.wikipedia.org\/wiki\/Stratus\"><span style=\"color: #0000ff;\">Voir sur Wikipedia<\/span><\/a><br \/>\n<\/span><\/p>\n<p>&nbsp;<\/p>\n<p>&nbsp;<\/p>\n<p>&nbsp;<\/p>\n<p>&nbsp;<\/p>\n<p>&nbsp;<\/p>\n<p>&nbsp;<\/p>\n<p><img decoding=\"async\" class=\"alignleft\" src=\"https:\/\/lemotdujour.fr\/wp-content\/uploads\/2017\/10\/100817_2204_Mercredi11o3.jpg\" alt=\"\" align=\"left\"><\/p>\n<p><span style=\"color: #777777; font-family: Arial;\">CIRRUS&nbsp;: Le cirrus est un genre de nuage pr\u00e9sent dans la couche sup\u00e9rieure de la troposph\u00e8re (entre 5 000 et 14 000 m\u00e8tres d&rsquo;altitude, d\u00e9pendant de la latitude et de la saison), form\u00e9 de cristaux de glace. Ces nuages ont l&rsquo;apparence de filaments blancs et ne causent pas de pr\u00e9cipitations. On le compare souvent \u00e0 des cheveux d&rsquo;ange. <a href=\"https:\/\/fr.wikipedia.org\/wiki\/Cirrus\"><span style=\"color: #0000ff;\">Voir sur Wikipedia<\/span><\/a><br \/>\n<\/span><\/p>\n<p>&nbsp;<\/p>\n<p>&nbsp;<\/p>\n<p>&nbsp;<\/p>\n<p>&nbsp;<\/p>\n<p>&nbsp;<\/p>\n<p><span style=\"color: #777777; font-family: Arial;\">Aur\u00e9lien Bellanger :<\/span><\/p>\n<p style=\"margin-left: 28pt;\"><span style=\"color: #c00000; font-family: Arial;\">\u00abUn soir de d\u00e9cembre 1802, \u00e0 Londres, Luke Howard prononce une conf\u00e9rence sur les modifications des nuages.<br \/>\n<\/span><\/p>\n<p style=\"margin-left: 28pt;\"><span style=\"color: #c00000; font-family: Arial;\">L&rsquo;ann\u00e9e suivante, le contenu de cette conf\u00e9rence est publi\u00e9 dans un essai illustr\u00e9 de po\u00e9tiques gravures : modifications simples, interm\u00e9diaires, compos\u00e9es.<br \/>\n<\/span><\/p>\n<p style=\"margin-left: 28pt;\"><span style=\"color: #c00000; font-family: Arial;\">Le grand \u00e9crivain allemand Goethe est tr\u00e8s int\u00e9ress\u00e9, il veut rencontrer \u00ab l&rsquo;homme qui sut distinguer les nuages \u00bb. Ils ne se rencontreront pas, mais ils s&rsquo;\u00e9criront. Goethe conseillera ensuite aux peintres d&rsquo;Allemagne du nord, ceux qu&rsquo;il conna\u00eet bien, Carus, Caspar David Friedrich, de peindre des nuages \u00ab d&rsquo;apr\u00e8s Howard \u00bb. Friedrich, le c\u00e9l\u00e8bre peintre du Voyageur au-dessus de la mer de nuages, refusera : ce serait, dira-t-il, \u00ab la mort du paysage en peinture \u00bb. Mais dans le pays de Luke Howard, vers 1822, Constable ira chaque jour sur la colline de Hampstead peindre des \u00ab cloud studies \u00bb en nommant ses nuages d&rsquo;apr\u00e8s la classification de Howard. On pourrait s&rsquo;arr\u00eater l\u00e0, sur cette belle alliance de la science et de l&rsquo;art, sur ce moment europ\u00e9en o\u00f9 les nuages quittent le ciel divin pour devenir objet scientifique et esth\u00e9tique : parfois, comme dans les tableaux de Constable, il n&rsquo;y plus que des nuages, sans r\u00e9f\u00e9rent terrestre, sans personnage.<br \/>\n<\/span><\/p>\n<p style=\"margin-left: 28pt;\"><span style=\"color: #c00000; font-family: Arial;\">Mais l&rsquo;histoire de la classification des nuages raconte encore autre chose.<br \/>\n<\/span><\/p>\n<p style=\"margin-left: 28pt;\"><span style=\"color: #c00000; font-family: Arial;\">La m\u00eame ann\u00e9e 1802, Lamarck, le \u00ab naturaliste \u00bb fran\u00e7ais, celui qui anticipa l&rsquo;\u00e9volutionnisme, invente lui aussi, sans conna\u00eetre Luke Howard, une classification de nuages, en fran\u00e7ais.<br \/>\n<\/span><\/p>\n<p style=\"margin-left: 28pt;\"><span style=\"color: #c00000; font-family: Arial;\">Il en invente m\u00eame plusieurs, trois au moins : ses nuages s&rsquo;appellent \u00ab&nbsp;diablotins&nbsp;\u00bb, \u00ab&nbsp;coureurs&nbsp;\u00bb, \u00ab&nbsp;demi-termin\u00e9s&nbsp;\u00bb, \u00ab&nbsp;en balayures&nbsp;\u00bb, \u00ab&nbsp;en lambeaux&nbsp;\u00bb\u2026<br \/>\n<\/span><\/p>\n<p style=\"margin-left: 28pt;\"><span style=\"color: #c00000; font-family: Arial;\">Pourquoi la classification de Howard l&rsquo;a-t-elle emport\u00e9 ? Parce que, dit-on, elle est en latin : langue alors transparente \u00e0 la communaut\u00e9 scientifique. Je crois que ce n&rsquo;est pas la bonne raison. Je crois que Lamarck a \u00e9t\u00e9 pris de vertige devant ces formes mobiles, devant ce r\u00e9el en perp\u00e9tuelle transformation. Alors saluons Luke Howard qui, \u00e9crit Goethe dans son po\u00e8me \u00ab En l&rsquo;honneur de Luke Howard \u00bb, \u00ab d\u00e9finit l&rsquo;ind\u00e9finissable \u00bb.\u00bb<br \/>\n<\/span><\/p>\n<p><span style=\"color: #777777; font-family: Arial;\">Il est toujours possible d&rsquo;acheter le livre de Luke Howard <a href=\"http:\/\/www.editions-hermann.fr\/3759-sur-les-modifications-des-nuages.html\"><span style=\"color: #0000ff;\">\u00ab&nbsp;Sur les modifications des nuages&nbsp;<\/span><\/a><span style=\"color: #0000ff;\">\u00bb<\/span> qui dans cette \u00e9dition est suivie d&rsquo;un essai de Goethe \u00ab&nbsp;La Forme des nuages selon Howard&nbsp;\u00bb<br \/>\n<\/span><\/p>\n<p><a href=\"http:\/\/www.eyrolles.com\/Sciences\/Livre\/l-invention-des-nuages-9782709622981\"><span style=\"color: #777777; font-family: Arial;\"><span style=\"color: #0000ff;\">En 2003, Richard Hamblyn a \u00e9crit un livre sur Luke Howard qui a pour titre&nbsp;: \u00ab&nbsp;l&rsquo;invention des nuages&nbsp;\u00bb<\/span><\/span><\/a><span style=\"color: #777777; font-family: Arial;\"><br \/>\n<\/span><\/p>\n<p><span style=\"color: #777777; font-family: Arial;\">Et pour finir ce mot sur les nuages, je vous apprends probablement que l&rsquo;Organisation m\u00e9t\u00e9orologique mondiale a annonc\u00e9 onze nouvelles esp\u00e8ces de nuages dont la moiti\u00e9 a des origines humaines plus que climatiques.<br \/>\n<\/span><\/p>\n<p><span style=\"color: #777777; font-family: Arial;\">Vous trouverez des pr\u00e9cisions derri\u00e8re <a href=\"https:\/\/www.sciencesetavenir.fr\/nature-environnement\/meteo\/11-nouvelles-especes-de-nuages_111541\"><span style=\"color: #0000ff;\">ce<\/span> <span style=\"color: #0000ff;\">lien<\/span><\/a><span style=\"color: #0000ff;\">.<\/span><br \/>\n<\/span><\/p>\n<p><span style=\"color: #800000;\">&lt;947&gt;<\/span><\/p>\n<p><span style=\"color: #777777; font-family: Arial;\"><br \/>\n<\/span><\/p>\n","protected":false},"excerpt":{"rendered":"<p>\u00ab&nbsp;Sur les modifications des nuages&nbsp;\u00bb Luke Howard Un scientifique,&nbsp; Lamarck, avait propos\u00e9 de nommer les nuages \u00ab&nbsp;diablotins&nbsp;\u00bb, \u00ab&nbsp;coureurs&nbsp;\u00bb, \u00ab&nbsp;demi-termin\u00e9s&nbsp;\u00bb. Mais ce ne sont pas ces d\u00e9signations qui ont \u00e9t\u00e9 retenues. Je ne le savais pas, mais la chronique d&rsquo;Aur\u00e9lien Bellanger<\/p>\n","protected":false},"author":1,"featured_media":0,"comment_status":"open","ping_status":"closed","sticky":false,"template":"","format":"standard","meta":{"footnotes":""},"categories":[1],"tags":[17,48,35],"class_list":["post-3319","post","type-post","status-publish","format-standard","hentry","category-motdujour","tag-histoire","tag-nature","tag-sciences"],"_links":{"self":[{"href":"https:\/\/lemotdujour.fr\/index.php?rest_route=\/wp\/v2\/posts\/3319","targetHints":{"allow":["GET"]}}],"collection":[{"href":"https:\/\/lemotdujour.fr\/index.php?rest_route=\/wp\/v2\/posts"}],"about":[{"href":"https:\/\/lemotdujour.fr\/index.php?rest_route=\/wp\/v2\/types\/post"}],"author":[{"embeddable":true,"href":"https:\/\/lemotdujour.fr\/index.php?rest_route=\/wp\/v2\/users\/1"}],"replies":[{"embeddable":true,"href":"https:\/\/lemotdujour.fr\/index.php?rest_route=%2Fwp%2Fv2%2Fcomments&post=3319"}],"version-history":[{"count":9,"href":"https:\/\/lemotdujour.fr\/index.php?rest_route=\/wp\/v2\/posts\/3319\/revisions"}],"predecessor-version":[{"id":12290,"href":"https:\/\/lemotdujour.fr\/index.php?rest_route=\/wp\/v2\/posts\/3319\/revisions\/12290"}],"wp:attachment":[{"href":"https:\/\/lemotdujour.fr\/index.php?rest_route=%2Fwp%2Fv2%2Fmedia&parent=3319"}],"wp:term":[{"taxonomy":"category","embeddable":true,"href":"https:\/\/lemotdujour.fr\/index.php?rest_route=%2Fwp%2Fv2%2Fcategories&post=3319"},{"taxonomy":"post_tag","embeddable":true,"href":"https:\/\/lemotdujour.fr\/index.php?rest_route=%2Fwp%2Fv2%2Ftags&post=3319"}],"curies":[{"name":"wp","href":"https:\/\/api.w.org\/{rel}","templated":true}]}}