{"id":3304,"date":"2017-10-09T04:05:33","date_gmt":"2017-10-09T02:05:33","guid":{"rendered":"http:\/\/lemotdujour.fr\/?p=3304"},"modified":"2021-09-29T11:14:48","modified_gmt":"2021-09-29T09:14:48","slug":"lundi-9-octobre-2017","status":"publish","type":"post","link":"https:\/\/lemotdujour.fr\/?p=3304","title":{"rendered":"Lundi 9 octobre 2017"},"content":{"rendered":"<div class=\"mdjTexte\">\t\u00abL\u2019homme m\u00e9diocre parle des personnes,<br \/>\nL\u2019homme moyen parle des faits,<br \/>\nL\u2019homme de culture parle des id\u00e9es&nbsp;\u00bb<\/div>\n<div class=\"mdjAuteur\">\tCitation attribu\u00e9e quelquefois \u00e0 Jules Romain d\u2019autre fois \u00e0 Eleanor Roosevelt<\/div>\n<p><span style=\"color: #777777; font-family: Arial;\">Cette citation que j&rsquo;ai choisie entre en r\u00e9sonance avec mon exp\u00e9rience de la vie, mais elle doit \u00eatre expliqu\u00e9e et nuanc\u00e9e.<br \/>\n<\/span><\/p>\n<p><span style=\"color: #777777; font-family: Arial;\">Je l&rsquo;ai entendue citer et aussi trouv\u00e9e \u00e0 plusieurs reprises sur internet.<br \/>\n<\/span><\/p>\n<p><span style=\"color: #777777; font-family: Arial;\">Force est de constater qu&rsquo;on ne sait pas \u00e0 qui l&rsquo;attribuer. M\u00eame le journal \u00ab&nbsp;le Monde&nbsp;\u00bb l&rsquo;attribue \u00e0 Jules Romain<span style=\"color: #0000ff;\"> <a href=\"http:\/\/dicocitations.lemonde.fr\/citations\/citation-32878.php\"><span style=\"color: #0000ff;\">&lt;Ici&gt;<\/span><\/a><\/span> mais l&rsquo;attribue \u00e0 l&rsquo;\u00e9pouse de Franklin Roosevelt <a href=\"http:\/\/dicocitations.lemonde.fr\/citations\/citation-34670.php\"><span style=\"color: #0000ff;\">&lt;Ici&gt;<\/span><\/a><br \/>\n<\/span><\/p>\n<p><span style=\"color: #777777; font-family: Arial;\">Quelquefois, les \u00ab&nbsp;faits&nbsp;\u00bb sont remplac\u00e9s par le mot \u00ab&nbsp;les \u00e9v\u00e8nements&nbsp;\u00bb.<br \/>\n<\/span><\/p>\n<p><span style=\"color: #777777; font-family: Arial;\">Mais ce qu&rsquo;il y a de plus probl\u00e9matique c&rsquo;est de d\u00e9signer les hommes qui ne sont ni moyens, ni m\u00e9diocres.<br \/>\n<\/span><\/p>\n<p><span style=\"color: #777777; font-family: Arial;\">Les uns parlent \u00ab&nbsp;des grands esprits&nbsp;\u00bb, d&rsquo;autres \u00ab&nbsp;d&rsquo;esprits sup\u00e9rieurs ou d&rsquo;\u00e9lite&nbsp;\u00bb.<br \/>\n<\/span><\/p>\n<p><span style=\"color: #777777; font-family: Arial;\">Pour ma part, j&rsquo;ai pr\u00e9f\u00e9r\u00e9 utiliser le terme plus neutre et probablement plus juste d&rsquo;homme qui s&rsquo;inscrit dans une culture et donc qui cherche \u00e0 comprendre, \u00e0 expliquer, \u00e0 mettre en perspective.<br \/>\n<\/span><\/p>\n<p><span style=\"color: #777777; font-family: Arial;\">Si cette citation entre en r\u00e9sonance avec mon exp\u00e9rience, c&rsquo;est que j&rsquo;ai souvent entendu, notamment dans le monde professionnel, des coll\u00e8gues parler d&rsquo;autres coll\u00e8gues, des coll\u00e8gues absents cela va de soi et en parler pour en dire du mal.<br \/>\n<\/span><\/p>\n<p><span style=\"color: #777777; font-family: Arial;\">Un jour, j&rsquo;ai m\u00eame entendu une personne dire&nbsp;: \u00ab&nbsp;Moi si je ne peux pas dire de bien de quelqu&rsquo;un, je m&rsquo;abstiens d&rsquo;en parler. Et notamment de X et Y je n&rsquo;ai rien \u00e0 dire&nbsp;!&nbsp;\u00bb. Sorte de strat\u00e9gie d&rsquo;\u00e9vitement.<br \/>\n<\/span><\/p>\n<p><span style=\"color: #777777; font-family: Arial;\">Je n&rsquo;ai pas la pr\u00e9tention d&rsquo;avoir toujours \u00e9chapp\u00e9 \u00e0 cette faiblesse, je pense cependant que c&rsquo;est devenu tr\u00e8s rare aujourd&rsquo;hui. Mais apr\u00e8s de tels \u00e9changes, je n&rsquo;ai jamais \u00e9t\u00e9 satisfait.<br \/>\n<\/span><\/p>\n<p><span style=\"color: #777777; font-family: Arial;\">D&rsquo;autres parlent des faits, ils racontent ce qu&rsquo;ils ont vu, ce qu&rsquo;ils ont entendu, ce qu&rsquo;ils ont v\u00e9cu et encore avec les plus infimes d\u00e9tails. Ce sont des conversations qui entra\u00eenent chez moi le plus grand des ennuis.<br \/>\n<\/span><\/p>\n<p><span style=\"color: #777777; font-family: Arial;\">Ce qui me semble int\u00e9ressant c&rsquo;est de parler des faits en en tirant des enseignements donc d&rsquo;aller vers le monde des id\u00e9es. Ce qui me parait important c&rsquo;est ce que l&rsquo;on apprend des faits, ce qu&rsquo;ils peuvent signifier.<br \/>\n<\/span><\/p>\n<p><span style=\"color: #777777; font-family: Arial;\">Donc Oui je pr\u00e9f\u00e8re \u00e9changer sur les id\u00e9es.<br \/>\n<\/span><\/p>\n<p><span style=\"color: #777777; font-family: Arial;\">Mais c&rsquo;est l\u00e0 qu&rsquo;il faut nuancer.<br \/>\n<\/span><\/p>\n<p><span style=\"color: #777777; font-family: Arial;\">D&rsquo;abord, je ne crois pas qu&rsquo;il y ait trois populations distinctes&nbsp;: l&rsquo;une des m\u00e9diocres, l&rsquo;autre des moyens et la derni\u00e8re des id\u00e9es.<br \/>\n<\/span><\/p>\n<p><span style=\"color: #777777; font-family: Arial;\">Je pense plut\u00f4t que cette fracture se situe en chacun de nous, parfois nous sommes m\u00e9diocres, parfois nous ne sommes que moyens et quelquefois nous arrivons \u00e0 nous hisser au niveau des id\u00e9es.<br \/>\n<\/span><\/p>\n<p><span style=\"color: #777777; font-family: Arial;\">L&rsquo;intelligence serait alors d&rsquo;augmenter, dans nos conversations, la part des id\u00e9es et de faire diminuer celle qui ne nous rend que moyen, voire m\u00e9diocre.<br \/>\n<\/span><\/p>\n<p><span style=\"color: #777777; font-family: Arial;\">Ensuite, il faut quand m\u00eame se m\u00e9fier des id\u00e9es et des concepts qui peuvent conduire \u00e0 des constructions hors sols et quelquefois \u00e0 des r\u00e9sultats parfaitement inhumains. Par exemple, le sovi\u00e9tisme c&rsquo;\u00e9tait des id\u00e9es non confront\u00e9es \u00e0 la r\u00e9alit\u00e9 et \u00e0 la critique et conduisaient \u00e0 des aberrations.<br \/>\n<\/span><\/p>\n<p><span style=\"color: #777777; font-family: Arial;\">Cette d\u00e9rive que Brassens avait expliqu\u00e9 dans cette chanson&nbsp;: \u00ab&nbsp;Mourir pour des id\u00e9es, d&rsquo;accord, mais de mort lente&nbsp;\u00bb.<br \/>\n<\/span><\/p>\n<p><span style=\"color: #777777; font-family: Arial;\">Cela \u00e9tant, je pr\u00e9f\u00e8re parler des id\u00e9es que de m&rsquo;arr\u00eater aux simples faits ou de parler des personnes.<br \/>\n<\/span><\/p>\n<p><span style=\"color: #777777; font-family: Arial;\">Quand j&rsquo;ai \u00e9chang\u00e9 avec Annie sur ce mot du jour, elle m&rsquo;a simplement r\u00e9pondu avec son intelligence et sa sensibilit\u00e9 toujours vive&nbsp;: \u00ab&nbsp;Et le c\u0153ur et les sentiments dans cette \u00e9num\u00e9ration, o\u00f9 se trouvent-ils ?\u00bb.<br \/>\n<\/span><\/p>\n<p><span style=\"color: #777777; font-family: Arial;\">Car Oui, on peut exprimer brillamment des id\u00e9es et ne pas savoir parler des sentiments, \u00eatre incapable de laisser parler son c\u0153ur.<br \/>\n<\/span><\/p>\n<p><span style=\"color: #777777; font-family: Arial;\">\u00ab&nbsp;L&rsquo;intelligence ne sert \u00e0 rien dans les rapports humains.&nbsp;\u00bb disait Fran\u00e7oise Giroud (<a href=\"https:\/\/lemotdujour.fr\/?p=2063\"><span style=\"color: #0000ff;\">mot du jour<\/span> <span style=\"color: #0000ff;\">du 16 avril 2013<\/span><\/a>)<br \/>\n<\/span><\/p>\n<p><span style=\"color: #777777; font-family: Arial;\">Ou comme l&rsquo;exhortait la famille de Yannick Minvielle, une des victimes du bataclan&nbsp;: \u00abD\u00eetes aux gens que vous aimez, que vous les aimez.\u00bb (<a href=\"https:\/\/lemotdujour.fr\/?p=1548\"><span style=\"color: #0000ff;\">mot du jour du 11 d\u00e9cembre 2015<\/span><\/a>)<br \/>\n<\/span><\/p>\n<p><span style=\"color: #777777; font-family: Arial;\">Car en effet, dans la vie, les id\u00e9es ne suffisent pas, il faut aussi savoir laisser parler son c\u0153ur.<br \/>\n<\/span><\/p>\n<p><span style=\"color: #777777; font-family: Arial;\">J&rsquo;esp\u00e8re qu&rsquo;ainsi cette citation inspirante a \u00e9t\u00e9 suffisamment nuanc\u00e9e pour insuffler un peu de sagesse.<br \/>\n<\/span><\/p>\n<p><span style=\"color: #800000; font-family: Arial;\">&lt;945&gt;<\/span><\/p>\n","protected":false},"excerpt":{"rendered":"<p>\u00abL\u2019homme m\u00e9diocre parle des personnes, L\u2019homme moyen parle des faits, L\u2019homme de culture parle des id\u00e9es&nbsp;\u00bb Citation attribu\u00e9e quelquefois \u00e0 Jules Romain d\u2019autre fois \u00e0 Eleanor Roosevelt Cette citation que j&rsquo;ai choisie entre en r\u00e9sonance avec mon exp\u00e9rience de la<\/p>\n","protected":false},"author":1,"featured_media":0,"comment_status":"open","ping_status":"closed","sticky":false,"template":"","format":"standard","meta":{"footnotes":""},"categories":[1],"tags":[53,54,55],"class_list":["post-3304","post","type-post","status-publish","format-standard","hentry","category-motdujour","tag-affect","tag-humanisme","tag-idees"],"_links":{"self":[{"href":"https:\/\/lemotdujour.fr\/index.php?rest_route=\/wp\/v2\/posts\/3304","targetHints":{"allow":["GET"]}}],"collection":[{"href":"https:\/\/lemotdujour.fr\/index.php?rest_route=\/wp\/v2\/posts"}],"about":[{"href":"https:\/\/lemotdujour.fr\/index.php?rest_route=\/wp\/v2\/types\/post"}],"author":[{"embeddable":true,"href":"https:\/\/lemotdujour.fr\/index.php?rest_route=\/wp\/v2\/users\/1"}],"replies":[{"embeddable":true,"href":"https:\/\/lemotdujour.fr\/index.php?rest_route=%2Fwp%2Fv2%2Fcomments&post=3304"}],"version-history":[{"count":5,"href":"https:\/\/lemotdujour.fr\/index.php?rest_route=\/wp\/v2\/posts\/3304\/revisions"}],"predecessor-version":[{"id":12248,"href":"https:\/\/lemotdujour.fr\/index.php?rest_route=\/wp\/v2\/posts\/3304\/revisions\/12248"}],"wp:attachment":[{"href":"https:\/\/lemotdujour.fr\/index.php?rest_route=%2Fwp%2Fv2%2Fmedia&parent=3304"}],"wp:term":[{"taxonomy":"category","embeddable":true,"href":"https:\/\/lemotdujour.fr\/index.php?rest_route=%2Fwp%2Fv2%2Fcategories&post=3304"},{"taxonomy":"post_tag","embeddable":true,"href":"https:\/\/lemotdujour.fr\/index.php?rest_route=%2Fwp%2Fv2%2Ftags&post=3304"}],"curies":[{"name":"wp","href":"https:\/\/api.w.org\/{rel}","templated":true}]}}