{"id":3274,"date":"2017-10-06T04:00:58","date_gmt":"2017-10-06T02:00:58","guid":{"rendered":"http:\/\/lemotdujour.fr\/?p=3274"},"modified":"2021-09-29T11:13:36","modified_gmt":"2021-09-29T09:13:36","slug":"vendredi-6-octobre-2017","status":"publish","type":"post","link":"https:\/\/lemotdujour.fr\/?p=3274","title":{"rendered":"Vendredi 6 octobre 2017"},"content":{"rendered":"<div class=\"mdjTexte\">\t\u00ab&nbsp;Sans vous, sans cette main affectueuse que vous avez tendue au petit enfant pauvre que j\u2019\u00e9tais, sans votre enseignement, et votre exemple, rien de tout cela ne serait arriv\u00e9&nbsp;\u00bb<\/div>\n<div class=\"mdjAuteur\">\tAlbert Camus<\/div>\n<p><span style=\"color: #777777; font-family: Arial;\">J&rsquo;ai commenc\u00e9 cette semaine par un propos \u00e9crit par Albert Camus dans le livre posthume \u00ab&nbsp;Le premier homme&nbsp;\u00bb. Et je voudrais finir avec lui.<br \/>\n<\/span><\/p>\n<p><span style=\"color: #777777; font-family: Arial;\">En postface de cet ouvrage, la fille d&rsquo;Albert, Catherine Camus a publi\u00e9 la lettre qu&rsquo;Albert Camus a adress\u00e9e \u00e0 son instituteur juste apr\u00e8s avoir re\u00e7u son prix Nobel et la r\u00e9ponse de son instituteur&nbsp;:<br \/>\n<\/span><\/p>\n<p style=\"margin-left: 28pt;\"><span style=\"color: #c00000; font-family: Arial;\">19 novembre 1957<br \/>\n<\/span><\/p>\n<p style=\"margin-left: 28pt;\"><span style=\"color: #c00000; font-family: Arial;\">Cher Monsieur Germain,<br \/>\n<\/span><\/p>\n<p style=\"margin-left: 28pt;\"><span style=\"color: #c00000; font-family: Arial;\"><img loading=\"lazy\" decoding=\"async\" class=\"size-medium wp-image-3285 alignleft\" src=\"https:\/\/lemotdujour.fr\/wp-content\/uploads\/2017\/10\/Albert-Camus-300x190.jpg\" alt=\"\" width=\"300\" height=\"190\" srcset=\"https:\/\/lemotdujour.fr\/wp-content\/uploads\/2017\/10\/Albert-Camus-300x190.jpg 300w, https:\/\/lemotdujour.fr\/wp-content\/uploads\/2017\/10\/Albert-Camus.jpg 500w\" sizes=\"auto, (max-width: 300px) 100vw, 300px\" \/>J&rsquo;ai laiss\u00e9 s&rsquo;\u00e9teindre un peu le bruit qui m&rsquo;a entour\u00e9 tous ces jours-ci avant de venir vous parler un peu de tout mon c\u0153ur. On vient de me faire un bien trop grand honneur, que je n&rsquo;ai ni recherch\u00e9 ni sollicit\u00e9. Mais quand j&rsquo;ai appris la nouvelle, ma premi\u00e8re pens\u00e9e, apr\u00e8s ma m\u00e8re, a \u00e9t\u00e9 pour vous. Sans vous, sans cette main affectueuse que vous avez tendue au petit enfant pauvre que j&rsquo;\u00e9tais, sans votre enseignement, et votre exemple, rien de tout cela ne serait arriv\u00e9. Je ne me fais pas un monde de cette sorte d&rsquo;honneur mais celui-l\u00e0 est du moins une occasion pour vous dire ce que vous avez \u00e9t\u00e9, et \u00eates toujours pour moi, et pour vous assurer que vos efforts, votre travail et le c\u0153ur g\u00e9n\u00e9reux que vous y mettiez sont toujours vivants chez un de vos petits \u00e9coliers qui, malgr\u00e9 l&rsquo;\u00e2ge, n&rsquo;a pas cess\u00e9 d&rsquo;\u00eatre votre reconnaissant \u00e9l\u00e8ve.<br \/>\n<\/span><\/p>\n<p style=\"margin-left: 28pt;\"><span style=\"color: #c00000; font-family: Arial;\">Je vous embrasse, de toutes mes forces.<br \/>\n<\/span><\/p>\n<p style=\"margin-left: 28pt;\"><span style=\"color: #c00000; font-family: Arial;\">Albert Camus<br \/>\n<\/span><\/p>\n<p><span style=\"color: #777777; font-family: Arial;\">Et puis il y a la r\u00e9ponse de Monsieur Germain qui est beaucoup plus longue que la lettre d&rsquo;Albert Camus et dont je ne cite que des extraits&nbsp;:<br \/>\n<\/span><\/p>\n<p style=\"margin-left: 28pt;\"><span style=\"color: #c00000; font-family: Arial;\">Mon cher petit,<br \/>\n<\/span><\/p>\n<p style=\"margin-left: 28pt;\"><span style=\"color: #c00000; font-family: Arial;\">(&#8230;) Je ne sais t&rsquo;exprimer la joie que tu m&rsquo;as faite par ton geste gracieux ni la mani\u00e8re de te remercier. Si c&rsquo;\u00e9tait possible, je serrerais bien fort le grand gar\u00e7on que tu es devenu et qui restera toujours pour moi \u00ab mon petit Camus\u00bb.<br \/>\n<\/span><\/p>\n<p style=\"margin-left: 28pt;\"><span style=\"color: #c00000; font-family: Arial;\">(&#8230;) Qui est Camus ? J&rsquo;ai l&rsquo;impression que ceux qui essayent de percer ta personnalit\u00e9 n&rsquo;y arrivent pas tout \u00e0 fait. Tu as toujours montr\u00e9 une pudeur instinctive \u00e0 d\u00e9celer ta nature, tes sentiments. Tu y arrives d&rsquo;autant mieux que tu es simple, direct. Et bon par-dessus le march\u00e9 ! Ces impressions, tu me les a donn\u00e9es en classe. Le p\u00e9dagogue qui veut faire consciencieusement son m\u00e9tier ne n\u00e9glige aucune occasion de conna\u00eetre ses \u00e9l\u00e8ves, ses enfants, et il s&rsquo;en pr\u00e9sente sans cesse. Une r\u00e9ponse, un geste, une attitude sont amplement r\u00e9v\u00e9lateurs. Je crois donc bien conna\u00eetre le gentil petit bonhomme que tu \u00e9tais, et l&rsquo;enfant, bien souvent, contient en germe l&rsquo;homme qu&rsquo;il deviendra.<br \/>\n<\/span><\/p>\n<p style=\"margin-left: 28pt;\"><span style=\"color: #c00000; font-family: Arial;\"><img loading=\"lazy\" decoding=\"async\" class=\"size-full wp-image-3287 alignleft\" src=\"https:\/\/lemotdujour.fr\/wp-content\/uploads\/2017\/10\/louis-germain-instituteur-Camus.jpg\" alt=\"\" width=\"192\" height=\"250\">Ton plaisir d&rsquo;\u00eatre en classe \u00e9clatait de toutes parts. Ton visage manifestait l&rsquo;optimisme. Et \u00e0 t&rsquo;\u00e9tudier, je n&rsquo;ai jamais soup\u00e7onn\u00e9 la vraie situation de ta famille, je n&rsquo;en ai eu qu&rsquo;un aper\u00e7u au moment o\u00f9 ta maman est venue me voir au sujet de ton inscription sur la liste des candidats aux Bourses. D&rsquo;ailleurs, cela se passait au moment o\u00f9 tu allais me quitter. Mais jusque-l\u00e0 tu me paraissais dans la m\u00eame situation que tes camarades. Tu avais toujours ce qu&rsquo;il te fallait. Comme ton fr\u00e8re, tu \u00e9tais gentiment habill\u00e9. Je crois que je ne puis faire un plus bel \u00e9loge de ta maman.<br \/>\n<\/span><\/p>\n<p style=\"margin-left: 28pt;\"><span style=\"color: #c00000; font-family: Arial;\">J&rsquo;ai vu la liste sans cesse grandissante des ouvrages qui te sont consacr\u00e9s ou qui parlent de toi. Et c&rsquo;est une satisfaction tr\u00e8s grande pour moi de constater que ta c\u00e9l\u00e9brit\u00e9 (c&rsquo;est l&rsquo;exacte v\u00e9rit\u00e9) ne t&rsquo;avait pas tourn\u00e9 la t\u00eate. Tu es rest\u00e9 Camus: bravo. J&rsquo;ai suivi avec int\u00e9r\u00eat les p\u00e9rip\u00e9ties multiples de la pi\u00e8ce que tu as adapt\u00e9e et aussi mont\u00e9e: Les Poss\u00e9d\u00e9s. Je t&rsquo;aime trop pour ne pas te souhaiter la plus grande r\u00e9ussite: celle que tu m\u00e9rites.<br \/>\n<\/span><\/p>\n<p style=\"margin-left: 28pt;\"><span style=\"color: #c00000; font-family: Arial;\">[\u2026]<br \/>\n<\/span><\/p>\n<p style=\"margin-left: 28pt;\"><span style=\"color: #c00000; font-family: Arial;\">Avant de terminer, je veux te dire le mal que j&rsquo;\u00e9prouve en tant qu&rsquo;instituteur la\u00efc, devant les projets mena\u00e7ants ourdis contre notre \u00e9cole. Je crois, durant toute ma carri\u00e8re, avoir respect\u00e9 ce qu&rsquo;il y a de plus sacr\u00e9 dans l&rsquo;enfant: le droit de chercher sa v\u00e9rit\u00e9. Je vous ai tous aim\u00e9s et crois avoir fait tout mon possible pour ne pas manifester mes id\u00e9es et peser ainsi sur votre jeune intelligence. Lorsqu&rsquo;il \u00e9tait question de Dieu (c&rsquo;est dans le programme), je disais que certains y croyaient, d&rsquo;autres non. Et que dans la pl\u00e9nitude de ses droits, chacun faisait ce qu&rsquo;il voulait. De m\u00eame, pour le chapitre des religions, je me bornais \u00e0 indiquer celles qui existaient, auxquelles appartenaient ceux \u00e0 qui cela plaisait. Pour \u00eatre vrai, j&rsquo;ajoutais qu&rsquo;il y avait des personnes ne pratiquant aucune religion. Je sais bien que cela ne pla\u00eet pas \u00e0 ceux qui voudraient faire des instituteurs des commis voyageurs en religion et, pour \u00eatre plus pr\u00e9cis, en religion catholique. A l&rsquo;\u00c9cole normale d&rsquo;Alger (install\u00e9e alors au parc de Galland), mon p\u00e8re, comme ses camarades, \u00e9tait oblig\u00e9 d&rsquo;aller \u00e0 la messe et de communier chaque dimanche. Un jour, exc\u00e9d\u00e9 par cette contrainte, il a mis l&rsquo;hostie \u00ab consacr\u00e9e\u00bb dans un livre de messe qu&rsquo;il a ferm\u00e9 ! Le directeur de l&rsquo;\u00c9cole a \u00e9t\u00e9 inform\u00e9 de ce fait et n&rsquo;a pas h\u00e9sit\u00e9 \u00e0 exclure mon p\u00e8re de l&rsquo;\u00e9cole. Voil\u00e0 ce que veulent les partisans de \u00ab l&rsquo;\u00c9cole libre \u00bb (libre.., de penser comme eux). Avec la composition de la Chambre des d\u00e9put\u00e9s actuelle, je crains que le mauvais coup n&rsquo;aboutisse. <em>Le Canard Encha\u00een\u00e9<\/em> a signal\u00e9 que, dans un d\u00e9partement, une centaine de classes de l&rsquo;\u00c9cole la\u00efque fonctionnent sous le crucifix accroch\u00e9 au mur. Je vois l\u00e0 un abominable attentat contre la conscience des enfants. Que sera-ce, peut-\u00eatre, dans quelque temps? Ces pens\u00e9es m&rsquo;attristent profond\u00e9ment.<br \/>\n<\/span><\/p>\n<p style=\"margin-left: 28pt;\"><span style=\"color: #c00000; font-family: Arial;\">Sache que, m\u00eame lorsque je n&rsquo;\u00e9cris pas, je pense souvent \u00e0 vous tous.<br \/>\n<\/span><\/p>\n<p style=\"margin-left: 28pt;\"><span style=\"color: #c00000; font-family: Arial;\">Madame Germain et moi vous embrassons tous quatre bien fort. Affectueusement \u00e0 vous.<br \/>\n<\/span><\/p>\n<p style=\"margin-left: 28pt;\"><span style=\"color: #c00000; font-family: Arial;\">Germain Louis<br \/>\n<\/span><\/p>\n<p><span style=\"color: #777777; font-family: Arial;\">Voil\u00e0 un bel \u00e9change entre un \u00ab&nbsp;hussard de la r\u00e9publique&nbsp;\u00bb et un \u00e9l\u00e8ve modeste qui a pleinement profit\u00e9 de ce que l&rsquo;Ecole a su lui donner. <\/span><\/p>\n<p><span style=\"color: #777777; font-family: Arial;\">J&rsquo;esp\u00e8re qu&rsquo;il peut encore exister aujourd&rsquo;hui de telles \u00e9changes. Pour ma modeste part j&rsquo;ai rencontr\u00e9 beaucoup de bons professeurs et quelques enseignants extraordinaires dont je me souviendrai toute ma vie.<\/span><\/p>\n<p><span style=\"color: #777777; font-family: Arial;\">Des jeunes personnes issus du monde de l&rsquo;enseignement et du secteur priv\u00e9 ont cr\u00e9\u00e9 en octobre 2014, l&rsquo;Institut Louis Germain, en r\u00e9f\u00e9rence \u00e0 l&rsquo;instituteur d&rsquo;Albert Camus. C&rsquo;est une association de loi 1901 qui a pour projet de \u00abdonner \u00e0 chacun la chance qu&rsquo;il m\u00e9rite.\u00bb<\/span><\/p>\n<p><span style=\"color: #777777; font-family: Arial;\">Vous trouverez le site de cette association derri\u00e8re ce lien : <a href=\"https:\/\/www.institutlouisgermain.org\/\"><span style=\"color: #0000ff;\">https:\/\/www.institutlouisgermain.org\/<\/span><\/a><\/span><\/p>\n<p><span style=\"color: #800000;\">&lt;944&gt;<\/span><\/p>\n<p>&nbsp;<\/p>\n","protected":false},"excerpt":{"rendered":"<p>\u00ab&nbsp;Sans vous, sans cette main affectueuse que vous avez tendue au petit enfant pauvre que j\u2019\u00e9tais, sans votre enseignement, et votre exemple, rien de tout cela ne serait arriv\u00e9&nbsp;\u00bb Albert Camus J&rsquo;ai commenc\u00e9 cette semaine par un propos \u00e9crit par<\/p>\n","protected":false},"author":1,"featured_media":0,"comment_status":"open","ping_status":"closed","sticky":false,"template":"","format":"standard","meta":{"footnotes":""},"categories":[1],"tags":[38,9],"class_list":["post-3274","post","type-post","status-publish","format-standard","hentry","category-motdujour","tag-education","tag-litterature"],"_links":{"self":[{"href":"https:\/\/lemotdujour.fr\/index.php?rest_route=\/wp\/v2\/posts\/3274","targetHints":{"allow":["GET"]}}],"collection":[{"href":"https:\/\/lemotdujour.fr\/index.php?rest_route=\/wp\/v2\/posts"}],"about":[{"href":"https:\/\/lemotdujour.fr\/index.php?rest_route=\/wp\/v2\/types\/post"}],"author":[{"embeddable":true,"href":"https:\/\/lemotdujour.fr\/index.php?rest_route=\/wp\/v2\/users\/1"}],"replies":[{"embeddable":true,"href":"https:\/\/lemotdujour.fr\/index.php?rest_route=%2Fwp%2Fv2%2Fcomments&post=3274"}],"version-history":[{"count":8,"href":"https:\/\/lemotdujour.fr\/index.php?rest_route=\/wp\/v2\/posts\/3274\/revisions"}],"predecessor-version":[{"id":12247,"href":"https:\/\/lemotdujour.fr\/index.php?rest_route=\/wp\/v2\/posts\/3274\/revisions\/12247"}],"wp:attachment":[{"href":"https:\/\/lemotdujour.fr\/index.php?rest_route=%2Fwp%2Fv2%2Fmedia&parent=3274"}],"wp:term":[{"taxonomy":"category","embeddable":true,"href":"https:\/\/lemotdujour.fr\/index.php?rest_route=%2Fwp%2Fv2%2Fcategories&post=3274"},{"taxonomy":"post_tag","embeddable":true,"href":"https:\/\/lemotdujour.fr\/index.php?rest_route=%2Fwp%2Fv2%2Ftags&post=3274"}],"curies":[{"name":"wp","href":"https:\/\/api.w.org\/{rel}","templated":true}]}}