{"id":3258,"date":"2017-10-03T04:00:24","date_gmt":"2017-10-03T02:00:24","guid":{"rendered":"http:\/\/lemotdujour.fr\/?p=3258"},"modified":"2021-09-29T21:31:51","modified_gmt":"2021-09-29T19:31:51","slug":"mardi-3-octobre-2017","status":"publish","type":"post","link":"https:\/\/lemotdujour.fr\/?p=3258","title":{"rendered":"Mardi 3 octobre 2017"},"content":{"rendered":"<div class=\"mdjTexte\">\t\u00abIl n\u2019y a que deux esp\u00e8ces qui font de la politique : les hommes et les chimpanz\u00e9s !\u00bb<\/div>\n<div class=\"mdjAuteur\">\tPascal Picq<\/div>\n<p><span style=\"color: #777777; font-family: Arial;\">Il y a quelques temps d\u00e9j\u00e0, le pal\u00e9oanthropologue Pascal Picq avait \u00e9t\u00e9 l&rsquo;invit\u00e9 de la matinale de France Inter du 5 mai 2017. Quand je l&rsquo;ai entendu je me suis tout suite dit qu&rsquo;il y avait l\u00e0 vraiment mati\u00e8re \u00e0 un mot du jour parce qu&rsquo;on apprend beaucoup de choses, parce que c&rsquo;est dr\u00f4le et parce que nous nous comprenons mieux quand Pascal Picq d\u00e9crit nos cousins les singes et regarde les hommes \u00e0 travers ce qu&rsquo;il a appris des singes.<br \/>\n<\/span><\/p>\n<p><span style=\"color: #777777; font-family: Arial;\">Il avait \u00e9t\u00e9 invit\u00e9, entre les deux tours des pr\u00e9sidentielles, pour pr\u00e9senter le livre qu&rsquo;il venait de publier&nbsp;: \u00ab&nbsp;<a href=\"https:\/\/www.odilejacob.fr\/catalogue\/sciences-humaines\/anthropologie-ethnologie\/qui-va-prendre-le-pouvoir-_9782738138729.php\"><span style=\"color: #0000ff;\">Qui<\/span> <span style=\"color: #0000ff;\">va prendre le pouvoir ?:<\/span> <span style=\"color: #0000ff;\">Les Grands singes, les hommes politiques ou les robots ?&nbsp;<\/span><\/a>\u00bb<br \/>\n<\/span><\/p>\n<p><span style=\"color: #777777; font-family: Arial;\">Le journaliste le pr\u00e9sentait comme un scientifique qui jette des ponts entre les singes et les hommes et particuli\u00e8rement les hommes politiques. Le pal\u00e9oanthropologue portait alors un regard scientifique sur la campagne pr\u00e9sidentielle et sur le monde politique en g\u00e9n\u00e9ral. Il expliquait simplement : \u00ab&nbsp;Quand on a pas acc\u00e8s aux discours, avec de r\u00e9els \u00e9l\u00e9ments de discussions, ce qui va dominer, c&rsquo;est le comportement&nbsp;\u00bb.<br \/>\n<\/span><\/p>\n<p style=\"margin-left: 28pt;\"><span style=\"color: #c00000; font-family: Arial;\">\u00ab&nbsp;Il faut regarder les comportements.<br \/>\n[\u2026] On a beaucoup de discussion sur l&rsquo;absence de d\u00e9bat sur les programmes.[\u2026] A partir du moment on n&rsquo;a pas vraiment acc\u00e8s aux discours, aux enjeux [et aux id\u00e9es], ce qui va dominer c&rsquo;est le comportement. On connait beaucoup de choses sur les mimiques, les attitudes etc.&nbsp;\u00bb<br \/>\n<\/span><\/p>\n<p><span style=\"color: #777777; font-family: Arial;\">Il d\u00e9crypte le d\u00e9bat entre Marine Le Pen et Emmanuel Macron, en insistant sur les postures plut\u00f4t que sur les discours.<br \/>\n<\/span><\/p>\n<p style=\"margin-left: 28pt;\"><span style=\"color: #c00000; font-family: Arial;\">\u00ab&nbsp;Ce sont des \u00e9l\u00e9ments que l&rsquo;on partage avec les grands singes.<br \/>\nIl n&rsquo;y a vraiment que deux esp\u00e8ces qui font de la politique : les hommes et les chimpanz\u00e9s.<br \/>\n[\u2026] Si un chimpanz\u00e9 \u00e9tait devant notre t\u00e9l\u00e9vision et [regardait] le d\u00e9bat il ne comprendrait pas le discours, c&rsquo;est une \u00e9vidence, mais il comprendrait ces comportements.<br \/>\n<\/span><span style=\"color: #c00000; font-family: Arial;\">C&rsquo;est pourquoi, on est capable de d\u00e9tecter chez diff\u00e9rentes esp\u00e8ces, notamment chez les chimpanz\u00e9s diff\u00e9rents types de leadership, comme chez nous. Il y a des dominants, des tyrans, des magnanimes, ceux qui sont pr\u00eats aux compromis. Et ces personnalit\u00e9s ne s&rsquo;expriment pas par des programmes et des id\u00e9es mais par leurs attitudes.&nbsp;\u00bb<br \/>\n<\/span><\/p>\n<p><span style=\"color: #777777; font-family: Arial;\">Il parle dans son livre, \u00e0 propos des singes, des luttes pour la conqu\u00eate du pouvoir, des intrigues, de la violence, la place accord\u00e9e aux femelles, les privil\u00e8ges. Les chimpanz\u00e9s acceptent que les puissants aient des privil\u00e8ges.<br \/>\n<\/span><\/p>\n<p style=\"margin-left: 28pt;\"><span style=\"color: #c00000; font-family: Arial;\">\u00ab&nbsp;\u00ab\u00a0Dans toutes les soci\u00e9t\u00e9s humaines, c&rsquo;est le cas, cela a \u00e9t\u00e9 parfaitement d\u00e9crit par Claude Levi-Strauss, mais c&rsquo;est vrai aussi dans la soci\u00e9t\u00e9 des chimpanz\u00e9s. Quand on accepte un leader, on consent \u00e0 ce qu&rsquo;il ait quelques privil\u00e8ges.<br \/>\nMais tant que le leader remplit le contrat, qu&rsquo;il agit pour le bien du groupe, qu&rsquo;il a un comportement suffisamment magnanime. A partir du moment o\u00f9 ce contrat tacite n&rsquo;est pas respect\u00e9, on va [remettre en question son leadership].<br \/>\n<\/span><\/p>\n<p style=\"margin-left: 28pt;\"><span style=\"color: #c00000; font-family: Arial;\"> [Chez les chimpanz\u00e9s], il y a des coups d&rsquo;\u00e9tat, des changements de coalition, ce qui est plus doux. On a des exemples que je d\u00e9cris. [\u2026] Je ne cherche pas \u00e0 savoir quels sont les singes qui sont les proches de l&rsquo;homme. Ce qui m&rsquo;int\u00e9resse ce sont les comportements g\u00e9n\u00e9raux qui nous unissent par nos \u00e9volutions communes. J&rsquo;\u00e9voque un chimpanz\u00e9 qui s&rsquo;appelait \u00ab&nbsp;Mac&nbsp;\u00bb qui avait \u00e9t\u00e9 d\u00e9crit par la grande <a href=\"http:\/\/janegoodall.fr\/jane-goodall\/\"><span style=\"color: #0000ff;\">Jane<\/span> <span style=\"color: #0000ff;\">Goodall<\/span><\/a><span style=\"color: #0000ff;\">.<\/span> Il y avait deux groupes de chimpanz\u00e9s dominants dont ne faisait pas partie Mac. Il y avait des alternances constantes parce que les deux groupes \u00e9taient tr\u00e8s \u00e9quilibr\u00e9s. Il est tr\u00e8s fut\u00e9 et il s&rsquo;aper\u00e7oit que lorsque les chercheurs font le plein de leurs voitures avec des jerry cans en acier, cela fait du bruit et les chimpanz\u00e9s ont peur. Et qu&rsquo;a fait Mac, qui n&rsquo;est pas soutenu par un clan ni d&rsquo;un c\u00f4t\u00e9 ni de l&rsquo;autre&nbsp;? Il arrive avec deux bidons dans le dos [qu&rsquo;il a d\u00e9rob\u00e9] et il menace les leaders de chaque camp. [\u2026] et d&rsquo;un seul coup il prend les deux bidons et s&rsquo;en sert comme de monstrueuses castagnettes et cela fait peur \u00e0 tout le monde. Et c&rsquo;est comme \u00e7a qu&rsquo;il va prendre le pouvoir sur les deux clans. En plus il va rester longtemps parce que cela arrange tout le monde, il va arriver \u00e0 faire l&rsquo;objet d&rsquo;un compromis int\u00e9ressant qui r\u00e9concilie les deux groupes. [\u2026]<br \/>\nBon cherchez l&rsquo;allusion o\u00f9 vous voulez, mais vous voyez c&rsquo;est assez universel.&nbsp;\u00bb<br \/>\n<\/span><\/p>\n<p><span style=\"color: #777777; font-family: Arial;\"><em>Petit apart\u00e9, j&rsquo;avais \u00e9voqu\u00e9 cette grande scientifique de 83 ans qui a tant appris aux humains sur le comportement de leurs cousins chimpanz\u00e9s. J&rsquo;avais partag\u00e9 une vid\u00e9o <a href=\"https:\/\/lemotdujour.fr\/?p=574\">&lt;<span style=\"color: #0000ff;\">un geste<\/span> <span style=\"color: #0000ff;\">de<\/span> <span style=\"color: #0000ff;\">tendresse<\/span>&gt;<\/a> dans laquelle on voyait un chimpanz\u00e9 \u00ab&nbsp;Wounda&nbsp;\u00bb qui avait \u00e9t\u00e9 recueilli dans un \u00e9tat proche de la mort et avait \u00e9t\u00e9 longuement soign\u00e9 dans l&rsquo;institut de Jane Goodal, \u00eatre r\u00e9introduit dans la for\u00eat. On voit alors Wounda revenir vers Jane Goodal&nbsp;; pour l&rsquo;enlacer longuement avant de repartir vers son milieu naturel. Geste d&rsquo;une empathie extraordinaire o\u00f9 la barri\u00e8re qui s\u00e9pare l&rsquo;homme de son cousin se r\u00e9duit \u00e0 presque rien.<br \/>\n<\/em><\/span><\/p>\n<p><span style=\"color: #777777; font-family: Arial;\">Pour revenir au dialogue entre Patrick Cohen <em>qui \u00e9tait encore sur France Inter \u00e0 ce moment<\/em> et Pascal Picq, le journaliste a r\u00e9sum\u00e9 ce passage par cette formule&nbsp;: \u00ab&nbsp;Les primaires observ\u00e9s \u00e0 travers les primates&nbsp;\u00bb. Puis il a interrog\u00e9 le primatologue sur la campagne pr\u00e9sidentielle qui en \u00e9tait au lendemain du d\u00e9bat d&rsquo;entre deux tours, au moment de l&rsquo;entretien&nbsp;:<br \/>\n<\/span><\/p>\n<p style=\"margin-left: 28pt;\"><span style=\"color: #c00000; font-family: Arial;\">Les grands enjeux n&rsquo;ont pas \u00e9t\u00e9 discut\u00e9s. Je ne suis pas anthropologue, je vous l&rsquo;accorde, mais je m&rsquo;int\u00e9resse \u00e0 notre soci\u00e9t\u00e9 je fais partie de l&rsquo;observatoire de l&rsquo;ub\u00e9risation de la soci\u00e9t\u00e9. Et \u00e0 part Benoit Hamon qui a abord\u00e9 le sujet de l&rsquo;allocation universelle autour du travail et de la taxation des robots, aujourd&rsquo;hui le monde est en train de changer \u00e0 l&rsquo;\u00e9chelle mondiale avec les vagues du num\u00e9rique et ces questions n&rsquo;ont pas du tout \u00e9t\u00e9 abord\u00e9es. Cela m&rsquo;a compl\u00e9tement constern\u00e9. L&rsquo;erreur de Monsieur Hamon c&rsquo;est d&rsquo;avoir pr\u00e9sent\u00e9 l&rsquo;allocation universelle et la taxation des robots comme une assistance. [\u2026] Cette question de l&rsquo;allocation universelle devra \u00eatre abord\u00e9e dans le cadre d&rsquo;un nouveau projet de soci\u00e9t\u00e9 que nous attendons \u00e0 l&rsquo;\u00e9chelle mondiale. [\u2026] Ce monde a chang\u00e9 en 5 ans, le temps d&rsquo;un quinquennat avec quasiment les m\u00eames candidats d&rsquo;un quinquennat \u00e0 l&rsquo;autre, \u00e0 part M Hamon et M Macron, avec quasiment les m\u00eames id\u00e9es.<br \/>\n<\/span><\/p>\n<p style=\"margin-left: 28pt;\"><span style=\"color: #c00000; font-family: Arial;\">Je vais \u00eatre un peu brutal, on essaie de r\u00e9pondre aux enjeux de soci\u00e9t\u00e9, du travail, de la redistribution des richesses avec des \u00e9l\u00e9ments de r\u00e9ponse \u00e0 gauche et \u00e0 droite qui datent [\u2026] de la deuxi\u00e8me r\u00e9volution industrielle, alors que nous sommes d\u00e9j\u00e0 dans la quatri\u00e8me avec des bouleversements qui sont connus dans le monde du travail, de la r\u00e9partition des richesses.&nbsp;\u00bb<br \/>\n<\/span><\/p>\n<p><span style=\"color: #777777; font-family: Arial;\">Et quand Patrick Cohen lui demande sa vision du monde de demain de la postmodernit\u00e9, le pal\u00e9oanthropologue r\u00e9pond&nbsp;:<br \/>\n<\/span><\/p>\n<p style=\"margin-left: 28pt;\"><span style=\"color: #c00000; font-family: Arial;\">\u00ab&nbsp;Aujourd&rsquo;hui tous les \u00e9l\u00e9ments de nos vies ont \u00e9t\u00e9 largement modifi\u00e9s. Et d&rsquo;ailleurs ne nous ont pas \u00e9t\u00e9 impos\u00e9s. Quand vous utilisez votre smartphone et que vous d\u00e9cidez d&rsquo;utiliser telle ou telle application pour vous d\u00e9placer, pour consommer, pour vous loger, pour chercher des informations, vous modifiez l&rsquo;espace digital darwinien [\u2026] vous modifiez le march\u00e9 ou l&rsquo;activit\u00e9 [des domaines dans lesquels vous intervenez de mani\u00e8re num\u00e9rique]. C&rsquo;est un syst\u00e8me parfaitement darwinien [\u2026].<br \/>\n<\/span><\/p>\n<p style=\"margin-left: 28pt;\"><span style=\"color: #c00000; font-family: Arial;\">[\u2026] Comment cela fonctionne t&rsquo;il&nbsp;?<br \/>\n<\/span><\/p>\n<p style=\"margin-left: 28pt;\"><span style=\"color: #c00000; font-family: Arial;\">Les gens qui ont cr\u00e9\u00e9 twitter, c&rsquo;\u00e9tait des gar\u00e7ons et des filles qui ont fait un <span style=\"color: #0000ff;\"><a href=\"https:\/\/lemotdujour.fr\/?p=1682\"><span style=\"color: #0000ff;\">hackaton<\/span><\/a><\/span> [\u2026] et qui se sont dit&nbsp;: j&rsquo;aimerais avoir une messagerie courte pour \u00e9changer avec mes amis. Premi\u00e8rement \u00e7a ne coute rien, ce que Jeremy Rifkin appelle le cout marginal z\u00e9ro, on se r\u00e9unit on est ensemble, on s&rsquo;amuse bien. Si l&rsquo;application n&rsquo;est pas s\u00e9lectionn\u00e9e ce n&rsquo;est pas grave on a pass\u00e9 un bon moment ensemble. Mais si elle est s\u00e9lectionn\u00e9e, \u00e7a peut compl\u00e9tement changer le monde.<br \/>\n<\/span><\/p>\n<p style=\"margin-left: 28pt;\"><span style=\"color: #c00000; font-family: Arial;\">Vous pensez que ces dizaines de jeunes gens allaient imaginer les printemps arabes, les logiciels big data qui jugent de nos \u00e9motions sur la valeur de la city et de la sp\u00e9culation [\u2026] qui allait imaginer que ce serait la premi\u00e8re campagne d&rsquo;Obama o\u00f9 gr\u00e2ce \u00e0 des algorithmes on allait pouvoir d\u00e9terminer les personnes ind\u00e9cises pour pouvoir les appeler et les convaincre de voter Obama, ou les fake news [<span style=\"color: #777777;\">Et j&rsquo;ajouterai pour ma part que personne n&rsquo;imaginait que le Pr\u00e9sident des Etats Unis, \u00e0 savoir Trump, utiliserait ce petit outil pour informer le monde de ses d\u00e9cisions politiques ou de sa strat\u00e9gie diplomatique]<span style=\"color: #c00000;\">.. Personne ne pouvait imaginer cela.<br \/>\n<\/span><\/span><\/span><\/p>\n<p style=\"margin-left: 28pt;\"><span style=\"color: #c00000; font-family: Arial;\">C&rsquo;est pour cela qu&rsquo;on est dans un changement de soci\u00e9t\u00e9 \u00e9norme o\u00f9 des personnes partout dans le monde sont capables de cr\u00e9er des applications qui ne coutent pas grand-chose et qui peuvent modifier des march\u00e9s entiers et m\u00eame menacer la stabilit\u00e9 \u00e9conomique des tr\u00e8s grands groupes. Et \u00e7a nous en sommes les acteurs. Je ne suis pas en train de culpabiliser, de moraliser. Mais il faut bien \u00eatre conscient que les enjeux de pouvoir sur l&rsquo;\u00e9conomie, la politique, la culture et m\u00eame les informations sont aux mains de tout le monde et deviennent impr\u00e9visibles.&nbsp;\u00bb<br \/>\n<\/span><\/p>\n<p><img decoding=\"async\" src=\"https:\/\/lemotdujour.fr\/wp-content\/uploads\/2017\/10\/100117_1058_Mardi3octob1.jpg\" alt=\"\" align=\"left\"><span style=\"color: #777777; font-family: Arial;\"><br \/>\n<\/span><\/p>\n<p><span style=\"color: #777777; font-family: Arial;\">Et en conclusion, par son exp\u00e9rience avec les singes capucins et \u00e0 par la conceptualisation du<span style=\"color: #0000ff;\"> <a href=\"http:\/\/ecopsycho.gretha.cnrs.fr\/spip.php?article109\"><span style=\"color: #0000ff;\">jeu de l&rsquo;ultimatum<\/span><\/a><\/span>, il explique le Brexit. [C&rsquo;est \u00e0 partir de 7&nbsp;:30<a href=\"https:\/\/www.franceinter.fr\/emissions\/interactiv\/interactiv-05-mai-2017\">] <span style=\"color: #0000ff;\">dans cette partie de l&rsquo;\u00e9mission<\/span><\/a> .<br \/>\n<\/span><\/p>\n<p><span style=\"color: #777777; font-family: Arial;\">J&rsquo;essaie de r\u00e9sumer. Le jeu de l&rsquo;ultimatum est utilis\u00e9 en \u00e9conomie exp\u00e9rimentale et se joue de la mani\u00e8re suivante : une premi\u00e8re personne (joueur A) se voit attribuer une certaine somme d&rsquo;argent, et doit d\u00e9cider quelle part elle garde pour elle et quelle part elle attribue \u00e0 une seconde personne (joueur B). La seconde personne doit alors d\u00e9cider si elle accepte ou refuse l&rsquo;offre. Si elle la refuse, aucun des deux individus ne re\u00e7oit d&rsquo;argent.<br \/>\n<\/span><\/p>\n<p><span style=\"color: #777777; font-family: Arial;\">Pascal Picq explique que les singes capucins comprennent tr\u00e8s vite et entrent dans la logique de la coop\u00e9ration profitable au plus grand nombre.<br \/>\n<\/span><\/p>\n<p><span style=\"color: #777777; font-family: Arial;\">Les technocrates qui trouvent stupide la r\u00e9action des britanniques qui ont vot\u00e9 pour le Brexit, parce qu&rsquo;ils ont profit\u00e9 de fonds structurels et qu&rsquo;ils vont perdre au Brexit, ne comprennent pas ce que comprennent les singes capucins. Selon Pascal Picq ceux qui ont vot\u00e9 pour le Brexit ont le sentiment, exact, que dans la r\u00e9partition du jeu de l&rsquo;ultimatum o\u00f9 il fallait partager 100, ils ont peut \u00eatre re\u00e7u 20, mais d&rsquo;autres ont re\u00e7u 80. C&rsquo;est la r\u00e9alit\u00e9 des classes moyennes dont les revenus stagnent alors que ceux des plus riches explosent. Dans ces conditions ils pr\u00e9f\u00e8rent jouer la politique du pire, personne n&rsquo;y trouve avantage.<br \/>\n<\/span><\/p>\n<p><span style=\"color: #777777; font-family: Arial;\">C&rsquo;est encore un probl\u00e8me de collaboration intelligente que les singes capucins pourraient enseigner aux hommes du capitalisme contemporain. Pascal Picq d\u00e9veloppait aussi ces id\u00e9es dans un article ancien du journal des Echos&nbsp;: <a href=\"https:\/\/www.lesechos.fr\/17\/10\/2012\/lesechos.fr\/0202335496715_pascal-picq----il-faut-accorder-plus-de-place-a-la-collaboration-et-au-partage-.htm\"><span style=\"color: #0000ff;\">\u00abIl faut accorder plus de place \u00e0 la collaboration et au partage<\/span>\u00bb<\/a><br \/>\n<\/span><\/p>\n<p><span style=\"color: #777777; font-family: Arial;\">Car indiscutablement nous avons des comportements qui peuvent \u00eatre expliqu\u00e9s par l&rsquo;observation des singes. Et Pascal Picq de rappeler cette exp\u00e9rience d\u00e9j\u00e0 cit\u00e9e dans le mot du jour consacr\u00e9 \u00e0 Franz de Waal, o\u00f9 des singes font la gr\u00e8ve parce qu&rsquo;ils estiment \u00eatre victime d&rsquo;une injustice&nbsp;: on leur donne des concombres, alors qu&rsquo;\u00e0 leurs voisins qui font le m\u00eame travail on donne des raisins ou des bananes, r\u00e9compenses plus valoris\u00e9es par les singes.<br \/>\n<\/span><\/p>\n<p><span style=\"color: #777777; font-family: Arial;\">R\u00e9flexion donc tr\u00e8s f\u00e9conde de ce pal\u00e9oanthropologue qui dans une autre \u00e9mission explique la diff\u00e9rence entre Emmanuel Macron et Manuel Valls par ce langage simiesque&nbsp;: \u00ab&nbsp;Manuel Valls ne sait pas bien \u00e9pouiller&nbsp;\u00bb. Les singes manifestent l&#8217;empathie et la volont\u00e9 de collaboration en \u00e9pouillant le cong\u00e9n\u00e8re qu&rsquo;il rencontre. Les hommes n&rsquo;\u00e9pouillent pas, mais il y a ceux qui comme Jacques Chirac et aussi, reconnaissons le, Emmanuel Macron savent aller vers les autres avec empathie ou au moins l&rsquo;apparence qu&rsquo;ils s&rsquo;int\u00e9ressent aux autres (ils savent \u00e9pouiller) et ceux qui comme Manuel Valls se f\u00e2chent avec quasi tout le monde et passent leur temps \u00e0 engueuler les autres.<br \/>\n<\/span><\/p>\n<p><span style=\"color: #777777; font-family: Arial;\">Ce mot du jour est d\u00e9j\u00e0 fort long et je n&rsquo;ai pas encore parl\u00e9 des robots \u00e9voqu\u00e9s par Pascal Picq, mais vous trouverez cet article du monde o\u00f9 il s&rsquo;exprime \u00e0 ce propos&nbsp;: \u00ab&nbsp;<a href=\"http:\/\/www.lemonde.fr\/o21\/article\/2017\/02\/09\/pascal-picq-choisissez-d-etudier-ce-que-vous-aimez_5077105_5014018.html\"><span style=\"color: #0000ff;\">La parade face<\/span> <span style=\"color: #0000ff;\">\u00e0 la robotisation est la cr\u00e9ativit\u00e9<\/span>&nbsp;<\/a>\u00bb<br \/>\n<\/span><\/p>\n<p><a href=\"https:\/\/www.youtube.com\/watch?v=lf08i5vqIvQ\"><img decoding=\"async\" class=\"alignleft\" src=\"https:\/\/lemotdujour.fr\/wp-content\/uploads\/2017\/10\/100117_1058_Mardi3octob2.jpg\" alt=\"\" border=\"0\" align=\"left\"><\/a><span style=\"color: #777777; font-family: Arial;\"><br \/>\n<\/span><\/p>\n<p><span style=\"color: #777777; font-family: Arial;\">Et pour finir, parce qu&rsquo;Annie m&rsquo;a dit apr\u00e8s le mot du jour d&rsquo;hier, tu ne peux pas parler que de choses horribles, il faut aussi parler de belles choses, d&#8217;empathie, de ce qui nous pousse \u00e0 la bienveillance.<br \/>\n<\/span><\/p>\n<p><span style=\"color: #777777; font-family: Arial;\">Pour ce faire j&rsquo;en reviens aux singes et au geste de tendresse de Wounda que vous retrouverez derri\u00e8re <span style=\"color: #0000ff;\"><a href=\"https:\/\/www.youtube.com\/watch?v=lf08i5vqIvQ\"><span style=\"color: #0000ff;\">ce<\/span> <span style=\"color: #0000ff;\">lien<\/span><\/a>.<\/span><br \/>\n<\/span><\/p>\n<p><span style=\"color: #800000; font-family: Arial;\">&lt;941&gt;<\/span><\/p>\n","protected":false},"excerpt":{"rendered":"<p>\u00abIl n\u2019y a que deux esp\u00e8ces qui font de la politique : les hommes et les chimpanz\u00e9s !\u00bb Pascal Picq Il y a quelques temps d\u00e9j\u00e0, le pal\u00e9oanthropologue Pascal Picq avait \u00e9t\u00e9 l&rsquo;invit\u00e9 de la matinale de France Inter du<\/p>\n","protected":false},"author":1,"featured_media":0,"comment_status":"open","ping_status":"closed","sticky":false,"template":"","format":"standard","meta":{"footnotes":""},"categories":[1],"tags":[48,3,35],"class_list":["post-3258","post","type-post","status-publish","format-standard","hentry","category-motdujour","tag-nature","tag-politique","tag-sciences"],"_links":{"self":[{"href":"https:\/\/lemotdujour.fr\/index.php?rest_route=\/wp\/v2\/posts\/3258","targetHints":{"allow":["GET"]}}],"collection":[{"href":"https:\/\/lemotdujour.fr\/index.php?rest_route=\/wp\/v2\/posts"}],"about":[{"href":"https:\/\/lemotdujour.fr\/index.php?rest_route=\/wp\/v2\/types\/post"}],"author":[{"embeddable":true,"href":"https:\/\/lemotdujour.fr\/index.php?rest_route=\/wp\/v2\/users\/1"}],"replies":[{"embeddable":true,"href":"https:\/\/lemotdujour.fr\/index.php?rest_route=%2Fwp%2Fv2%2Fcomments&post=3258"}],"version-history":[{"count":5,"href":"https:\/\/lemotdujour.fr\/index.php?rest_route=\/wp\/v2\/posts\/3258\/revisions"}],"predecessor-version":[{"id":12296,"href":"https:\/\/lemotdujour.fr\/index.php?rest_route=\/wp\/v2\/posts\/3258\/revisions\/12296"}],"wp:attachment":[{"href":"https:\/\/lemotdujour.fr\/index.php?rest_route=%2Fwp%2Fv2%2Fmedia&parent=3258"}],"wp:term":[{"taxonomy":"category","embeddable":true,"href":"https:\/\/lemotdujour.fr\/index.php?rest_route=%2Fwp%2Fv2%2Fcategories&post=3258"},{"taxonomy":"post_tag","embeddable":true,"href":"https:\/\/lemotdujour.fr\/index.php?rest_route=%2Fwp%2Fv2%2Ftags&post=3258"}],"curies":[{"name":"wp","href":"https:\/\/api.w.org\/{rel}","templated":true}]}}