{"id":3245,"date":"2017-10-02T04:00:59","date_gmt":"2017-10-02T02:00:59","guid":{"rendered":"http:\/\/lemotdujour.fr\/?p=3245"},"modified":"2021-09-29T21:58:21","modified_gmt":"2021-09-29T19:58:21","slug":"lundi-2-octobre-2017-2","status":"publish","type":"post","link":"https:\/\/lemotdujour.fr\/?p=3245","title":{"rendered":"Lundi 2 octobre 2017"},"content":{"rendered":"<div class=\"mdjTexte\">\t\u00ab\u00a0\u00abNon, un homme \u00e7a s&#8217;emp\u00eache.<br \/>\nVoil\u00e0 ce qu&rsquo;est un homme,<br \/>\nou sinon\u2026 \u00bb\u00a0\u00bb<\/div>\n<div class=\"mdjAuteur\">\t\u00ab\u00a0Le p\u00e8re d&rsquo;Albert Camus<br \/>\nCit\u00e9 par Albert Camus dans \u00ab Le premier homme \u00bb page 65 et suiv.\u00a0\u00bb<\/div>\n<p><span style=\"color: #777777; font-family: Arial;\">Je veux revenir sur ce fait divers d&rsquo;une enfant de 11 ans qui a \u00e9t\u00e9 la proie de la perversit\u00e9 d&rsquo;un pr\u00e9dateur.<br \/>\n<\/span><\/p>\n<p><span style=\"color: #777777; font-family: Arial;\">A la suite du commentaire de Benoit, j&rsquo;ai mis un lien vers une p\u00e9tition qui r\u00e9clame une \u00e9volution de la Loi qui devrait mettre un \u00e2ge en dessous duquel, le consentement ne peut pas exister. Je redonne le lien vers cette p\u00e9tition&nbsp;: <a href=\"https:\/\/www.change.org\/p\/changeons-la-loi-un-enfant-n-est-jamais-consentant-%C3%A0-une-relation-sexuelle\/fbog\/31417695?recruiter=31417695&amp;utm_source=share_petition&amp;utm_medium=facebook&amp;utm_campaign=autopublish&amp;utm_term=autopublish\"><span style=\"color: #0000ff;\">&lt;ICI&gt;<\/span><\/a><br \/>\n<\/span><\/p>\n<p><span style=\"color: #777777; font-family: Arial;\">Alors, j&rsquo;ai lu des r\u00e9actions qui mettent en cause les parents de cette enfant qui auraient manqu\u00e9 de prudence, qui auraient du intervenir plus t\u00f4t apr\u00e8s ce qu&rsquo;a racont\u00e9 leur enfant et la prot\u00e9ger du pr\u00e9dateur. C&rsquo;est certainement vrai.<br \/>\n<\/span><\/p>\n<p><span style=\"color: #777777; font-family: Arial;\">Mais pour moi, ce n&rsquo;est en aucune fa\u00e7on ni une excuse, ni un argument qui peut s&rsquo;entendre par rapport \u00e0 la question fondamentale d&rsquo;un homme de 28 ans qui abuse d&rsquo;un enfant de 11 ans.<br \/>\n<\/span><\/p>\n<p><span style=\"color: #777777; font-family: Arial;\">Si une femme ou un homme se prom\u00e8ne nu dans la rue, il faut la ou le couvrir, peut-\u00eatre lui mettre une amende pour atteinte aux bonnes m\u0153urs. En aucune fa\u00e7on cela constitue le d\u00e9but du commencement d&rsquo;une justification d&rsquo;une agression sexuelle.<br \/>\n<\/span><\/p>\n<p><span style=\"color: #777777; font-family: Arial;\">Et si la femme, car il faut quand m\u00eame constater que c&rsquo;est le corps des femmes qui posent probl\u00e8me \u00e0 un certain nombre de m\u00e2le de l&rsquo;esp\u00e8ce homo sapiens, est habill\u00e9e de quelque mani\u00e8re que ce soit, il en va exactement de m\u00eame.<br \/>\n<\/span><\/p>\n<p><span style=\"color: #777777; font-family: Arial;\">Dans ce monde, o\u00f9 des penseurs commencent de plus en plus \u00e0 d\u00e9velopper les th\u00e8ses de l&rsquo;antisp\u00e9cisme, c&rsquo;est-\u00e0-dire cette th\u00e9orie qui consiste \u00e0 ne plus faire de diff\u00e9rence entre les esp\u00e8ces, donc entre les humains et les autres animaux, il me parait particuli\u00e8rement important d&rsquo;essayer d&rsquo;esquisser ce que doit \u00eatre un homme ou alors d&rsquo;abdiquer et rallier les th\u00e8ses de ces associations comme <span style=\"color: #0000ff;\"><a href=\"https:\/\/www.l214.com\/\"><span style=\"color: #0000ff;\">\u00ab<\/span>&nbsp;<span style=\"color: #0000ff;\">L214\u00bb<\/span><\/a><\/span> .<br \/>\n<\/span><\/p>\n<p><span style=\"color: #777777; font-family: Arial;\">C&rsquo;est alors que m&rsquo;est revenu cet \u00e9pisode dans lequel Albert Camus raconte la r\u00e9action de son p\u00e8re lors d&rsquo;un acte ignoble d&rsquo;hommes sur d&rsquo;autres hommes&nbsp;: \u00ab&nbsp;<strong>Un homme \u00e7a s&#8217;emp\u00eache&nbsp;!<\/strong>&nbsp;\u00bb<br \/>\n<\/span><\/p>\n<p><span style=\"color: #777777; font-family: Arial;\">Albert Camus est mort \u00e0 46 ans, le 4 janvier 1960, sur le trajet de Lyon \u00e0 Paris, au lieu-dit Le Petit-Villeblevin, dans l&rsquo;Yonne, dans un accident de voiture.<br \/>\nTrois ans auparavant, le 16 octobre 1957, le prix Nobel de litt\u00e9rature lui avait \u00e9t\u00e9 d\u00e9cern\u00e9.<br \/>\nSon p\u00e8re, Lucien Auguste Camus est mort au d\u00e9but de la premi\u00e8re guerre mondiale, le 11 octobre 1914, alors qu&rsquo;Albert n&rsquo;avait pas encore un an.<br \/>\n<\/span><\/p>\n<p><span style=\"color: #777777; font-family: Arial;\">\u00ab&nbsp;Le Premier Homme&nbsp;\u00bb est un roman autobiographique inachev\u00e9 d&rsquo;Albert Camus, publi\u00e9 par sa fille en 1994 aux \u00e9ditions Gallimard. Albert Camus n&rsquo;avait pas encore mis un titre \u00e0 son nouveau manuscrit.<br \/>\nLe premier chapitre de ce livre s&rsquo;intitule&nbsp;: \u00ab&nbsp;Recherche du p\u00e8re&nbsp;\u00bb<br \/>\n<\/span><\/p>\n<p><span style=\"color: #777777; font-family: Arial;\">Dans ce livre, Albert Camus d\u00e9signe son p\u00e8re sous le nom de Cormery et lui-m\u00eame avait pris pour pr\u00e9nom Jacques.<br \/>\nEt il cite un \u00e9pisode dans la vie de son p\u00e8re, en pleine p\u00e9riode colonialiste dans lequel des hommes colonis\u00e9s attaquent les soldats du colonisateur et agissent de mani\u00e8re ignoble, ce qui va entra\u00eener la r\u00e9plique du p\u00e8re d&rsquo;Albert Camus&nbsp;:<br \/>\nCet \u00e9pisode met en sc\u00e8ne le p\u00e8re de Camus et un autre soldat appel\u00e9 Levesque qui trouve des excuses \u00e0 ceux qui ont commis l&rsquo;ignoble.<br \/>\n<\/span><\/p>\n<p style=\"margin-left: 28pt;\"><span style=\"color: #c00000; font-family: Arial;\">\u00ab&nbsp;Il \u00e9tait dans les zouaves.<br \/>\n<\/span><\/p>\n<p style=\"margin-left: 28pt;\"><span style=\"color: #c00000; font-family: Arial;\">Oui. Il a fait la guerre au Maroc.<br \/>\nC&rsquo;\u00e9tait vrai. Il avait oubli\u00e9. 1905, son p\u00e8re avait 20 ans. Il avait fait, comme on dit, du service actif contre les marocains.<br \/>\nJacques se souvenait de ce que lui avait dit le directeur de son \u00e9cole lorsqu&rsquo;il l&rsquo;avait rencontr\u00e9 quelques ann\u00e9es auparavant dans les rues d&rsquo;Alger. Monsieur L\u00e9vesque avait \u00e9t\u00e9 appel\u00e9 en m\u00eame temps que son p\u00e8re. Mais il n&rsquo;\u00e9tait rest\u00e9 qu&rsquo;un mois dans la m\u00eame unit\u00e9. Il avait mal connu Cormery selon lui, car ce dernier parlait peu.<br \/>\n<\/span><\/p>\n<p style=\"margin-left: 28pt;\"><span style=\"color: #c00000; font-family: Arial;\">Dur \u00e0 la fatigue, taciturne, mais facile \u00e0 vivre et \u00e9quitable.<br \/>\nUne seule fois, Cormery avait paru hors de lui.<br \/>\nC&rsquo;\u00e9tait la nuit, apr\u00e8s une journ\u00e9e torride, dans ce coin de l&rsquo;Atlas o\u00f9 le d\u00e9tachement campait au sommet d&rsquo;une petite colline gard\u00e9e par un d\u00e9fil\u00e9 rocheux.<br \/>\nCormery et L\u00e9vesque devaient relever la sentinelle au bas du d\u00e9fil\u00e9. Personne n&rsquo;avait r\u00e9pondu \u00e0 leurs appels.<br \/>\n<\/span><\/p>\n<p style=\"margin-left: 28pt;\"><span style=\"color: #c00000; font-family: Arial;\">Et au pied d&rsquo;une haie de figuiers de barbarie, ils avaient trouv\u00e9 leurs camarades la t\u00eate renvers\u00e9e, bizarrement tourn\u00e9e vers la Lune. Et d&rsquo;abord il n&rsquo;avait pas reconnu sa t\u00eate qui avait une forme \u00e9trange. Mais c&rsquo;\u00e9tait tout simple. Il avait \u00e9t\u00e9 \u00e9gorg\u00e9, dans sa bouche, cette boursouflure livide \u00e9tait son sexe entier. C&rsquo;est alors qu&rsquo;ils avaient vu le corps ou jambes \u00e9cart\u00e9es, le pantalon de zouave fendu, et au milieu de la fente, dans le reflet cette fois indirect de la Lune, cette flaque mar\u00e9cageuse. \u00c0 100 m plus loin, derri\u00e8re un gros rocher cette fois, la deuxi\u00e8me sentinelle avait \u00e9t\u00e9 pr\u00e9sent\u00e9e de la m\u00eame fa\u00e7on. [\u2026]<br \/>\n<\/span><\/p>\n<p style=\"margin-left: 28pt;\"><span style=\"color: #c00000; font-family: Arial;\">\u00c0 l&rsquo;aube, quand ils \u00e9taient remont\u00e9s au camp, Cormery avait dit que les autres n&rsquo;\u00e9taient pas des hommes.<br \/>\n<\/span><\/p>\n<p style=\"margin-left: 28pt;\"><span style=\"color: #c00000; font-family: Arial;\">L\u00e9vesque qui r\u00e9fl\u00e9chissait, avait r\u00e9pondu que, pour eux, c&rsquo;\u00e9tait ainsi que devaient agir les hommes, qu&rsquo;on \u00e9tait chez eux, et qu&rsquo;ils usaient de tous les moyens.<br \/>\n<\/span><\/p>\n<p style=\"margin-left: 28pt;\"><span style=\"color: #c00000; font-family: Arial;\">Cormery avait pris son air but\u00e9. \u00ab Peut-\u00eatre. Mais ils ont tort. Un homme ne fait pas \u00e7a. \u00bb<br \/>\n<\/span><\/p>\n<p style=\"margin-left: 28pt;\"><span style=\"color: #c00000; font-family: Arial;\">L\u00e9vesque avait dit que pour eux, dans certaines circonstances, un homme doit tout se permettre et tout d\u00e9truire.<br \/>\n<\/span><\/p>\n<p style=\"margin-left: 28pt;\"><span style=\"color: #c00000; font-family: Arial;\">Mais Cormery avait cri\u00e9 comme pris de folie furieuse : <strong>\u00ab Non, un homme \u00e7a s&#8217;emp\u00eache. Voil\u00e0 ce qu&rsquo;est un homme, ou sinon\u2026 \u00bb.<\/strong><br \/>\n<\/span><\/p>\n<p style=\"margin-left: 28pt;\"><span style=\"color: #c00000; font-family: Arial;\">Et puis il s&rsquo;\u00e9tait calm\u00e9. \u00ab Moi, avait-il dit d&rsquo;une voix sourde, je suis pauvre, je sors de l&rsquo;orphelinat, on me met cet habit, on me tra\u00eene \u00e0 la guerre, mais je m&#8217;emp\u00eache.\u00bb<br \/>\n<\/span><\/p>\n<p style=\"margin-left: 28pt;\"><span style=\"color: #c00000; font-family: Arial;\">Il y a des Fran\u00e7ais qui ne s&#8217;emp\u00eachent pas avait dit L\u00e9vesque.<br \/>\n<\/span><\/p>\n<p style=\"margin-left: 28pt;\"><span style=\"color: #c00000; font-family: Arial;\">Alors, eux non plus, ce ne sont pas des hommes.&nbsp;\u00bb&nbsp;\u00bb<br \/>\n<\/span><\/p>\n<p><span style=\"color: #777777; font-family: Arial;\">Alors, ce ne sont pas des hommes.<br \/>\nParce qu&rsquo;un homme, \u00e7a s&#8217;emp\u00eache&nbsp;!<br \/>\n<\/span><\/p>\n<p><img loading=\"lazy\" decoding=\"async\" class=\"wp-image-3263 alignleft\" src=\"https:\/\/lemotdujour.fr\/wp-content\/uploads\/2017\/10\/Le-premier-homme-Camus-205x300.jpg\" alt=\"\" width=\"141\" height=\"206\" srcset=\"https:\/\/lemotdujour.fr\/wp-content\/uploads\/2017\/10\/Le-premier-homme-Camus-205x300.jpg 205w, https:\/\/lemotdujour.fr\/wp-content\/uploads\/2017\/10\/Le-premier-homme-Camus.jpg 324w\" sizes=\"auto, (max-width: 141px) 100vw, 141px\" \/><\/p>\n<p>&nbsp;<\/p>\n<p>&nbsp;<\/p>\n<p>&nbsp;<\/p>\n<p>&nbsp;<\/p>\n<p>&nbsp;<\/p>\n<p>&nbsp;<\/p>\n<p><span style=\"color: #800000;\">&lt;940&gt;<\/span><\/p>\n","protected":false},"excerpt":{"rendered":"<p>\u00ab\u00a0\u00abNon, un homme \u00e7a s&#8217;emp\u00eache. Voil\u00e0 ce qu&rsquo;est un homme, ou sinon\u2026 \u00bb\u00a0\u00bb \u00ab\u00a0Le p\u00e8re d&rsquo;Albert Camus Cit\u00e9 par Albert Camus dans \u00ab Le premier homme \u00bb page 65 et suiv.\u00a0\u00bb Je veux revenir sur ce fait divers d&rsquo;une enfant<\/p>\n","protected":false},"author":1,"featured_media":0,"comment_status":"open","ping_status":"closed","sticky":false,"template":"","format":"standard","meta":{"footnotes":""},"categories":[1],"tags":[17,6,14],"class_list":["post-3245","post","type-post","status-publish","format-standard","hentry","category-motdujour","tag-histoire","tag-philosophie","tag-recit"],"_links":{"self":[{"href":"https:\/\/lemotdujour.fr\/index.php?rest_route=\/wp\/v2\/posts\/3245","targetHints":{"allow":["GET"]}}],"collection":[{"href":"https:\/\/lemotdujour.fr\/index.php?rest_route=\/wp\/v2\/posts"}],"about":[{"href":"https:\/\/lemotdujour.fr\/index.php?rest_route=\/wp\/v2\/types\/post"}],"author":[{"embeddable":true,"href":"https:\/\/lemotdujour.fr\/index.php?rest_route=\/wp\/v2\/users\/1"}],"replies":[{"embeddable":true,"href":"https:\/\/lemotdujour.fr\/index.php?rest_route=%2Fwp%2Fv2%2Fcomments&post=3245"}],"version-history":[{"count":5,"href":"https:\/\/lemotdujour.fr\/index.php?rest_route=\/wp\/v2\/posts\/3245\/revisions"}],"predecessor-version":[{"id":12305,"href":"https:\/\/lemotdujour.fr\/index.php?rest_route=\/wp\/v2\/posts\/3245\/revisions\/12305"}],"wp:attachment":[{"href":"https:\/\/lemotdujour.fr\/index.php?rest_route=%2Fwp%2Fv2%2Fmedia&parent=3245"}],"wp:term":[{"taxonomy":"category","embeddable":true,"href":"https:\/\/lemotdujour.fr\/index.php?rest_route=%2Fwp%2Fv2%2Fcategories&post=3245"},{"taxonomy":"post_tag","embeddable":true,"href":"https:\/\/lemotdujour.fr\/index.php?rest_route=%2Fwp%2Fv2%2Ftags&post=3245"}],"curies":[{"name":"wp","href":"https:\/\/api.w.org\/{rel}","templated":true}]}}