{"id":3231,"date":"2017-10-05T04:00:54","date_gmt":"2017-10-05T02:00:54","guid":{"rendered":"http:\/\/lemotdujour.fr\/?p=3231"},"modified":"2021-09-29T10:59:02","modified_gmt":"2021-09-29T08:59:02","slug":"lundi-2-octobre-2017","status":"publish","type":"post","link":"https:\/\/lemotdujour.fr\/?p=3231","title":{"rendered":"Jeudi 5 octobre 2017"},"content":{"rendered":"<div class=\"mdjTexte\">\t\u00abL\u2019anxi\u00e9t\u00e9 d\u00e9mographique des pays de l\u2019Europe centrale\u00bb.<\/div>\n<div class=\"mdjAuteur\">\tIvan Krastev<\/div>\n<p><span style=\"color: #777777; font-family: Arial;\">L&rsquo;\u00e9volution des pays d&rsquo;Europe centrale qui ont int\u00e9gr\u00e9 l&rsquo;Union europ\u00e9enne nous inqui\u00e8te. Ces pays qui mettent \u00e0 leur t\u00eate des responsables qui comme Viktor Orban sont des adeptes de la \u00ab&nbsp;d\u00e9mocratie illib\u00e9rale&nbsp;\u00bb ou des gouvernants qui comme en Pologne entendent changer les livres d&rsquo;Histoire, se r\u00e9v\u00e8le en outre x\u00e9nophobes.<br \/>\n<\/span><\/p>\n<p><span style=\"color: #777777; font-family: Arial;\">Brice Couturier qui continue \u00e0 s&rsquo;interroger sur les cultures du monde en sortant de la seule pr\u00e9occupation franco-fran\u00e7aise, a commis une chronique sur ce sujet.<br \/>\n<\/span><\/p>\n<p><span style=\"color: #777777; font-family: Arial;\">Il explique que notamment ces petites nations, traumatis\u00e9es par une histoire tragique, avaient int\u00e9gr\u00e9 l&rsquo;Union europ\u00e9enne pour s&rsquo;arrimer solidement \u00e0 une alliance d&rsquo;Etats d\u00e9mocratiques et int\u00e9grer un bloc commercial prosp\u00e8re et solidaire. A l&rsquo;\u00e9poque o\u00f9 elles ont fait ce choix, elles venaient d&rsquo;\u00e9chapper \u00e0 plus de quatre d\u00e9cennies de d\u00e9pendance envers l&#8217;empire sovi\u00e9tique et elles se f\u00e9licitaient d&rsquo;avoir r\u00e9cup\u00e9r\u00e9 leur souverainet\u00e9 nationale.<br \/>\n<\/span><\/p>\n<p><span style=\"color: #777777; font-family: Arial;\">Elles ignoraient le \u00ab trilemme d&rsquo;incompatibilit\u00e9 de Rodrik \u00bb\u2026.<br \/>\n<\/span><\/p>\n<p><span style=\"color: #777777; font-family: Arial;\">Et Brice Couturier de nous expliquer la th\u00e9orie de cet \u00e9conomiste de Harvard&nbsp;:<br \/>\n<\/span><\/p>\n<p style=\"margin-left: 28pt;\"><span style=\"color: #c00000; font-family: Arial;\">\u00ab&nbsp;vous ne pouvez pas avoir en m\u00eame temps ces trois choses : la d\u00e9mocratie, la souverainet\u00e9 nationale et une int\u00e9gration \u00e9conomique pouss\u00e9e. Il y en aura toujours une qui sera sacrifi\u00e9e. C&rsquo;est exactement la logique qui a pouss\u00e9 les Anglais au Brexit : de leur exp\u00e9rience de l&rsquo;Union europ\u00e9enne, ils ont conclu que l&rsquo;int\u00e9gration dans l&rsquo;UE \u00e9tait incompatible soit avec leur souverainet\u00e9 soit avec leur d\u00e9mocratie et ils sont partis dans l&rsquo;id\u00e9e de r\u00e9cup\u00e9rer l&rsquo;une et l&rsquo;autre.&nbsp;\u00bb<br \/>\n<\/span><\/p>\n<p><span style=\"color: #777777; font-family: Arial;\">Mais ce qui m&rsquo;a surtout int\u00e9ress\u00e9 c&rsquo;est le livre d&rsquo;Ivan Krastev dans lequel il d\u00e9veloppe ce concept de l&rsquo;anxi\u00e9t\u00e9 d\u00e9mographique des pays de l&rsquo;Europe Centrale&nbsp;:<br \/>\n<\/span><\/p>\n<p style=\"margin-left: 28pt;\"><span style=\"color: #c00000; font-family: Arial;\">Le politologue bulgare, mais pan-europ\u00e9en Ivan Krastev vient de publier un nouveau livre qui s&rsquo;inspire de cette th\u00e8se pour expliquer pourquoi les Etats-membres d&rsquo;Europe centrale sont en train de se d\u00e9tacher de l&rsquo;UE.<br \/>\n<\/span><\/p>\n<p style=\"margin-left: 28pt;\"><span style=\"color: #c00000; font-family: Arial;\">Le titre en anglais \u00ab&nbsp;<a href=\"https:\/\/www.fnac.com\/livre-numerique\/a10585551\/Ivan-Krastev-After-Europe\"><span style=\"color: #0000ff;\">After<\/span> <span style=\"color: #0000ff;\">Europe<\/span>&nbsp;<\/a>\u00bb, en allemand, c&rsquo;est encore pire \u00ab&nbsp;Europad\u00e4mmerung&nbsp;\u00bb, \u00ab&nbsp;le Cr\u00e9puscule de l&rsquo;Europe&nbsp;\u00bb\u2026<br \/>\n<\/span><\/p>\n<p style=\"margin-left: 28pt;\"><span style=\"color: #c00000; font-family: Arial;\">Pour Krastev, les peuples d&rsquo;Europe centrale connaissent ce qu&rsquo;il appelle une \u00ab anxi\u00e9t\u00e9 d\u00e9mographique \u00bb.<br \/>\n<\/span><\/p>\n<p style=\"margin-left: 28pt;\"><span style=\"color: #c00000; font-family: Arial;\">Depuis 1989 et l&rsquo;ouverture de leurs fronti\u00e8res, la Pologne a vu partir vers l&rsquo;Ouest 2 millions et demi de ses habitants, partis chercher des emplois mieux r\u00e9mun\u00e9r\u00e9s. 3 millions et demi de Roumains. La population de la minuscule Lituanie est pass\u00e9e de 3 millions et demi \u00e0 2 millions 900 000. 10 % de la population bulgare a quitt\u00e9 le pays.<br \/>\n<\/span><\/p>\n<p style=\"margin-left: 28pt;\"><span style=\"color: #c00000; font-family: Arial;\">Or, ce sont des pays qui connaissent des taux de f\u00e9condit\u00e9 tr\u00e8s faibles, tr\u00e8s \u00e9loign\u00e9s du niveau de maintien de leur population : 1,3 en Pologne, en Bulgarie, 1,4 en Hongrie ou en Slovaquie.<br \/>\n<\/span><\/p>\n<p style=\"margin-left: 28pt;\"><span style=\"color: #c00000; font-family: Arial;\">\u00ab Qui lira encore de la po\u00e9sie bulgare dans cent ans ? \u00bb, se demande Krastev lui-m\u00eame.<br \/>\n<\/span><\/p>\n<p style=\"margin-left: 28pt;\"><span style=\"color: #c00000; font-family: Arial;\">Les jeunes dipl\u00f4m\u00e9s, en particulier, choisissent Londres ou Francfort.<br \/>\n<\/span><\/p>\n<p style=\"margin-left: 28pt;\"><span style=\"color: #c00000; font-family: Arial;\">La partie de la population qui n&rsquo;est pas mobile, qui ne poss\u00e8de pas les dipl\u00f4mes qui lui permettrait de profiter de l&rsquo;ouverture ressent tr\u00e8s mal cette situation. C&rsquo;est elle qui constitue l&rsquo;\u00e9lectorat du PiS, au pouvoir en Pologne, du FIDESZ au pouvoir en Hongrie.<br \/>\n<\/span><\/p>\n<p><span style=\"color: #777777; font-family: Arial;\">Sentir que le monde dont on vient est en train de s&rsquo;effondrer cr\u00e9e rarement des pens\u00e9es positives. Et c&rsquo;est probablement ce qui arrive aux polonais, aux hongrois, aux bulgares.<br \/>\n<\/span><\/p>\n<p><span style=\"color: #777777; font-family: Arial;\">Et Brice Couturier continue de rapporter les d\u00e9veloppements de Krastev&nbsp;:<br \/>\n<\/span><\/p>\n<p style=\"margin-left: 28pt;\"><span style=\"color: #c00000; font-family: Arial;\">\u00ab&nbsp;Dans ces pays, la crise des migrants a constitu\u00e9 un tournant et un immense traumatisme.<br \/>\n<\/span><\/p>\n<p style=\"margin-left: 28pt;\"><span style=\"color: #c00000; font-family: Arial;\">Elle les a ramen\u00e9s \u00e0 leur d\u00e9clin d\u00e9mographique et a relanc\u00e9 leur \u00ab anxi\u00e9t\u00e9 d\u00e9mographique \u00bb.<br \/>\n<\/span><\/p>\n<p style=\"margin-left: 28pt;\"><span style=\"color: #c00000; font-family: Arial;\">Viktor Orban, le dirigeant hongrois, a d\u00e9clar\u00e9 \u00ab la question historique \u00e0 laquelle nous sommes confront\u00e9s, c&rsquo;est de savoir si l&rsquo;Europe va demeurer le continent des Europ\u00e9ens \u00bb. Les centre-Europ\u00e9ens, selon Krastev, se sentent \u00ab trahis \u00bb par l&rsquo;UE, qui ne comprend pas leur anxi\u00e9t\u00e9 et les traite de populistes.<br \/>\n<\/span><\/p>\n<p style=\"margin-left: 28pt;\"><span style=\"color: #c00000; font-family: Arial;\">Et il conclut sur de sombres proph\u00e9ties : la d\u00e9sint\u00e9gration de l&rsquo;Union europ\u00e9enne serait in\u00e9luctable\u2026&nbsp;\u00bb<br \/>\n<\/span><\/p>\n<p><a href=\"https:\/\/www.franceculture.fr\/emissions\/le-tour-du-monde-des-idees\/lanxiete-demographique-de-leurope-centrale\"><span style=\"font-family: Arial;\"><span style=\"color: #0000ff;\">&lt;Lien<\/span> <span style=\"color: #0000ff;\">vers l&rsquo;\u00e9mission<\/span> <span style=\"color: #0000ff;\">de Brice Couturier&gt;<\/span><\/span><\/a><span style=\"color: #777777; font-family: Arial;\"><br \/>\n<\/span><\/p>\n<p><span style=\"color: #777777; font-family: Arial;\">On peut ne pas approuver les d\u00e9rives de ces pays de l&rsquo;Europe centrale. Mais si on veut trouver des solutions, il est n\u00e9cessaire de comprendre ce qui se passe au sein de ces peuples.<br \/>\n<\/span><\/p>\n<p><span style=\"color: #800000;\">&lt;943&gt;<\/span><\/p>\n","protected":false},"excerpt":{"rendered":"<p>\u00abL\u2019anxi\u00e9t\u00e9 d\u00e9mographique des pays de l\u2019Europe centrale\u00bb. Ivan Krastev L&rsquo;\u00e9volution des pays d&rsquo;Europe centrale qui ont int\u00e9gr\u00e9 l&rsquo;Union europ\u00e9enne nous inqui\u00e8te. Ces pays qui mettent \u00e0 leur t\u00eate des responsables qui comme Viktor Orban sont des adeptes de la \u00ab&nbsp;d\u00e9mocratie<\/p>\n","protected":false},"author":1,"featured_media":0,"comment_status":"open","ping_status":"closed","sticky":false,"template":"","format":"standard","meta":{"footnotes":""},"categories":[1],"tags":[50,3,11],"class_list":["post-3231","post","type-post","status-publish","format-standard","hentry","category-motdujour","tag-europe","tag-politique","tag-sociologie"],"_links":{"self":[{"href":"https:\/\/lemotdujour.fr\/index.php?rest_route=\/wp\/v2\/posts\/3231","targetHints":{"allow":["GET"]}}],"collection":[{"href":"https:\/\/lemotdujour.fr\/index.php?rest_route=\/wp\/v2\/posts"}],"about":[{"href":"https:\/\/lemotdujour.fr\/index.php?rest_route=\/wp\/v2\/types\/post"}],"author":[{"embeddable":true,"href":"https:\/\/lemotdujour.fr\/index.php?rest_route=\/wp\/v2\/users\/1"}],"replies":[{"embeddable":true,"href":"https:\/\/lemotdujour.fr\/index.php?rest_route=%2Fwp%2Fv2%2Fcomments&post=3231"}],"version-history":[{"count":7,"href":"https:\/\/lemotdujour.fr\/index.php?rest_route=\/wp\/v2\/posts\/3231\/revisions"}],"predecessor-version":[{"id":12233,"href":"https:\/\/lemotdujour.fr\/index.php?rest_route=\/wp\/v2\/posts\/3231\/revisions\/12233"}],"wp:attachment":[{"href":"https:\/\/lemotdujour.fr\/index.php?rest_route=%2Fwp%2Fv2%2Fmedia&parent=3231"}],"wp:term":[{"taxonomy":"category","embeddable":true,"href":"https:\/\/lemotdujour.fr\/index.php?rest_route=%2Fwp%2Fv2%2Fcategories&post=3231"},{"taxonomy":"post_tag","embeddable":true,"href":"https:\/\/lemotdujour.fr\/index.php?rest_route=%2Fwp%2Fv2%2Ftags&post=3231"}],"curies":[{"name":"wp","href":"https:\/\/api.w.org\/{rel}","templated":true}]}}