{"id":3209,"date":"2017-09-25T04:00:38","date_gmt":"2017-09-25T02:00:38","guid":{"rendered":"http:\/\/lemotdujour.fr\/?p=3209"},"modified":"2021-09-29T11:23:36","modified_gmt":"2021-09-29T09:23:36","slug":"lundi-25-septembre-2017","status":"publish","type":"post","link":"https:\/\/lemotdujour.fr\/?p=3209","title":{"rendered":"Lundi 25 septembre 2017"},"content":{"rendered":"<div class=\"mdjTexte\">\t\u00ab L&rsquo;Allemagne a \u00e9t\u00e9 gouvern\u00e9e quasi sans exception par une coalition depuis 1949 ! Toutes ces coalitions, sauf une, ont conduit la politique jusqu&rsquo;au terme de la l\u00e9gislature. C&rsquo;est une stabilit\u00e9 absolue. \u00bb<\/div>\n<div class=\"mdjAuteur\">\tOlivier Duhamel<\/div>\n<p><span style=\"color: #777777; font-family: Arial;\">Donc Angela Merkel sera tr\u00e8s probablement Chanceli\u00e8re de la R\u00e9publique F\u00e9d\u00e9rale d&rsquo;Allemagne pour la quatri\u00e8me fois&nbsp;!<br \/>\n<\/span><\/p>\n<p><span style=\"color: #777777; font-family: Arial;\">Probablement, parce que l&rsquo;\u00e9lection de ce dimanche, en Allemagne, n&rsquo;\u00e9tait pas l&rsquo;\u00e9lection du chancelier allemand, mais une \u00e9lection pour \u00e9lire des d\u00e9put\u00e9s pour le Bundestag selon leur appartenance \u00e0 un Parti Politique.<br \/>\n<\/span><\/p>\n<p><span style=\"color: #777777; font-family: Arial;\">Et maintenant, la t\u00eate de liste du parti arriv\u00e9 largement en t\u00eate 33% (<em>pour comparer Emmanuel Macron a obtenu au premier tour des pr\u00e9sidentielles 24 %<\/em>) va n\u00e9gocier pendant plusieurs mois avec d&rsquo;autres partis pour former une coalition et un accord de gouvernement dans lequel ces partis vont se mettre d&rsquo;accord sur ce qu&rsquo;ils vont faire.<br \/>\n<\/span><\/p>\n<p><span style=\"color: #777777; font-family: Arial;\">Et croyons-nous cela, nous autres fran\u00e7ais, ils vont appliquer pendant la l\u00e9gislature ce qu&rsquo;ils auront n\u00e9goci\u00e9 dans le pacte de gouvernement&nbsp;!<br \/>\n<\/span><\/p>\n<p><span style=\"color: #777777; font-family: Arial;\">Mais les \u00ab&nbsp;ravis de la cr\u00e8che&nbsp;\u00bb fran\u00e7ais vont dire&nbsp;: mais c&rsquo;est ce que fait Macron&nbsp;!<br \/>\n<\/span><\/p>\n<p><span style=\"color: #777777; font-family: Arial;\">Macron c&rsquo;est moins du quart des \u00e9lecteurs qui se sont exprim\u00e9s, et il gouverne tout seul entour\u00e9s de d\u00e9put\u00e9s qui suivent aveugl\u00e9ment ses ordres.<br \/>\n<\/span><\/p>\n<p><span style=\"color: #777777; font-family: Arial;\">Angela Merkel qui part de 33% va se mettre d&rsquo;accord avec d&rsquo;autres pour pouvoir mettre en \u0153uvre une politique&nbsp;! Et encore elle devra tenir compte de ses amis du CDU et surtout du CSU bavarois pour accepter les conditions et l&rsquo;accord avec les Verts et les Lib\u00e9raux, si finalement c&rsquo;est cette coalition qui finalise l&rsquo;accord.<br \/>\n<\/span><\/p>\n<p><span style=\"color: #777777; font-family: Arial;\">Si vous ne comprenez pas l&rsquo;immense diff\u00e9rence avec le syst\u00e8me fran\u00e7ais, c&rsquo;est que vous ne comprenez rien \u00e0 la d\u00e9mocratie et au gouvernement des hommes en d\u00e9mocratie lib\u00e9rale&nbsp;!<br \/>\n<\/span><\/p>\n<p><span style=\"color: #777777; font-family: Arial;\">Personne n&rsquo;imagine un seul instant qu&rsquo;il ne sera pas possible de cr\u00e9er une coalition.<br \/>\n<\/span><\/p>\n<p><span style=\"color: #777777; font-family: Arial;\">Pour ma part, je suis persuad\u00e9 que si en fin de compte cela s&rsquo;av\u00e8re tr\u00e8s compliqu\u00e9, le SPD reviendra sur sa d\u00e9cision de ne pas participer \u00e0 la coalition.<br \/>\n<\/span><\/p>\n<p><span style=\"color: #777777; font-family: Arial;\">Car en Allemagne, les politiques consid\u00e8rent toujours qu&rsquo;il faut pr\u00e9f\u00e9rer l&rsquo;int\u00e9r\u00eat du pays \u00e0 l&rsquo;int\u00e9r\u00eat de son parti.<br \/>\n<\/span><\/p>\n<p><span style=\"color: #777777; font-family: Arial;\">Le politologue Olivier Duhamel a pouss\u00e9 un \u00ab&nbsp;coup de gueule, lors de son \u00e9mission de ce samedi sur Europe 1&nbsp;: <a href=\"http:\/\/www.europe1.fr\/emissions\/mediapolis\/mediapolis-230917-3443687\">&lt;<span style=\"color: #0000ff;\">Mediapolis<\/span>&gt;<\/a><br \/>\n<\/span><\/p>\n<p><span style=\"color: #777777; font-family: Arial;\">(Un peu apr\u00e8s 20 mn d&rsquo;\u00e9mission)&nbsp;:<br \/>\n<\/span><\/p>\n<p style=\"margin-left: 28pt;\"><span style=\"color: #c00000; font-family: Arial;\">\u00ab&nbsp;C&rsquo;est tr\u00e8s important de comprendre comment fonctionnent les \u00e9lections allemandes.<br \/>\n<\/span><\/p>\n<p style=\"margin-left: 28pt;\"><span style=\"color: #c00000; font-family: Arial;\">Les uns ne regardent qu&rsquo;une chose&nbsp;: est-ce que Merkel va \u00eatre chanceli\u00e8re ou pas&nbsp;?<br \/>\n<\/span><span style=\"color: #c00000; font-family: Arial;\">Alors certains font un petit effort et regardent une deuxi\u00e8me chose est ce que l&rsquo;extr\u00eame droite va entrer au Parlement et \u00e0 quel niveau&nbsp;?<br \/>\n<\/span><span style=\"color: #c00000; font-family: Arial;\">Mais rare sont ceux qui regardent la troisi\u00e8me chose&nbsp;: qui est la chose fondamentale&nbsp;: avec qui va-t-elle gouverner&nbsp;?<br \/>\n<\/span><\/p>\n<p style=\"margin-left: 28pt;\"><span style=\"color: #c00000; font-family: Arial;\">Parce que je veux dire \u00e0 nos auditeurs monarchis\u00e9s, c\u00e9saro-papis\u00e9s au dernier degr\u00e9 par la culture fran\u00e7aise comme nous le sommes tous&nbsp;:<br \/>\n<\/span><\/p>\n<ul style=\"margin-left: 64pt;\">\n<li><span style=\"color: #c00000; font-family: Arial;\">Que ce n&rsquo;est pas une \u00e9lection pr\u00e9sidentielle&nbsp;;<br \/>\n<\/span><\/li>\n<li><span style=\"color: #c00000; font-family: Arial;\">Que c&rsquo;est une \u00e9lection \u00e0 la proportionnelle, non un scrutin majoritaire&nbsp;;<br \/>\n<\/span><\/li>\n<li><span style=\"color: #c00000; font-family: Arial;\">Et qu&rsquo;il y aura une coalition.<br \/>\n<\/span><\/li>\n<\/ul>\n<p style=\"margin-left: 28pt;\"><span style=\"color: #c00000; font-family: Arial;\">Alors en France quand on vous dit qu&rsquo;il y aura une coalition, on dit&nbsp;: \u00ab&nbsp;c&rsquo;est l&rsquo;horreur, ils ne pourront pas gouverner&nbsp;! Il y aura une instabilit\u00e9&nbsp;!&nbsp;\u00bb<br \/>\n<\/span><span style=\"color: #c00000; font-family: Arial;\">C&rsquo;est d\u00e9bile de dire cela&nbsp;!<br \/>\n<\/span><span style=\"color: #c00000; font-family: Arial;\">L&rsquo;Allemagne a \u00e9t\u00e9 gouvern\u00e9e quasi sans exception par une coalition depuis 1949 !<br \/>\n<\/span><span style=\"color: #c00000; font-family: Arial;\">Toutes ces coalitions, sauf une, ont conduit la politique jusqu&rsquo;au terme de la l\u00e9gislature.<br \/>\n<\/span><span style=\"color: #c00000; font-family: Arial;\">C&rsquo;est une stabilit\u00e9 absolue.<br \/>\n<\/span><span style=\"color: #c00000; font-family: Arial;\">Une chanceli\u00e8re qui va \u00eatre r\u00e9\u00e9lue une quatri\u00e8me fois. C&rsquo;est le sommet de la stabilit\u00e9, avec proportionnel et coalition.<br \/>\n<\/span><span style=\"color: #c00000; font-family: Arial;\">Alors si cela pouvait ouvrir un peu l&rsquo;esprit de nos amis monarchistes, c&rsquo;est-\u00e0-dire quasi tout ceux qui nous \u00e9coutent, ce serait une tr\u00e8s bonne nouvelle&nbsp;\u00bb<br \/>\n<\/span><\/p>\n<p><span style=\"color: #777777; font-family: Arial;\">Pour donner plus de r\u00e9sonnance \u00e0 cette analyse tranch\u00e9e, comparons un peu nos pays depuis 1974.<br \/>\n<\/span><\/p>\n<p><span style=\"color: #777777; font-family: Arial;\">Il faut \u00e9videmment tenir compte du r\u00e9gime \u00ab&nbsp;b\u00e2tard&nbsp;\u00bb fran\u00e7ais&nbsp;: quand l&rsquo;\u00e9lection l\u00e9gislative confirme l&rsquo;\u00e9lection pr\u00e9sidentielle et transforme la chambre des d\u00e9put\u00e9s en simple chambre d&rsquo;enregistrement, celui qui gouverne la France est le Pr\u00e9sident de la R\u00e9publique. Quand ce n&rsquo;est pas le cas, nous appelons cela \u00ab&nbsp;la cohabitation&nbsp;\u00bb et celui qui gouverne est le premier ministre.<br \/>\n<\/span><\/p>\n<p><span style=\"color: #777777; font-family: Arial;\">En Allemagne celui qui gouverne est le chancelier.<br \/>\n<\/span><\/p>\n<p><span style=\"color: #777777; font-family: Arial;\">En 1974, Helmuth Schmidt est devenu chancelier le 16 mai 1974 et Val\u00e9ry Giscard d&rsquo;Estaing devient pr\u00e9sident le 27 mai 1974, 11 jours plus tard.<br \/>\n<\/span><\/p>\n<p><span style=\"color: #777777; font-family: Arial;\">Et puis voil\u00e0 ce qui va se passer&nbsp;:<br \/>\n<\/span><\/p>\n<div>\n<table style=\"border-collapse: collapse;\" border=\"0\">\n<colgroup>\n<col style=\"width: 318px;\">\n<col style=\"width: 318px;\"><\/colgroup>\n<tbody valign=\"top\">\n<tr>\n<td style=\"padding-left: 7px; padding-right: 7px; border: solid 0.5pt;\"><span style=\"color: #777777; font-family: Arial;\">FRANCE<\/span><\/td>\n<td style=\"padding-left: 7px; padding-right: 7px; border-top: solid 0.5pt; border-left: none; border-bottom: solid 0.5pt; border-right: solid 0.5pt;\"><span style=\"color: #777777; font-family: Arial;\">ALLEMAGNE<\/span><\/td>\n<\/tr>\n<tr>\n<td style=\"padding-left: 7px; padding-right: 7px; border-top: none; border-left: solid 0.5pt; border-bottom: solid 0.5pt; border-right: solid 0.5pt;\"><span style=\"color: #777777; font-family: Arial;\">1974&nbsp;: Valery Giscard d&rsquo;Estaing (1)<\/span><\/td>\n<td style=\"padding-left: 7px; padding-right: 7px; border-top: none; border-left: none; border-bottom: solid 0.5pt; border-right: solid 0.5pt;\"><span style=\"color: #777777; font-family: Arial;\">1974&nbsp;: Helmut Schmidt (1)<\/span><\/td>\n<\/tr>\n<tr>\n<td style=\"padding-left: 7px; padding-right: 7px; border-top: none; border-left: solid 0.5pt; border-bottom: solid 0.5pt; border-right: solid 0.5pt;\"><span style=\"color: #777777; font-family: Arial;\">1981&nbsp;: Fran\u00e7ois Mitterrand (2)<\/span><\/td>\n<td style=\"padding-left: 7px; padding-right: 7px; border-top: none; border-left: none; border-bottom: solid 0.5pt; border-right: solid 0.5pt;\"><\/td>\n<\/tr>\n<tr>\n<td style=\"padding-left: 7px; padding-right: 7px; border-top: none; border-left: solid 0.5pt; border-bottom: solid 0.5pt; border-right: solid 0.5pt;\"><\/td>\n<td style=\"padding-left: 7px; padding-right: 7px; border-top: none; border-left: none; border-bottom: solid 0.5pt; border-right: solid 0.5pt;\"><span style=\"color: #777777; font-family: Arial;\">1982&nbsp;: Helmut Kohl (2)<\/span><\/td>\n<\/tr>\n<tr>\n<td style=\"padding-left: 7px; padding-right: 7px; border-top: none; border-left: solid 0.5pt; border-bottom: solid 0.5pt; border-right: solid 0.5pt;\"><span style=\"color: #777777; font-family: Arial;\">1986&nbsp;: Jacques Chirac (cohabitation) (3)<\/span><\/td>\n<td style=\"padding-left: 7px; padding-right: 7px; border-top: none; border-left: none; border-bottom: solid 0.5pt; border-right: solid 0.5pt;\"><\/td>\n<\/tr>\n<tr>\n<td style=\"padding-left: 7px; padding-right: 7px; border-top: none; border-left: solid 0.5pt; border-bottom: solid 0.5pt; border-right: solid 0.5pt;\"><span style=\"color: #777777; font-family: Arial;\">1988&nbsp;: Fran\u00e7ois Mitterrand (4)<\/span><\/td>\n<td style=\"padding-left: 7px; padding-right: 7px; border-top: none; border-left: none; border-bottom: solid 0.5pt; border-right: solid 0.5pt;\"><\/td>\n<\/tr>\n<tr>\n<td style=\"padding-left: 7px; padding-right: 7px; border-top: none; border-left: solid 0.5pt; border-bottom: solid 0.5pt; border-right: solid 0.5pt;\"><span style=\"color: #777777; font-family: Arial;\">1993&nbsp;: Edouard Balladur (cohabitation) (5)<\/span><\/td>\n<td style=\"padding-left: 7px; padding-right: 7px; border-top: none; border-left: none; border-bottom: solid 0.5pt; border-right: solid 0.5pt;\"><\/td>\n<\/tr>\n<tr>\n<td style=\"padding-left: 7px; padding-right: 7px; border-top: none; border-left: solid 0.5pt; border-bottom: solid 0.5pt; border-right: solid 0.5pt;\"><span style=\"color: #777777; font-family: Arial;\">1995&nbsp;: Jacques Chirac (6)<\/span><\/td>\n<td style=\"padding-left: 7px; padding-right: 7px; border-top: none; border-left: none; border-bottom: solid 0.5pt; border-right: solid 0.5pt;\"><\/td>\n<\/tr>\n<tr>\n<td style=\"padding-left: 7px; padding-right: 7px; border-top: none; border-left: solid 0.5pt; border-bottom: solid 0.5pt; border-right: solid 0.5pt;\"><span style=\"color: #777777; font-family: Arial;\">1997&nbsp;: Lionel Jospin (cohabitation) (7)<\/span><\/td>\n<td style=\"padding-left: 7px; padding-right: 7px; border-top: none; border-left: none; border-bottom: solid 0.5pt; border-right: solid 0.5pt;\"><\/td>\n<\/tr>\n<tr>\n<td style=\"padding-left: 7px; padding-right: 7px; border-top: none; border-left: solid 0.5pt; border-bottom: solid 0.5pt; border-right: solid 0.5pt;\"><\/td>\n<td style=\"padding-left: 7px; padding-right: 7px; border-top: none; border-left: none; border-bottom: solid 0.5pt; border-right: solid 0.5pt;\"><span style=\"color: #777777; font-family: Arial;\">1998&nbsp;: Gerhard Schr\u00f6der (3)<\/span><\/td>\n<\/tr>\n<tr>\n<td style=\"padding-left: 7px; padding-right: 7px; border-top: none; border-left: solid 0.5pt; border-bottom: solid 0.5pt; border-right: solid 0.5pt;\"><span style=\"color: #777777; font-family: Arial;\">2002&nbsp;: Jacques Chirac (8)<\/span><\/td>\n<td style=\"padding-left: 7px; padding-right: 7px; border-top: none; border-left: none; border-bottom: solid 0.5pt; border-right: solid 0.5pt;\"><\/td>\n<\/tr>\n<tr>\n<td style=\"padding-left: 7px; padding-right: 7px; border-top: none; border-left: solid 0.5pt; border-bottom: solid 0.5pt; border-right: solid 0.5pt;\"><\/td>\n<td style=\"padding-left: 7px; padding-right: 7px; border-top: none; border-left: none; border-bottom: solid 0.5pt; border-right: solid 0.5pt;\"><span style=\"color: #777777; font-family: Arial;\">2005&nbsp;: Angela Merkel (4)<\/span><\/td>\n<\/tr>\n<tr>\n<td style=\"padding-left: 7px; padding-right: 7px; border-top: none; border-left: solid 0.5pt; border-bottom: solid 0.5pt; border-right: solid 0.5pt;\"><span style=\"color: #777777; font-family: Arial;\">2007&nbsp;: Nicolas Sarkozy (9) <\/span><\/td>\n<td style=\"padding-left: 7px; padding-right: 7px; border-top: none; border-left: none; border-bottom: solid 0.5pt; border-right: solid 0.5pt;\"><\/td>\n<\/tr>\n<tr>\n<td style=\"padding-left: 7px; padding-right: 7px; border-top: none; border-left: solid 0.5pt; border-bottom: solid 0.5pt; border-right: solid 0.5pt;\"><span style=\"color: #777777; font-family: Arial;\">2012&nbsp;: Fran\u00e7ois Hollande (10)<\/span><\/td>\n<td style=\"padding-left: 7px; padding-right: 7px; border-top: none; border-left: none; border-bottom: solid 0.5pt; border-right: solid 0.5pt;\"><\/td>\n<\/tr>\n<tr>\n<td style=\"padding-left: 7px; padding-right: 7px; border-top: none; border-left: solid 0.5pt; border-bottom: solid 0.5pt; border-right: solid 0.5pt;\"><span style=\"color: #777777; font-family: Arial;\">2017&nbsp;: Emmanuel Macron (11)<\/span><\/td>\n<td style=\"padding-left: 7px; padding-right: 7px; border-top: none; border-left: none; border-bottom: solid 0.5pt; border-right: solid 0.5pt;\"><\/td>\n<\/tr>\n<\/tbody>\n<\/table>\n<\/div>\n<p><span style=\"color: #777777; font-family: Arial;\">D&rsquo;un c\u00f4t\u00e9 11 gouvernants, 8 si on compte que Chirac apparait trois fois et Mitterrand deux fois. De l&rsquo;autre 4&nbsp;!<br \/>\n<\/span><\/p>\n<p><span style=\"color: #777777; font-family: Arial;\">Coalition, accord de gouvernement voici les recettes allemandes&nbsp;!<br \/>\n<\/span><\/p>\n<p><span style=\"color: #777777; font-family: Arial;\">Les recettes fran\u00e7aises sont en devenir&nbsp;?<br \/>\n<\/span><\/p>\n<p><span style=\"color: #777777; font-family: Arial;\"><br \/>\n<\/span><\/p>\n","protected":false},"excerpt":{"rendered":"<p>\u00ab L&rsquo;Allemagne a \u00e9t\u00e9 gouvern\u00e9e quasi sans exception par une coalition depuis 1949 ! Toutes ces coalitions, sauf une, ont conduit la politique jusqu&rsquo;au terme de la l\u00e9gislature. C&rsquo;est une stabilit\u00e9 absolue. \u00bb Olivier Duhamel Donc Angela Merkel sera tr\u00e8s<\/p>\n","protected":false},"author":1,"featured_media":0,"comment_status":"open","ping_status":"closed","sticky":false,"template":"","format":"standard","meta":{"footnotes":""},"categories":[1],"tags":[47,50,3],"class_list":["post-3209","post","type-post","status-publish","format-standard","hentry","category-motdujour","tag-allemagne","tag-europe","tag-politique"],"_links":{"self":[{"href":"https:\/\/lemotdujour.fr\/index.php?rest_route=\/wp\/v2\/posts\/3209","targetHints":{"allow":["GET"]}}],"collection":[{"href":"https:\/\/lemotdujour.fr\/index.php?rest_route=\/wp\/v2\/posts"}],"about":[{"href":"https:\/\/lemotdujour.fr\/index.php?rest_route=\/wp\/v2\/types\/post"}],"author":[{"embeddable":true,"href":"https:\/\/lemotdujour.fr\/index.php?rest_route=\/wp\/v2\/users\/1"}],"replies":[{"embeddable":true,"href":"https:\/\/lemotdujour.fr\/index.php?rest_route=%2Fwp%2Fv2%2Fcomments&post=3209"}],"version-history":[{"count":11,"href":"https:\/\/lemotdujour.fr\/index.php?rest_route=\/wp\/v2\/posts\/3209\/revisions"}],"predecessor-version":[{"id":12256,"href":"https:\/\/lemotdujour.fr\/index.php?rest_route=\/wp\/v2\/posts\/3209\/revisions\/12256"}],"wp:attachment":[{"href":"https:\/\/lemotdujour.fr\/index.php?rest_route=%2Fwp%2Fv2%2Fmedia&parent=3209"}],"wp:term":[{"taxonomy":"category","embeddable":true,"href":"https:\/\/lemotdujour.fr\/index.php?rest_route=%2Fwp%2Fv2%2Fcategories&post=3209"},{"taxonomy":"post_tag","embeddable":true,"href":"https:\/\/lemotdujour.fr\/index.php?rest_route=%2Fwp%2Fv2%2Ftags&post=3209"}],"curies":[{"name":"wp","href":"https:\/\/api.w.org\/{rel}","templated":true}]}}