{"id":3163,"date":"2017-09-20T03:23:27","date_gmt":"2017-09-20T01:23:27","guid":{"rendered":"http:\/\/lemotdujour.fr\/?p=3163"},"modified":"2021-09-29T11:31:23","modified_gmt":"2021-09-29T09:31:23","slug":"mercredi-20-septembre-2017","status":"publish","type":"post","link":"https:\/\/lemotdujour.fr\/?p=3163","title":{"rendered":"Mercredi 20 septembre 2017"},"content":{"rendered":"<div class=\"mdjTexte\">\t\u00ab&nbsp;Je suis donc venu ce soir pour remercier<br \/>\nla terre et l\u2019\u00e2me de ce peuple qui m\u2019a tant donn\u00e9&nbsp;\u00bb<\/div>\n<div class=\"mdjAuteur\">\tL\u00e9onard Cohen Remerciant l\u2019Espagne et les espagnols<\/div>\n<p><span style=\"color: #777777; font-family: Arial;\">Un soir de juin, Annie est rentr\u00e9e \u00e0 la maison et m&rsquo;a dit, il faut qu&rsquo;on regarde quelque chose sur internet\u2026<br \/>\n<\/span><\/p>\n<p><span style=\"color: #777777; font-family: Arial;\">Alors nous avons regard\u00e9 une vid\u00e9o.<br \/>\n<\/span><\/p>\n<p><span style=\"color: #777777; font-family: Arial;\">La vid\u00e9o d&rsquo;un discours de remerciement, de gratitude.<br \/>\n<\/span><\/p>\n<p><span style=\"color: #777777; font-family: Arial;\">Celui qui faisait ce discours \u00e9tait L\u00e9onard Cohen.<br \/>\n<\/span><\/p>\n<p><span style=\"color: #777777; font-family: Arial;\">J&rsquo;ai eu envie de partager avec vous, apr\u00e8s Maria Callas, ce r\u00e9cit, ce discours d&rsquo;un autre musicien, d&rsquo;un po\u00e8te, d&rsquo;un artiste qui nous a quitt\u00e9 il y a moins d&rsquo;un an, le 7 novembre 2016.<br \/>\n<\/span><\/p>\n<p><span style=\"color: #777777; font-family: Arial;\">Ce discours avait pour raison d&rsquo;\u00eatre une r\u00e9compense&nbsp;: le Prix Prince des Asturies dans la cat\u00e9gorie Litt\u00e9rature.<br \/>\n<\/span><\/p>\n<p><span style=\"color: #777777; font-family: Arial;\">Le Prince des Asturies est dans la monarchie espagnole le titre que porte l&rsquo;h\u00e9ritier du tr\u00f4ne.<br \/>\n<\/span><\/p>\n<p><a href=\"https:\/\/fr.wikipedia.org\/wiki\/Prix_Princesse_des_Asturies\"><span style=\"font-family: Arial;\"><span style=\"color: #0000ff;\">Le<\/span> <span style=\"color: #0000ff;\">prix Prince des Asturies<\/span><\/span><\/a><span style=\"color: #777777; font-family: Arial;\"> est le plus prestigieux prix espagnol, d\u00e9livr\u00e9 par une Fondation espagnole et r\u00e9compensant des travaux d&rsquo;envergure internationale dans huit cat\u00e9gories : arts, sports, sciences sociales, communication et humanit\u00e9s, concorde, coop\u00e9ration internationale, recherche scientifique et technique et lettres.<br \/>\n<\/span><\/p>\n<p><span style=\"color: #777777; font-family: Arial;\">Et, le 21 octobre 2011, L\u00e9onard Cohen monta \u00e0 la tribune et de sa voix grave et profonde pronon\u00e7a un discours et r\u00e9v\u00e9la un secret de sa vie, secret pour lequel il remercia la terre d&rsquo;Espagne.<br \/>\n<\/span><\/p>\n<p><span style=\"color: #777777; font-family: Arial;\">Voici la fin de ce discours&nbsp;:<br \/>\n<\/span><\/p>\n<p style=\"margin-left: 28pt;\"><span style=\"color: #c00000; font-family: Arial;\">\u00ab&nbsp;J&rsquo;ai une guitare Cond\u00e9, qui a \u00e9t\u00e9 fabriqu\u00e9e en Espagne dans le formidable atelier du 7 de la rue Gravina [\u00e0 Madrid]. Un superbe instrument, que j&rsquo;ai achet\u00e9 il y a plus de quarante ans. Je l&rsquo;ai sorti de son \u00e9tui, l&rsquo;ai soulev\u00e9 \u2013 il paraissait empli d&rsquo;h\u00e9lium tellement il \u00e9tait l\u00e9ger. Je l&rsquo;ai port\u00e9 \u00e0 mon visage, que j&rsquo;ai approch\u00e9 de la rosace superbement dessin\u00e9e, et j&rsquo;ai hum\u00e9 le parfum du bois vivant. Vous savez que le bois ne meurt jamais.<br \/>\n<\/span><\/p>\n<p style=\"margin-left: 28pt;\"><span style=\"color: #c00000; font-family: Arial;\">J&rsquo;ai hum\u00e9 le parfum du c\u00e8dre, aussi frais qu&rsquo;au premier jour, le jour o\u00f9 j&rsquo;avais achet\u00e9 cette guitare.<br \/>\n<\/span><\/p>\n<p style=\"margin-left: 28pt;\"><span style=\"color: #c00000; font-family: Arial;\">Et une voix a alors sembl\u00e9 me dire : \u00ab\u00a0Tu es un vieil homme et tu n&rsquo;as pas dit merci, tu n&rsquo;as pas rendu ta gratitude \u00e0 la terre d&rsquo;o\u00f9 ce parfum a lev\u00e9.\u00a0\u00bb Je suis donc venu ce soir pour remercier la terre et l&rsquo;\u00e2me de ce peuple qui m&rsquo;a tant donn\u00e9.<br \/>\n<\/span><\/p>\n<p style=\"margin-left: 28pt;\"><span style=\"color: #c00000; font-family: Arial;\">Car aussi vrai qu&rsquo;une carte d&rsquo;identit\u00e9 ne fait pas un homme, une notation financi\u00e8re ne fait pas un pays.<br \/>\n<\/span><\/p>\n<p style=\"margin-left: 28pt;\"><span style=\"color: #c00000; font-family: Arial;\">Vous connaissez le lien profond et confraternel qui m&rsquo;associe au po\u00e8te Federico Garc\u00eda Lorca. Quand j&rsquo;\u00e9tais jeune homme, adolescent, je d\u00e9sirais ardemment trouver une voix. J&rsquo;ai \u00e9tudi\u00e9 les po\u00e8tes anglais, je connaissais bien leurs \u0153uvres, j&rsquo;ai copi\u00e9 leurs styles ; mais je n&rsquo;ai pas pu trouver de voix. Ce n&rsquo;est qu&rsquo;en lisant les \u0153uvres de Lorca que \u2013 m\u00eame par le biais d&rsquo;une traduction \u2013 j&rsquo;ai compris qu&rsquo;il y avait l\u00e0 une voix. Non pas que je l&rsquo;ai copi\u00e9e ; je n&rsquo;aurais pas os\u00e9. Mais Lorca m&rsquo;a donn\u00e9 la permission de trouver une voix, de la localiser, c&rsquo;est-\u00e0-dire de localiser un moi \u2013 un moi qui ne soit pas fig\u00e9, qui lutte pour sa propre existence.<br \/>\n<\/span><\/p>\n<p style=\"margin-left: 28pt;\"><span style=\"color: #c00000; font-family: Arial;\">En prenant de l&rsquo;\u00e2ge, j&rsquo;ai compris que cette voix portait des instructions.<br \/>\n<\/span><\/p>\n<p style=\"margin-left: 28pt;\"><span style=\"color: #c00000; font-family: Arial;\">Quelles \u00e9taient-elles ? Ces instructions disaient de ne jamais se lamenter avec d\u00e9sinvolture.<br \/>\n<\/span><\/p>\n<p style=\"margin-left: 28pt;\"><span style=\"color: #c00000; font-family: Arial;\">Et qu&rsquo;\u00e0 exprimer la grande et in\u00e9vitable d\u00e9faite qui nous attend tous, autant le faire dans les strictes limites de la dignit\u00e9 et de la beaut\u00e9.<br \/>\n<\/span><\/p>\n<p style=\"margin-left: 28pt;\"><span style=\"color: #c00000; font-family: Arial;\">J&rsquo;avais donc une voix ; mais je n&rsquo;avais pas d&rsquo;instrument. Je n&rsquo;avais pas de chanson.<br \/>\n<\/span><\/p>\n<p style=\"margin-left: 28pt;\"><span style=\"color: #c00000; font-family: Arial;\">Je vais maintenant vous raconter tr\u00e8s bri\u00e8vement comment j&rsquo;ai trouv\u00e9 ma chanson.<br \/>\n<\/span><\/p>\n<p style=\"margin-left: 28pt;\"><span style=\"color: #c00000; font-family: Arial;\">J&rsquo;\u00e9tais un guitariste quelconque. Je ne connaissais que quelques accords. Avec mes amis de l&rsquo;universit\u00e9, j&rsquo;aimais m&rsquo;asseoir et boire en chantant des folk songs et les chansons populaires du moment ; mais jamais au grand jamais je ne me serais consid\u00e9r\u00e9 comme un musicien ou un chanteur.<br \/>\n<\/span><\/p>\n<p style=\"margin-left: 28pt;\"><span style=\"color: #c00000; font-family: Arial;\">Un jour, au d\u00e9but des ann\u00e9es 60, j&rsquo;\u00e9tais en visite chez ma m\u00e8re, \u00e0 Montr\u00e9al. Sa maison se trouvait le long d&rsquo;un parc qui comprenait un court de tennis ; beaucoup de gens s&rsquo;y pressaient, pour regarder les beaux jeunes joueurs qui pratiquaient leur sport. Je suis all\u00e9 tra\u00eener dans ce parc que je connaissais depuis mon enfance. Il y avait l\u00e0 un jeune homme qui jouait de la guitare. C&rsquo;\u00e9tait une guitare flamenco, et il \u00e9tait entour\u00e9 par deux ou trois filles et gar\u00e7ons qui l&rsquo;\u00e9coutaient. J&rsquo;ai ador\u00e9 sa fa\u00e7on de jouer, j&rsquo;\u00e9tais captiv\u00e9. C&rsquo;\u00e9tait ainsi que je voulais jouer ; et c&rsquo;\u00e9tait ainsi, je le savais, que je ne serais jamais capable de jouer.<br \/>\n<\/span><\/p>\n<p style=\"margin-left: 28pt;\"><span style=\"color: #c00000; font-family: Arial;\">Pendant un moment, je suis rest\u00e9 assis au c\u00f4t\u00e9 des autres auditeurs. Et quand vint un silence, un silence ad\u00e9quat, j&rsquo;ai demand\u00e9 \u00e0 ce gar\u00e7on s&rsquo;il voulait bien me donner des le\u00e7ons de guitare. Il \u00e9tait originaire d&rsquo;Espagne, et nous ne pouvions lui et moi communiquer que dans un mauvais fran\u00e7ais \u2013 il ne parlait pas anglais. Il a accept\u00e9 de me donner des cours. J&rsquo;ai montr\u00e9 la maison de ma m\u00e8re, que nous pouvions voir depuis le court de tennis, et nous avons convenu d&rsquo;un rendez-vous et d&rsquo;un tarif.<br \/>\n<\/span><\/p>\n<p style=\"margin-left: 28pt;\"><span style=\"color: #c00000; font-family: Arial;\">Le lendemain, il s&rsquo;est pr\u00e9sent\u00e9 chez ma m\u00e8re et m&rsquo;a dit : \u00ab\u00a0Joue moi quelque chose\u00a0\u00bb. J&rsquo;ai essay\u00e9 de jouer quelque chose, et il a ajout\u00e9 : \u00ab\u00a0Tu ne sais pas jouer, n&rsquo;est-ce pas ?\u00a0\u00bb \u00ab\u00a0Non\u00a0\u00bb, ai-je r\u00e9pondu, \u00ab\u00a0je ne sais pas.\u00a0\u00bb \u00ab\u00a0D&rsquo;abord\u00a0\u00bb, a-t-il dit, \u00ab\u00a0laisse-moi accorder ta guitare. Elle sonne compl\u00e8tement faux.\u00a0\u00bb Il a donc pris la guitare et l&rsquo;a accord\u00e9e. \u00ab\u00a0Ce n&rsquo;est pas une mauvaise guitare\u00a0\u00bb, a-t-il dit. Ce n&rsquo;\u00e9tait pas la Conde, mais ce n&rsquo;\u00e9tait pas une mauvaise guitare. Il me l&rsquo;a rendue. \u00ab\u00a0Et maintenant, joue\u00a0\u00bb.<br \/>\n<\/span><\/p>\n<p style=\"margin-left: 28pt;\"><span style=\"color: #c00000; font-family: Arial;\">Je ne pouvais pas mieux jouer.<br \/>\n<\/span><\/p>\n<p style=\"margin-left: 28pt;\"><span style=\"color: #c00000; font-family: Arial;\">Il m&rsquo;a dit : \u00ab\u00a0Laisse-moi te montrer quelques accords.\u00a0\u00bb Il a saisi la guitare, et de cette guitare a jailli un son que je n&rsquo;avais jamais entendu auparavant. Puis il a jou\u00e9 une suite d&rsquo;accords avec un tr\u00e9molo, avant de me dire : \u00ab\u00a0A toi, maintenant\u00a0\u00bb. \u00ab\u00a0C&rsquo;est hors de question\u00a0\u00bb, ai-je r\u00e9pondu, \u00ab\u00a0j&rsquo;en suis incapable.\u00a0\u00bb \u00ab\u00a0Laisse-moi poser tes doigts sur les frettes.\u00a0\u00bb Une fois que ce fut fait, il a r\u00e9p\u00e9t\u00e9 : \u00ab\u00a0Maintenant, maintenant, joue.\u00a0\u00bb<br \/>\n<\/span><\/p>\n<p style=\"margin-left: 28pt;\"><span style=\"color: #c00000; font-family: Arial;\">Ce fut un d\u00e9sastre. \u00ab\u00a0Je reviendrai demain\u00a0\u00bb, me dit-il.<br \/>\n<\/span><\/p>\n<p style=\"margin-left: 28pt;\"><span style=\"color: #c00000; font-family: Arial;\">Il revint le lendemain, posa mes mains sur la guitare, et pla\u00e7a la guitare sur mes genoux de la mani\u00e8re la plus appropri\u00e9e. Je rejouai \u00e0 nouveau les m\u00eames accords \u2013 une progression de six accords, sur laquelle reposent beaucoup de chansons de flamenco.<br \/>\n<\/span><\/p>\n<p style=\"margin-left: 28pt;\"><span style=\"color: #c00000; font-family: Arial;\">Ce jour-l\u00e0, je fus un peu meilleur.<br \/>\n<\/span><\/p>\n<p style=\"margin-left: 28pt;\"><span style=\"color: #c00000; font-family: Arial;\">Au troisi\u00e8me jour, il y eut une am\u00e9lioration \u2013 un semblant d&rsquo;am\u00e9lioration. Mais maintenant, je connaissais les accords. Et je savais que, m\u00eame si je ne pouvais pas coordonner mes doigts avec mon pouce, de fa\u00e7on \u00e0 produire le tr\u00e9molo correctement, je connaissais les accords ; je les connaissais tr\u00e8s, tr\u00e8s bien.<br \/>\n<\/span><\/p>\n<p style=\"margin-left: 28pt;\"><span style=\"color: #c00000; font-family: Arial;\">Le jour suivant, le jeune homme ne vint pas. Il ne vint pas. J&rsquo;avais le num\u00e9ro de t\u00e9l\u00e9phone de sa pension \u00e0 Montr\u00e9al. J&rsquo;ai appel\u00e9 pour savoir pourquoi il avait manqu\u00e9 notre rendez-vous.<br \/>\n<\/span><\/p>\n<p style=\"margin-left: 28pt;\"><span style=\"color: #c00000; font-family: Arial;\">On m&rsquo;a r\u00e9pondu qu&rsquo;il avait mis fin \u00e0 ses jours. Qu&rsquo;il s&rsquo;\u00e9tait suicid\u00e9.<br \/>\n<\/span><\/p>\n<p style=\"margin-left: 28pt;\"><span style=\"color: #c00000; font-family: Arial;\">Je ne connaissais rien de cet homme. Je ne savais pas de quelle r\u00e9gion d&rsquo;Espagne il \u00e9tait originaire. Je ne savais pas pourquoi il \u00e9tait venu \u00e0 Montr\u00e9al. Je ne savais pas pourquoi il avait s\u00e9journ\u00e9 l\u00e0-bas, pourquoi il \u00e9tait apparu vers ce court de tennis. Je ne savais pas pourquoi il s&rsquo;\u00e9tait donn\u00e9 la mort.<br \/>\n<\/span><\/p>\n<p style=\"margin-left: 28pt;\"><span style=\"color: #c00000; font-family: Arial;\">J&rsquo;\u00e9tais profond\u00e9ment afflig\u00e9, bien s\u00fbr. Mais je vais divulguer maintenant quelque chose dont je n&rsquo;ai jamais parl\u00e9 en public. Ce sont ces six accords, ce sont ces motifs de guitare qui ont fourni la base de toutes mes chansons et de toute ma musique. Vous comprendrez d\u00e8s lors dans quelles proportions s&rsquo;exprime la gratitude que j&rsquo;\u00e9prouve pour ce pays.<br \/>\n<\/span><\/p>\n<p style=\"margin-left: 28pt;\"><span style=\"color: #c00000; font-family: Arial;\">Tout ce que vous avez trouv\u00e9 digne de vos faveurs dans mon travail provient d&rsquo;ici.<br \/>\n<\/span><\/p>\n<p style=\"margin-left: 28pt;\"><span style=\"color: #c00000; font-family: Arial;\">Tout, tout ce que vous avez trouv\u00e9 digne de vos faveurs dans mes chansons et ma po\u00e9sie, a \u00e9t\u00e9 inspir\u00e9 par cette terre.<br \/>\n<\/span><\/p>\n<p style=\"margin-left: 28pt;\"><span style=\"color: #c00000; font-family: Arial;\">Je vous remercie donc infiniment pour la chaleureuse hospitalit\u00e9 dont vous avez fait preuve \u00e0 l&rsquo;endroit de mon \u0153uvre ; car elle est vraiment la v\u00f4tre, et vous m&rsquo;avez permis d&rsquo;apposer ma signature au bas de la page.&nbsp;\u00bb<br \/>\n<\/span><\/p>\n<p><span style=\"color: #777777; font-family: Arial;\">Si vous voulez entendre ce discours, en anglais, avec la belle voix de L\u00e9onard Cohen&nbsp;: <a href=\"https:\/\/www.youtube.com\/watch?v=VIR5ps8usuo\"><span style=\"color: #0000ff;\">&lt;Discours<\/span> <span style=\"color: #0000ff;\">de L\u00e9onard Cohen de 2011&gt;<\/span><\/a><br \/>\n<\/span><\/p>\n<p><span style=\"color: #777777; font-family: Arial;\">J&rsquo;ai repris la traduction que propose <a href=\"http:\/\/www.loreilleabsolue.com\/article\/CohenMySong\"><span style=\"color: #0000ff;\">&lt;ce<\/span> <span style=\"color: #0000ff;\">site&gt;<\/span><\/a><br \/>\n<\/span><\/p>\n<p><a href=\"https:\/\/lemotdujour.fr\/?p=3008\"><span style=\"font-family: Arial;\"><span style=\"color: #0000ff;\">Gracias \u00e0 la vida<\/span><\/span><\/a><span style=\"color: #777777; font-family: Arial;\"> de nous avoir donn\u00e9 Maria Callas.<br \/>\n<\/span><\/p>\n<p><span style=\"color: #777777; font-family: Arial;\">Gracias \u00e0 la vida de nous avoir donn\u00e9 L\u00e9onard Cohen<br \/>\n<\/span><\/p>\n<p><span style=\"color: #777777; font-family: Arial;\">Et Gracias \u00e0 la vida qui a rendu possible qu&rsquo;un myst\u00e9rieux espagnol ait su, en 3 jours, avant de quitter cette terre, permettre \u00e0 L\u00e9onard Cohen de trouver son instrument.<br \/>\n<\/span><\/p>\n<p><a href=\"https:\/\/www.youtube.com\/watch?time_continue=45&amp;v=psOaE9g-yB8\"><span style=\"font-family: Arial;\"><span style=\"color: #0000ff;\">&lt;Leonard cohen Bird<\/span> <span style=\"color: #0000ff;\">On The Wire&gt;<\/span><br \/>\n<\/span><\/a><\/p>\n<p><img decoding=\"async\" class=\"alignleft\" src=\"https:\/\/lemotdujour.fr\/wp-content\/uploads\/2017\/09\/091917_2020_Mercredi20s1.jpg\" alt=\"\" align=\"left\"><span style=\"color: #777777; font-family: Arial;\">Comme l&rsquo;oiseau sur le fil<br \/>\nComme l&rsquo;ivrogne dans une \u00e9glise<br \/>\nJ&rsquo;ai tent\u00e9 d&rsquo;\u00eatre libre \u00e0 ma fa\u00e7on<br \/>\nComme le ver au bout du fil<br \/>\nComme le chevalier d&rsquo;un ancien livre<br \/>\nJ&rsquo;ai gard\u00e9 pour toi ma chanson<br \/>\n<\/span><\/p>\n<p>&nbsp;<\/p>\n<p><span style=\"color: #777777; font-family: Arial;\">Si vous voulez lire les paroles et la traduction int\u00e9grale <a href=\"http:\/\/www.leonardcohensite.com\/songs\/bird.htm\"><span style=\"color: #0000ff;\">&lt;Bird<\/span> <span style=\"color: #0000ff;\">on the wire&gt;<\/span><\/a><\/span><\/p>\n<p><span style=\"color: #777777; font-family: Arial;\">Et si vous voulez comprendre pourquoi L\u00e9onard Cohen est \u00e9ternel, il faut \u00e9couter<a href=\"https:\/\/www.youtube.com\/watch?v=Q7C2MKoBL7Q\"><span style=\"color: #0000ff;\"> ces quatre enfants russes chanter Halleluyah<\/span><\/a><span style=\"color: #0000ff;\">,<\/span> comme l&rsquo;ont fait 14 millions d&rsquo;internautes avant vous.<\/span><\/p>\n","protected":false},"excerpt":{"rendered":"<p>\u00ab&nbsp;Je suis donc venu ce soir pour remercier la terre et l\u2019\u00e2me de ce peuple qui m\u2019a tant donn\u00e9&nbsp;\u00bb L\u00e9onard Cohen Remerciant l\u2019Espagne et les espagnols Un soir de juin, Annie est rentr\u00e9e \u00e0 la maison et m&rsquo;a dit, il<\/p>\n","protected":false},"author":1,"featured_media":0,"comment_status":"open","ping_status":"closed","sticky":false,"template":"","format":"standard","meta":{"footnotes":""},"categories":[1],"tags":[9,20,14],"class_list":["post-3163","post","type-post","status-publish","format-standard","hentry","category-motdujour","tag-litterature","tag-musique","tag-recit"],"_links":{"self":[{"href":"https:\/\/lemotdujour.fr\/index.php?rest_route=\/wp\/v2\/posts\/3163","targetHints":{"allow":["GET"]}}],"collection":[{"href":"https:\/\/lemotdujour.fr\/index.php?rest_route=\/wp\/v2\/posts"}],"about":[{"href":"https:\/\/lemotdujour.fr\/index.php?rest_route=\/wp\/v2\/types\/post"}],"author":[{"embeddable":true,"href":"https:\/\/lemotdujour.fr\/index.php?rest_route=\/wp\/v2\/users\/1"}],"replies":[{"embeddable":true,"href":"https:\/\/lemotdujour.fr\/index.php?rest_route=%2Fwp%2Fv2%2Fcomments&post=3163"}],"version-history":[{"count":10,"href":"https:\/\/lemotdujour.fr\/index.php?rest_route=\/wp\/v2\/posts\/3163\/revisions"}],"predecessor-version":[{"id":12260,"href":"https:\/\/lemotdujour.fr\/index.php?rest_route=\/wp\/v2\/posts\/3163\/revisions\/12260"}],"wp:attachment":[{"href":"https:\/\/lemotdujour.fr\/index.php?rest_route=%2Fwp%2Fv2%2Fmedia&parent=3163"}],"wp:term":[{"taxonomy":"category","embeddable":true,"href":"https:\/\/lemotdujour.fr\/index.php?rest_route=%2Fwp%2Fv2%2Fcategories&post=3163"},{"taxonomy":"post_tag","embeddable":true,"href":"https:\/\/lemotdujour.fr\/index.php?rest_route=%2Fwp%2Fv2%2Ftags&post=3163"}],"curies":[{"name":"wp","href":"https:\/\/api.w.org\/{rel}","templated":true}]}}