{"id":3156,"date":"2017-09-21T04:00:55","date_gmt":"2017-09-21T02:00:55","guid":{"rendered":"http:\/\/lemotdujour.fr\/?p=3156"},"modified":"2021-06-23T16:43:59","modified_gmt":"2021-06-23T14:43:59","slug":"jeudi-21-septembre-2017","status":"publish","type":"post","link":"https:\/\/lemotdujour.fr\/?p=3156","title":{"rendered":"Jeudi 21 septembre 2017"},"content":{"rendered":"<div class=\"mdjTexte\">\t\u00ab&nbsp;Dulcie September&nbsp;\u00bb<\/div>\n<div class=\"mdjAuteur\">\tFemme politique sud africaine assassin\u00e9e \u00e0 Paris<\/div>\n<p><span style=\"color: #777777; font-family: Arial;\">Dulcie September \u00e9tait une militante anti-apartheid sud-africaine qui a \u00e9t\u00e9 assassin\u00e9e le 29 mars 1988 \u00e0 Paris, \u00e0 l&rsquo;\u00e2ge de 54 ans..<br \/>\n<\/span><\/p>\n<p><span style=\"color: #777777; font-family: Arial;\">L&rsquo;ANC, le mouvement de Nelson Mandel, n&rsquo;est plus consid\u00e9r\u00e9 comme une organisation terroriste par la France apr\u00e8s 1981 et peut ouvrir un bureau \u00e0 Paris.<br \/>\n<\/span><\/p>\n<p><span style=\"color: #777777; font-family: Arial;\">C&rsquo;est Dulcie September qui en prend la direction au d\u00e9but de 1984.<br \/>\n<\/span><\/p>\n<p><a href=\"https:\/\/fr.wikipedia.org\/wiki\/Dulcie_September\"><span style=\"font-family: Arial;\"><span style=\"color: #0000ff;\">Wikipedia<\/span><\/span><\/a><span style=\"color: #777777; font-family: Arial;\"> nous rappelle&nbsp;:<br \/>\n<\/span><\/p>\n<p style=\"margin-left: 28pt;\"><span style=\"color: #c00000; font-family: Arial;\">\u00ab&nbsp;qu&rsquo;apr\u00e8s une agression dans le m\u00e9tro \u00e0 l&rsquo;automne 1987, Dulcie September demande une protection polici\u00e8re qui lui est refus\u00e9e. Craignant pour sa s\u00e9curit\u00e9, elle d\u00e9m\u00e9nage pour Arcueil, rue de la Convention.<br \/>\n<\/span><\/p>\n<p style=\"margin-left: 28pt;\"><span style=\"color: #c00000; font-family: Arial;\">Le 29 mars 1988, peu avant 10 heures, elle est assassin\u00e9e sur le palier des bureaux de l&rsquo;ANC au 4e \u00e9tage du 28 rue des Petites-\u00c9curies, dans le 10e arrondissement de Paris, de cinq balles tir\u00e9es \u00e0 bout portant avec un calibre 22 \u00e9quip\u00e9 d&rsquo;un silencieux.&nbsp;\u00bb<br \/>\n<\/span><\/p>\n<p><span style=\"color: #777777; font-family: Arial;\">Et puis\u2026<br \/>\n<\/span><\/p>\n<p style=\"margin-left: 28pt;\"><span style=\"color: #c00000; font-family: Arial;\">\u00ab&nbsp;Aucun coupable n&rsquo;a jamais \u00e9t\u00e9 identifi\u00e9. En 1992, un non-lieu est prononc\u00e9, et l&rsquo;affaire class\u00e9e.&nbsp;\u00bb<br \/>\n<\/span><\/p>\n<p><span style=\"color: #777777; font-family: Arial;\">Dans un article de 1997, <a href=\"http:\/\/www.liberation.fr\/planete\/1997\/11\/13\/meurtre-de-dulcie-september-le-role-trouble-de-la-france-l-enquete-sur-la-mort-de-la-militante-de-l-_222275\"><span style=\"color: #0000ff;\">&lt;Lib\u00e9ration&gt;<\/span><\/a> donnait la parole \u00e0 Peter Hermes, le directeur de l&rsquo;Institut n\u00e9erlandais pour l&rsquo;Afrique australe qui affirmait&nbsp;:<br \/>\n<\/span><\/p>\n<p style=\"margin-left: 28pt;\"><span style=\"color: #c00000; font-family: Arial;\">\u00abDulcie September a \u00e9t\u00e9 tu\u00e9e le 29 mars 1988 par les services secrets sud-africains avec la complicit\u00e9 passive des services secrets fran\u00e7ais\u00bb<br \/>\n<\/span><\/p>\n<p><span style=\"color: #777777; font-family: Arial;\">Pourquoi parler de cette affaire aujourd&rsquo;hui&nbsp;?<br \/>\n<\/span><\/p>\n<p><span style=\"color: #777777; font-family: Arial;\">Parce qu&rsquo;un journal sud-africain a pu consulter des archives qui ont \u00e9t\u00e9 rendues publiques.<br \/>\n<\/span><\/p>\n<p><span style=\"color: #777777; font-family: Arial;\">J&rsquo;ai pu acc\u00e9der \u00e0 cette information par la <a href=\"https:\/\/www.franceculture.fr\/emissions\/revue-de-presse-internationale\/quand-les-politiques-jouent-avec-le-feu\"><span style=\"color: #0000ff;\">&lt;Revue de Presse du 14 septembre 2017 de Fran\u00e7ois Cluzel sur France Culture&gt;<\/span><\/a><span style=\"color: #0000ff;\">&nbsp;<\/span>:<br \/>\n<\/span><\/p>\n<p style=\"margin-left: 28pt;\"><span style=\"color: #c00000; font-family: Arial;\">\u00ab&nbsp;Le journal de Johannesburg <strong>DAILY MAVERICK<\/strong>, rep\u00e9r\u00e9 par le Courrier International, nous apprend cette semaine comment la France a arm\u00e9 le r\u00e9gime de l&rsquo;apartheid. Gr\u00e2ce \u00e0 des archives in\u00e9dites, un chercheur sud-africain raconte comment des agents du pouvoir raciste, install\u00e9s dans les locaux de l&rsquo;ambassade sud-africaine \u00e0 Paris, ont pu acheter ill\u00e9galement des armes et des bombes, avec l&rsquo;aide des services fran\u00e7ais. Tout cela semble inou\u00ef et digne d&rsquo;un roman d&rsquo;espionnage. Et pourtant, telle est la banalit\u00e9 du mal.<br \/>\n<\/span><\/p>\n<p style=\"margin-left: 28pt;\"><span style=\"color: #c00000; font-family: Arial;\">Le gouvernement de l&rsquo;apartheid, lui, avait besoin d&rsquo;armes et l&rsquo;industrie fran\u00e7aise de l&rsquo;armement, elle, avait besoin d&rsquo;argent. Bien \u00e9videmment, consciente de l&rsquo;existence de l&#8217;embargo (que les Fran\u00e7ais \u00e9taient cens\u00e9s faire respecter en tant que membres du Conseil de s\u00e9curit\u00e9 de l&rsquo;ONU), la DGSE a sugg\u00e9r\u00e9 des solutions simples, comme le transfert clandestin des armes par le Za\u00efre (l&rsquo;actuelle R\u00e9publique d\u00e9mocratique du Congo).<br \/>\n<\/span><\/p>\n<p style=\"margin-left: 28pt;\"><span style=\"color: #c00000; font-family: Arial;\">Et l&rsquo;article de pr\u00e9ciser encore que dans les ann\u00e9es 80, d\u00e9j\u00e0, une militante courageuse, Dulcie September, repr\u00e9sentante de l&rsquo;ANC, avait os\u00e9 enqu\u00eater sur ce commerce d&rsquo;armes ill\u00e9gal entre la France et le r\u00e9gime de l&rsquo;apartheid, avant d&rsquo;\u00eatre assassin\u00e9e en 1988 \u00e0 Paris.&nbsp;\u00bb<br \/>\n<\/span><\/p>\n<p><span style=\"color: #777777; font-family: Arial;\">Cet article reproduit par Courrier International est disponible sur internet&nbsp;: <a href=\"http:\/\/www.courrierinternational.com\/article\/afrique-du-sud-comment-la-france-brave-lembargo-et-arme-le-regime-de-lapartheid\"><span style=\"color: #0000ff;\">&lt;ICI&gt;<\/span><\/a><br \/>\n<\/span><\/p>\n<p><span style=\"color: #777777; font-family: Arial;\">Vous y lirez que la compagnie Thomson-CSF (devenue Thales) a \u00e9t\u00e9 l&rsquo;un des principaux b\u00e9n\u00e9ficiaires de ce trafic ill\u00e9gal d&rsquo;armes.<br \/>\n<\/span><\/p>\n<p><span style=\"color: #777777; font-family: Arial;\">Et puis on apprend qu&rsquo;en plus des services secrets le vin permettait de mettre du \u00ab&nbsp;liant&nbsp;\u00bb :<br \/>\n<\/span><\/p>\n<p style=\"margin-left: 28pt;\"><span style=\"color: #c00000; font-family: Arial;\">PW Botha, ministre sud-africain de la D\u00e9fense, puis Premier ministre [1978-1984], a jou\u00e9 un r\u00f4le crucial dans cette relation.<br \/>\n<\/span><\/p>\n<p style=\"margin-left: 28pt;\"><span style=\"color: #c00000; font-family: Arial;\">Selon un itin\u00e9raire dat\u00e9 des 8-10 juin 1969 et intitul\u00e9 \u00ab\u00a0Voyage de M. Botha\u00a0\u00bb, nous savons qu&rsquo;il s&rsquo;est rendu dans le sud de la France \u00e0 l&rsquo;invitation de l&rsquo;entreprise fran\u00e7aise d&rsquo;armement Thomson-CSF pour tester des missiles et d\u00e9guster du vin.<br \/>\n<\/span><\/p>\n<p style=\"margin-left: 28pt;\"><span style=\"color: #c00000; font-family: Arial;\">Cette visite a permis la rencontre du PDG Paul Richard avec PW Botha, des g\u00e9n\u00e9raux et des ambassadeurs sud-africains et fran\u00e7ais \u00e0 l&rsquo;h\u00f4tel La R\u00e9serve, pr\u00e8s de Bordeaux. Dans la journ\u00e9e, ils ont test\u00e9 le nouveau missile Cactus que Thomson-CSF avait con\u00e7u avec l&rsquo;aide de l&rsquo;Afrique du Sud.<br \/>\n<\/span><\/p>\n<p style=\"margin-left: 28pt;\"><span style=\"color: #c00000; font-family: Arial;\">Le soir, ils sont pass\u00e9s \u00e0 la d\u00e9gustation de vins et ont f\u00eat\u00e9 leur collaboration. Le gouvernement de l&rsquo;apartheid avait besoin d&rsquo;armes et l&rsquo;industrie fran\u00e7aise de l&rsquo;armement avait besoin d&rsquo;argent, d&rsquo;o\u00f9 la cr\u00e9ation d&rsquo;une alliance durable, dont les r\u00e9percussions sont encore visibles aujourd&rsquo;hui.<br \/>\n<\/span><\/p>\n<p><img decoding=\"async\" src=\"https:\/\/lemotdujour.fr\/wp-content\/uploads\/2017\/09\/091817_2211_Jeudi21sept1.jpg\" alt=\"\" align=\"left\"><span style=\"color: #777777; font-family: Arial;\">Et cet article se conclut ainsi&nbsp;:<br \/>\n<\/span><\/p>\n<p style=\"margin-left: 28pt;\"><span style=\"color: #c00000; font-family: Arial;\">\u00ab&nbsp;Une militante courageuse a toutefois os\u00e9 enqu\u00eater sur le commerce d&rsquo;armes ill\u00e9gal entre la France et le r\u00e9gime de l&rsquo;apartheid, et elle l&rsquo;a fait dans les ann\u00e9es 1980, point culminant de ce trafic. Dulcie September, repr\u00e9sentante de l&rsquo;ANC \u00e0 Paris, a entrepris cette t\u00e2che aussi difficile que dangereuse avec des moyens extr\u00eamement limit\u00e9s.&nbsp;\u00bb<br \/>\n<\/span><\/p>\n<p><span style=\"color: #777777; font-family: Arial;\">En mars 1988, le pr\u00e9sident \u00e9tait Fran\u00e7ois Mitterrand, mais le premier ministre \u00e9tait Jacques Chirac. Nous \u00e9tions en cohabitation. Et c&rsquo;est ce gouvernement de cohabitation qui a refus\u00e9 une protection \u00e0 Dulcie September.<br \/>\n<\/span><\/p>\n<p><span style=\"color: #777777; font-family: Arial;\">Et cet article du journal sud-africain, r\u00e9v\u00e8le que Jacques Foccart entretenait d&rsquo;excellentes relations avec les services sud-africains. Faut-il le rappeler, Jacques Foccart \u00e9tait le personnage incontournable du concept et de la r\u00e9alit\u00e9 de la \u00ab Fran\u00e7afrique \u00bb et il \u00e9tait un ami de longue date de Jacques Chirac.<br \/>\n<\/span><\/p>\n<p><span style=\"color: #777777; font-family: Arial;\">Ainsi meurent courageusement des femmes et des hommes qui veulent d\u00e9noncer les sombres man\u0153uvres des marchands d&rsquo;armes et de leurs complices, les services secrets et les gouvernements qui les prot\u00e8gent.<br \/>\n<\/span><\/p>\n<p><span style=\"color: #777777; font-family: Arial;\">Et dans ces cas, bien s\u00fbr, les assassins ne sont jamais inqui\u00e9t\u00e9s.<br \/>\n<\/span><\/p>\n<p><span style=\"color: #800000;\">&lt;933&gt;<\/span><\/p>\n","protected":false},"excerpt":{"rendered":"<p>\u00ab&nbsp;Dulcie September&nbsp;\u00bb Femme politique sud africaine assassin\u00e9e \u00e0 Paris Dulcie September \u00e9tait une militante anti-apartheid sud-africaine qui a \u00e9t\u00e9 assassin\u00e9e le 29 mars 1988 \u00e0 Paris, \u00e0 l&rsquo;\u00e2ge de 54 ans.. L&rsquo;ANC, le mouvement de Nelson Mandel, n&rsquo;est plus consid\u00e9r\u00e9<\/p>\n","protected":false},"author":1,"featured_media":0,"comment_status":"open","ping_status":"closed","sticky":false,"template":"","format":"standard","meta":{"footnotes":""},"categories":[1],"tags":[15,17,14],"class_list":["post-3156","post","type-post","status-publish","format-standard","hentry","category-motdujour","tag-france","tag-histoire","tag-recit"],"_links":{"self":[{"href":"https:\/\/lemotdujour.fr\/index.php?rest_route=\/wp\/v2\/posts\/3156","targetHints":{"allow":["GET"]}}],"collection":[{"href":"https:\/\/lemotdujour.fr\/index.php?rest_route=\/wp\/v2\/posts"}],"about":[{"href":"https:\/\/lemotdujour.fr\/index.php?rest_route=\/wp\/v2\/types\/post"}],"author":[{"embeddable":true,"href":"https:\/\/lemotdujour.fr\/index.php?rest_route=\/wp\/v2\/users\/1"}],"replies":[{"embeddable":true,"href":"https:\/\/lemotdujour.fr\/index.php?rest_route=%2Fwp%2Fv2%2Fcomments&post=3156"}],"version-history":[{"count":5,"href":"https:\/\/lemotdujour.fr\/index.php?rest_route=\/wp\/v2\/posts\/3156\/revisions"}],"predecessor-version":[{"id":11610,"href":"https:\/\/lemotdujour.fr\/index.php?rest_route=\/wp\/v2\/posts\/3156\/revisions\/11610"}],"wp:attachment":[{"href":"https:\/\/lemotdujour.fr\/index.php?rest_route=%2Fwp%2Fv2%2Fmedia&parent=3156"}],"wp:term":[{"taxonomy":"category","embeddable":true,"href":"https:\/\/lemotdujour.fr\/index.php?rest_route=%2Fwp%2Fv2%2Fcategories&post=3156"},{"taxonomy":"post_tag","embeddable":true,"href":"https:\/\/lemotdujour.fr\/index.php?rest_route=%2Fwp%2Fv2%2Ftags&post=3156"}],"curies":[{"name":"wp","href":"https:\/\/api.w.org\/{rel}","templated":true}]}}