{"id":3128,"date":"2017-09-18T04:00:33","date_gmt":"2017-09-18T02:00:33","guid":{"rendered":"http:\/\/lemotdujour.fr\/?p=3128"},"modified":"2021-09-29T21:56:18","modified_gmt":"2021-09-29T19:56:18","slug":"lundi-18-septembre-2017","status":"publish","type":"post","link":"https:\/\/lemotdujour.fr\/?p=3128","title":{"rendered":"Lundi 18 septembre 2017"},"content":{"rendered":"<div class=\"mdjTexte\">\t\u00ab&nbsp;La diva, c\u2019est celle qui apporte l\u2019exemple d\u2019un travail, d\u2019une discipline et d\u2019une grande ma\u00eetrise du m\u00e9tier&nbsp;\u00bb<\/div>\n<div class=\"mdjAuteur\">\tMaria Callas dans un entretien accord\u00e9 \u00e0 L\u2019Express le 19 janvier 1970<\/div>\n<p><span style=\"color: #777777; font-family: Arial;\">Ce week-end, tout le monde \u00e9tait invit\u00e9 \u00e0 visiter le patrimoine de la France.<br \/>\n<\/span><span style=\"color: #777777; font-family: Arial;\">Je vous invite \u00e0 \u00e9changer sur un monument du patrimoine de l&rsquo;art et de la musique de l&rsquo;humanit\u00e9.<br \/>\n<\/span><\/p>\n<p><span style=\"color: #777777; font-family: Arial;\">En effet, ce samedi nous \u00e9tions le 16 septembre. Or, il y a 40 ans, le 16 septembre 1977, Maria Callas d\u00e9c\u00e9dait brutalement \u00e0 l&rsquo;\u00e2ge de 53 ans, dans son appartement au n<sup>o<\/sup>&nbsp;36 de l&rsquo;avenue Georges Mandel dans le 16<sup>\u00e8me<\/sup> arrondissement de Paris.<br \/>\n<\/span><\/p>\n<p><span style=\"color: #777777; font-family: Arial;\">Beaucoup de choses ont \u00e9t\u00e9 dites, \u00e9crites sur elle, sur son caract\u00e8re, ses caprices, sur son ego, sur ses faiblesses, sur ses d\u00e9chirures.<br \/>\nMais revenons aux fondamentaux. \u00c9loignons-nous de ce qui est futile pour nous centrer sur l&rsquo;essentiel.<br \/>\n<\/span><\/p>\n<p><span style=\"color: #777777; font-family: Arial;\">L&rsquo;essentiel c&rsquo;est quoi&nbsp;?<br \/>\n<\/span><\/p>\n<p><span style=\"color: #777777; font-family: Arial;\">Maria Callas \u00e9tait unique. L&rsquo;op\u00e9ra a chang\u00e9 \u00e0 partir d&rsquo;elle, il y avait l&rsquo;op\u00e9ra avant Maria Callas et il y a l&rsquo;op\u00e9ra apr\u00e8s Callas.<br \/>\n<\/span><\/p>\n<p><span style=\"color: #777777; font-family: Arial;\">D&rsquo;abord l&rsquo;op\u00e9ra \u00e9tait devenu le lieu de la performance o\u00f9 les divas et les t\u00e9nors rivalisaient pour chanter une note non \u00e9crite dans la partition mais tr\u00e8s haute dans la tessiture ou tenir une note p\u00e9rilleuse pendant beaucoup plus longtemps que le compositeur ne l&rsquo;avait pr\u00e9vu. Et la salle attendait ces moments de \u00ab&nbsp;bravoure&nbsp;\u00bb et \u00e9clatait dans des vivats exub\u00e9rants ou des sifflets si la chanteuse ratait le \u00ab&nbsp;contre ut&nbsp;\u00bb.<br \/>\n<\/span><\/p>\n<p><span style=\"color: #777777; font-family: Arial;\">Maria Callas savait faire cela mais elle y renon\u00e7ait pour la musique, car elle n&rsquo;\u00e9tait que musicalit\u00e9. Elle \u00e9tait musique et \u00e9motion.<br \/>\n<\/span><\/p>\n<p><span style=\"color: #777777; font-family: Arial;\">Et puis elle rencontra Luchino Visconti et elle devint aussi une exceptionnelle trag\u00e9dienne, une actrice de th\u00e9\u00e2tre.<br \/>\n<\/span><\/p>\n<p><span style=\"color: #777777; font-family: Arial;\">J&rsquo;ai trouv\u00e9 sur internet un extrait d&rsquo;une heure d&rsquo;une \u00e9mission de la t\u00e9l\u00e9vision fran\u00e7aise du 20 avril 1969 \u00ab<span style=\"color: #0000ff;\">&nbsp;<\/span><a href=\"https:\/\/www.youtube.com\/watch?v=m0AoJ7ldIcs\"><span style=\"color: #0000ff;\">Invit\u00e9e du dimanche&nbsp;<\/span><\/a>\u00bb de Pierre Desgraupes qui outre des chroniqueurs musicaux fran\u00e7ais avait invit\u00e9 l&rsquo;ancien administrateur de la scala&nbsp;: \u00ab&nbsp;Siciliani&nbsp;\u00bb et surtout Luchino Visconti.<br \/>\n<\/span><\/p>\n<p><a href=\"http:\/\/www.ina.fr\/video\/I00008030\"><span style=\"font-family: Arial;\"><span style=\"color: #0000ff;\">&lt;Ici&gt;<\/span><\/span><\/a><span style=\"color: #777777; font-family: Arial;\"> vous trouvez l&rsquo;extrait, plus pr\u00e9cis, o\u00f9 Luchino Visconti parle de Callas. Et qu&rsquo;apprend-t &lsquo;on&nbsp;?.<br \/>\n<\/span><\/p>\n<p><span style=\"color: #777777; font-family: Arial;\"><img loading=\"lazy\" decoding=\"async\" class=\"size-medium wp-image-3180 alignleft\" src=\"https:\/\/lemotdujour.fr\/wp-content\/uploads\/2017\/09\/Maria-Callas-02-300x200.jpg\" alt=\"\" width=\"300\" height=\"200\" srcset=\"https:\/\/lemotdujour.fr\/wp-content\/uploads\/2017\/09\/Maria-Callas-02-300x200.jpg 300w, https:\/\/lemotdujour.fr\/wp-content\/uploads\/2017\/09\/Maria-Callas-02.jpg 500w\" sizes=\"auto, (max-width: 300px) 100vw, 300px\" \/>Que Maria Callas \u00e9tait l&rsquo;artiste qui venait la premi\u00e8re r\u00e9p\u00e9ter et qui quittait le th\u00e9\u00e2tre la derni\u00e8re. Et c&rsquo;\u00e9tait elle qui avant de venir avait le plus travaill\u00e9 le r\u00f4le.<br \/>\n<\/span><\/p>\n<p><span style=\"color: #777777; font-family: Arial;\">Luchino Visconti dit qu&rsquo;elle \u00e9tait l&rsquo;artiste la plus docile et la plus s\u00e9rieuse qu&rsquo;il a eu \u00e0 diriger.<br \/>\n<\/span><\/p>\n<p><span style=\"color: #777777; font-family: Arial;\">Et quand dans l&rsquo;\u00e9mission, Armand Panigel \u00e9tait all\u00e9 interviewer la professeure de la Callas, Elvira de Hidalgo cette derni\u00e8re dit la m\u00eame chose&nbsp;: la plus travailleuse, la plus s\u00e9rieuse, celle qui \u00e9coutait le mieux sa professeure et qui comprenait aussi tr\u00e8s vite.<br \/>\n<\/span><\/p>\n<p><span style=\"color: #777777; font-family: Arial;\">Et lorsqu&rsquo;on se tourne vers tous les grands artistes qui ont travaill\u00e9 avec elle, c&rsquo;est toujours la m\u00eame version&nbsp;: une perfectionniste, une professionnelle.<br \/>\n<\/span><\/p>\n<p><span style=\"color: #777777; font-family: Arial;\">Et c&rsquo;est ainsi qu&rsquo;elle se pr\u00e9sente dans un article de l&rsquo;express du 19 janvier 1970 que j&rsquo;ai choisi comme exergue de ce mot du jour<br \/>\n<\/span><\/p>\n<p style=\"margin-left: 28pt;\"><span style=\"color: #c00000; font-family: Arial;\">\u00ab&nbsp;Suis-je une diva&nbsp;? Oui&nbsp;! Mais dans le bon sens&nbsp;:<br \/>\nLa diva, c&rsquo;est celle qui apporte l&rsquo;exemple d&rsquo;un travail, d&rsquo;une discipline et d&rsquo;une grande ma\u00eetrise du m\u00e9tier&nbsp;\u00bb<br \/>\n<\/span><\/p>\n<p><span style=\"color: #777777; font-family: Arial;\">Dans cette m\u00eame interview elle dit aussi&nbsp;:<br \/>\n<\/span><\/p>\n<p style=\"margin-left: 28pt;\"><span style=\"color: #c00000; font-family: Arial;\">\u00ab&nbsp;Je ne suis qu&rsquo;une interpr\u00e8te&nbsp;: une interpr\u00e8te s&#8217;empare du personnage qu&rsquo;elle doit interpr\u00e9ter. [\u2026] Je fais mon travail le plus s\u00e9rieusement possible mais je suis un \u00eatre humain.&nbsp;\u00bb<br \/>\n<\/span><\/p>\n<p><span style=\"color: #777777; font-family: Arial;\">Et dans un entretien avec le magazine \u00ab&nbsp;Elle&nbsp;\u00bb le 9 f\u00e9vrier 1970 elle va encore plus loin :<br \/>\n<\/span><\/p>\n<p style=\"margin-left: 28pt;\"><span style=\"color: #c00000; font-family: Arial;\">\u00ab&nbsp;Je ne cr\u00e9e rien&nbsp;: j&rsquo;interpr\u00e8te. Je suis venue au monde pour cela. Je donne vie \u00e0 ce que le compositeur a cr\u00e9\u00e9 avant moi.&nbsp;\u00bb<br \/>\n<\/span><\/p>\n<p><span style=\"color: #777777; font-family: Arial;\">Et dans la revue \u00ab&nbsp;Les Arts&nbsp;\u00bb en 1958&nbsp;:<br \/>\n<\/span><\/p>\n<p style=\"margin-left: 28pt;\"><span style=\"color: #c00000; font-family: Arial;\">\u00ab&nbsp;Je ne suis pas parfaite. Je ne pr\u00e9tends pas l&rsquo;\u00eatre, mon seul d\u00e9sir est de lutter pour l&rsquo;art\u2026 quoi qu&rsquo;il m&rsquo;en doive co\u00fbter. M\u00eame la plus simple m\u00e9lodie peut doit \u00eatre chant\u00e9e avec noblesse.&nbsp;\u00bb<br \/>\n<\/span><\/p>\n<p><span style=\"color: #777777; font-family: Arial;\">Et dans une \u00e9mission de l&rsquo;ORTF en f\u00e9vrier 1965 de Micheline Banzet<br \/>\n<\/span><\/p>\n<p style=\"margin-left: 28pt;\"><span style=\"color: #c00000; font-family: Arial;\">\u00ab&nbsp;Dans notre m\u00e9tier, il faut beaucoup de choses, le physique, le jeu sc\u00e9nique, la diction, le respect de la musique. On ne prend plus le temps n\u00e9cessaire \u00e0 tout cela. On veut gagner de l&rsquo;argent, faire des notes aig\u00fces, impressionner le public \u00ab&nbsp;\u00e9pater le bourgeois&nbsp;\u00bb\u2026 Mais ce n&rsquo;est plus de l&rsquo;art&nbsp;! J&rsquo;accepte les conseils, je les recherche [\u2026] avec de la bont\u00e9 on peut tout obtenir de moi&nbsp;\u00bb&nbsp;\u00bb<br \/>\n<\/span><\/p>\n<p><span style=\"color: #777777; font-family: Arial;\">Dans l&rsquo;\u00e9mission pr\u00e9cit\u00e9e Luchino Visconti raconte que la premi\u00e8re fois qu&rsquo;il a entendu Maria Callas chant\u00e9 dans la maison de Tullio Serafin (le chef qui a le plus souvent dirig\u00e9 Callas) il a \u00e9t\u00e9 boulevers\u00e9 car il n&rsquo;avait jamais entendu chant\u00e9 comme cela. Et c&rsquo;est pour Maria Callas qu&rsquo;il commen\u00e7a \u00e0 r\u00e9aliser des mises en sc\u00e8ne pour l&rsquo;op\u00e9ra, avec notamment une \u00ab&nbsp;Traviata&nbsp;\u00bb \u00e0 la Scala de Milan sous la direction de Giulini qui n&rsquo;a jamais \u00e9t\u00e9 \u00e9gal\u00e9e.<br \/>\n<\/span><\/p>\n<p><span style=\"color: #777777; font-family: Arial;\">Je ne crois pas qu&rsquo;il existe une vid\u00e9o sur ce spectacle mais on trouve sur internet des extraits audio avec des photos de la mise en sc\u00e8ne, <a href=\"https:\/\/www.youtube.com\/watch?v=xj9a57YIUyM\"><span style=\"color: #0000ff;\">&lt;par exemple ici&gt;<\/span><\/a><br \/>\n<\/span><\/p>\n<p><span style=\"color: #777777; font-family: Arial;\">Visconti raconte aussi un spectacle \u00e0 la Scala de Milan o\u00f9 il \u00e9tait venu \u00e0 la derni\u00e8re minute et avait pu obtenir une place dans la loge de l&rsquo;intendant de la Scala. Il ne s&rsquo;\u00e9tait pas aper\u00e7u que s&rsquo;\u00e9tait install\u00e9e dans la loge apr\u00e8s lui et derri\u00e8re lui une femme. A la fin de l&rsquo;acte, il s&rsquo;est retourn\u00e9 et a vu cette femme pleurer. C&rsquo;\u00e9tait Elisabeth Schwarzkopf qui \u00e9tait l&rsquo;\u00e9quivalent pour Mozart et Richard Strauss de Maria Callas dans Verdi ou le bel canto. Elle a dit \u00e0 Visconti&nbsp;: \u00ab&nbsp;<span style=\"color: #c00000;\">Cette femme est un miracle&nbsp;<span style=\"color: #777777;\">\u00bb<br \/>\n<\/span><\/span><\/span><\/p>\n<p><span style=\"color: #777777; font-family: Arial;\">Voil\u00e0 donc Maria Callas une artiste enti\u00e8rement d\u00e9vou\u00e9e \u00e0 son art et qui a d\u00e9velopp\u00e9 toute son \u00e9nergie pour servir l&rsquo;art, jamais pour que l&rsquo;art ne la serve. Alors oui, elle ne supportait pas quand ses confr\u00e8res ne donnaient pas autant, quand ils ne travaillaient pas assez, quand ils se contentaient d&rsquo;approximations ou m\u00eame arrivaient en retard aux r\u00e9p\u00e9titions. Alors elle se mettait en col\u00e8re.<br \/>\n<\/span><\/p>\n<p><span style=\"color: #777777; font-family: Arial;\">Et puis quand sa voix la l\u00e2chait, son exigence de qualit\u00e9 l&rsquo;obligeait \u00e0 renoncer et alors on le lui le reprochait.<br \/>\n<\/span><\/p>\n<p><span style=\"color: #777777; font-family: Arial;\">Parfois elle essayait pourtant de chanter et sa voix la trahissait et on le lui reprochait encore.<br \/>\n<\/span><\/p>\n<p><span style=\"color: #777777; font-family: Arial;\">Tout au long de sa carri\u00e8re, un noyau d&rsquo;imb\u00e9ciles l&rsquo;a poursuivie notamment \u00e0 la Scala pour la d\u00e9concentrer avant les grands airs en lan\u00e7ant des cris ou des insultes et puis en sifflant \u00e0 la fin du spectacle et en balan\u00e7ant m\u00eame des l\u00e9gumes \u00e0 la place des fleurs attendues. Bien s\u00fbr, la plus grande partie du public l&rsquo;acclamait. Mais elle a toujours \u00e9t\u00e9 l&rsquo;objet d&rsquo;une hostilit\u00e9 malveillante de certains.<br \/>\n<\/span><\/p>\n<p><span style=\"color: #777777; font-family: Arial;\">Apr\u00e8s sa mort, comme le relate <a href=\"http:\/\/www.lepoint.fr\/insolite\/la-callas-est-morte-d-une-maladie-degenerative-selon-des-medecins-13-12-2010-1274806_48.php\"><span style=\"color: #0000ff;\">&lt;Le Point&gt;<\/span><\/a>, on apprend qu&rsquo;en r\u00e9alit\u00e9 elle \u00e9tait malade et victime d&rsquo;une maladie d\u00e9g\u00e9n\u00e9rative qui a affect\u00e9 ses cordes vocales.<br \/>\n<\/span><\/p>\n<p><span style=\"color: #777777; font-family: Arial;\">Ce sont deux m\u00e9decins italiens sp\u00e9cialistes en orthophonie qui soutiennent cette th\u00e8se&nbsp;:<br \/>\n<\/span><\/p>\n<p style=\"margin-left: 28pt;\"><span style=\"color: #c00000; font-family: Arial;\">Selon ces experts, Franco Fussi et Nico Paolillo, qui ont pr\u00e9sent\u00e9 les r\u00e9sultats de leurs recherches avec l&rsquo;universit\u00e9 de Bologne (nord) \u00e0 l&rsquo;occasion d&rsquo;une table ronde, la soprano \u00e9tait atteinte de dermatomyosite, une maladie qui affecte les muscles et les tissus en g\u00e9n\u00e9ral, y compris ceux du larynx.<br \/>\n<\/span><\/p>\n<p style=\"margin-left: 28pt;\"><span style=\"color: #c00000; font-family: Arial;\">Ils soulignent que cette maladie est trait\u00e9e avec de la cortisone et des immunod\u00e9presseurs, ce qui peut entra\u00eener \u00e0 la longue une insuffisance cardiaque et que, selon le rapport m\u00e9dical officiel, la Callas est morte d&rsquo;un arr\u00eat cardiaque.<br \/>\n<\/span><\/p>\n<p style=\"margin-left: 28pt;\"><span style=\"color: #c00000; font-family: Arial;\">L&rsquo;information, r\u00e9v\u00e9l\u00e9e mardi par le quotidien La Stampa, d\u00e9ment que la Callas se soit suicid\u00e9e apr\u00e8s la perte graduelle de sa voix \u00e0 la suite d&rsquo;une d\u00e9ception amoureuse dans sa relation avec l&rsquo;excentrique milliardaire grec Arist\u00f3teles Onassis, qui l&rsquo;a quitt\u00e9e en 1968 pour \u00e9pouser Jacqueline Kennedy.<br \/>\n<\/span><\/p>\n<p style=\"margin-left: 28pt;\"><span style=\"color: #c00000; font-family: Arial;\">Les orthophonistes ont \u00e9tudi\u00e9 avec des instruments ultra modernes les enregistrements de la cantatrice dans les ann\u00e9es 50, sa p\u00e9riode la plus achev\u00e9e, dans les ann\u00e9es 60, quand elle commen\u00e7a \u00e0 avoir des probl\u00e8mes, et dans les ann\u00e9es 70, marqu\u00e9es par une brusque perte de poids et l&rsquo;alt\u00e9ration de sa voix.<br \/>\n<\/span><\/p>\n<p style=\"margin-left: 28pt;\"><span style=\"color: #c00000; font-family: Arial;\">\u00ab\u00a0Fussi, un des orthophonistes les plus renomm\u00e9s du pays, et Paolillo ont analys\u00e9 les derni\u00e8res vid\u00e9os de la Callas qui montrent que les muscles ne r\u00e9pondaient plus car la cavit\u00e9 thoracique ne se gonflait pas quand elle respirait\u00a0\u00bb, soutient le journal de Turin.<br \/>\n<\/span><\/p>\n<p style=\"margin-left: 28pt;\"><span style=\"color: #c00000; font-family: Arial;\">\u00ab\u00a0Le d\u00e9clin de l&rsquo;ic\u00f4ne de l&rsquo;op\u00e9ra n&rsquo;est pas d\u00fb \u00e0 des efforts sur sa voix ou \u00e0 des causes externes\u00a0\u00bb comme des tensions \u00e9motives, affirment les experts, qui ont \u00e9tudi\u00e9 un des moments les plus critiques de la carri\u00e8re de la diva, lorsqu&rsquo;elle ne put pas chanter l&rsquo;op\u00e9ra Norma \u00e0 Rome, le 2 janvier 1958, en l&rsquo;honneur du pr\u00e9sident italien de l&rsquo;\u00e9poque, Giovanni Gronchi, et de sa femme.<br \/>\n<\/span><\/p>\n<p style=\"margin-left: 28pt;\"><span style=\"color: #c00000; font-family: Arial;\">A la fin du premier acte, \u00e0 l&rsquo;issue duquel la moiti\u00e9 de l&rsquo;assistance \u00e9tait d\u00e9\u00e7ue, la Callas s&rsquo;\u00e9tait \u00e9chapp\u00e9e par une porte d\u00e9rob\u00e9e : \u00ab\u00a0cela n&rsquo;a pas \u00e9t\u00e9 un caprice, elle \u00e9tait vraiment malade, elle avait une trach\u00e9ite, les muscles l\u00e2chaient. C&rsquo;\u00e9tait le d\u00e9but de la fin\u00a0\u00bb, disent-ils.<br \/>\n<\/span><\/p>\n<p><span style=\"color: #777777; font-family: Arial;\">Que de choses ont aussi \u00e9t\u00e9 \u00e9crites sur sa perte de poids en 1953, 30 kilos en un an. Certains osent encore \u00e9crire que c&rsquo;\u00e9tait pour plaire \u00e0 Onassis alors qu&rsquo;elle ne le rencontra qu&rsquo;en 1959. Cette perte de poids elle la d\u00e9sira pour pouvoir mieux jouer ses r\u00f4les et parfaire sa silhouette de trag\u00e9dienne.<br \/>\n<\/span><\/p>\n<p><span style=\"color: #777777; font-family: Arial;\">Alors d&rsquo;autres pr\u00e9tendent que cette perte de poids alt\u00e9ra sa voix, alors que probablement c&rsquo;\u00e9tait cette maladie d\u00e9g\u00e9n\u00e9rative qui \u00e9tait d\u00e9j\u00e0 \u00e0 l&rsquo;\u0153uvre.<br \/>\n<\/span><\/p>\n<p><span style=\"color: #777777; font-family: Arial;\">De toute fa\u00e7on m\u00eame si voix est si particuli\u00e8re et qu&rsquo;on la reconnait entre toutes, ce n&rsquo;est pas la plus belle voix du si\u00e8cle comme l&rsquo;\u00e9crivent des journalistes superficiels et incomp\u00e9tents.Ainsi, Zinka Milanov, Leontyne Price ou m\u00eame celle dont a voulu faire sa rivale Renata Tebaldi avaient des voix plus somptueuses.<br \/>\n<\/span><\/p>\n<p><span style=\"color: #777777; font-family: Arial;\">Mais aucune n&rsquo;avait cette \u00e9motion, cette th\u00e9\u00e2tralit\u00e9 dans la voix, dans le jeu, dans l&rsquo;expression.<br \/>\n<\/span><\/p>\n<p><span style=\"color: #777777; font-family: Arial;\">M\u00eame quand elle donnait un r\u00e9cital, ses yeux, l&rsquo;expression de son visage, ses mains, son corps tout exprimait l&rsquo;\u00e9motion et la v\u00e9rit\u00e9 th\u00e9atr\u00e2le.<br \/>\n<\/span><\/p>\n<p><span style=\"color: #777777; font-family: Arial;\">J&rsquo;ai rencontr\u00e9 cette \u00e9motion \u00e0 tous les instants pendant ce week end o\u00f9 j&rsquo;ai \u00e9cout\u00e9 et regard\u00e9 des vid\u00e9os de Maria Callas, en pr\u00e9parant l&rsquo;\u00e9criture de ce mot du jour.<br \/>\n<\/span><\/p>\n<p><span style=\"color: #777777; font-family: Arial;\">C&rsquo;\u00e9tait une artiste exceptionnelle, unique et merveilleuse.<br \/>\n<\/span><\/p>\n<p><span style=\"color: #777777; font-family: Arial;\">La femme fut plut\u00f4t malheureuse, mais j&rsquo;y reviendrai demain.<br \/>\n<\/span><\/p>\n<p><a href=\"https:\/\/www.arte.tv\/fr\/videos\/073476-000-A\/maria-callas-tosca-1964\/\"><span style=\"font-family: Arial;\"><span style=\"color: #0000ff;\">&lt;ARTE a c<\/span><\/span><\/a><a href=\"https:\/\/www.arte.tv\/fr\/videos\/073476-000-A\/maria-callas-tosca-1964\/\"><span style=\"font-family: Arial;\"><span style=\"color: #0000ff;\">onsacr\u00e9 une \u00e9<\/span><\/span><\/a><a href=\"https:\/\/www.arte.tv\/fr\/videos\/073476-000-A\/maria-callas-tosca-1964\/\"><span style=\"font-family: Arial;\"><span style=\"color: #0000ff;\">mission<\/span> <span style=\"color: #0000ff;\">\u00e0 sa derni\u00e8re Tosca \u00e0 Paris en 1964&gt;<\/span><\/span><\/a><span style=\"color: #777777; font-family: Arial;\">. Elle sait dompter sa voix reb<\/span><span style=\"color: #777777; font-family: Arial;\">elle et l&rsquo;\u00e9motion reste unique.<br \/>\n<\/span><\/p>\n<p><a href=\"https:\/\/www.youtube.com\/watch?v=NLR3lSrqlww\"><span style=\"font-family: Arial;\"><span style=\"color: #0000ff;\">&lt;Ici sur Youtube<\/span> <span style=\"color: #0000ff;\">la pri\u00e8re de la Tosca de ce m\u00eame spectacle&gt;<\/span><\/span><\/a><span style=\"color: #777777; font-family: Arial;\"><br \/>\n<\/span><\/p>\n<p><img decoding=\"async\" class=\"alignleft\" src=\"https:\/\/lemotdujour.fr\/wp-content\/uploads\/2017\/09\/091717_1618_Lundi18sept1.jpg\" alt=\"\" align=\"left\"><\/p>\n<p><span style=\"color: #777777; font-family: Arial;\">&nbsp;<\/span><\/p>\n<p><span style=\"color: #777777; font-family: Arial;\">Les sp\u00e9cialistes se d\u00e9chirent pour savoir quel est le meilleur disque de Maria Callas.<br \/>\n<\/span><\/p>\n<p><span style=\"color: #777777; font-family: Arial;\">&nbsp;Pour moi, il s&rsquo;agit de la Tosca justement, celle de 1953 avec Victor de Sabata comme chef d&rsquo;orchestre.<br \/>\n<\/span><\/p>\n<p>&nbsp;<\/p>\n<p><span style=\"color: #777777; font-family: Arial;\">C&rsquo;\u00e9tait Maria Callas, dont je ne saurais dire que du bien.<\/span><\/p>\n<p>&nbsp;<\/p>\n<p><span style=\"color: #800000;\">&lt;930&gt;<\/span><\/p>\n","protected":false},"excerpt":{"rendered":"<p>\u00ab&nbsp;La diva, c\u2019est celle qui apporte l\u2019exemple d\u2019un travail, d\u2019une discipline et d\u2019une grande ma\u00eetrise du m\u00e9tier&nbsp;\u00bb Maria Callas dans un entretien accord\u00e9 \u00e0 L\u2019Express le 19 janvier 1970 Ce week-end, tout le monde \u00e9tait invit\u00e9 \u00e0 visiter le patrimoine<\/p>\n","protected":false},"author":1,"featured_media":0,"comment_status":"open","ping_status":"closed","sticky":false,"template":"","format":"standard","meta":{"footnotes":""},"categories":[1],"tags":[46,29,20],"class_list":["post-3128","post","type-post","status-publish","format-standard","hentry","category-motdujour","tag-art","tag-hommage","tag-musique"],"_links":{"self":[{"href":"https:\/\/lemotdujour.fr\/index.php?rest_route=\/wp\/v2\/posts\/3128","targetHints":{"allow":["GET"]}}],"collection":[{"href":"https:\/\/lemotdujour.fr\/index.php?rest_route=\/wp\/v2\/posts"}],"about":[{"href":"https:\/\/lemotdujour.fr\/index.php?rest_route=\/wp\/v2\/types\/post"}],"author":[{"embeddable":true,"href":"https:\/\/lemotdujour.fr\/index.php?rest_route=\/wp\/v2\/users\/1"}],"replies":[{"embeddable":true,"href":"https:\/\/lemotdujour.fr\/index.php?rest_route=%2Fwp%2Fv2%2Fcomments&post=3128"}],"version-history":[{"count":8,"href":"https:\/\/lemotdujour.fr\/index.php?rest_route=\/wp\/v2\/posts\/3128\/revisions"}],"predecessor-version":[{"id":12303,"href":"https:\/\/lemotdujour.fr\/index.php?rest_route=\/wp\/v2\/posts\/3128\/revisions\/12303"}],"wp:attachment":[{"href":"https:\/\/lemotdujour.fr\/index.php?rest_route=%2Fwp%2Fv2%2Fmedia&parent=3128"}],"wp:term":[{"taxonomy":"category","embeddable":true,"href":"https:\/\/lemotdujour.fr\/index.php?rest_route=%2Fwp%2Fv2%2Fcategories&post=3128"},{"taxonomy":"post_tag","embeddable":true,"href":"https:\/\/lemotdujour.fr\/index.php?rest_route=%2Fwp%2Fv2%2Ftags&post=3128"}],"curies":[{"name":"wp","href":"https:\/\/api.w.org\/{rel}","templated":true}]}}