{"id":3065,"date":"2017-09-11T04:00:44","date_gmt":"2017-09-11T02:00:44","guid":{"rendered":"http:\/\/lemotdujour.fr\/?p=3065"},"modified":"2021-09-29T11:18:04","modified_gmt":"2021-09-29T09:18:04","slug":"lundi-11-septembre-2017","status":"publish","type":"post","link":"https:\/\/lemotdujour.fr\/?p=3065","title":{"rendered":"Lundi 11 septembre 2017"},"content":{"rendered":"<div class=\"mdjTexte\">\t\u00ab&nbsp;La politique du m\u00e2le&nbsp;\u00bb<\/div>\n<div class=\"mdjAuteur\">\tKate Millett<\/div>\n<p><span style=\"color: #777777; font-family: Arial;\">Kate Millett vient de mourir, le 6 septembre 2017 \u00e0 Paris, o\u00f9 elle \u00e9tait venue f\u00eater son anniversaire, avec sa femme, la photojournaliste Sophie Keir. Elle \u00e9tait n\u00e9e le 14 septembre 1934 dans le Minnesota.<br \/>\n<\/span><\/p>\n<p><span style=\"color: #777777; font-family: Arial;\">Dans la premi\u00e8re partie de sa vie, elle avait \u00e9t\u00e9 mari\u00e9e \u00e0 un sculpteur japonais Fumio Yoshimura pendant 20 ans (1965-1985).<br \/>\n<\/span><\/p>\n<p><span style=\"color: #777777; font-family: Arial;\">Pour ceux et surtout celles qui pensent que le progr\u00e8s va suivre son cours que l&rsquo;\u00e9galit\u00e9 r\u00e9elle entre la femme et l&rsquo;homme dans nos soci\u00e9t\u00e9s modernes n&rsquo;est qu&rsquo;une question d&rsquo;un peu de patience encore ou que le droit de la femme de disposer librement de son corps et notamment de pratiquer l&rsquo;avortement lorsqu&rsquo;elle le juge n\u00e9cessaire&nbsp;est acquis: Lib\u00e9ration cite un constat que cette grande f\u00e9ministe avait fait, il y a quelques ann\u00e9es, pour son pays, les Etats-Unis&nbsp;:<br \/>\n<\/span><\/p>\n<p style=\"margin-left: 28pt;\"><span style=\"color: #c00000; font-family: Arial;\">&nbsp;\u00abRien n&rsquo;a chang\u00e9 dans ce pays depuis vingt ans, le f\u00e9minisme n&rsquo;apporte plus rien dans la vie quotidienne. Et les Am\u00e9ricaines risquent toujours de perdre le droit \u00e0 l&rsquo;avortement.\u00bb<br \/>\n<\/span><\/p>\n<p><span style=\"color: #777777; font-family: Arial;\">Kate Millett est une des grandes f\u00e9ministes am\u00e9ricaines qui a fait avancer les droits des femmes en d\u00e9non\u00e7ant avec force et perspicacit\u00e9 les traditions, les \u00e9vidences et aussi les th\u00e9ories de certains pseudo scientifiques qui essayaient de cacher, derri\u00e8re un rideau de fum\u00e9e conceptuelle, la banalit\u00e9 de leur combat m\u00e9diocre pour pr\u00e9server le patriarcat et la domination des m\u00e2les.<br \/>\n<\/span><\/p>\n<p><span style=\"color: #777777; font-family: Arial;\">Dans ce registre, le docteur Sigmund Freud fut une cible particuli\u00e8rement pris\u00e9e par Kate Millett.<br \/>\n<\/span><\/p>\n<p><span style=\"color: #777777; font-family: Arial;\">L&rsquo;Obs dans son article d&rsquo;hommage qu&rsquo;il a intitul\u00e9 &lt;<a href=\"http:\/\/bibliobs.nouvelobs.com\/actualites\/20170907.OBS4380\/mort-de-kate-millett-la-grande-feministe-qui-remettait-freud-a-sa-place.html\"><span style=\"color: #0000ff;\">Kate Millett la grande f\u00e9ministe qui remettait Freud \u00e0 sa place<\/span>&gt;<\/a> la cite&nbsp;:<br \/>\n<\/span><\/p>\n<p style=\"margin-left: 28pt;\"><span style=\"color: #c00000; font-family: Arial;\">\u00ab&nbsp;Selon elle, en affirmant que le destin psychologique de la femme est irr\u00e9m\u00e9diablement li\u00e9 \u00e0 son \u00abenvie de p\u00e9nis\u00bb, Freud n&rsquo;a fait que \u00abrationaliser l&rsquo;odieuse relation entre les sexes, ratifier la r\u00e9partition des r\u00f4les et valider les diff\u00e9rences de son temp\u00e9rament\u00bb. Et de trancher: S&rsquo;il est extr\u00eamement regrettable que Freud ait choisi [&#8230;] de se concentrer sur les distorsions de la subjectivit\u00e9 infantile, son analyse aurait pu cependant pr\u00e9senter un int\u00e9r\u00eat consid\u00e9rable s&rsquo;il avait \u00e9t\u00e9 assez objectif pour reconna\u00eetre que la femme na\u00eet femme dans une culture domin\u00e9e par les hommes, port\u00e9e \u00e0 \u00e9tendre ses valeurs jusqu&rsquo;au domaine de l&rsquo;anatomie elle-m\u00eame et capable, par cons\u00e9quent, d&rsquo;investir les ph\u00e9nom\u00e8nes biologiques d&rsquo;une force symbolique.\u00bb<br \/>\n<\/span><\/p>\n<p><span style=\"color: #777777; font-family: Arial;\">Son grand ouvrage qui la rendit mondialement c\u00e9l\u00e8bre fut \u00e9crit en 1970 et avait pour titre original&nbsp;: \u00ab&nbsp; <strong>Sexual Politics<\/strong>&nbsp;\u00bb, traduit en fran\u00e7ais et publi\u00e9 en 1971 sous le titre <strong>\u00ab<\/strong>&nbsp;<span style=\"color: #0000ff;\"><a href=\"https:\/\/www.decitre.fr\/livres\/sexual-politics-9782721005625.html\"><strong><span style=\"color: #0000ff;\">La politique du m\u00e2le<\/span>&nbsp;<\/strong><\/a><\/span><strong>\u00bb<\/strong><br \/>\n<\/span><\/p>\n<p><span style=\"color: #777777; font-family: Arial;\">\u00ab <span style=\"color: #0000ff;\"><a href=\"https:\/\/fr.wikipedia.org\/wiki\/La_Politique_du_m%C3%A2le\"><span style=\"color: #0000ff;\">La Politique du M\u00e2le<\/span><\/a><\/span> \u00bb fut d&rsquo;abord sa th\u00e8se \u00e0 l&rsquo;Universit\u00e9 de Columbia avant de devenir un livre. Son id\u00e9e principale est que la relation entre les sexes est avant tout une question politique et par voie de cons\u00e9quence une question de pouvoir et d&rsquo;organisation soci\u00e9tale pour pr\u00e9server le pouvoir m\u00e2le.<br \/>\n<\/span><\/p>\n<p><span style=\"color: #777777; font-family: Arial;\">L&rsquo;Obs l&rsquo;avait rencontr\u00e9e \u00e0 l&rsquo;occasion de la sortie fran\u00e7aise de son livre en 1971 et elle avait r\u00e9sum\u00e9 ainsi la situation&nbsp;:<br \/>\n<\/span><\/p>\n<p style=\"margin-left: 28pt;\"><span style=\"color: #c00000; font-family: Arial;\">\u00ab&nbsp;Chaque petit gar\u00e7on est \u00e9lev\u00e9 dans l&rsquo;id\u00e9e qu&rsquo;il peut, s&rsquo;il a du m\u00e9rite et de la chance, devenir pr\u00e9sident des Etats-Unis. Pour les petites filles, le but propos\u00e9, c&rsquo;est d&rsquo;\u00eatre \u00e9lue Miss America. [\u2026]<br \/>\nJe me suis crue oblig\u00e9e de parler haut. Je craignais que personne n&rsquo;\u00e9coute. Mais je n&rsquo;ai fait que mettre en batterie un vieux clich\u00e9: le monde appartient aux hommes.\u00bb<br \/>\n<\/span><\/p>\n<p><span style=\"color: #777777; font-family: Arial;\">Dois-je rappeler que les am\u00e9ricains malgr\u00e9 leur racisme latent sont parvenus \u00e0 \u00e9lire un homme noir \u00e0 la Pr\u00e9sidence, mais pas une femme. Ils ont pr\u00e9f\u00e9r\u00e9 Donald Trump&nbsp;!<br \/>\n<\/span><\/p>\n<p><span style=\"color: #777777; font-family: Arial;\">C&rsquo;est encore cet ouvrage que l&rsquo;Obs a cit\u00e9 dans le num\u00e9ro contenant aussi le \u00abManifeste des 343 salopes\u00bb cit\u00e9 dans le Mot du jour de vendredi dernier.<br \/>\n<\/span><\/p>\n<p><span style=\"color: #777777; font-family: Arial;\">C&rsquo;est ainsi que l&rsquo;hebdomadaire cita le jugement s\u00e9v\u00e8re de Kate Millett contre Freud, d\u00e9j\u00e0 \u00e9voqu\u00e9 en d\u00e9but d&rsquo;article.<br \/>\n<\/span><\/p>\n<p><span style=\"color: #777777; font-family: Arial;\">Et en continuant \u00e0 citer son propos sur Freud, le journal \u00e9crivait&nbsp;:<br \/>\n<\/span><\/p>\n<p style=\"margin-left: 28pt;\"><span style=\"color: #c00000; font-family: Arial;\">\u00ab&nbsp;Plus loin, elle critique l&rsquo;id\u00e9e selon laquelle l&rsquo;enfantement trouve \u00e9galement sa base dans le d\u00e9sir de p\u00e9nis.<br \/>\n<\/span><\/p>\n<p style=\"margin-left: 28pt;\"><span style=\"color: #c00000; font-family: Arial;\">Donner le jour finit par devenir une pr\u00e9rogative masculine, puisque le b\u00e9b\u00e9 n&rsquo;est que le substitut du p\u00e9nis. La femme se fait battre \u00e0 son propre jeu, celui de la reproduction, le seul que la th\u00e9orie freudienne lui recommande.\u00bb<br \/>\n<\/span><\/p>\n<p style=\"margin-left: 28pt;\"><span style=\"color: #c00000; font-family: Arial;\">Ainsi, \u00abdonnerait-elle naissance \u00e0 tout un orphelinat, que ce serait encore autant de petits godemich\u00e9s.\u00bb<br \/>\n<\/span><\/p>\n<p style=\"margin-left: 28pt;\"><span style=\"color: #c00000; font-family: Arial;\">Kate Millett remet le psychanalyste autrichien \u00e0 sa place avec une d\u00e9monstration implacable :<br \/>\n<\/span><\/p>\n<p style=\"margin-left: 28pt;\"><span style=\"color: #c00000; font-family: Arial;\">Il semble que les filles fassent connaissance de la supr\u00e9matie masculine bien avant d&rsquo;avoir vu le p\u00e9nis de leur fr\u00e8re. Elle est si bien int\u00e9gr\u00e9e \u00e0 leur culture, si pr\u00e9sente dans le favoritisme de l&rsquo;\u00e9cole et de la famille, dans l&rsquo;image que leur pr\u00e9sentent de chaque sexe les m\u00e9dias, la religion, tous les mod\u00e8les du monde adulte per\u00e7us par elle, que l&rsquo;associer \u00e0 un organe g\u00e9nital du gar\u00e7on ne leur apporterait rien de plus, puisqu&rsquo;elles ont d\u00e9j\u00e0 appris mille autre signes de diff\u00e9rence sexuelle. Devant tant de preuves concr\u00e8tes de la situation sup\u00e9rieure qui est faite au m\u00e2le et sentant de toutes parts le peu de cas que l&rsquo;on fait d&rsquo;elles, les filles envient, non le p\u00e9nis lui-m\u00eame, mais les pr\u00e9tentions sociales auxquelles le p\u00e9nis autorise.\u00bb<br \/>\n<\/span><\/p>\n<p><a href=\"http:\/\/next.liberation.fr\/culture-next\/2017\/09\/07\/kate-millett-figure-du-feminisme-s-est-eteinte_1594748\"><span style=\"font-family: Arial;\"><span style=\"color: #0000ff;\">Lib\u00e9ration<\/span><\/span><\/a><span style=\"color: #777777; font-family: Arial;\">, comme les autres journaux, lui a consacr\u00e9 \u00e9galement un article dont je cite un extrait ci-apr\u00e8s&nbsp;:<br \/>\n<\/span><\/p>\n<p style=\"margin-left: 28pt;\"><span style=\"color: #c00000; font-family: Arial;\">\u00ab&nbsp;Kate Millett a commenc\u00e9 \u00e0 s&rsquo;int\u00e9resser au f\u00e9minisme quand elle a d\u00e9couvert le Deuxi\u00e8me Sexe de Simone de Beauvoir pendant ses \u00e9tudes \u00e0 Oxford, \u00abune r\u00e9v\u00e9lation\u00bb (le&nbsp;Monde&nbsp;du 2&nbsp;avril 1971). Son Sexual Politics, traduit sous le titre la&nbsp;Politique du m\u00e2le au printemps 1971 chez Stock, suit d&rsquo;une poign\u00e9e d&rsquo;ann\u00e9es l&rsquo;essai de Betty Friedan la Femme mystifi\u00e9e (1964), qui analysait comment les b\u00e9n\u00e9ficiaires de la soci\u00e9t\u00e9 de consommation, les magazines f\u00e9minins et la publicit\u00e9, ont recr\u00e9\u00e9 une nouvelle mystique de la femme au foyer.<br \/>\n<\/span><\/p>\n<p style=\"margin-left: 28pt;\"><span style=\"color: #c00000; font-family: Arial;\">Dans les semaines qui suivent la parution de Sex Pol&nbsp;aux Etats-Unis, Kate Millett se retrouve propuls\u00e9e sur le devant de la sc\u00e8ne. Son essai m\u00eale l&rsquo;analyse litt\u00e9raire \u00e0 la sociologie, la psychologie, l&rsquo;anthropologie et d\u00e9finit les objectifs du mouvement f\u00e9ministe. C&rsquo;est une critique du patriarcat dans la soci\u00e9t\u00e9 et la litt\u00e9rature occidentale qui pointe le sexisme de romanciers modernes comme DH Lawrence, Henry Miller et Norman Mailer. \u00abEtre femme ou \u00eatre homme, \u00e9crit-elle, c&rsquo;est appartenir \u00e0 deux cultures diff\u00e9rentes.\u00bb Pour elle, l&rsquo;explosion de la famille traditionnelle permettra de dynamiter l&rsquo;oppression politique et culturelle fond\u00e9e sur le sexe.&nbsp;\u00abNotre mouvement s&rsquo;\u00e9tend non seulement dans les universit\u00e9s mais aussi dans les classes moyennes et chez les femmes au foyer, mais il est vrai que nous avons des difficult\u00e9s \u00e0 toucher les milieux ruraux et ouvriers\u00bb, expliquait notamment la&nbsp;porte-parole du mouvement f\u00e9ministe&nbsp;en 1971 au Monde.&nbsp;\u00bb<br \/>\n<\/span><\/p>\n<p><span style=\"color: #777777; font-family: Arial;\">Si vous \u00eates \u00e0 l&rsquo;aise avec l&rsquo;anglais vous pouvez \u00e9galement aller sur <a href=\"http:\/\/www.katemillett.com\/KateMillett\/Home.html\"><span style=\"color: #0000ff;\">&lt;son site personnel&gt;<\/span><\/a><br \/>\n<\/span><\/p>\n<p><span style=\"color: #777777; font-family: Arial;\">Son combat doit continuer et m\u00eame si sous nos latitudes la situation s&rsquo;est am\u00e9lior\u00e9e, une r\u00e9gression est possible et puis il reste tant \u00e0 faire dans tant de pays dans le monde.<br \/>\n<\/span><\/p>\n<p><a href=\"https:\/\/lemotdujour.fr\/?p=814\"><span style=\"font-family: Arial;\"><span style=\"color: #0000ff;\">Le<\/span> <span style=\"color: #0000ff;\">mot du jour du 9 septembre 2014<\/span><\/span><\/a><span style=\"color: #777777; font-family: Arial;\"> citait la journaliste Annick Cojean&nbsp;:<br \/>\n<\/span><\/p>\n<p style=\"margin-left: 28pt;\"><span style=\"color: #c00000; font-family: Arial;\">\u00ab C&rsquo;est juste pas de chance d&rsquo;\u00eatre une femme dans la plupart des pays du Monde \u00bb<br \/>\n<\/span><\/p>\n<p><span style=\"color: #777777; font-family: Arial;\">Puisse toutes les femmes de nos pays et tous les hommes respectables garder cette r\u00e9alit\u00e9 pr\u00e9sente dans leurs esprits.<br \/>\n<\/span><\/p>\n<p><img decoding=\"async\" src=\"https:\/\/lemotdujour.fr\/wp-content\/uploads\/2017\/09\/091017_1716_Lundi11sept1.gif\" alt=\"\"><span style=\"color: #777777; font-family: Arial;\"><br \/>\n<\/span><\/p>\n<p><span style=\"color: maroon; font-family: Arial;\">&lt;925&gt;<\/span><\/p>\n","protected":false},"excerpt":{"rendered":"<p>\u00ab&nbsp;La politique du m\u00e2le&nbsp;\u00bb Kate Millett Kate Millett vient de mourir, le 6 septembre 2017 \u00e0 Paris, o\u00f9 elle \u00e9tait venue f\u00eater son anniversaire, avec sa femme, la photojournaliste Sophie Keir. Elle \u00e9tait n\u00e9e le 14 septembre 1934 dans le<\/p>\n","protected":false},"author":1,"featured_media":0,"comment_status":"open","ping_status":"closed","sticky":false,"template":"","format":"standard","meta":{"footnotes":""},"categories":[1],"tags":[36,29,7],"class_list":["post-3065","post","type-post","status-publish","format-standard","hentry","category-motdujour","tag-feminisme","tag-hommage","tag-societe"],"_links":{"self":[{"href":"https:\/\/lemotdujour.fr\/index.php?rest_route=\/wp\/v2\/posts\/3065","targetHints":{"allow":["GET"]}}],"collection":[{"href":"https:\/\/lemotdujour.fr\/index.php?rest_route=\/wp\/v2\/posts"}],"about":[{"href":"https:\/\/lemotdujour.fr\/index.php?rest_route=\/wp\/v2\/types\/post"}],"author":[{"embeddable":true,"href":"https:\/\/lemotdujour.fr\/index.php?rest_route=\/wp\/v2\/users\/1"}],"replies":[{"embeddable":true,"href":"https:\/\/lemotdujour.fr\/index.php?rest_route=%2Fwp%2Fv2%2Fcomments&post=3065"}],"version-history":[{"count":7,"href":"https:\/\/lemotdujour.fr\/index.php?rest_route=\/wp\/v2\/posts\/3065\/revisions"}],"predecessor-version":[{"id":12251,"href":"https:\/\/lemotdujour.fr\/index.php?rest_route=\/wp\/v2\/posts\/3065\/revisions\/12251"}],"wp:attachment":[{"href":"https:\/\/lemotdujour.fr\/index.php?rest_route=%2Fwp%2Fv2%2Fmedia&parent=3065"}],"wp:term":[{"taxonomy":"category","embeddable":true,"href":"https:\/\/lemotdujour.fr\/index.php?rest_route=%2Fwp%2Fv2%2Fcategories&post=3065"},{"taxonomy":"post_tag","embeddable":true,"href":"https:\/\/lemotdujour.fr\/index.php?rest_route=%2Fwp%2Fv2%2Ftags&post=3065"}],"curies":[{"name":"wp","href":"https:\/\/api.w.org\/{rel}","templated":true}]}}