{"id":3055,"date":"2017-09-29T04:00:00","date_gmt":"2017-09-29T02:00:00","guid":{"rendered":"http:\/\/lemotdujour.fr\/?p=3055"},"modified":"2021-09-29T11:22:34","modified_gmt":"2021-09-29T09:22:34","slug":"jeudi-14-septembre-2017","status":"publish","type":"post","link":"https:\/\/lemotdujour.fr\/?p=3055","title":{"rendered":"Vendredi 29 septembre 2017"},"content":{"rendered":"<div class=\"mdjTexte\">\t\u00ab&nbsp;La science ne sait pas \u00e0 quoi sert le sommeil&nbsp;!&nbsp;\u00bb<\/div>\n<div class=\"mdjAuteur\">\tDavid Louapre<\/div>\n<p><span style=\"color: #777777; font-family: Arial;\">David Louapre est un jeune (34 ans) physicien qui a r\u00e9alis\u00e9 sa th\u00e8se \u00e0 l&rsquo;Ecole Normale Sup\u00e9rieure de Lyon dans le domaine de la gravit\u00e9 quantique. Il est aujourd&rsquo;hui employ\u00e9 par Saint Gobain dans son centre de recherche de Boston o\u00f9 il est responsable \u00ab&nbsp;recherche et d\u00e9veloppement&nbsp;\u00bb pour la mise au point de nouveaux mat\u00e9riaux.<br \/>\n<\/span><\/p>\n<p><span style=\"color: #777777; font-family: Arial;\">C&rsquo;est son emploi officiel.<br \/>\n<\/span><\/p>\n<p><span style=\"color: #777777; font-family: Arial;\">Mais comme beaucoup d&rsquo;autres de sa g\u00e9n\u00e9ration il a un autre travail&nbsp;: il est vulgarisateur scientifique&nbsp;:<br \/>\n<\/span><\/p>\n<p><span style=\"color: #777777; font-family: Arial;\">Cette mission il la d\u00e9veloppe sur sa chaine youtube&nbsp;: <span style=\"color: #0000ff;\"><a href=\"https:\/\/www.youtube.com\/channel\/UCaNlbnghtwlsGF-KzAFThqA\"><span style=\"color: #0000ff;\">&lt;Science<\/span> <span style=\"color: #0000ff;\">Etonnante&gt;<\/span><\/a><\/span><br \/>\n<\/span><\/p>\n<p><span style=\"color: #777777; font-family: Arial;\">Et sur son blog&nbsp;: <a href=\"https:\/\/sciencetonnante.wordpress.com\/\"><span style=\"color: #0000ff;\">https:\/\/sciencetonnante.wordpress.com\/<\/span><\/a><br \/>\n<\/span><\/p>\n<p><span style=\"color: #777777; font-family: Arial;\">Et enfin, il \u00e9crit aussi des livres. Son dernier a pour titre&nbsp;: <a href=\"http:\/\/editions.flammarion.com\/Catalogue\/hors-collection\/sciences\/insoluble-mais-vrai!\"><span style=\"color: #0000ff;\">&lt;Insoluble<\/span> <span style=\"color: #0000ff;\">mais<\/span> <span style=\"color: #0000ff;\">vrai !<\/span><\/a><span style=\"color: #0000ff;\">&gt;<\/span> Livre \u00e9dit\u00e9 par Flammarion et paru le 31\/05\/2017.<br \/>\n<\/span><\/p>\n<p><span style=\"color: #777777; font-family: Arial;\">C&rsquo;est pour parler de ce livre qu&rsquo;Etienne Klein l&rsquo;a invit\u00e9 dans son \u00e9mission&nbsp;: \u00ab&nbsp;La conversation scientifique du 9 septembre 2017&nbsp;\u00bb&nbsp;: <a href=\"https:\/\/www.franceculture.fr\/emissions\/la-conversation-scientifique\/que-reste-t-il-comprendre\"><span style=\"color: #0000ff;\">&lt;<\/span> <span style=\"color: #0000ff;\">Que reste t&rsquo;il \u00e0 comprendre ?&gt;<\/span><\/a><br \/>\n<\/span><\/p>\n<p><span style=\"color: #777777; font-family: Arial;\">Etienne Klein a introduit ce livre et ce sujet de la mani\u00e8re suivante&nbsp;:<br \/>\n<\/span><\/p>\n<p style=\"margin-left: 28pt;\"><span style=\"color: #c00000; font-family: Arial;\">\u00ab&nbsp;[Ce] nouveau livre \u00ab&nbsp;Insoluble mais vrai !&nbsp;\u00bb [\u2026] s&rsquo;interroge sur vingt ph\u00e9nom\u00e8nes que la science peine encore \u00e0 expliquer.<br \/>\n<\/span><\/p>\n<p style=\"margin-left: 28pt;\"><span style=\"color: #c00000; font-family: Arial;\">La connaissance et l&rsquo;ignorance se tiennent par la barbichette : ignorer qu&rsquo;on ignore, c&rsquo;est ne rien savoir ; mais savoir qu&rsquo;on ignore, c&rsquo;est vraiment savoir, car cela suppose de savoir tout ce qui est d\u00e9j\u00e0 \u00e9tabli et d&rsquo;\u00eatre capable de d\u00e9tecter ce qui fait encore trou dans la connaissance. Voil\u00e0 pourquoi l&rsquo;ignorance est la grande affaire des savants. [\u2026]<br \/>\n<\/span><\/p>\n<p style=\"margin-left: 28pt;\"><span style=\"color: #c00000; font-family: Arial;\">De telles situations sont-elles nombreuses ? Quels sont les probl\u00e8mes scientifiques qui demeurent ouverts, sur lesquels on bute depuis longtemps sans jamais faire de grandes perc\u00e9es malgr\u00e9 de gros efforts ?&nbsp;\u00bb<br \/>\n<\/span><\/p>\n<p><span style=\"color: #777777; font-family: Arial;\">Cette \u00e9mission a abord\u00e9 plusieurs de ces questions. Mais celle qui m&rsquo;a le plus interpell\u00e9 est la question du sommeil.<br \/>\n<\/span><\/p>\n<p><span style=\"color: #777777; font-family: Arial;\">Pourquoi dormons-nous&nbsp;?<br \/>\n<\/span><\/p>\n<p><span style=\"color: #777777; font-family: Arial;\">L&rsquo;homme simple que je suis, pense que cette question est r\u00e9gl\u00e9e depuis longtemps&nbsp;: Nous dormons parce que nous sommes fatigu\u00e9s et que notre corps doit se reposer.<br \/>\n<\/span><\/p>\n<p><span style=\"color: #777777; font-family: Arial;\">David Louapre explique tr\u00e8s justement que cette assertion confond le sympt\u00f4me et la cause, c&rsquo;est-\u00e0-dire la fonction biologique.<br \/>\n<\/span><\/p>\n<p><span style=\"color: #777777; font-family: Arial;\">Nous mangeons quand nous avons faim, la faim c&rsquo;est le sympt\u00f4me non la cause. En fait, la science a compris que s&rsquo;alimenter c&rsquo;est donner des nutriments \u00e0 notre corps qui \u00e0 travers tout un syst\u00e8me de transformation lui donne de l&rsquo;\u00e9nergie et des \u00e9l\u00e9ments sans lesquels notre corps ne peut vivre et se d\u00e9velopper.<br \/>\n<\/span><\/p>\n<p><span style=\"color: #777777; font-family: Arial;\">La science n&rsquo;a pas trouv\u00e9 \u00e0 quoi sert le sommeil&nbsp;!<br \/>\n<\/span><\/p>\n<p><span style=\"color: #777777; font-family: Arial;\">Renversant non&nbsp;?<br \/>\n<\/span><\/p>\n<p><span style=\"color: #777777; font-family: Arial;\">Cette question abord\u00e9e dans l&rsquo;\u00e9mission et donc dans le livre dont <a href=\"https:\/\/books.google.fr\/books?id=f6AkDwAAQBAJ&amp;pg=PT27&amp;lpg=PT27&amp;dq=%22david+louapre%22+%2B+sommeil&amp;source=bl&amp;ots=t3iPWkKClD&amp;sig=Zoe00EB4fqpYdePCs4_CbNBrwgc&amp;hl=fr&amp;sa=X&amp;ved=0ahUKEwjh5-2XuJjWAhXJshQKHReDBXsQ6AEIMDAC\"><span style=\"color: #0000ff;\">google<\/span> <span style=\"color: #0000ff;\">donne<\/span> <span style=\"color: #0000ff;\">un extrait sur ce sujet<\/span><\/a> est d\u00e9velopp\u00e9 sur le blog que j&rsquo;ai cit\u00e9 ci-avant&nbsp;:<br \/>\n<\/span><\/p>\n<p><span style=\"color: #777777; font-family: Arial;\">En voici des extraits&nbsp;:<br \/>\n<\/span><\/p>\n<p style=\"margin-left: 28pt;\"><span style=\"color: #c00000; font-family: Arial;\">Nous passons en moyenne 8 heures par jour \u00e0 dormir, ce qui sur l&rsquo;ensemble d&rsquo;une vie repr\u00e9sente environ 25 ann\u00e9es au lit. Et pourtant, aussi incroyable que cela puisse para\u00eetre, on ne sait pas vraiment pourquoi nous avons besoin de dormir. [\u2026]<br \/>\n<\/span><\/p>\n<p style=\"margin-left: 28pt;\"><span style=\"color: #c00000; font-family: Arial;\">Il existe ainsi plusieurs hypoth\u00e8ses cr\u00e9dibles pour expliquer le r\u00f4le du sommeil, mais aucune ne s&rsquo;est encore d\u00e9finitivement impos\u00e9e. [\u2026]<br \/>\n<\/span><\/p>\n<p style=\"margin-left: 28pt;\"><span style=\"color: #c00000; font-family: Arial;\">Pour essayer de comprendre le r\u00f4le fondamental du sommeil, il existe une m\u00e9thode simple : arr\u00eater de dormir et regarder ce qui se passe ! On connait quelques cas attest\u00e9s de personnes ne dormant pas pendant plus de 10 jours, mais il est \u00e9videmment probl\u00e9matique de r\u00e9aliser des exp\u00e9riences bien contr\u00f4l\u00e9es sur l&rsquo;homme. Alors comme d&rsquo;habitude, on va se tourner vers nos amis les animaux.<br \/>\n<\/span><\/p>\n<p><span style=\"color: #777777; font-family: Arial;\">David Louapre explique qu&rsquo;une exp\u00e9rience pratiqu\u00e9e sur des rats, publi\u00e9e en 1983 par Allan Rechtschaffen a montr\u00e9 que les effets de la privation de sommeil entra\u00eenent une mort dans les deux semaines, ce qui est plus rapide que pour une privation de nourriture. Au cours de l&rsquo;exp\u00e9rience, ils d\u00e9veloppent des l\u00e9sions sur la peau, ils ne mangent plus et pourtant maigrissent beaucoup.<br \/>\n<\/span><\/p>\n<p><span style=\"color: #777777; font-family: Arial;\">Mais les scientifiques, apr\u00e8s l&rsquo;autopsie, ne sont pas parvenus \u00e0 d\u00e9terminer la cause exacte de la mort.<br \/>\n<\/span><\/p>\n<p><span style=\"color: #777777; font-family: Arial;\">Cette exp\u00e9rience semblait d\u00e9montrer que la privation de sommeil entrainait la mort mais on ne comprenait pas quelles fonctions biologiques \u00e9taient en cause.<br \/>\n<\/span><\/p>\n<p><span style=\"color: #777777; font-family: Arial;\">Des exp\u00e9riences post\u00e9rieures ont remis en question la causalit\u00e9 entre la privation de sommeil et la mort. Car des exp\u00e9riences sur la souris ou le pigeon n&rsquo;ont pas eu le m\u00eame effet et d&rsquo;autres chercheurs ont pu r\u00e9it\u00e9rer l&rsquo;exp\u00e9rience avec des rats sans entrainer la mort. Les analyses les plus r\u00e9centes ont donc remises en causes les conclusions de l&rsquo;exp\u00e9rience de Rechtschaffen en mettant la cause de la mort sur les conditions stressantes de cette exp\u00e9rience et non la privation de sommeil.<br \/>\n<\/span><\/p>\n<p><span style=\"color: #777777; font-family: Arial;\">David Louapre poursuit&nbsp;:<br \/>\n<\/span><\/p>\n<p style=\"margin-left: 28pt;\"><span style=\"color: #c00000; font-family: Arial;\">[\u2026] il existe de nombreux animaux se privant parfois volontairement de sommeil. C&rsquo;est le cas de certains oiseaux lors de la migration, et m\u00eame des dauphins. Ces derniers peuvent rester \u00e9veill\u00e9s plusieurs jours d&rsquo;affil\u00e9 si on les stimule avec des jeux. Encore plus fort, la maman et le b\u00e9b\u00e9 dauphin ne dorment presque pas pendant les 6 semaines qui suivent la naissance ! De mani\u00e8re int\u00e9ressante, ces privations volontaires ne s&rsquo;accompagnent pas d&rsquo;un besoin de r\u00e9cup\u00e9ration de la dette de sommeil. [\u2026]<br \/>\n<\/span><\/p>\n<p style=\"margin-left: 28pt;\"><span style=\"color: #c00000; font-family: Arial;\">Bref, le sommeil n&rsquo;est pas forc\u00e9ment indispensable, mais quand m\u00eame avantageux pour la survie !<br \/>\n<\/span><\/p>\n<p><span style=\"color: #777777; font-family: Arial;\">Et David Louapre examine d\u00e8s lors les diff\u00e9rentes hypoth\u00e8ses&nbsp;:<br \/>\n<\/span><\/p>\n<p><span style=\"color: #777777; font-family: Arial;\"><strong>1<br \/>\n<\/strong><\/span><\/p>\n<p style=\"margin-left: 28pt;\"><span style=\"color: #c00000; font-family: Arial;\">La premi\u00e8re fonction \u00e0 laquelle on peut penser, c&rsquo;est la conservation de l&rsquo;\u00e9nergie, puisque quand on dort on d\u00e9pense moins de calories. Mais cette explication n&rsquo;est pas totalement satisfaisante, car un \u00e9tat d&rsquo;\u00e9veil calme remplirait presque aussi bien cette fonction, tout en \u00e9tant beaucoup moins risqu\u00e9 que le sommeil.<br \/>\n<\/span><\/p>\n<p style=\"margin-left: 28pt;\"><span style=\"color: #c00000; font-family: Arial;\">[\u2026]<br \/>\n<\/span><\/p>\n<p><span style=\"color: #777777; font-family: Arial;\"><strong>2<\/strong> La piste m\u00e9tabolique<br \/>\n<\/span><\/p>\n<p style=\"margin-left: 28pt;\"><span style=\"color: #c00000; font-family: Arial;\">Une des explications les plus en vogue est celle de la protection du cerveau contre ce qu&rsquo;on appelle le \u00ab stress oxydatif \u00bb. En effet, quand notre organisme produit de l&rsquo;\u00e9nergie en br\u00fblant des nutriments, la r\u00e9action chimique fabrique parfois ce qu&rsquo;on appelle des radicaux libres. Il s&rsquo;agit de mol\u00e9cules contenant des atomes d&rsquo;oxyg\u00e8nes disponibles (comme l&rsquo;eau oxyg\u00e9n\u00e9e H_2O_2), et pouvant donc r\u00e9agir avec leur environnement selon une r\u00e9action d&rsquo;oxydation.<br \/>\n<\/span><\/p>\n<p style=\"margin-left: 28pt;\"><span style=\"color: #c00000; font-family: Arial;\">On sait que ces radicaux libres causent des dommages \u00e0 nos cellules et \u00e0 notre ADN, et que cela constitue d&rsquo;ailleurs une cause importante du ph\u00e9nom\u00e8ne de vieillissement. Heureusement notre organisme sait se d\u00e9fendre (via des enzymes) contre ce stress oxydatif, d&rsquo;o\u00f9 l&rsquo;importance des anti-oxydants. On suspecte ainsi que l&rsquo;un des r\u00f4les du sommeil serait de r\u00e9duire l&rsquo;activit\u00e9 du cerveau, afin de diminuer son attaque par les radicaux libres, et de permettre \u00e0 des ph\u00e9nom\u00e8nes de r\u00e9paration d&rsquo;avoir lieu.<br \/>\n<\/span><\/p>\n<p style=\"margin-left: 28pt;\"><span style=\"color: #c00000; font-family: Arial;\">A l&rsquo;appui de cette hypoth\u00e8se, il a \u00e9t\u00e9 r\u00e9cemment montr\u00e9 que chez le rat, la privation de sommeil conduit \u00e0 des dommages accrus dans les cellules du cerveau via un m\u00e9canisme de stress oxydatif.<br \/>\n<\/span><\/p>\n<p><span style=\"color: #777777; font-family: Arial;\"><strong>3<\/strong> Le r\u00eave<br \/>\n<\/span><\/p>\n<p style=\"margin-left: 28pt;\"><span style=\"color: #c00000; font-family: Arial;\">Jusqu&rsquo;ici nous avons parl\u00e9 du sommeil en g\u00e9n\u00e9ral, mais laiss\u00e9 de c\u00f4t\u00e9 le fait qu&rsquo;il existe un \u00e9tat particulier : le sommeil paradoxal. C&rsquo;est dans cette p\u00e9riode, appel\u00e9e Rapid Eye Movement (REM) par les anglo-saxons, que se produisent les r\u00eaves. On entend parfois que la privation de sommeil paradoxal conduirait \u00e0 la folie, mais il semble que cela soit une l\u00e9gende.<br \/>\n<\/span><\/p>\n<p style=\"margin-left: 28pt;\"><span style=\"color: #c00000; font-family: Arial;\">Plusieurs th\u00e9ories int\u00e9ressantes existent pour expliquer le sommeil paradoxal. L&rsquo;une constate que certains neurotransmetteurs ne sont plus \u00e9mis pendant le sommeil paradoxal, ce qui expliquerait le caract\u00e8re assez d\u00e9sinhib\u00e9 des r\u00eaves, mais permettrait un certain \u00ab repos \u00bb des communications dans le cerveau.<br \/>\n<\/span><\/p>\n<p><span style=\"color: #777777; font-family: Arial;\"><strong>4<\/strong> Le simulateur de vie par le r\u00eave<br \/>\n<\/span><\/p>\n<p style=\"margin-left: 28pt;\"><span style=\"color: #c00000; font-family: Arial;\">Une autre th\u00e9orie audacieuse a \u00e9t\u00e9 propos\u00e9e par le fran\u00e7ais Michel Jouvet. Elle se base sur une observation \u00e9tonnante : la quantit\u00e9 de sommeil paradoxal dans le r\u00e8gne animal semble corr\u00e9l\u00e9e au niveau de maturit\u00e9 des b\u00e9b\u00e9s \u00e0 la naissance. Le dauphin, qui est compl\u00e8tement fonctionnel d\u00e8s sa naissance, n&rsquo;en poss\u00e8de pas du tout ! Au contraire l&rsquo;ornithorynque, qui nait aveugle et totalement, r\u00eave en moyenne 8 heures par jour !<br \/>\n<\/span><\/p>\n<p style=\"margin-left: 28pt;\"><span style=\"color: #c00000; font-family: Arial;\">Une explication possible serait alors la suivante : les r\u00eaves servent \u00e0 acc\u00e9l\u00e9rer notre maturation c\u00e9r\u00e9brale en nous pr\u00e9sentant une simulation de la r\u00e9alit\u00e9. Lors des r\u00eaves, notre cerveau travaille et se d\u00e9velopperait un peu comme lors d&rsquo;exp\u00e9riences r\u00e9elles. Le r\u00eave serait donc \u00e0 la vie ce que le simulateur de vol est au pilotage : un moyen de s&rsquo;entra\u00eener plus souvent, et sans danger.<br \/>\n<\/span><\/p>\n<p><span style=\"color: #777777; font-family: Arial;\">Il existe beaucoup de th\u00e9ories sur le r\u00eave, celle-ci a l&rsquo;air de nous dire que nous en avons besoin pour acc\u00e9l\u00e9rer notre maturation c\u00e9r\u00e9brale et nous aider \u00e0 nous pr\u00e9parer \u00e0 la vraie vie.<br \/>\n<\/span><\/p>\n<p><span style=\"color: #777777; font-family: Arial;\">Si vous voulez lire son article complet, <a href=\"https:\/\/sciencetonnante.wordpress.com\/2013\/04\/15\/pourquoi-a-t-on-besoin-de-dormir\/\"><span style=\"color: #0000ff;\">&lt;c&rsquo;est ici&gt;<\/span><\/a><br \/>\n<\/span><\/p>\n<p><span style=\"color: #777777; font-family: Arial;\">En conclusion, ce soir j&rsquo;irais me coucher et dormir sans savoir pourquoi&nbsp;! J&rsquo;esp\u00e8re que l&rsquo;incertitude de la r\u00e9ponse \u00e0 cette question ne m&#8217;emp\u00eachera pas de trouver le sommeil&nbsp;!<br \/>\n<\/span><\/p>\n<p><span style=\"color: #777777; font-family: Arial;\">En tout cas, David Louapre me semble \u00eatre un tr\u00e8s bon vulgarisateur et un remarquable p\u00e9dagogue.<br \/>\n<\/span><\/p>\n<p><span style=\"color: #777777; font-family: Arial;\">Pour des motifs que chacun peut comprendre j&rsquo;ai \u00e9t\u00e9 tr\u00e8s int\u00e9ress\u00e9 par cette vid\u00e9o d&rsquo;une vingtaine de minutes o\u00f9 il explique les m\u00e9canismes du cancer&nbsp;: <a href=\"https:\/\/www.youtube.com\/watch?v=gxtqGhhomQE\"><span style=\"color: #0000ff;\">&lt;Le cancer&gt;<\/span><\/a><br \/>\n<\/span><\/p>\n<p><span style=\"color: #777777; font-family: Arial;\">Remarquable je vous dis.<br \/>\n<\/span><\/p>\n<p><img loading=\"lazy\" decoding=\"async\" class=\"alignnone size-medium wp-image-3061\" src=\"https:\/\/lemotdujour.fr\/wp-content\/uploads\/2017\/09\/Pourquoi-dormons-nous-217x300.jpg\" alt=\"\" width=\"217\" height=\"300\" srcset=\"https:\/\/lemotdujour.fr\/wp-content\/uploads\/2017\/09\/Pourquoi-dormons-nous-217x300.jpg 217w, https:\/\/lemotdujour.fr\/wp-content\/uploads\/2017\/09\/Pourquoi-dormons-nous.jpg 330w\" sizes=\"auto, (max-width: 217px) 100vw, 217px\" \/><\/p>\n<p><span style=\"color: #800000;\">&lt;939&gt;<\/span><\/p>\n","protected":false},"excerpt":{"rendered":"<p>\u00ab&nbsp;La science ne sait pas \u00e0 quoi sert le sommeil&nbsp;!&nbsp;\u00bb David Louapre David Louapre est un jeune (34 ans) physicien qui a r\u00e9alis\u00e9 sa th\u00e8se \u00e0 l&rsquo;Ecole Normale Sup\u00e9rieure de Lyon dans le domaine de la gravit\u00e9 quantique. Il est<\/p>\n","protected":false},"author":1,"featured_media":0,"comment_status":"open","ping_status":"closed","sticky":false,"template":"","format":"standard","meta":{"footnotes":""},"categories":[1],"tags":[13,35],"class_list":["post-3055","post","type-post","status-publish","format-standard","hentry","category-motdujour","tag-sante","tag-sciences"],"_links":{"self":[{"href":"https:\/\/lemotdujour.fr\/index.php?rest_route=\/wp\/v2\/posts\/3055","targetHints":{"allow":["GET"]}}],"collection":[{"href":"https:\/\/lemotdujour.fr\/index.php?rest_route=\/wp\/v2\/posts"}],"about":[{"href":"https:\/\/lemotdujour.fr\/index.php?rest_route=\/wp\/v2\/types\/post"}],"author":[{"embeddable":true,"href":"https:\/\/lemotdujour.fr\/index.php?rest_route=\/wp\/v2\/users\/1"}],"replies":[{"embeddable":true,"href":"https:\/\/lemotdujour.fr\/index.php?rest_route=%2Fwp%2Fv2%2Fcomments&post=3055"}],"version-history":[{"count":12,"href":"https:\/\/lemotdujour.fr\/index.php?rest_route=\/wp\/v2\/posts\/3055\/revisions"}],"predecessor-version":[{"id":12255,"href":"https:\/\/lemotdujour.fr\/index.php?rest_route=\/wp\/v2\/posts\/3055\/revisions\/12255"}],"wp:attachment":[{"href":"https:\/\/lemotdujour.fr\/index.php?rest_route=%2Fwp%2Fv2%2Fmedia&parent=3055"}],"wp:term":[{"taxonomy":"category","embeddable":true,"href":"https:\/\/lemotdujour.fr\/index.php?rest_route=%2Fwp%2Fv2%2Fcategories&post=3055"},{"taxonomy":"post_tag","embeddable":true,"href":"https:\/\/lemotdujour.fr\/index.php?rest_route=%2Fwp%2Fv2%2Ftags&post=3055"}],"curies":[{"name":"wp","href":"https:\/\/api.w.org\/{rel}","templated":true}]}}