{"id":3048,"date":"2017-09-22T04:00:46","date_gmt":"2017-09-22T02:00:46","guid":{"rendered":"http:\/\/lemotdujour.fr\/?p=3048"},"modified":"2021-09-29T21:32:42","modified_gmt":"2021-09-29T19:32:42","slug":"vendredi-15-septembre-2017","status":"publish","type":"post","link":"https:\/\/lemotdujour.fr\/?p=3048","title":{"rendered":"Vendredi 22 septembre 2017"},"content":{"rendered":"<div class=\"mdjTexte\">\t\u00ab&nbsp;Le b\u00e9b\u00e9 gnou prot\u00e9g\u00e9 par la lionne&nbsp;\u00bb<\/div>\n<div class=\"mdjAuteur\">\tHistoire naturelle<\/div>\n<p><span style=\"color: #777777; font-family: Arial;\">Dans la nature il y a des pr\u00e9dateurs et des proies.<br \/>\n<\/span><\/p>\n<p><span style=\"color: #777777; font-family: Arial;\">Et la loi de la nature est la loi du plus fort<br \/>\n<\/span><\/p>\n<p><span style=\"color: #777777; font-family: Arial;\">De nombreuses th\u00e9ories humaines politiques et \u00e9conomiques se fondent sur ce constat pour \u00e9laborer des analyses qu&rsquo;ils essayent d&rsquo;appliquer au monde des humains.<br \/>\n<\/span><\/p>\n<p><span style=\"color: #777777; font-family: Arial;\">Franz de Waal, nous explique que les choses sont plus complexes. Il ne dit pas que la nature n&rsquo;est pas peupl\u00e9e de pr\u00e9dateurs et de proies mais qu&rsquo;il arrive que d&rsquo;autres ph\u00e9nom\u00e8nes puissent exister.<br \/>\n<\/span><\/p>\n<p><span style=\"color: #777777; font-family: Arial;\">Des cin\u00e9astes animaliers avaient le projet de tourner un film sur la migration des gnous du <span style=\"color: #0000ff;\"><a href=\"https:\/\/fr.wikipedia.org\/wiki\/Parc_national_du_Serengeti\"><span style=\"color: #0000ff;\">Serengetti<\/span><\/a><\/span> dans le nord de la Tanzanie. C&rsquo;est ce qu&rsquo;ils vont faire. Mais pendant leur tournage, ils vont assister et filmer un \u00e9pisode incroyable.<br \/>\n<\/span><\/p>\n<p><span style=\"color: #777777; font-family: Arial;\">Une petite femelle gnou vient de na\u00eetre. Dans la journ\u00e9e de sa naissance elle va \u00eatre chass\u00e9e par une lionne, la m\u00e8re gnou ne peut pas la sauver. La lionne renifle la petite gnou de quelques heures, on pense qu&rsquo;elle va la d\u00e9vorer. Et cela ne se passe pas ainsi<br \/>\n<\/span><\/p>\n<p><span style=\"color: #777777; font-family: Arial;\">L&#8217;empathie dont parle Franz de Waal se produit devant la cam\u00e9ra et par voie de cons\u00e9quence devant nos yeux.<br \/>\n<\/span><\/p>\n<p><span style=\"color: #777777; font-family: Arial;\">Le commentateur \u00e9voque la th\u00e8se que peut \u00eatre la lionne a perdu ses petits et exprime ses instincts maternels sur un petit de substitution.<br \/>\n<\/span><\/p>\n<p><span style=\"color: #777777; font-family: Arial;\">Peut-\u00eatre que se rendant compte que cet animal porte encore toutes les traces de sa naissance, la lionne consid\u00e8re-t&rsquo;elle qu&rsquo;elle ne doit pas le tuer.<br \/>\n<\/span><\/p>\n<p><span style=\"color: #777777; font-family: Arial;\">Toujours est-il que la lionne et la petite gnou se font des c\u00e2lins que la pr\u00e9sence de la lionne fait renoncer des hy\u00e8nes de faire de la petite gnou leur repas. Par la suite la lionne laisse partir le b\u00e9b\u00e9 gnou rechercher et retrouver sa m\u00e8re.<br \/>\n<\/span><\/p>\n<p><span style=\"color: #777777; font-family: Arial;\">Le documentaire continue alors sur son projet initial&nbsp;: montrer les migrations de ces animaux qui reviennent r\u00e9guli\u00e8rement vers le Serengetti mais doivent s&rsquo;en \u00e9loigner lors de la saison s\u00e8che.<br \/>\n<\/span><\/p>\n<p><span style=\"color: #777777; font-family: Arial;\">C&rsquo;est ce que nous montre la nature.<br \/>\n<\/span><\/p>\n<p><span style=\"color: #777777; font-family: Arial;\">La violence existe, le conflit, la mise \u00e0 mort des proies par leurs pr\u00e9dateurs.<br \/>\n<\/span><\/p>\n<p><span style=\"color: #777777; font-family: Arial;\">Mais l&#8217;empathie, la protection m\u00eame inattendue entre esp\u00e8ces peut exister aussi.<br \/>\n<\/span><\/p>\n<p><span style=\"color: #777777; font-family: Arial;\">C&rsquo;est une le\u00e7on de vie, c&rsquo;est une le\u00e7on de complexit\u00e9.<br \/>\n<\/span><\/p>\n<p><span style=\"color: #777777; font-family: Arial;\">Ce film s&rsquo;appelle \u00ab&nbsp;sauv\u00e9e par la lionne&nbsp;\u00bb, vous le trouverez derri\u00e8re<span style=\"color: #0000ff;\"> <a href=\"https:\/\/www.youtube.com\/watch?v=KBSNCkndBoA\"><span style=\"color: #0000ff;\">&lt;ce lien&gt;<\/span><\/a><\/span>.<br \/>\n<\/span><\/p>\n<p><span style=\"color: #777777; font-family: Arial;\">L&rsquo;\u00e9pisode dont je parle commence vers la sixi\u00e8me minute.<br \/>\n<\/span><\/p>\n<p><a href=\"https:\/\/www.youtube.com\/watch?v=KBSNCkndBoA\"><img loading=\"lazy\" decoding=\"async\" class=\"alignnone wp-image-3174\" src=\"https:\/\/lemotdujour.fr\/wp-content\/uploads\/2017\/09\/Sauv\u00e9e-par-la-lionne-300x182.jpg\" alt=\"\" width=\"513\" height=\"311\" srcset=\"https:\/\/lemotdujour.fr\/wp-content\/uploads\/2017\/09\/Sauv\u00e9e-par-la-lionne-300x182.jpg 300w, https:\/\/lemotdujour.fr\/wp-content\/uploads\/2017\/09\/Sauv\u00e9e-par-la-lionne-768x465.jpg 768w, https:\/\/lemotdujour.fr\/wp-content\/uploads\/2017\/09\/Sauv\u00e9e-par-la-lionne.jpg 816w\" sizes=\"auto, (max-width: 513px) 100vw, 513px\" \/><\/a><\/p>\n<p><span style=\"color: #c00000; font-family: Arial;\">&lt;934&gt;<\/span><\/p>\n","protected":false},"excerpt":{"rendered":"<p>\u00ab&nbsp;Le b\u00e9b\u00e9 gnou prot\u00e9g\u00e9 par la lionne&nbsp;\u00bb Histoire naturelle Dans la nature il y a des pr\u00e9dateurs et des proies. Et la loi de la nature est la loi du plus fort De nombreuses th\u00e9ories humaines politiques et \u00e9conomiques se<\/p>\n","protected":false},"author":1,"featured_media":0,"comment_status":"open","ping_status":"closed","sticky":false,"template":"","format":"standard","meta":{"footnotes":""},"categories":[1],"tags":[12,48,14],"class_list":["post-3048","post","type-post","status-publish","format-standard","hentry","category-motdujour","tag-documentaire","tag-nature","tag-recit"],"_links":{"self":[{"href":"https:\/\/lemotdujour.fr\/index.php?rest_route=\/wp\/v2\/posts\/3048","targetHints":{"allow":["GET"]}}],"collection":[{"href":"https:\/\/lemotdujour.fr\/index.php?rest_route=\/wp\/v2\/posts"}],"about":[{"href":"https:\/\/lemotdujour.fr\/index.php?rest_route=\/wp\/v2\/types\/post"}],"author":[{"embeddable":true,"href":"https:\/\/lemotdujour.fr\/index.php?rest_route=\/wp\/v2\/users\/1"}],"replies":[{"embeddable":true,"href":"https:\/\/lemotdujour.fr\/index.php?rest_route=%2Fwp%2Fv2%2Fcomments&post=3048"}],"version-history":[{"count":6,"href":"https:\/\/lemotdujour.fr\/index.php?rest_route=\/wp\/v2\/posts\/3048\/revisions"}],"predecessor-version":[{"id":12297,"href":"https:\/\/lemotdujour.fr\/index.php?rest_route=\/wp\/v2\/posts\/3048\/revisions\/12297"}],"wp:attachment":[{"href":"https:\/\/lemotdujour.fr\/index.php?rest_route=%2Fwp%2Fv2%2Fmedia&parent=3048"}],"wp:term":[{"taxonomy":"category","embeddable":true,"href":"https:\/\/lemotdujour.fr\/index.php?rest_route=%2Fwp%2Fv2%2Fcategories&post=3048"},{"taxonomy":"post_tag","embeddable":true,"href":"https:\/\/lemotdujour.fr\/index.php?rest_route=%2Fwp%2Fv2%2Ftags&post=3048"}],"curies":[{"name":"wp","href":"https:\/\/api.w.org\/{rel}","templated":true}]}}