{"id":3008,"date":"2017-09-04T04:00:20","date_gmt":"2017-09-04T02:00:20","guid":{"rendered":"http:\/\/lemotdujour.fr\/?p=3008"},"modified":"2021-09-29T11:21:25","modified_gmt":"2021-09-29T09:21:25","slug":"lundi-30-septembre-2017","status":"publish","type":"post","link":"https:\/\/lemotdujour.fr\/?p=3008","title":{"rendered":"Lundi 4 septembre 2017"},"content":{"rendered":"<div class=\"mdjTexte\">\u00ab\u00a0\u00ab Gracias a la vida\u00a0\u00a0\u00a0\u00a0\u00a0\u00a0\u00a0\u00a0\u00a0\u00a0 Merci \u00e0 la vie<br \/>\nQue me ha dado tanto\u00a0\u00a0\u00a0 Qui m\u2019a tant donn\u00e9<br \/>\nMe ha dado el sonido\u00a0\u00a0\u00a0\u00a0\u00a0 Elle m\u2019a donn\u00e9 le son<br \/>\nY el abecedario\u00a0\u00a0\u00a0\u00a0\u00a0\u00a0\u00a0\u00a0\u00a0\u00a0\u00a0\u00a0\u00a0\u00a0\u00a0 Et l\u2019alphabet<br \/>\nCon \u00e9l las palabras\u00a0\u00a0\u00a0\u00a0\u00a0\u00a0\u00a0\u00a0\u00a0\u00a0 Avec lui les mots\u00bb\u00a0\u00bb<\/div>\n<div class=\"mdjAuteur\">Violeta Parra<\/div>\n<p><span style=\"color: #777777; font-family: Arial;\">C&rsquo;est la rentr\u00e9e\u00a0!<br \/>\n<\/span><\/p>\n<p><span style=\"color: #777777; font-family: Arial;\">\u00ab\u00a0Gracias \u00e0 la vida\u00a0\u00bb est une chanson d&rsquo;amour souvent chant\u00e9 par <a href=\"https:\/\/fr.wikipedia.org\/wiki\/Mercedes_Sosa\"><span style=\"color: #0000ff;\">Mercedes Sosa<\/span><\/a> la c\u00e9l\u00e8bre chanteuse argentine ou par <span style=\"color: #0000ff;\"><a href=\"https:\/\/fr.wikipedia.org\/wiki\/Joan_Baez\"><span style=\"color: #0000ff;\">Joan<\/span> <span style=\"color: #0000ff;\">Baez<\/span><\/a><\/span> la chanteuse am\u00e9ricaine \u00e0 la voix de velours. Et m\u00eame une fois <a href=\"https:\/\/www.youtube.com\/watch?v=R1c6zBVG79g&amp;pbjreload=10\"><span style=\"color: #0000ff;\">&lt;par les deux&gt;<\/span><\/a>.<br \/>\n<\/span><\/p>\n<p><span style=\"color: #777777; font-family: Arial;\">Mais cette chanson a \u00e9t\u00e9 \u00e9crite et mise en musique par Violeta Parra, une immense chanteuse chilienne. Une de ses derni\u00e8res chansons. Elle l&rsquo;a enregistr\u00e9e sur son dernier album en 1966. Le 5 f\u00e9vrier 1967, \u00e0 quarante-neuf ans, et apr\u00e8s plusieurs tentatives rat\u00e9es, Violeta Parra met fin \u00e0 ses jours.<\/span> <a href=\"http:\/\/barbara-nativel.typepad.com\/niceto\/2013\/11\/gracias-a-la-vida-la-belle-histoire-dune-chanson.html\"><span style=\"font-family: Arial;\"><span style=\"color: #0000ff;\">&lt;Un billet sur un autre blog parle<\/span> <span style=\"color: #0000ff;\">de cette magnifique chanson et de son auteure&gt;<\/span><\/span><\/a><span style=\"color: #777777; font-family: Arial;\"><br \/>\n<\/span><\/p>\n<p><span style=\"color: #777777; font-family: Arial;\">Quel lien entre l&rsquo;\u00e9cole et cette chanson\u00a0?<br \/>\n<\/span><\/p>\n<p><span style=\"color: #777777; font-family: Arial;\">Dans la 3<sup>\u00e8me<\/sup> strophe, l&rsquo;auteur remercie la vie d&rsquo;avoir donn\u00e9 le \u00ab\u00a0son\u00a0\u00bb pour parler, \u00ab\u00a0l&rsquo;alphabet\u00a0\u00bb pour \u00e9crire et \u00ab\u00a0les mots\u00a0\u00bb pour s&rsquo;exprimer. Et c&rsquo;est la premi\u00e8re mission de l&rsquo;\u00e9cole apprendre \u00e0 s&rsquo;exprimer, \u00e0 r\u00e9fl\u00e9chir, \u00e0 s&rsquo;interroger gr\u00e2ce aux mots.<br \/>\n<\/span><\/p>\n<p><span style=\"color: #777777; font-family: Arial;\">Oui\u00a0; merci \u00e0 la vie de nous avoir donn\u00e9 cela et de nous avoir donn\u00e9 l&rsquo;\u00e9cole.<br \/>\n<\/span><\/p>\n<p><span style=\"color: #777777; font-family: Arial;\">Quelquefois quand mes enfants trouvaient qu&rsquo;aller \u00e0 l&rsquo;\u00e9cole \u00e9tait bien emb\u00eatant et contraignant, je leur r\u00e9p\u00e9tais que le contraire de l&rsquo;\u00e9cole n&rsquo;\u00e9tait pas le jeu, mais le travail. Le travail des enfants qui existe encore dans trop de pays dans le monde. L&rsquo;\u00e9cole permet d&rsquo;\u00e9manciper les enfants, de les lib\u00e9rer, de leur permettre de se construire.<br \/>\n<\/span><\/p>\n<p><span style=\"color: #777777; font-family: Arial;\">Ce n&rsquo;est pas moi mais V\u00e9ronique Decker, directrice de l&rsquo;\u00e9cole Marie Curie de Bobigny qui a fait ce lien, <a href=\"https:\/\/www.franceculture.fr\/emissions\/lidee-culture\/lidee-culture-de-marie-rose-moro\"><span style=\"color: #0000ff;\">\u00e0 la fin de l&rsquo;\u00e9mission de France Culture<\/span><\/a> de ce samedi dans laquelle elle \u00e9tait invit\u00e9e pour parler de la rentr\u00e9e scolaire.<br \/>\n<\/span><\/p>\n<p><span style=\"color: #777777; font-family: Arial;\">Dans cette \u00e9mission elle a notamment exprim\u00e9 la chose suivante\u00a0:<br \/>\n<\/span><\/p>\n<p style=\"margin-left: 28pt;\"><span style=\"color: #c00000; font-family: Arial;\">\u00ab\u00a0J&rsquo;ai un regard tr\u00e8s critique sur tous ces zigzags.<br \/>\nJe suis directrice de cette \u00e9cole depuis 2000, cela fait 17 ans que je suis l\u00e0.<br \/>\nEn 17 ans j&rsquo;ai tout vu, tout v\u00e9cu, et chaque fois il a fallu s&rsquo;adapter \u00e0 des proc\u00e9dures qui n&rsquo;ont jamais de dur\u00e9e\u00a0:<br \/>\nOn a eu des emplois jeunes, on a eu des auxiliaires de vie scolaire, on a eu des emplois de vie scolaire, on a eu des assistantes d&rsquo;\u00e9ducation.<br \/>\nUn 31 ao\u00fbt on m&rsquo;a dit d&rsquo;annoncer aux assistantes d&rsquo;\u00e9ducation que leurs contrats n&rsquo;\u00e9taient pas renouvel\u00e9s, il y a quelques ann\u00e9es. On avait 4 personnes qui nous aidaient dans l&rsquo;\u00e9cole et du jour au lendemain plus personne.<br \/>\nA un moment j&rsquo;ai eu une secr\u00e9taire, \u00e0 un moment je n&rsquo;ai plus eu de secr\u00e9taire, \u00e0 un moment j&rsquo;ai eu une secr\u00e9taire, \u00e0 un autre moment je n&rsquo;ai plus eu de secr\u00e9taire, et l\u00e0 j&rsquo;en ai une. Tout va bien\u00a0!<br \/>\nCe qui est usant c&rsquo;est qu&rsquo;on a le sentiment que beaucoup d&rsquo;argent parfois est d\u00e9pens\u00e9 pour faire des annonces qui ne sont pas celles de nos demandes.\u00a0\u00bb<br \/>\n<\/span><\/p>\n<p><span style=\"color: #777777; font-family: Arial;\">Elle insiste, par exemple, sur le fait qu&rsquo;il n&rsquo;y a presque plus de m\u00e9decins scolaires en Seine Saint Denis qui est pourtant le d\u00e9partement o\u00f9 probablement il serait le plus n\u00e9cessaire d&rsquo;en avoir.<br \/>\n<\/span><\/p>\n<p><span style=\"color: #777777; font-family: Arial;\">Je vous conseille d&rsquo;\u00e9couter <span style=\"color: #0000ff;\"><a href=\"https:\/\/www.franceculture.fr\/emissions\/linvite-idees-de-la-matinale\/veronique-decker\"><span style=\"color: #0000ff;\">&lt;cette<\/span> <span style=\"color: #0000ff;\">\u00e9mission&gt;<\/span><\/a><\/span> o\u00f9 elle exprime tr\u00e8s simplement et tr\u00e8s p\u00e9dagogiquement les probl\u00e8mes auxquels l&rsquo;\u00e9cole doit faire face et la mani\u00e8re \u00ab\u00a0hors sol\u00a0\u00bb avec laquelle les technocrates lancent des id\u00e9es et des r\u00e9formes qui ne r\u00e9pondent pas aux questions qui se posent.<br \/>\n<\/span><\/p>\n<p><span style=\"color: #777777; font-family: Arial;\">V\u00e9ronique Decker est une militante de l&rsquo;\u00e9cole Freinet. Elle a \u00e9crit deux livres\u00a0: \u00ab\u00a0Trop classe ! Enseigner dans le 9-3\u00a0\u00bb en 2016 et \u00ab\u00a0L&rsquo;\u00e9cole du peuple\u00a0\u00bb en 2017.<br \/>\n<\/span><\/p>\n<p><span style=\"color: #777777; font-family: Arial;\">Vous trouverez derri\u00e8re <a href=\"http:\/\/www.cafepedagogique.net\/LEXPRESSO\/Pages\/2016\/03\/02032016Article635924991425868071.aspx\"><span style=\"color: #0000ff;\">&lt;Ce lien&gt;<\/span><\/a> un article sur le premier de ces livres et un entretien avec V\u00e9ronique Decker qui dit notamment\u00a0:<br \/>\n<\/span><\/p>\n<p style=\"margin-left: 28pt;\"><span style=\"color: #c00000; font-family: Arial;\"> \u00ab\u00a0Chaque \u00e9cole Freinet a sa particularit\u00e9 et son histoire. Ce qui nous caract\u00e9rise c&rsquo;est qu&rsquo;on a mont\u00e9 cette \u00e9cole Freinet sans aucune aide. Par exemple, sans aide au mouvement particuli\u00e8re. On a fait une \u00e9cole ordinaire qui fonctionne selon les r\u00e8gles du mouvement ordinaire. Du coup il n&rsquo;y a pas que des militants Freinet dans l&rsquo;\u00e9cole. Les gens disent qu&rsquo;on est une \u00e9cole Freinet . Mais nous on pr\u00e9f\u00e8re parler d&rsquo;une \u00e9cole avec des militants Freinet. Ce sont des enseignants militants qui ont choisi de venir enseigner l\u00e0. Ce qu&rsquo;on partage ce n&rsquo;est pas tant des techniques Freinet que des valeurs morales.\u00a0\u00bb<br \/>\n<\/span><\/p>\n<p><span style=\"color: #777777; font-family: Arial;\">Plus loin dans cet article elle explique\u00a0:<br \/>\n<\/span><\/p>\n<p style=\"margin-left: 28pt;\"><span style=\"color: #c00000; font-family: Arial;\">\u00ab\u00a0Je vois le plancher social s&rsquo;effondrer \u00e0 la hauteur des enfants.\u00a0 Nous voyons des choses qu&rsquo;on n&rsquo;imaginait pas possible il y quelques ann\u00e9es. Par exemple, des enfants qui ont faim. Des familles en errance. On a des enfants qui d\u00e9marrent un CP dans le Tarn et Garonne, puis partent chez une tante \u00e0 Lille. Puis vont dans le 93 pour 3 mois. A la fin de l&rsquo;ann\u00e9e, l&rsquo;enfant a fait des bouts de CP mais il ne sait rien. Il y a 10 ans des parents \u00e0 la rue avec 5 enfants auraient obtenu un logement passerelle en raison des 5 enfants. Maintenant ces enfants d\u00e9scolaris\u00e9s de fait ne d\u00e9clenchent plus des services sociaux qui d&rsquo;ailleurs sont submerg\u00e9s.<br \/>\n<\/span><\/p>\n<p style=\"margin-left: 28pt;\"><span style=\"color: #c00000; font-family: Arial;\">Il ya 10 ans on rencontrait les assistantes sociales tous les trimestres et on leur adressait des enfants. Maintenant il faut des semaines pour avoir un rendez vous et elles n&rsquo;ont plus rien dans les mains. Les gens sont en train de se replier physiquement et psychiquement. Et dans nos \u00e9coles on voit \u00e9merger des pathologies et des souffrances dont les enfants sont les premi\u00e8res victimes.<br \/>\n<\/span><\/p>\n<p style=\"margin-left: 28pt;\"><span style=\"color: #c00000; font-family: Arial;\">On a essay\u00e9 de m\u00e9diatiser cela en vain. Mais on se heurte \u00e0 l&rsquo;indiff\u00e9rence et au repli. Chacun pense qu&rsquo;il peut s&rsquo;en sortir seul. J&rsquo;ai l&rsquo;impression que la guerre arrive. Qu&rsquo;on va vers le d\u00e9sastre. Rien n&rsquo;est fait pour nous sauver. Ce n&rsquo;est pas l&rsquo;ascenseur social qui est en panne mais le plancher social qui est trou\u00e9.\u00a0\u00bb<br \/>\n<\/span><\/p>\n<p><span style=\"color: #777777; font-family: Arial;\">Elle explique cependant qu&rsquo;il reste encore de belles journ\u00e9es<br \/>\n<\/span><\/p>\n<p style=\"margin-left: 28pt;\"><span style=\"color: #c00000; font-family: Arial;\">\u00ab\u00a0On les \u00a0appelle des \u00ab\u00a0moments champagne\u00a0\u00bb. Ce sont ces moments o\u00f9 les enfants progressent. Par exemple, le dernier moment que j&rsquo;ai v\u00e9cu c&rsquo;\u00e9tait \u00e0 un moment o\u00f9 je devais faire face \u00e0 deux absences d&rsquo;enseignants non remplac\u00e9es. J&rsquo;ai install\u00e9 les enfants dans le pr\u00e9au devant mon bureau et je leur ai donn\u00e9 un test d\u00e9partemental \u00e0 faire. Sans professeurs ils se sont entraid\u00e9s. Je les regardais et je voyais une ruche bruissante, avec des enfants appliqu\u00e9s. L&rsquo;ambiance \u00e9tait tr\u00e8s sympathique Freinet c&rsquo;est \u00e7a pour moi : que les enfants apprennent sans avoir besoin d&rsquo;un policier pour les contraindre. Qu&rsquo;ils soient conscients des enjeux. Ils ont fait la tache. C&rsquo;\u00e9tait une vraie victoire. Champagne !\u00a0\u00bb<br \/>\n<\/span><\/p>\n<p><a href=\"http:\/\/www.slate.fr\/story\/146418\/prof-directrice-realite-du-monde\"><span style=\"font-family: Arial;\"><span style=\"color: #0000ff;\">&lt;Slate a consacr\u00e9 un article au second ouvrage \u00ab\u00a0L&rsquo;\u00e9cole du Peuple\u00a0\u00bb&gt;<\/span><\/span><\/a><span style=\"color: #777777; font-family: Arial;\">. Le titre de cet article\u00a0: \u00ab\u00a0Une enseignante extraordinaire raconte ce que les enfants et les familles vivent aujourd&rsquo;hui\u00a0\u00bb<br \/>\n<\/span><\/p>\n<p><a href=\"https:\/\/www.mediapart.fr\/journal\/france\/190617\/veronique-decker-raconte-les-miseres-de-l-ecole-du-peuple\"><span style=\"font-family: Arial;\"><span style=\"color: #0000ff;\">&lt;M\u00e9diapart a aussi consacr\u00e9 un article \u00e0 cet ouvrage&gt;<\/span><\/span><\/a><span style=\"color: #777777; font-family: Arial;\"> (mais il faut \u00eatre abonn\u00e9)<br \/>\n<\/span><\/p>\n<p><span style=\"color: #777777; font-family: Arial;\">Et Le Monde lui a consacr\u00e9 dans sa s\u00e9rie \u00ab\u00a0Ceux qui font\u00a0\u00bb un article qu&rsquo;il a intitul\u00e9 \u00ab\u00a0<a href=\"http:\/\/www.lemonde.fr\/festival\/visuel\/2017\/09\/02\/ceuxquifont-veronique-decker-enseignante-de-combat_5179931_4415198.html\"><span style=\"color: #0000ff;\">V\u00e9ronique Decker, enseignante de combat\u00a0<\/span><\/a>\u00bb<br \/>\n<\/span><\/p>\n<p><span style=\"color: #777777; font-family: Arial;\">Cet article d\u00e9bute ainsi\u00a0:<br \/>\n<\/span><\/p>\n<p style=\"margin-left: 28pt;\"><span style=\"color: #c00000; font-family: Arial;\">\u00ab\u00a0Mais o\u00f9 puise-t-elle toute cette \u00e9nergie ? V\u00e9ronique Decker, 63 ans, peut virevolter sur une paire de rollers pour la r\u00e9p\u00e9tition de la f\u00eate de fin d&rsquo;ann\u00e9e en r\u00e9pondant au t\u00e9l\u00e9phone \u00e0 une m\u00e8re d&rsquo;\u00e9l\u00e8ve au sujet d&rsquo;une absence puis, sans transition, raccrocher et reprendre sa le\u00e7on de g\u00e9om\u00e9trie improvis\u00e9e afin d&rsquo;expliquer au gamin de CM2 (cours moyen sup\u00e9rieur) qui l&rsquo;\u00e9coute comment bien positionner ses pieds. Elle avance une r\u00e9ponse : \u00ab Directrice d&rsquo;\u00e9cole, c&rsquo;est \u00eatre multit\u00e2ches. \u00bb Et apr\u00e8s un court instant : \u00ab Et avoir la capacit\u00e9 en permanence de passer d&rsquo;une chose \u00e0 l&rsquo;autre. \u00bb Elle compl\u00e9tera plus tard : \u00ab C&rsquo;est aussi monter des proc\u00e9dures sans cesse, qui s&rsquo;effondrent sans arr\u00eat. \u00bb Avant d&rsquo;ajouter, avec un geste de la main : \u00ab C&rsquo;est super vari\u00e9 comme m\u00e9tier. Elle rit, d\u00e9signe un nuage, puis un autre. Chaque matin, tu ne sais jamais par quel c\u00f4t\u00e9 les ennuis vont arriver ! \u00bb Le ton est donn\u00e9. V\u00e9ronique Decker est ainsi, elle donne le tournis.\u00a0\u00bb<br \/>\n<\/span><\/p>\n<p><span style=\"color: #777777; font-family: Arial;\">Cette femme, au terme de sa carri\u00e8re qui voit et d\u00e9crit la mis\u00e8re sociale de ses \u00e9l\u00e8ves, les probl\u00e8mes de l&rsquo;\u00e9cole reste une femme pleine d&rsquo;\u00e9nergie et de courage pour affronter la r\u00e9alit\u00e9, faire bouger les choses.<br \/>\n<\/span><\/p>\n<p><span style=\"color: #777777; font-family: Arial;\">Et elle s&rsquo;\u00e9meut devant cette chanson de gratitude\u00a0: \u00ab\u00a0Gracias \u00e0 la vida\u00a0\u00bb<br \/>\n<\/span><\/p>\n<p><a href=\"https:\/\/www.youtube.com\/watch?v=PYEw3e5x5Es\"><span style=\"font-family: Arial;\"><span style=\"color: #0000ff;\">&lt;Derri\u00e8re ce lien vous entendrez Violetta Parra chanter Gracias \u00e0 la visa&gt;<\/span><\/span><\/a><span style=\"color: #777777; font-family: Arial;\"><br \/>\n<\/span><\/p>\n<p><span style=\"color: #777777; font-family: Arial;\">Il me semble que malgr\u00e9 Mercedes Sosa, malgr\u00e9 Joan Baez, c&rsquo;est l&rsquo;interpr\u00e9tation la plus bouleversante.<br \/>\n<\/span><\/p>\n<p><span style=\"color: #777777; font-family: Arial;\">Voici le texte int\u00e9gral de la chanson et sa traduction trouv\u00e9e sur le site suivant\u00a0;<br \/>\n<\/span><\/p>\n<p><a href=\"http:\/\/www.paroles-musique.com\/traduction-Violeta_Parra-Gracias_a_La_Vida-lyrics,t61948\"><span style=\"font-family: Arial;\"><span style=\"color: #0000ff;\">&lt;http:\/\/www.paroles-musique.com&gt;<\/span><\/span><\/a><span style=\"color: #777777; font-family: Arial;\"><br \/>\n<\/span><\/p>\n<div>\n<table width=\"725\">\n<tbody>\n<tr>\n<td width=\"379\">Gracias a la vida<br \/>\nQue me ha dado tanto<br \/>\nMe dio dos luceros<br \/>\nQue cuando los abro<br \/>\nPerfecto distingo<br \/>\nLo negro del blanco<br \/>\nY en el alto cielo su fondo estrellado<br \/>\nY en las multitudes<br \/>\nEl hombre que yo amo.<\/p>\n<p>Gracias a la vida<br \/>\nQue me ha dado tanto<br \/>\nMe ha dado el o\u00eddo<br \/>\nQue en todo su ancho<br \/>\nGraba noche y d\u00eda<br \/>\nGrillos y canarios<br \/>\nMartillos, turbinas, ladridos, chubascos<br \/>\nY la voz tan tierna de mi bien amado.<\/p>\n<p>Gracias a la vida<br \/>\nQue me ha dado tanto<br \/>\nMe ha dado el sonido<br \/>\nY el abecedario<br \/>\nCon \u00e9l las palabras<br \/>\nQue pienso y declaro<br \/>\n\u00ab\u00a0madre, amigo, hermano\u00a0\u00bb<br \/>\nY luz alumbrando la ruta del alma del que estoy amando<\/p>\n<p>Gracias a la vida<br \/>\nQue me ha dado tanto<br \/>\nMe ha dado la marcha<br \/>\nDe mis pies cansados<br \/>\nCon ellos anduve<br \/>\nCiudades y charcos<br \/>\nPlayas y desiertos, monta\u00f1as y llanos<\/p>\n<p>Y la casa tuya, tu calle y tu patio.<\/p>\n<p>Gracias a la vida<br \/>\nQue ma ha dado tanto<br \/>\nMe dio el coraz\u00f3n<br \/>\nQue agita su marco<br \/>\nCuando miro el fruto<br \/>\nDel cerebro humano<br \/>\nCuando miro el bueno tan lejos del malo<br \/>\nCuando miro el fondo de tus ojos claros.<\/p>\n<p>Gracias a la vida<br \/>\nQue me ha dado tanto<br \/>\nMe ha dado las risas<br \/>\nY me ha dado el llanto<br \/>\nAs\u00ed yo distingo<br \/>\nDicha de quebranto<br \/>\nLos dos materiales que forman mi canto<br \/>\nEl canto de todos que es el mismo canto<br \/>\nEl canto de todos que es mi propio canto<\/td>\n<td width=\"347\"><em>Merci \u00e0 la vie<\/em><br \/>\n<em> Qui m&rsquo;a tant donn\u00e9<\/em><br \/>\n<em> Elle m&rsquo;a donn\u00e9 deux \u00e9toiles<\/em><br \/>\n<em> Et quand je les ouvre<\/em><br \/>\n<em> Je distingue parfaitement<\/em><br \/>\n<em> Le noir du blanc<\/em><br \/>\n<em> Et en haut du ciel son fond \u00e9toil\u00e9<\/em><br \/>\n<em> Et parmi la multitude<\/em><br \/>\n<em><em> L&rsquo;homme que j&rsquo;aime<\/em><\/em><\/p>\n<p>Merci \u00e0 la vie<em><br \/>\nQui m&rsquo;a tant donn\u00e9<\/em><br \/>\n<em> Elle m&rsquo;a donn\u00e9 l&rsquo;ou\u00efe<\/em><br \/>\n<em> Qui dans toute son amplitude<\/em><br \/>\n<em> Enregistre nuit et jour<\/em><br \/>\n<em> grillons et canaris<\/em><br \/>\n<em> Marteaux, turbines, aboiements, averses<\/em><br \/>\n<em> Et la voix si tendre de mon bien-aim\u00e9<\/em><\/p>\n<p><em>Merci \u00e0 la vie<\/em><br \/>\n<em> Qui m&rsquo;a tant donn\u00e9<\/em><br \/>\n<em> Elle m&rsquo;a donn\u00e9 le son<\/em><br \/>\n<em> Et l&rsquo;alphabet<\/em><br \/>\n<em> Avec lui les mots<\/em><br \/>\n<em> Que je pense et d\u00e9clare<\/em><br \/>\n<em> \u00a0\u00bbm\u00e8re, ami, fr\u00e8re\u00a0\u00bb<\/em><br \/>\n<em> et lumi\u00e8re qui \u00e9claire le chemin de l&rsquo;\u00e2me de celui que j&rsquo;aime<\/em><\/p>\n<p><em>Merci \u00e0 la vie<\/em><br \/>\n<em> Qui m&rsquo;a tant donn\u00e9<\/em><br \/>\n<em> Elle m&rsquo;a donn\u00e9 la marche<\/em><br \/>\n<em> De mes pieds fatigu\u00e9s<\/em><br \/>\n<em> Avec eux j&rsquo;ai parcouru<\/em><br \/>\n<em> des villes et des flaques d&rsquo;eau<\/em><br \/>\n<em> des plages et des d\u00e9serts, des montagnes et des plaines<\/em><br \/>\n<em> Et ta maison, ta rue et ta cour<\/em><\/p>\n<p><em>Merci \u00e0 la vie<\/em><br \/>\n<em> Qui m&rsquo;a tant donn\u00e9<\/em><br \/>\n<em> Elle m\u2019a donn\u00e9 un c\u0153ur<\/em><br \/>\n<em> Qui vibre<\/em><br \/>\n<em> Quand je regarde le fruit<\/em><br \/>\n<em> Du cerveau humain<\/em><br \/>\n<em> Quand je regarde le bien si \u00e9loign\u00e9 du mal<\/em><br \/>\n<em> Quand je regarde le fond de tes yeux clairs<\/em><\/p>\n<p><em>Merci \u00e0 la vie<\/em><br \/>\n<em> Qui m&rsquo;a tant donn\u00e9<\/em><br \/>\n<em> Elle m&rsquo;a donn\u00e9 le rire<\/em><br \/>\n<em> Et elle m&rsquo;a donn\u00e9 les pleurs<\/em><br \/>\n<em> Ainsi je le distingue<\/em><br \/>\n<em> bonheur et d\u00e9chirement<\/em><br \/>\n<em> les deux mat\u00e9riaux qui composent mon chant<\/em><br \/>\n<em> et votre chant \u00e0 vous qui est le m\u00eame chant<\/em><br \/>\n<em> et le chant de tous qui est mon propre chant.<\/em><\/td>\n<\/tr>\n<\/tbody>\n<\/table>\n<p><span style=\"color: #777777; font-family: Arial;\"><span style=\"color: #800000;\">&lt;920&gt;<\/span><br \/>\n<\/span><\/p>\n<\/div>\n","protected":false},"excerpt":{"rendered":"<p>\u00ab\u00a0\u00ab Gracias a la vida\u00a0\u00a0\u00a0\u00a0\u00a0\u00a0\u00a0\u00a0\u00a0\u00a0 Merci \u00e0 la vie Que me ha dado tanto\u00a0\u00a0\u00a0 Qui m\u2019a tant donn\u00e9 Me ha dado el sonido\u00a0\u00a0\u00a0\u00a0\u00a0 Elle m\u2019a donn\u00e9 le son Y el abecedario\u00a0\u00a0\u00a0\u00a0\u00a0\u00a0\u00a0\u00a0\u00a0\u00a0\u00a0\u00a0\u00a0\u00a0\u00a0 Et l\u2019alphabet Con \u00e9l las palabras\u00a0\u00a0\u00a0\u00a0\u00a0\u00a0\u00a0\u00a0\u00a0\u00a0 Avec lui les<\/p>\n","protected":false},"author":1,"featured_media":0,"comment_status":"open","ping_status":"closed","sticky":false,"template":"","format":"standard","meta":{"footnotes":""},"categories":[1],"tags":[38,15,7],"class_list":["post-3008","post","type-post","status-publish","format-standard","hentry","category-motdujour","tag-education","tag-france","tag-societe"],"_links":{"self":[{"href":"https:\/\/lemotdujour.fr\/index.php?rest_route=\/wp\/v2\/posts\/3008","targetHints":{"allow":["GET"]}}],"collection":[{"href":"https:\/\/lemotdujour.fr\/index.php?rest_route=\/wp\/v2\/posts"}],"about":[{"href":"https:\/\/lemotdujour.fr\/index.php?rest_route=\/wp\/v2\/types\/post"}],"author":[{"embeddable":true,"href":"https:\/\/lemotdujour.fr\/index.php?rest_route=\/wp\/v2\/users\/1"}],"replies":[{"embeddable":true,"href":"https:\/\/lemotdujour.fr\/index.php?rest_route=%2Fwp%2Fv2%2Fcomments&post=3008"}],"version-history":[{"count":21,"href":"https:\/\/lemotdujour.fr\/index.php?rest_route=\/wp\/v2\/posts\/3008\/revisions"}],"predecessor-version":[{"id":12254,"href":"https:\/\/lemotdujour.fr\/index.php?rest_route=\/wp\/v2\/posts\/3008\/revisions\/12254"}],"wp:attachment":[{"href":"https:\/\/lemotdujour.fr\/index.php?rest_route=%2Fwp%2Fv2%2Fmedia&parent=3008"}],"wp:term":[{"taxonomy":"category","embeddable":true,"href":"https:\/\/lemotdujour.fr\/index.php?rest_route=%2Fwp%2Fv2%2Fcategories&post=3008"},{"taxonomy":"post_tag","embeddable":true,"href":"https:\/\/lemotdujour.fr\/index.php?rest_route=%2Fwp%2Fv2%2Ftags&post=3008"}],"curies":[{"name":"wp","href":"https:\/\/api.w.org\/{rel}","templated":true}]}}