{"id":2990,"date":"2017-09-08T03:52:11","date_gmt":"2017-09-08T01:52:11","guid":{"rendered":"http:\/\/lemotdujour.fr\/?p=2990"},"modified":"2021-09-29T11:24:55","modified_gmt":"2021-09-29T09:24:55","slug":"jeudi-7-septembre-2017","status":"publish","type":"post","link":"https:\/\/lemotdujour.fr\/?p=2990","title":{"rendered":"Vendredi 8 septembre 2017"},"content":{"rendered":"<div class=\"mdjTexte\">\t\u00ab&nbsp;M\u00e9moire et Histoire du droit \u00e0 l\u2019avortement&nbsp;\u00bb<\/div>\n<div class=\"mdjAuteur\">\tMise en pratique p\u00e9dagogique sur un th\u00e8me concret de l\u2019opposition entre la M\u00e9moire et l\u2019Histoire.<\/div>\n<p><span style=\"color: #777777; font-family: Arial;\">Je pense que la loi de novembre 1974 concernant l&rsquo;interruption volontaire de grossesse constitue un excellent exemple permettant de comprendre la diff\u00e9rence entre la M\u00e9moire des faits et l&rsquo;Histoire des faits.<br \/>\n<\/span><\/p>\n<p><span style=\"color: #777777; font-family: Arial;\">La m\u00e9moire est affective et subjective. L&rsquo;Histoire s&rsquo;efforce \u00e0 l&rsquo;objectivit\u00e9.<br \/>\n<\/span><\/p>\n<p><span style=\"color: #777777; font-family: Arial;\">La m\u00e9moire associe cette Loi \u00e0 Simone Veil. Beaucoup, <a href=\"https:\/\/www.agoravox.fr\/tribune-libre\/article\/simone-veil-pour-la-cause-des-194648\"><span style=\"color: #0000ff;\">par exemple ce site<\/span><\/a> exprime cela de la mani\u00e8re suivante&nbsp;:<br \/>\n<\/span><\/p>\n<p style=\"margin-left: 28pt;\"><span style=\"color: #c00000; font-family: Arial;\">\u00ab&nbsp;Nous sommes toutes les filles de Simone Veil&nbsp;: nous lui devons cette loi essentielle qui a transform\u00e9 la vie des femmes.&nbsp;\u00bb<br \/>\n<\/span><\/p>\n<p><span style=\"color: #777777; font-family: Arial;\">\u00ab&nbsp;Les femmes, la France doivent cette Loi \u00e0 Simone Veil&nbsp;\u00bb. C&rsquo;est la m\u00e9moire collective, ce n&rsquo;est pas l&rsquo;Histoire.<br \/>\n<\/span><\/p>\n<p><span style=\"color: #777777; font-family: Arial;\">Certes, elle a d\u00e9fendu la Loi devant l&rsquo;Assembl\u00e9e Nationale et avec quelle force, intelligence, humanit\u00e9.<br \/>\n<\/span><\/p>\n<p><span style=\"color: #777777; font-family: Arial;\">Mais sans Simone Veil, cette Loi serait probablement quand m\u00eame entr\u00e9e en vigueur en 1974.<br \/>\n<\/span><\/p>\n<p><span style=\"color: #777777; font-family: Arial;\">Simone Veil n&rsquo;\u00e9tait pas dans le combat pro-avortement avant 1974&nbsp;; comme par exemple l&rsquo;avocate Gis\u00e8le Halimi ou ces femmes qui se sont fait appeler les 343 salopes, dont faisait partie Catherine Deneuve ou Fran\u00e7oise Sagan et qui se sont accus\u00e9s publiquement dans une tribune, en 1971, dans le Nouvel Observateur., du d\u00e9lit d&rsquo;avortement.<br \/>\n<\/span><\/p>\n<p><span style=\"color: #777777; font-family: Arial;\">Elle est entr\u00e9e presque par hasard au Gouvernement au Minist\u00e8re de la Sant\u00e9 alors qu&rsquo;elle \u00e9tait juriste. Et m\u00eame au gouvernement, ce fut un concours de circonstances qui fit que finalement ce fut \u00e0 elle qu&rsquo;incomba la t\u00e2che de d\u00e9fendre la Loi.<br \/>\n<\/span><\/p>\n<p><span style=\"color: #777777; font-family: Arial;\">Que dit l&rsquo;Histoire&nbsp;?<br \/>\n<\/span><\/p>\n<p><span style=\"color: #777777; font-family: Arial;\">L&rsquo;Histoire dit que les femmes doivent cette Loi \u00e0 Val\u00e9ry Giscard d&rsquo;Estaing qui a pris l&rsquo;engagement de cette Loi pendant sa campagne pr\u00e9sidentielle et a mis en \u0153uvre son engagement d\u00e8s le d\u00e9but de son septennat.<br \/>\n<\/span><\/p>\n<p><span style=\"color: #777777; font-family: Arial;\">C&rsquo;est parce que le Pr\u00e9sident de la R\u00e9publique nouvellement \u00e9lu, l&rsquo;a voulu que le projet de Loi a \u00e9t\u00e9 d\u00e9pos\u00e9 et discut\u00e9 au Parlement.<br \/>\n<\/span><\/p>\n<p><span style=\"color: #777777; font-family: Arial;\">D&rsquo;ailleurs cette loi n&rsquo;est en rien une Loi \u00ab&nbsp;du droit \u00e0 l&rsquo;avortement&nbsp;\u00bb. C&rsquo;est une loi de \u00ab&nbsp;d\u00e9p\u00e9nalisation de l&rsquo;avortement&nbsp;\u00bb. Il s&rsquo;agissait de modifier le code p\u00e9nal et de supprimer un article qui qualifiait l&rsquo;interruption volontaire de grossesse de d\u00e9lit.<br \/>\n<\/span><\/p>\n<p><span style=\"color: #777777; font-family: Arial;\">Une Loi qui doit modifier le code p\u00e9nal est de la comp\u00e9tence du Ministre de la Justice. Ce fut le cas avant 1974, et c&rsquo;est toujours ainsi que cela se passe.<br \/>\n<\/span><\/p>\n<p><span style=\"color: #777777; font-family: Arial;\">Mais quand Val\u00e9ry Giscard d&rsquo;Estaing se tourna vers son Ministre de la Justice, ce dernier le pria de l&rsquo;\u00e9pargner et de ne pas lui confier cette t\u00e2che. Le Ministre de la Justice \u00e9tait d\u00e9mocrate-Chr\u00e9tien et se nommait Jean Lecanuet. Il argumenta en disant que sa Foi et sa morale lui interdisait de d\u00e9fendre cette Loi.<br \/>\n<\/span><\/p>\n<p><span style=\"color: #777777; font-family: Arial;\">Alors Val\u00e9ry Giscard d&rsquo;Estaing eu l&rsquo;id\u00e9e de confier ce projet \u00e0 la Ministre de la Sant\u00e9 qui justement \u00e9tait juriste et qui ne refusa pas.<br \/>\n<\/span><\/p>\n<p><span style=\"color: #777777; font-family: Arial;\">Val\u00e9ry Giscard d&rsquo;Estaing <\/span><span style=\"color: #777777; font-family: Arial;\"> aurait pu tenir le m\u00eame discours que Jean Lecanuet \u00e9tant donn\u00e9 sa foi et ses convictions. Il savait en outre que la majorit\u00e9 des fran\u00e7ais qui l&rsquo;avaient \u00e9lu, \u00e9taient en tr\u00e8s grand nombre contre \u00ab&nbsp;cette abomination&nbsp;\u00bb disaient-ils. Les d\u00e9fenseurs de cette \u00e9volution se trouvaient dans l&rsquo;autre camp, celui de la Gauche. D&rsquo;ailleurs dans la nuit du 28 au 29 novembre 1974, la loi fut vot\u00e9e par 284 d\u00e9put\u00e9s, un tiers des voix de droite et la totalit\u00e9 des voix de gauche, contre 189 voix de Droite.<br \/>\n<\/span><\/p>\n<p><span style=\"color: #777777; font-family: Arial;\">Mais il avait fait le constat que la situation \u00e9tait devenu intol\u00e9rable entre les familles ais\u00e9es et cultiv\u00e9es qui pouvait financer une op\u00e9ration m\u00e9dicale avec peu de risque \u00e0 l&rsquo;\u00e9tranger et toutes les femmes modestes qui tentaient d&rsquo;interrompre leur grossesse dans des conditions indignes, dangereuses et souvent atroces.<br \/>\n<\/span><\/p>\n<p><span style=\"color: #777777; font-family: Arial;\">Val\u00e9ry Giscard d&rsquo;Estaing a, dans ce domaine, agi en Homme d\u2019\u00c9tat allant contre ses convictions intimes, contre son int\u00e9r\u00eat politique puisqu&rsquo;il d\u00e9plut \u00e0 la majorit\u00e9 qui l&rsquo;avait fait pr\u00e9sident, pour imposer ce qui lui paraissait juste et n\u00e9cessaire pour l&rsquo;int\u00e9r\u00eat de ses concitoyens et particuli\u00e8rement ses concitoyennes.<br \/>\n<\/span><\/p>\n<p><span style=\"color: #777777; font-family: Arial;\">C&rsquo;est lui qui d\u00e9cida et qui imposa cette loi. Mais une fois ce flambeau confi\u00e9 \u00e0 Simone Veil, cette derni\u00e8re sut trouver l&rsquo;\u00e9nergie, les mots et la force de conviction pour obtenir le vote positif.<br \/>\n<\/span><\/p>\n<p><span style=\"color: #777777; font-family: Arial;\">Et quel combat&nbsp;!<br \/>\n<\/span><\/p>\n<p><span style=\"color: #777777; font-family: Arial;\">Vous trouverez dans les liens que je donne en fin d&rsquo;article, cette anecdote que des personnes que Simone Veil consid\u00e9rait comme des amis refus\u00e8rent de la voir et de l&rsquo;inviter \u00e0 cette p\u00e9riode.<br \/>\n<\/span><\/p>\n<p><span style=\"color: #777777; font-family: Arial;\">Elle dit aussi&nbsp;:<br \/>\n<\/span><\/p>\n<p style=\"margin-left: 28pt;\"><span style=\"color: #c00000; font-family: Arial;\">\u00ab&nbsp;Je savais que les attaques seraient vives, car le sujet heurtait des convictions philosophiques et religieuses sinc\u00e8res. Mais je n&rsquo;imaginais pas la haine que j&rsquo;allais susciter, la monstruosit\u00e9 des propos de certains parlementaires ni leur grossi\u00e8ret\u00e9 \u00e0 mon \u00e9gard. Une grossi\u00e8ret\u00e9 inimaginable. Un langage de soudards.&nbsp;\u00bb<br \/>\n<\/span><\/p>\n<p><span style=\"color: #777777; font-family: Arial;\">Mais voici ce que l&rsquo;Histoire dit&nbsp;: Cette Loi fut voulu et impos\u00e9 par Giscard d&rsquo;Estaing, Simone Veil l&rsquo;accompagna et mit en \u0153uvre la volont\u00e9 pr\u00e9sidentielle.<br \/>\n<\/span><\/p>\n<p><span style=\"color: #777777; font-family: Arial;\">Ce qui n&rsquo;enl\u00e8ve rien \u00e0 la grandeur de Simone Veil.<br \/>\n<\/span><\/p>\n<p><span style=\"color: #777777; font-family: Arial;\">Voici les liens promis&nbsp;:<br \/>\n<\/span><\/p>\n<p><a href=\"http:\/\/www.francetvinfo.fr\/politique\/simone-veil\/recit-ces-exces-m-ont-servie-novembre-1974-l-intense-bataille-de-simone-veil-pour-la-depenalisation-de-l-avortement_2268733.html\"><span style=\"font-family: Arial;\"><span style=\"color: #0000ff;\">http:\/\/www.francetvinfo.fr\/politique\/simone-veil\/recit-ces-exces-m-ont-servie-novembre-1974-l-intense-bataille-de-simone-veil-pour-la-depenalisation-de-l-avortement_2268733.html<\/span><\/span><\/a><span style=\"font-family: Arial; color: #0000ff;\"><br \/>\n<\/span><\/p>\n<p><span style=\"color: #0000ff;\"><a href=\"http:\/\/madame.lefigaro.fr\/societe\/discours-le-jour-ou-simone-veil-defendit-ivg-devant-assemblee-dhommes-300617-133051\"><span style=\"font-family: Arial;\"><span style=\"color: #0000ff;\">http:\/\/madame.lefigaro.fr\/societe\/discours-le-jour-ou-simone-veil-defendit-ivg-devant-assemblee-dhommes-300617-133051<\/span><\/span><\/a><span style=\"font-family: Arial;\"><br \/>\n<\/span><\/span><\/p>\n<p><span style=\"color: #0000ff;\"><a href=\"http:\/\/www.valeursactuelles.com\/societe\/les-grandes-heures-de-lassemblee-4-1974-la-depenalisation-de-lavortement-27428\"><span style=\"font-family: Arial;\"><span style=\"color: #0000ff;\">http:\/\/www.valeursactuelles.com\/societe\/les-grandes-heures-de-lassemblee-4-1974-la-depenalisation-de-lavortement-27428<\/span><\/span><\/a><span style=\"font-family: Arial;\"><br \/>\n<\/span><\/span><\/p>\n<p><span style=\"color: #0000ff;\"><a href=\"http:\/\/www.politique.net\/annees-giscard\/reformes.htm\"><span style=\"font-family: Arial;\"><span style=\"color: #0000ff;\">http:\/\/www.politique.net\/annees-giscard\/reformes.htm<\/span><\/span><\/a><\/span><span style=\"font-family: Arial;\"><br \/>\n<\/span><\/p>\n<p><span style=\"color: #800000;\">&lt;924&gt;<\/span><\/p>\n","protected":false},"excerpt":{"rendered":"<p>\u00ab&nbsp;M\u00e9moire et Histoire du droit \u00e0 l\u2019avortement&nbsp;\u00bb Mise en pratique p\u00e9dagogique sur un th\u00e8me concret de l\u2019opposition entre la M\u00e9moire et l\u2019Histoire. Je pense que la loi de novembre 1974 concernant l&rsquo;interruption volontaire de grossesse constitue un excellent exemple permettant<\/p>\n","protected":false},"author":1,"featured_media":0,"comment_status":"open","ping_status":"closed","sticky":false,"template":"","format":"standard","meta":{"footnotes":""},"categories":[1],"tags":[16,36,17],"class_list":["post-2990","post","type-post","status-publish","format-standard","hentry","category-motdujour","tag-droit","tag-feminisme","tag-histoire"],"_links":{"self":[{"href":"https:\/\/lemotdujour.fr\/index.php?rest_route=\/wp\/v2\/posts\/2990","targetHints":{"allow":["GET"]}}],"collection":[{"href":"https:\/\/lemotdujour.fr\/index.php?rest_route=\/wp\/v2\/posts"}],"about":[{"href":"https:\/\/lemotdujour.fr\/index.php?rest_route=\/wp\/v2\/types\/post"}],"author":[{"embeddable":true,"href":"https:\/\/lemotdujour.fr\/index.php?rest_route=\/wp\/v2\/users\/1"}],"replies":[{"embeddable":true,"href":"https:\/\/lemotdujour.fr\/index.php?rest_route=%2Fwp%2Fv2%2Fcomments&post=2990"}],"version-history":[{"count":9,"href":"https:\/\/lemotdujour.fr\/index.php?rest_route=\/wp\/v2\/posts\/2990\/revisions"}],"predecessor-version":[{"id":12258,"href":"https:\/\/lemotdujour.fr\/index.php?rest_route=\/wp\/v2\/posts\/2990\/revisions\/12258"}],"wp:attachment":[{"href":"https:\/\/lemotdujour.fr\/index.php?rest_route=%2Fwp%2Fv2%2Fmedia&parent=2990"}],"wp:term":[{"taxonomy":"category","embeddable":true,"href":"https:\/\/lemotdujour.fr\/index.php?rest_route=%2Fwp%2Fv2%2Fcategories&post=2990"},{"taxonomy":"post_tag","embeddable":true,"href":"https:\/\/lemotdujour.fr\/index.php?rest_route=%2Fwp%2Fv2%2Ftags&post=2990"}],"curies":[{"name":"wp","href":"https:\/\/api.w.org\/{rel}","templated":true}]}}