{"id":2983,"date":"2017-09-06T04:00:19","date_gmt":"2017-09-06T02:00:19","guid":{"rendered":"http:\/\/lemotdujour.fr\/?p=2983"},"modified":"2021-09-29T11:18:53","modified_gmt":"2021-09-29T09:18:53","slug":"mardi-5-septembre-2017","status":"publish","type":"post","link":"https:\/\/lemotdujour.fr\/?p=2983","title":{"rendered":"Mercredi 6 septembre 2017"},"content":{"rendered":"<div class=\"mdjTexte\">\t\u00ab&nbsp;Si nous n\u2019avons pas parl\u00e9 c\u2019est parce que l\u2019on n\u2019a pas voulu nous entendre, pas voulu nous \u00e9couter.&nbsp;\u00bb<\/div>\n<div class=\"mdjAuteur\">\tSimone Veil<\/div>\n<p><span style=\"color: #777777; font-family: Arial;\">Simone Veil a \u00e9t\u00e9 transport\u00e9e avec sa m\u00e8re et sa s\u0153ur dans un wagon \u00e0 bestiaux vers Auschwitz. Le 71<sup>\u00e8me<\/sup> convoi dont elle \u00e9tait une des victimes comptait 1500 d\u00e9port\u00e9s, elle fit partie des 130 personnes qui revinrent.<br \/>\n<\/span><\/p>\n<p><span style=\"color: #777777; font-family: Arial;\">Des atrocit\u00e9s se sont pass\u00e9es dans ces camps. Mais ce qui est inimaginable, c&rsquo;est qu&rsquo;au retour personne ou si peu ont voulu entendre ou \u00e9couter ce que ces rescap\u00e9s de l&rsquo;horreur avaient \u00e0 raconter.<br \/>\n<\/span><\/p>\n<p><span style=\"color: #777777; font-family: Arial;\">Simone Veil s&rsquo;est plusieurs fois exprim\u00e9 sur ce sujet.<br \/>\n<\/span><\/p>\n<p><a href=\"https:\/\/www.franceculture.fr\/histoire\/simone-veil-sur-la-shoah-nous-navons-pas-parle-parce-quon-na-pas-voulu-nous-ecouter\"><span style=\"font-family: Arial;\"><span style=\"color: #0000ff;\">&lt;France Culture&gt;<\/span><\/span><\/a><span style=\"color: #777777; font-family: Arial;\"> a publi\u00e9 une page avec des extraits radiophoniques de Simone Veil parlant de ce refoulement.<br \/>\n<\/span><\/p>\n<p><span style=\"color: #777777; font-family: Arial;\">Il y a notamment ces propos de Simone Veil&nbsp;:<br \/>\n<\/span><\/p>\n<p style=\"margin-left: 28pt;\"><span style=\"color: #c00000; font-family: Arial;\">\u00ab&nbsp;Aujourd&rsquo;hui, on refait beaucoup l&rsquo;Histoire. On essaye de comprendre pourquoi on n&rsquo;a pas plus parl\u00e9. Je crois que \u00e7a vaut la peine d&rsquo;essayer de comprendre pourquoi mais qu&rsquo;il ne faut pas refaire l&rsquo;histoire autrement qu&rsquo;elle n&rsquo;a \u00e9t\u00e9 en disant que c&rsquo;est parce que les d\u00e9port\u00e9s n&rsquo;ont pas voulu en parler, parce que les d\u00e9port\u00e9s ont cherch\u00e9 l&rsquo;oubli eux-m\u00eames. Ce n&rsquo;est pas vrai du tout. Il suffit de voir le nombre de rencontres qu&rsquo;ils ont entre eux. <strong>Si nous n&rsquo;avons pas parl\u00e9 c&rsquo;est parce que l&rsquo;on n&rsquo;a pas voulu nous entendre, pas voulu nous \u00e9couter. Parce que ce qui est insupportable, c&rsquo;est de parler et de ne pas \u00eatre entendu. C&rsquo;est insupportable. Et c&rsquo;est arriv\u00e9 tellement souvent, \u00e0 nous tous.<\/strong> Que, quand nous commen\u00e7ons \u00e0 \u00e9voquer, que nous disons quelque chose, il y a imm\u00e9diatement l&rsquo;interruption. La phrase qui vient couper, qui vient parler d&rsquo;autre chose. Parce que nous g\u00eanons. Profond\u00e9ment, nous g\u00eanons. &nbsp;\u00bb.<br \/>\n<\/span><\/p>\n<p><span style=\"color: #777777; font-family: Arial;\">Ce fait historique&nbsp;: on ne voulait pas entendre les rescap\u00e9s des camps&nbsp;: juifs, tziganes et homosexuels, je l&rsquo;ai vraiment compris lors de mes \u00e9tudes d&rsquo;Histoire en 2004 \u00e0 l&rsquo;universit\u00e9 de Lyon 2 lorsque la professeure d&rsquo;Histoire, Sylvie Schweitzer, nous a parl\u00e9 du conflit des M\u00e9moires et du refoulement de certaines d&rsquo;entre elles apr\u00e8s la 2<sup>\u00e8me<\/sup> guerre mondiale.<br \/>\n<\/span><\/p>\n<p><span style=\"color: #777777; font-family: Arial;\">En pr\u00e9ambule, il faut faire une distinction radicale entre deux termes&nbsp;: L&rsquo;Histoire et la m\u00e9moire.<br \/>\n<\/span><\/p>\n<p><span style=\"color: #777777; font-family: Arial;\"><strong>L&rsquo;Histoire<\/strong> est une discipline rigoureuse qui a l&rsquo;ambition d&rsquo;analyser scientifiquement le pass\u00e9. <strong>La m\u00e9moire<\/strong> n&rsquo;est ni rigoureuse, ni scientifique mais affective et donc subjective.<br \/>\n<\/span><\/p>\n<p><span style=\"color: #777777; font-family: Arial;\">Quand on examine de mani\u00e8re rationnelle les m\u00e9moires apr\u00e8s la seconde guerre mondiale, on constate un entrecroisement des m\u00e9moires, des conflits de m\u00e9moires et des m\u00e9moires refoul\u00e9es comme celles des d\u00e9port\u00e9s.<br \/>\n<\/span><\/p>\n<p><span style=\"color: #777777; font-family: Arial;\">Voici une esquisse de typologie de ces m\u00e9moires&nbsp;:<br \/>\n<\/span><\/p>\n<p><span style=\"color: #777777; font-family: Arial;\"><strong>1<\/strong>\u00b0<strong>La m\u00e9moire triomphante des r\u00e9sistants<\/strong>. Des h\u00e9ros positifs, fascinants d&rsquo;abord rebelles puis vainqueurs.<br \/>\n<\/span><\/p>\n<p><span style=\"color: #777777; font-family: Arial;\">Nous savons d\u00e9sormais que la situation \u00e9tait tr\u00e8s complexe, pendant longtemps il y eut peu de r\u00e9sistants, puis pr\u00e8s de la victoire un grand nombre de r\u00e9sistants.<br \/>\n<\/span><\/p>\n<p><span style=\"color: #777777; font-family: Arial;\"><strong>2<\/strong>\u00b0 Parmi ces r\u00e9sistants, il y eut les r\u00e9sistants gaullistes et les r\u00e9sistants communistes. Le Parti communiste parvint \u00e0 faire croire au <strong>mythe du parti des 75&nbsp;000 fusill\u00e9s<\/strong>. Il occulta totalement l&rsquo;histoire du d\u00e9but de la guerre, de la soumission au pacte germano sovi\u00e9tique, ainsi que les sombres r\u00e8glements de compte qu&rsquo;il y eut entre diverses tendances du parti \u00e0 la fin de la guerre, assassinats qui furent maquill\u00e9s en ex\u00e9cution pour trahison. Ce n&rsquo;est pas qu&rsquo;il n&rsquo;y eut pas de traitres, ni qu&rsquo;il y eut beaucoup de communistes r\u00e9sistants \u00e0 partir de l&rsquo;invasion des nazis en Russie et qu&rsquo;il n&rsquo;y eut pas de communistes fusill\u00e9s. Mais cette m\u00e9moire a longtemps \u00e9t\u00e9 s\u00e9lective et exag\u00e9r\u00e9e.<br \/>\n<\/span><\/p>\n<p><span style=\"color: #777777; font-family: Arial;\"><strong>3<\/strong>\u00b0 <strong>La m\u00e9moire repli\u00e9e des prisonniers de guerre<\/strong> (1,4 millions de personnes) 100&nbsp;000 morts dans les premi\u00e8res semaines. Ils ont perdu la guerre, ce sont des anti-h\u00e9ros.<br \/>\n<\/span><\/p>\n<p><span style=\"color: #777777; font-family: Arial;\"><strong>4\u00b0 La m\u00e9moire d\u00e9fensive des STO (service de travail obligatoire).<\/strong> Ils ont tent\u00e9 apr\u00e8s la guerre de faire reconna\u00eetre un statut de d\u00e9port\u00e9 du travail, mais ce statut a \u00e9t\u00e9 refus\u00e9 en raison d&rsquo;une hi\u00e9rarchie de la souffrance et de leur refus d&rsquo;aller dans le maquis.<br \/>\n<\/span><\/p>\n<p><span style=\"color: #777777; font-family: Arial;\"><strong>5<\/strong>\u00b0 Il y eut aussi <strong>la m\u00e9moire controvers\u00e9e des \u00ab&nbsp;malgr\u00e9-nous&nbsp;\u00bb<\/strong> que les allemands ont oblig\u00e9 \u00e0 combattre \u00e0 leurs c\u00f4t\u00e9s, notamment en Russie o\u00f9 il y eut de nombreux morts. Beaucoup d&rsquo;entre eux se sentaient victimes, mais la majorit\u00e9 triomphante les classait dans la cat\u00e9gorie des traitres et des collaborateurs. Cette confusion entre le r\u00f4le de victime et de bourreau s&rsquo;est particuli\u00e8rement r\u00e9v\u00e9l\u00e9 lors du proc\u00e8s de Bordeaux o\u00f9 ont \u00e9t\u00e9 jug\u00e9s des soldats ayant particip\u00e9 au massacre d&rsquo;Oradour sur Glane auquel particip\u00e8rent des alsaciens. Cet \u00e9pisode vit s&rsquo;affronter une m\u00e9moire Limousine et une m\u00e9moire alsacienne comme le montre ce documentaire&nbsp;: <span style=\"color: #0000ff;\"><a href=\"https:\/\/youtu.be\/qHfzOdmPPvE\">Le proc\u00e8s d&rsquo;Oradour <\/a><\/span><br \/>\n<\/span><\/p>\n<p><span style=\"color: #777777; font-family: Arial;\"><strong>6<\/strong>\u00b0 Il y eut <strong>la m\u00e9moire cach\u00e9e des vichystes<\/strong> et des collaborateurs, dont beaucoup subirent d&rsquo;abord une \u00e9puration sauvage et violente puis une \u00e9puration juridique plus ma\u00eetris\u00e9e. Ils ne disparurent pas mais rest\u00e8rent cach\u00e9s et silencieux quelques ann\u00e9es.<br \/>\n<\/span><\/p>\n<p><span style=\"color: #777777; font-family: Arial;\"><strong>7<\/strong>\u00b0 Et enfin il y eut <strong>la m\u00e9moire bless\u00e9e des d\u00e9port\u00e9s<\/strong> dont parle Simone Veil. Les signes de sollicitude furent peu nombreux. Et pendant de trop longues ann\u00e9es l&rsquo;oubli tomba comme un caveau sur cette m\u00e9moire douloureuse et terrible de peuples que les nazis ont voulu an\u00e9antir apr\u00e8s leur avoir d\u00e9ni\u00e9 leur humanit\u00e9.<br \/>\n<\/span><\/p>\n<p>&nbsp;<\/p>\n<p><span style=\"color: #777777; font-family: Arial;\">Ces m\u00e9moires entreront en comp\u00e9tition et au cours des ann\u00e9es \u00e9volueront.<br \/>\n<\/span><\/p>\n<p><span style=\"color: #777777; font-family: Arial;\">Mais ce mot du jour est d\u00e9j\u00e0 tr\u00e8s long, je raconterai la suite demain.<br \/>\n<\/span><\/p>\n<p><span style=\"color: #c00000; font-family: Arial;\">&lt;923&gt;<\/span><\/p>\n","protected":false},"excerpt":{"rendered":"<p>\u00ab&nbsp;Si nous n\u2019avons pas parl\u00e9 c\u2019est parce que l\u2019on n\u2019a pas voulu nous entendre, pas voulu nous \u00e9couter.&nbsp;\u00bb Simone Veil Simone Veil a \u00e9t\u00e9 transport\u00e9e avec sa m\u00e8re et sa s\u0153ur dans un wagon \u00e0 bestiaux vers Auschwitz. Le 71\u00e8me<\/p>\n","protected":false},"author":1,"featured_media":0,"comment_status":"open","ping_status":"closed","sticky":false,"template":"","format":"standard","meta":{"footnotes":""},"categories":[1],"tags":[15,17],"class_list":["post-2983","post","type-post","status-publish","format-standard","hentry","category-motdujour","tag-france","tag-histoire"],"_links":{"self":[{"href":"https:\/\/lemotdujour.fr\/index.php?rest_route=\/wp\/v2\/posts\/2983","targetHints":{"allow":["GET"]}}],"collection":[{"href":"https:\/\/lemotdujour.fr\/index.php?rest_route=\/wp\/v2\/posts"}],"about":[{"href":"https:\/\/lemotdujour.fr\/index.php?rest_route=\/wp\/v2\/types\/post"}],"author":[{"embeddable":true,"href":"https:\/\/lemotdujour.fr\/index.php?rest_route=\/wp\/v2\/users\/1"}],"replies":[{"embeddable":true,"href":"https:\/\/lemotdujour.fr\/index.php?rest_route=%2Fwp%2Fv2%2Fcomments&post=2983"}],"version-history":[{"count":11,"href":"https:\/\/lemotdujour.fr\/index.php?rest_route=\/wp\/v2\/posts\/2983\/revisions"}],"predecessor-version":[{"id":12252,"href":"https:\/\/lemotdujour.fr\/index.php?rest_route=\/wp\/v2\/posts\/2983\/revisions\/12252"}],"wp:attachment":[{"href":"https:\/\/lemotdujour.fr\/index.php?rest_route=%2Fwp%2Fv2%2Fmedia&parent=2983"}],"wp:term":[{"taxonomy":"category","embeddable":true,"href":"https:\/\/lemotdujour.fr\/index.php?rest_route=%2Fwp%2Fv2%2Fcategories&post=2983"},{"taxonomy":"post_tag","embeddable":true,"href":"https:\/\/lemotdujour.fr\/index.php?rest_route=%2Fwp%2Fv2%2Ftags&post=2983"}],"curies":[{"name":"wp","href":"https:\/\/api.w.org\/{rel}","templated":true}]}}