{"id":2978,"date":"2017-09-05T04:00:19","date_gmt":"2017-09-05T02:00:19","guid":{"rendered":"http:\/\/lemotdujour.fr\/?p=2978"},"modified":"2021-09-29T21:33:35","modified_gmt":"2021-09-29T19:33:35","slug":"lundi-4-septembre-2017","status":"publish","type":"post","link":"https:\/\/lemotdujour.fr\/?p=2978","title":{"rendered":"Mardi 5 septembre 2017"},"content":{"rendered":"<div class=\"mdjTexte\">\t\u00ab&nbsp;On ne construit rien sur la haine, c\u2019\u00e9tait \u00e7a la le\u00e7on de Simone Veil&nbsp;\u00bb<\/div>\n<div class=\"mdjAuteur\">\tRobert Badinter<\/div>\n<p><span style=\"color: #777777; font-family: Arial;\">Le 30 Juin 2017, Simone Veil a quitt\u00e9 la communaut\u00e9 des vivants.<br \/>\n<\/span><\/p>\n<p><span style=\"color: #777777; font-family: Arial;\">Elle fut une sorte de conscience, de r\u00e9f\u00e9rence de la vie politique fran\u00e7aise tout au long de sa vie.<br \/>\n<\/span><\/p>\n<p><span style=\"color: #777777; font-family: Arial;\">Je me souviens comme les gens de mon \u00e2ge, quand le 26 novembre 1974, Simone Veil \u00e9tait mont\u00e9e \u00e0 la tribune de l&rsquo;Assembl\u00e9e nationale pour d\u00e9fendre le projet de d\u00e9p\u00e9nalisation de l&rsquo;avortement.<br \/>\n<\/span><\/p>\n<p><span style=\"color: #777777; font-family: Arial;\">Je me souviens de sa dignit\u00e9, de sa force de conviction et de cette phrase&nbsp;:<br \/>\n<\/span><\/p>\n<p style=\"margin-left: 28pt;\"><span style=\"color: #c00000; font-family: Arial;\">\u00ab Je voudrais tout d&rsquo;abord vous faire partager une conviction de femme. Je m&rsquo;excuse de le faire devant cette assembl\u00e9e presque exclusivement compos\u00e9e d&rsquo;hommes. Aucune femme ne recourt de gaiet\u00e9 de c\u0153ur \u00e0 l&rsquo;avortement. C&rsquo;est toujours un drame, cela restera toujours un drame&nbsp;\u00bb.<br \/>\n<\/span><\/p>\n<p><a href=\"http:\/\/tempsreel.nouvelobs.com\/politique\/20170630.OBS1430\/verbatim-l-integralite-du-discours-de-simone-veil-du-26-novembre-1974-sur-l-ivg.html\"><span style=\"font-family: Arial;\"><span style=\"color: #0000ff;\">&lt;Vous trouverez ici ce discours&gt;<\/span><\/span><\/a><span style=\"color: #777777; font-family: Arial;\"><br \/>\n<\/span><\/p>\n<p><span style=\"color: #777777; font-family: Arial;\">Chaque fois qu&rsquo;elle s&rsquo;exprimait on ressentait sa dignit\u00e9, ses convictions et ses grandes qualit\u00e9s humaines.<br \/>\n<\/span><\/p>\n<p><span style=\"color: #777777; font-family: Arial;\">Robert Badinter avait \u00e9t\u00e9 invit\u00e9 le 5 juillet par <a href=\"https:\/\/www.franceinter.fr\/emissions\/l-invite-de-8h20\/l-invite-de-8h20-05-juillet-2017\">France Inter<\/a> pour lui rendre hommage.<br \/>\n<\/span><\/p>\n<p><span style=\"color: #777777; font-family: Arial;\">Et en peu de mots il a dit l&rsquo;essentiel.<br \/>\n<\/span><\/p>\n<p><span style=\"color: #777777; font-family: Arial;\">La guerre \u00e9tait \u00e0 peine finie et elle a accept\u00e9 de suivre son mari Jean pour aller vivre en Allemagne quelques ann\u00e9es. Par la suite, elle a invariablement agi pour la r\u00e9conciliation entre l&rsquo;Allemagne et la France et pour la construction europ\u00e9enne.<br \/>\n<\/span><\/p>\n<p><span style=\"color: #777777; font-family: Arial;\">Robert Badinter a dit :<br \/>\n<\/span><\/p>\n<p style=\"margin-left: 28pt;\"><span style=\"color: #c00000; font-family: Arial;\">\u00ab&nbsp;Elle avait compris encore adolescente qu&rsquo;il n&rsquo;y avait pas de place pour la paix, s&rsquo;il n&rsquo;y avait pas d&rsquo;abord l&rsquo;apaisement int\u00e9rieur. On ne construit rien sur la haine, c&rsquo;\u00e9tait \u00e7a la le\u00e7on de Simone Veil.[\u2026]<br \/>\n<\/span><\/p>\n<p style=\"margin-left: 28pt;\"><span style=\"color: #c00000; font-family: Arial;\">Elle a \u0153uvr\u00e9 pour la r\u00e9conciliation franco-allemande. La construction pour l&rsquo;Europe, et la r\u00e9conciliation avec l&rsquo;Allemagne a \u00e9t\u00e9 sa grande cause, et \u00ab\u00a0cela transcende tout le reste\u00a0\u00bb.[\u2026]<br \/>\n<\/span><\/p>\n<p style=\"margin-left: 28pt;\"><span style=\"color: #c00000; font-family: Arial;\">Elle \u00e9tait pro europ\u00e9enne, une europ\u00e9enne, c&rsquo;est-\u00e0-dire les enfants des assassins ne doivent pas porter le crime de leurs parents ; cette d\u00e9marche n&rsquo;est pas si facile que de l&rsquo;\u00e9noncer. Ce travail sur soi c&rsquo;est la vraie grandeur de Simone Veil.&nbsp;\u00bb<br \/>\n<\/span><\/p>\n<p><span style=\"color: #777777; font-family: Arial;\">En 2010 elle entra \u00e0 l&rsquo;Acad\u00e9mie fran\u00e7aise, elle fit graver son num\u00e9ro de d\u00e9port\u00e9e sur son \u00e9p\u00e9e. Elle occupera le treizi\u00e8me fauteuil qui fut celui de Racine.<br \/>\n<\/span><\/p>\n<p><span style=\"color: #777777; font-family: Arial;\">Jean d&rsquo;Ormesson l&rsquo;accueillit par <a href=\"http:\/\/www.academie-francaise.fr\/reponse-au-discours-de-reception-de-mme-simone-veil\"><span style=\"color: #0000ff;\">un tr\u00e8s beau discours<\/span><\/a> qu&rsquo;il finit par cette phrase&nbsp;:<br \/>\n<\/span><\/p>\n<p style=\"margin-left: 28pt;\"><span style=\"color: #c00000; font-family: Arial;\">\u00ab&nbsp;Je baisse la voix, on pourrait nous entendre : <strong>comme l&rsquo;immense majorit\u00e9 des Fran\u00e7ais, nous vous aimons, Madame.<\/strong> Soyez la bienvenue au fauteuil de Racine, qui parlait si bien de l&rsquo;amour. \u00bb<\/span><\/p>\n<p><img loading=\"lazy\" decoding=\"async\" class=\"size-medium wp-image-3178 alignleft\" src=\"https:\/\/lemotdujour.fr\/wp-content\/uploads\/2017\/09\/06-simone-veil-257x300.jpg\" alt=\"\" width=\"257\" height=\"300\" srcset=\"https:\/\/lemotdujour.fr\/wp-content\/uploads\/2017\/09\/06-simone-veil-257x300.jpg 257w, https:\/\/lemotdujour.fr\/wp-content\/uploads\/2017\/09\/06-simone-veil.jpg 300w\" sizes=\"auto, (max-width: 257px) 100vw, 257px\" \/><\/p>\n<p><span style=\"color: #777777; font-family: Arial;\">A l&rsquo;ext\u00e9rieur <a href=\"http:\/\/www.lepoint.fr\/dossiers\/politique\/simone-veil-une-vie-de-combats\/jean-d-ormesson-nous-vous-aimons-madame-05-07-2017-2140636_3433.php\"><span style=\"color: #0000ff;\">une centaine de militants anti-IVG manifestaient<\/span><\/a> pour protester contre cette \u00e9lection, contre la femme qui symbolisait le droit \u00e0 l&rsquo;avortement. A sa mort, plusieurs d&rsquo;entre eux exprimaient encore leur haine \u00e0 son \u00e9gard.<br \/>\n<\/span><\/p>\n<p><span style=\"color: #777777; font-family: Arial;\">Pour ma modeste part, je fais partie de l&rsquo;immense majorit\u00e9 des fran\u00e7ais<\/span><\/p>\n<p><span style=\"color: #800000;\">&lt;921&gt;<\/span><\/p>\n","protected":false},"excerpt":{"rendered":"<p>\u00ab&nbsp;On ne construit rien sur la haine, c\u2019\u00e9tait \u00e7a la le\u00e7on de Simone Veil&nbsp;\u00bb Robert Badinter Le 30 Juin 2017, Simone Veil a quitt\u00e9 la communaut\u00e9 des vivants. Elle fut une sorte de conscience, de r\u00e9f\u00e9rence de la vie politique<\/p>\n","protected":false},"author":1,"featured_media":0,"comment_status":"open","ping_status":"closed","sticky":false,"template":"","format":"standard","meta":{"footnotes":""},"categories":[1],"tags":[17,29,3],"class_list":["post-2978","post","type-post","status-publish","format-standard","hentry","category-motdujour","tag-histoire","tag-hommage","tag-politique"],"_links":{"self":[{"href":"https:\/\/lemotdujour.fr\/index.php?rest_route=\/wp\/v2\/posts\/2978","targetHints":{"allow":["GET"]}}],"collection":[{"href":"https:\/\/lemotdujour.fr\/index.php?rest_route=\/wp\/v2\/posts"}],"about":[{"href":"https:\/\/lemotdujour.fr\/index.php?rest_route=\/wp\/v2\/types\/post"}],"author":[{"embeddable":true,"href":"https:\/\/lemotdujour.fr\/index.php?rest_route=\/wp\/v2\/users\/1"}],"replies":[{"embeddable":true,"href":"https:\/\/lemotdujour.fr\/index.php?rest_route=%2Fwp%2Fv2%2Fcomments&post=2978"}],"version-history":[{"count":10,"href":"https:\/\/lemotdujour.fr\/index.php?rest_route=\/wp\/v2\/posts\/2978\/revisions"}],"predecessor-version":[{"id":12298,"href":"https:\/\/lemotdujour.fr\/index.php?rest_route=\/wp\/v2\/posts\/2978\/revisions\/12298"}],"wp:attachment":[{"href":"https:\/\/lemotdujour.fr\/index.php?rest_route=%2Fwp%2Fv2%2Fmedia&parent=2978"}],"wp:term":[{"taxonomy":"category","embeddable":true,"href":"https:\/\/lemotdujour.fr\/index.php?rest_route=%2Fwp%2Fv2%2Fcategories&post=2978"},{"taxonomy":"post_tag","embeddable":true,"href":"https:\/\/lemotdujour.fr\/index.php?rest_route=%2Fwp%2Fv2%2Ftags&post=2978"}],"curies":[{"name":"wp","href":"https:\/\/api.w.org\/{rel}","templated":true}]}}