{"id":2933,"date":"2017-08-30T04:03:23","date_gmt":"2017-08-30T02:03:23","guid":{"rendered":"http:\/\/lemotdujour.fr\/?p=2933"},"modified":"2021-09-29T10:49:49","modified_gmt":"2021-09-29T08:49:49","slug":"mercredi-31-aout-2017","status":"publish","type":"post","link":"https:\/\/lemotdujour.fr\/?p=2933","title":{"rendered":"Mercredi 30 ao\u00fbt 2017"},"content":{"rendered":"<div class=\"mdjTexte\">\t\u00ab&nbsp;Le tourisme de masse&nbsp;\u00bb<\/div>\n<div class=\"mdjAuteur\">\tCons\u00e9quence de la d\u00e9mocratisation des cong\u00e9s et de l\u2019augmentation du niveau de vie dans le monde.<\/div>\n<p><span style=\"color: #777777; font-family: Arial;\">Un des moyens les plus commodes pour occuper son temps libre et notamment les vacances est de faire du tourisme.<br \/>\n<\/span><\/p>\n<p><span style=\"color: #777777; font-family: Arial;\">Le tourisme est d\u00e9sormais une industrie extr\u00eamement importante au niveau mondial et pour certains pays la premi\u00e8re.<br \/>\n<\/span><\/p>\n<p><a href=\"http:\/\/www.leparisien.fr\/flash-actualite-economie\/le-tourisme-mondial-en-hausse-de-pres-de-4-en-2016-tire-par-l-asie-omt-17-01-2017-6579831.php\"><span style=\"font-family: Arial;\"><span style=\"color: #0000ff;\">&lt;Cet article du Parisien&gt;<\/span><\/span><\/a><span style=\"color: #777777; font-family: Arial;\"> nous apprend qu&rsquo;en 2016, le nombre de touristes a progress\u00e9 de 4% au niveau mondial, atteignant 1,2 milliard de visiteurs, gr\u00e2ce \u00e0 la croissance du nombre de voyageurs provenant d&rsquo;Asie (+8%).<br \/>\n<\/span><\/p>\n<p><span style=\"color: #777777; font-family: Arial;\">L&rsquo;Europe reste la r\u00e9gion du monde la plus visit\u00e9e, avec 620 millions de touristes, mais le nombre de visiteurs y a moins progress\u00e9 (+2%) que l&rsquo;ann\u00e9e pr\u00e9c\u00e9dente en raison des craintes li\u00e9es \u00e0 la s\u00e9curit\u00e9 dans certains pays. Mais les r\u00e9sultats europ\u00e9ens sont \u00ab&nbsp;tr\u00e8s mitig\u00e9s&nbsp;\u00bb, certaines destinations ayant \u00ab&nbsp;un taux de croissance \u00e0 deux chiffres et d&rsquo;autres un taux plat&nbsp;\u00bb pr\u00e9cise l&rsquo;Organisation mondiale du Tourisme (OMT).<br \/>\n<\/span><\/p>\n<p><span style=\"color: #777777; font-family: Arial;\">Et en 2017, le tourisme mondial devrait continuer \u00e0 cro\u00eetre de 3 \u00e0 4%, estime l&rsquo;OMT. Le tourisme repr\u00e9sente 10% du PIB mondial, 7% du commerce international et 30% des exportations de services, selon l&rsquo;OMT. Un emploi sur 11 dans le monde provient du tourisme, si l&rsquo;on tient compte des emplois directs, indirects et induits.<br \/>\n<\/span><\/p>\n<p><span style=\"color: #777777; font-family: Arial;\">En France, le tourisme g\u00e9n\u00e9rait 7,1 % du PIB en 2015.<br \/>\n<\/span><\/p>\n<p><span style=\"color: #777777; font-family: Arial;\">C&rsquo;est donc une tr\u00e8s bonne activit\u00e9&nbsp;: elle donne de l&#8217;emploi, elle est a priori pacifique, elle permet de conna\u00eetre d&rsquo;autres pays autrement qu&rsquo;en les envahissant par la guerre. Les allemands sont ainsi infiniment plus sympathiques depuis qu&rsquo;ils viennent avec leur deutsch mark et maintenant leurs euros plut\u00f4t qu&rsquo;avec leurs panzers.<br \/>\n<\/span><\/p>\n<p><span style=\"color: #777777; font-family: Arial;\">Mais il y a pourtant un probl\u00e8me&nbsp;: le tourisme de masse.<br \/>\n<\/span><\/p>\n<ul>\n<li><span style=\"color: #777777; font-family: Arial;\">Peut-\u00eatre que les destinations qui en valent la peine sont limit\u00e9es. C&rsquo;est une hypoth\u00e8se.<br \/>\n<\/span><\/li>\n<li><span style=\"color: #777777; font-family: Arial;\">Le mim\u00e9tisme constitue cependant un axe fort du comportement des humains qui aiment bien faire ce que font leurs voisins.<br \/>\n<\/span><\/li>\n<li><span style=\"color: #777777; font-family: Arial;\">Et puis, il faut accueillir les touristes et donc les industries touristiques investissent \u00e0 cette fin. Et lorsqu&rsquo;ils ont cr\u00e9\u00e9 les infrastructures ad\u00e9quates, ils font ce qu&rsquo;il faut pour rentabiliser leurs investissements et inciter les vacanciers \u00e0 venir. Et cela marche bien. Ce qui a pour cons\u00e9quence d&rsquo;envoyer de plus en plus de vacanciers dans les endroits o\u00f9 les infrastructures se sont d\u00e9ploy\u00e9es en grand nombre.<br \/>\n<\/span><\/li>\n<\/ul>\n<p><span style=\"color: #777777; font-family: Arial;\">Toujours est-il que ce tourisme de masse pose beaucoup de soucis notamment aux autochtones qui ne se g\u00eanent pour le dire, pour protester et m\u00eame pour manifester leur hostilit\u00e9 aux vacanciers, \u00e0 Barcelone, \u00e0 Venise, au Portugal.<br \/>\n<\/span><\/p>\n<p><span style=\"color: #777777; font-family: Arial;\">Le Monde explique ainsi que <span style=\"color: #0000ff;\"><a href=\"http:\/\/www.lemonde.fr\/economie\/article\/2017\/08\/14\/l-espagne-dit-son-ras-le-bol-du-tourisme-de-masse_5172072_3234.html\">&lt;<span style=\"color: #0000ff;\">l&rsquo;Espagne<\/span> <span style=\"color: #0000ff;\">dit son ras le bol du tourisme de masse<\/span>&gt;<\/a><\/span>&nbsp;:<br \/>\n<\/span><\/p>\n<p><span style=\"color: #777777; font-family: Arial;\">Le journal montre par exemple un graffiti au parc G\u00fcell, \u00e0 Barcelone, le 10 ao\u00fbt :<br \/>\n<\/span><\/p>\n<p style=\"margin-left: 28pt;\"><span style=\"color: #c00000; font-family: Arial;\">\u00ab Touriste : ton voyage de luxe, ma mis\u00e8re quotidienne \u00bb<br \/>\n<\/span><\/p>\n<p><span style=\"color: #777777; font-family: Arial;\">Puis pose la question&nbsp;:<br \/>\n<\/span><\/p>\n<p style=\"margin-left: 28pt;\"><span style=\"color: #c00000; font-family: Arial;\">\u00ab&nbsp;L&rsquo;Espagne est-elle atteinte de \u00ab tourismophobie \u00bb ? Alors que leur pays s&rsquo;appr\u00eate \u00e0 battre de nouveaux records \u2013 il a d\u00e9j\u00e0 accueilli plus de 36 millions de visiteurs (11,6 % de plus qu&rsquo;en 2016) et devrait d\u00e9passer les 80 millions avant la fin de l&rsquo;ann\u00e9e \u2013, les Espagnols s&rsquo;interrogent sur les m\u00e9faits induits par un secteur qui repr\u00e9sente 11,2 % du produit int\u00e9rieur brut (PIB) et qui fait vivre 2,5 millions de personnes.&nbsp;\u00bb<br \/>\n<\/span><\/p>\n<p><span style=\"color: #777777; font-family: Arial;\">Il faut dire que certains vacanciers sont particuli\u00e8rement atteints du syndrome&nbsp;: \u00ab<strong>&nbsp;Pour occuper mon temps libre, je fais n&rsquo;importe quoi<\/strong>&nbsp;\u00bb<br \/>\n<\/span><\/p>\n<p style=\"margin-left: 28pt;\"><span style=\"color: #c00000; font-family: Arial;\">\u00ab&nbsp;L&rsquo;h\u00f4pital universitaire de Palma de Majorque, Son Espases, est ainsi devenu une r\u00e9f\u00e9rence mondiale dans une sp\u00e9cialit\u00e9 assez particuli\u00e8re : soigner des vacanciers bless\u00e9s lors d&rsquo;un balconing, une pratique qui consiste \u00e0 sauter d&rsquo;un balcon \u00e0 un autre, ou dans une piscine. Le profil des quarante-six personnes soign\u00e9es par l&rsquo;\u00e9tablissement entre 2010 et 2015 ? D&rsquo;apr\u00e8s un rapport publi\u00e9 en mars : jeune (environ 24 ans), majoritairement britannique (60,8 %) et compl\u00e8tement ivre.<br \/>\n<\/span><\/p>\n<p style=\"margin-left: 28pt;\"><span style=\"color: #c00000; font-family: Arial;\">Derni\u00e8re victime en date, un Irlandais de 27 ans qui s&rsquo;est jet\u00e9 de sa chambre d&rsquo;h\u00f4tel de San Antonio (Ibiza) d\u00e9but juillet. Le balconing aurait d\u00e9j\u00e0 caus\u00e9 la mort de trois touristes \u00e0 Majorque depuis le d\u00e9but de l&rsquo;\u00e9t\u00e9, selon les autorit\u00e9s locales.<br \/>\n<\/span><\/p>\n<p style=\"margin-left: 28pt;\"><span style=\"color: #c00000; font-family: Arial;\">Il y a aussi les booze cruises (les \u00ab croisi\u00e8res arros\u00e9es \u00bb) pour lesquelles on peut embarquer depuis la plage de Magaluf (Majorque) et qui offrent trois heures de musique et de boissons non-stop sur des bateaux bond\u00e9s pour 55 euros\u2026&nbsp;\u00bb<br \/>\n<\/span><\/p>\n<p><span style=\"color: #777777; font-family: Arial;\">Alors il y a des r\u00e9actions et une saine col\u00e8re !<br \/>\n<\/span><\/p>\n<p style=\"margin-left: 28pt;\"><span style=\"color: #c00000; font-family: Arial;\">\u00ab&nbsp;Fin juillet, quatre personnes encagoul\u00e9es ont subitement oblig\u00e9 un bus touristique de Barcelone \u00e0 s&rsquo;arr\u00eater&nbsp;: elles ont crev\u00e9 les pneus du v\u00e9hicule avant de peindre sur son pare-brise le slogan <em>\u00ab&nbsp;Le tourisme tue les quartiers&nbsp;\u00bb. <\/em>L&rsquo;attaque a \u00e9t\u00e9 revendiqu\u00e9e par le collectif Arran, le mouvement de jeunesse du parti d&rsquo;extr\u00eame gauche ind\u00e9pendantiste CUP.<br \/>\n<\/span><\/p>\n<p style=\"margin-left: 28pt;\"><span style=\"color: #c00000; font-family: Arial;\">Ses militants d\u00e9noncent <em>\u00ab&nbsp;un mod\u00e8le de tourisme qui g\u00e9n\u00e8re des b\u00e9n\u00e9fices pour tr\u00e8s peu de personnes et aggrave les conditions de vie de la majorit\u00e9&nbsp;\u00bb<\/em>. Ils ont aussi lanc\u00e9 des confettis aux clients d&rsquo;un restaurant du port de Palma de Majorque et coll\u00e9 des centaines de stickers sur des v\u00e9hicules de location contre le <em>\u00ab&nbsp;tourisme qui tue Majorque&nbsp;\u00bb.<\/em> \u00bb<br \/>\n<\/span><\/p>\n<p><span style=\"color: #777777; font-family: Arial;\">Et si cette industrie donne de l&#8217;emploi, il s&rsquo;agit surtout de jobs de m\u2026&nbsp;:<br \/>\n<\/span><\/p>\n<p style=\"margin-left: 28pt;\"><span style=\"color: #c00000; font-family: Arial;\">\u00ab&nbsp;Le secteur emploie 13&nbsp;% de la population active en Espagne, et jusqu&rsquo;\u00e0 20&nbsp;% en Catalogne. Mais il requiert surtout une main-d&rsquo;\u0153uvre peu ch\u00e8re et temporaire, donnant l&rsquo;impression d&rsquo;un \u00ab&nbsp;pays de serveurs&nbsp;\u00bb comme le d\u00e9nonce r\u00e9guli\u00e8rement la presse ib\u00e9rique. <em>\u00ab&nbsp;La pr\u00e9carisation des emplois touristiques est de plus en plus probl\u00e9matique&nbsp;\u00bb<\/em>, affirme un rapport de l&rsquo;universit\u00e9 Loyola Andalucia publi\u00e9 en avril.&nbsp;\u00bb<br \/>\n<\/span><\/p>\n<p><span style=\"color: #777777; font-family: Arial;\">Dans la m\u00eame veine, le journal <a href=\"http:\/\/www.sudouest.fr\/2017\/01\/30\/l-espagne-phobique-des-touristes-3220111-6109.php\"><span style=\"color: #0000ff;\">&lt;Sud-Ouest&gt;<\/span><\/a> publie un article&nbsp;: \u00ab&nbsp;Stop au tourisme massif, nous voulons des quartiers pour vivre\u202f!&nbsp;\u00bb.<br \/>\n<\/span><\/p>\n<p style=\"margin-left: 28pt;\"><span style=\"color: #808080;\"><span style=\"font-family: Arial;\">Et la <span style=\"color: #0000ff;\"><a href=\"http:\/\/www.ladepeche.fr\/article\/2017\/08\/17\/2629264-le-tourisme-de-masse-serait-indesirable.html\">&lt;<span style=\"color: #0000ff;\">D\u00e9p\u00eache<\/span>&gt;<\/a><\/span>, le journal de Toulouse explique que l<\/span><span style=\"font-family: Arial;\"><span style=\"background-color: white;\">es capacit\u00e9s d&rsquo;accueil espagnoles frisent la cote d&rsquo;alerte et notamment que le ph\u00e9nom\u00e8ne&nbsp;Airbnb fait flamber le prix du m\u00e8tre carr\u00e9 pour les habitants locaux qui ont de plus en plus de difficult\u00e9s pour se loger et notamment loger les jeunes qui quittent la maison parentale.<\/span><\/span><\/span><span style=\"color: #c00000; font-family: Arial;\"><span style=\"background-color: white;\"><br \/>\n<\/span><\/span><\/p>\n<p><a href=\"http:\/\/www.la-croix.com\/Journal\/Tourisme-masse-quelles-solutions-2017-08-07-1100868061\"><span style=\"font-family: Arial;\">&lt;<span style=\"color: #0000ff;\">Le Journal La Croix essaye d&rsquo;esquisser des solutions<\/span>&gt;<\/span><\/a><span style=\"color: #777777; font-family: Arial;\">&nbsp;: aux Baux de Provence, au Portugal, en Corse, en Ligurie. Les solutions pr\u00e9conis\u00e9es peuvent se r\u00e9sumer : \u00e9taler la saison de tourisme, encadrer strictement la circulation automobile, d\u00e9velopper des circuits contraignants et des transports en commun comp\u00e9titifs, mettre en place des interdictions. <\/span><\/p>\n<p><span style=\"color: #777777; font-family: Arial;\">Certaines initiatives sont \u00e0 souligner ainsi \u00e0 Lisbonne :<br \/>\n<\/span><\/p>\n<p style=\"margin-left: 28pt;\"><span style=\"color: #c00000; font-family: Arial;\">\u00ab<\/span><span style=\"color: #c00000; font-family: Arial;\">Le mur est peint en jaune. D&rsquo;une couleur commune \u00e0 Lisbonne, il passerait totalement inaper\u00e7u si un petit panneau d&rsquo;interdiction original n&rsquo;attirait l&rsquo;attention des passants.&nbsp;\u00ab Pipi ici, non ! \u00bb,&nbsp;lit-on sur le bandeau qui barre le petit personnage en train de se soulager.&nbsp;\u00ab Nous avons fait recouvrir le mur d&rsquo;enceinte du centre de sant\u00e9 de notre quartier d&rsquo;une peinture hydrofuge. Le liquide retourne dans les jambes de l&rsquo;imp\u00e9trant. C&rsquo;est tr\u00e8s efficace \u00bb, expose calmement [une fonctionnaire de la ville] \u00bb<br \/>\n<\/span><\/p>\n<p><span style=\"color: #777777; font-family: Arial;\">Le journal \u00e9voque aussi les villages des Cinque Terre, en Ligurie o\u00f9 des g\u00e9n\u00e9rations de paysans ont fa\u00e7onn\u00e9 les versants montagneux pour cultiver la terre en terrasses o\u00f9 sont plant\u00e9es vignes, oliviers et citronniers. Toutes les terrasses sont soutenues par des murets en pierre s\u00e8che qui constituent le trait identitaire des Cinque Terre. Depuis son inscription au patrimoine mondial de l&rsquo;Unesco en 1997, ce lieu est visit\u00e9 chaque ann\u00e9e par plus de 2 millions de vacanciers. Le tourisme est devenu la premi\u00e8re source de revenus, avec tous les risques que cela engendre pour l&rsquo;environnement et les activit\u00e9s traditionnelles. Un responsable exprime clairement la contradiction de ce type de tourisme : <\/span><span style=\"color: #c00000; font-family: Arial;\">&nbsp;\u00ab&nbsp;C&rsquo;est l&rsquo;histoire du serpent qui se mord la queue parce que <strong>le tourisme am\u00e8ne prosp\u00e9rit\u00e9 et d\u00e9gradation<\/strong> [&#8230;]<\/span><span style=\"color: #c00000; font-family: Arial;\">.&nbsp;Le vrai d\u00e9sarroi des autochtones c&rsquo;est la masse de croisi\u00e9ristes qui n&rsquo;ont pas le sens de l&rsquo;\u00e9cologie. Mais gr\u00e2ce au soutien des communes nous sommes les premiers en Italie \u00e0 avoir pris des mesures originales pour pr\u00e9server un site fragile. \u00bb<br \/>\n<\/span><\/p>\n<p><span style=\"color: #777777; font-family: Arial;\">J&rsquo;ai \u00e9galement \u00e9cout\u00e9 avec int\u00e9r\u00eat une \u00e9mission de France Culture qui m&rsquo;a paru \u00e9quilibr\u00e9e entre la d\u00e9nonciation de d\u00e9rives insupportables et la pr\u00e9servation d&rsquo;une industrie soucieuse de ma\u00eetrise et de bien \u00eatre pour tous&nbsp;: <a href=\"https:\/\/www.franceculture.fr\/emissions\/linvite-des-matins-dete-1ere-partie\/doit-reguler-le-tourisme-de-masse\">&lt;<span style=\"color: #0000ff;\">Faut-il r\u00e9guler le tourisme de masse&nbsp;?<\/span>&gt;<\/a><br \/>\n<\/span><\/p>\n<p><span style=\"color: #777777; font-family: Arial;\">Pour r\u00e9pondre \u00e0 cette question, l&rsquo;\u00e9mission avait invit\u00e9 Josette Sicsic, directrice de l&rsquo;observatoire Touriscopie et r\u00e9dactrice en chef du journal mensuel Touriscopie et Jean Viard, sociologue et directeur de recherches au CNRS au CEVIPOF.<br \/>\n<\/span><\/p>\n<p><span style=\"color: #777777; font-family: Arial;\">La r\u00e9ponse courte \u00e0 la question, faut-il r\u00e9guler, \u00e9tant bien s\u00fbr&nbsp;: OUI. Car sinon on donnera raison \u00e0 <a href=\"https:\/\/lemotdujour.fr\/?p=2155\"><span style=\"color: #0000ff;\">Jean Mistler<\/span>&nbsp;<\/a> :<br \/>\n<\/span><\/p>\n<p style=\"margin-left: 28pt;\"><span style=\"color: #c00000; font-family: Arial;\">\u00ab<strong>Le tourisme est l&rsquo;industrie qui consiste \u00e0 transporter des gens qui seraient mieux chez eux, dans des endroits qui seraient mieux sans eux<\/strong>&nbsp;\u00bb<\/span><\/p>\n<p><span style=\"color: #777777; font-family: Arial;\">Mais n&rsquo;est ce pas d\u00e9j\u00e0 le cas dans les lieux o\u00f9 le tourisme de masse explose ? <\/span><\/p>\n<p><span style=\"color: #800000;\">&lt;917&gt;<\/span><\/p>\n","protected":false},"excerpt":{"rendered":"<p>\u00ab&nbsp;Le tourisme de masse&nbsp;\u00bb Cons\u00e9quence de la d\u00e9mocratisation des cong\u00e9s et de l\u2019augmentation du niveau de vie dans le monde. Un des moyens les plus commodes pour occuper son temps libre et notamment les vacances est de faire du tourisme.<\/p>\n","protected":false},"author":1,"featured_media":0,"comment_status":"open","ping_status":"closed","sticky":false,"template":"","format":"standard","meta":{"footnotes":""},"categories":[1],"tags":[3,7,11],"class_list":["post-2933","post","type-post","status-publish","format-standard","hentry","category-motdujour","tag-politique","tag-societe","tag-sociologie"],"_links":{"self":[{"href":"https:\/\/lemotdujour.fr\/index.php?rest_route=\/wp\/v2\/posts\/2933","targetHints":{"allow":["GET"]}}],"collection":[{"href":"https:\/\/lemotdujour.fr\/index.php?rest_route=\/wp\/v2\/posts"}],"about":[{"href":"https:\/\/lemotdujour.fr\/index.php?rest_route=\/wp\/v2\/types\/post"}],"author":[{"embeddable":true,"href":"https:\/\/lemotdujour.fr\/index.php?rest_route=\/wp\/v2\/users\/1"}],"replies":[{"embeddable":true,"href":"https:\/\/lemotdujour.fr\/index.php?rest_route=%2Fwp%2Fv2%2Fcomments&post=2933"}],"version-history":[{"count":14,"href":"https:\/\/lemotdujour.fr\/index.php?rest_route=\/wp\/v2\/posts\/2933\/revisions"}],"predecessor-version":[{"id":12222,"href":"https:\/\/lemotdujour.fr\/index.php?rest_route=\/wp\/v2\/posts\/2933\/revisions\/12222"}],"wp:attachment":[{"href":"https:\/\/lemotdujour.fr\/index.php?rest_route=%2Fwp%2Fv2%2Fmedia&parent=2933"}],"wp:term":[{"taxonomy":"category","embeddable":true,"href":"https:\/\/lemotdujour.fr\/index.php?rest_route=%2Fwp%2Fv2%2Fcategories&post=2933"},{"taxonomy":"post_tag","embeddable":true,"href":"https:\/\/lemotdujour.fr\/index.php?rest_route=%2Fwp%2Fv2%2Ftags&post=2933"}],"curies":[{"name":"wp","href":"https:\/\/api.w.org\/{rel}","templated":true}]}}