{"id":2923,"date":"2017-08-29T04:08:52","date_gmt":"2017-08-29T02:08:52","guid":{"rendered":"http:\/\/lemotdujour.fr\/?p=2923"},"modified":"2021-09-29T10:50:26","modified_gmt":"2021-09-29T08:50:26","slug":"mardi-29-aout-2017","status":"publish","type":"post","link":"https:\/\/lemotdujour.fr\/?p=2923","title":{"rendered":"Mardi 29 ao\u00fbt 2017"},"content":{"rendered":"<div class=\"mdjTexte\">\t\u00ab&nbsp;Le Ministre du temps libre&nbsp;\u00bb<\/div>\n<div class=\"mdjAuteur\">\tCr\u00e9ation \u00e9ph\u00e9m\u00e8re de Fran\u00e7ois Mitterrand lors de son accession au pouvoir.<\/div>\n<p><span style=\"color: #777777; font-family: Arial;\">Le temps libre constitue une question s\u00e9rieuse.<br \/>\n<\/span><\/p>\n<p><span style=\"color: #777777; font-family: Arial;\">En 1981, quand Fran\u00e7ois Mitterrand est \u00e9lu pr\u00e9sident, nous sommes alors dans le monde de l&rsquo;utopie et du r\u00eave, il cr\u00e9e un <a href=\"http:\/\/www.mitterrand.org\/Temps-libre-un-ministere-reve.html\"><span style=\"color: #0000ff;\">Minist\u00e8re du temps libre<\/span><\/a>. Le Ministre qui h\u00e9ritera de ce poste s&rsquo;appelait Andr\u00e9 Henry. C&rsquo;\u00e9tait un ancien instituteur n\u00e9 en 1934 dans les Vosges qui fut responsable syndical d&rsquo;abord dans le Syndicat national des instituteurs, puis dans la F\u00e9d\u00e9ration de l&rsquo;\u00c9ducation nationale.<br \/>\n<\/span><\/p>\n<p><span style=\"color: #777777; font-family: Arial;\">Ce Minist\u00e8re avait sous sa responsabilit\u00e9 deux secr\u00e9taires d&rsquo;\u00e9tat : l&rsquo;un charg\u00e9 de la Jeunesse et des Sports et l&rsquo;autre du Tourisme.<br \/>\n<\/span><\/p>\n<p><span style=\"color: #777777; font-family: Arial;\">R\u00e9sumons, il y a d&rsquo;abord \u00ab du temps libre&nbsp;\u00bb et puis des cons\u00e9quences&nbsp;: \u00ab&nbsp;Le sport&nbsp;\u00bb et le \u00ab&nbsp;tourisme&nbsp;\u00bb.<br \/>\n<\/span><\/p>\n<p><span style=\"color: #777777; font-family: Arial;\">Tout ceci ne durera pas. En mars 1983, Mitterrand et son premier Ministre Pierre Mauroy d\u00e9cident d&rsquo;un plan de rigueur, l&rsquo;\u00e9conomie fran\u00e7aise n&rsquo;a pas su faire face \u00e0 l&rsquo;utopie et aux r\u00eaves dans un monde ouvert et surtout aux d\u00e9sirs infinis de consommation pour l&rsquo;essentiel de produits venant de l&rsquo;\u00e9tranger.<br \/>\n<\/span><\/p>\n<p><span style=\"color: #777777; font-family: Arial;\">En avril 1983, le minist\u00e8re du temps libre \u00e9tait supprim\u00e9. Il existe pourtant encore une trace de ce minist\u00e8re \u00e9ph\u00e9m\u00e8re : c&rsquo;est celui des ch\u00e8ques vacances qui ont \u00e9t\u00e9 cr\u00e9\u00e9s \u00e0 ce moment l\u00e0. Toutefois, sa suppression ne peut qu&rsquo;appara\u00eetre judicieuse \u00e0 notre regard libertaire : que l&rsquo;Etat songe \u00e0&nbsp; organiser notre temps libre ne peut que nous heurter !<br \/>\n<\/span><\/p>\n<p><span style=\"color: #777777; font-family: Arial;\">Cependant avec ou sans minist\u00e8re, le temps libre reste une vraie question.<br \/>\n<\/span><\/p>\n<p><span style=\"color: #777777; font-family: Arial;\">Que faisons-nous de notre temps libre&nbsp;?<br \/>\n<\/span><\/p>\n<p><span style=\"color: #777777; font-family: Arial;\">Parce que nous en avons beaucoup.<br \/>\n<\/span><\/p>\n<p><span style=\"color: #777777; font-family: Arial;\">J&rsquo;avais d\u00e9j\u00e0 consacr\u00e9 le mot du jour du 4 septembre 2014 \u00e0 ce sujet&nbsp;: <span style=\"color: #0000ff;\"><a href=\"https:\/\/lemotdujour.fr\/?p=808\"><span style=\"color: #0000ff;\">\u00ab&nbsp;Nous<\/span> <span style=\"color: #0000ff;\">vivons dans une<\/span> <span style=\"color: #0000ff;\">soci\u00e9t\u00e9 du temps libre \u00bb<\/span><\/a><\/span><br \/>\n<\/span><\/p>\n<p><span style=\"color: #777777; font-family: Arial;\">Je donnais la parole au sociologue Jean Viard qui nous expliquait qu&rsquo;en 1914, un homme vivait en moyenne 500.000 heures, il dormait 200&nbsp;000 heures, il travaillait 200&nbsp;000 heures et il lui restait 100&nbsp;000 heures pour faire autre chose.&nbsp;<strong><br \/>\n<\/strong>En 1914, il disposait donc de 20% de temps libre \u00e0 occuper. A cette \u00e9poque, les activit\u00e9s religieuses occupaient encore une grande place dans ce temps disponible.<br \/>\n<\/span><\/p>\n<p><span style=\"color: #777777; font-family: Arial;\">Aujourd&rsquo;hui, nous vivons en moyenne 700&nbsp;000 heures (80 ans) et nous travaillons (si nous avons un emploi) 63&nbsp;000 heures. On travaille donc \u00e0 peu pr\u00e8s 10% de notre vie. Les europ\u00e9ens travaillent de 10 \u00e0 12%, les am\u00e9ricains travaillent plut\u00f4t 16%. D\u00e9sormais nos activit\u00e9s religieuses et peut \u00eatre m\u00eame spirituelles me semblent assez limit\u00e9es dans le temps.<br \/>\n<\/span><\/p>\n<p><span style=\"color: #777777; font-family: Arial;\">C&rsquo;est tr\u00e8s compliqu\u00e9 d&rsquo;occuper autant de temps, surtout si on ne suit pas le conseil de Pascal que j&rsquo;ai cit\u00e9 lors du mot du jour consacr\u00e9 au \u00ab&nbsp;<a href=\"https:\/\/lemotdujour.fr\/?p=1833\"><span style=\"color: #0000ff;\">divertissement<\/span> <span style=\"color: #0000ff;\">Pascalien<\/span><\/a>&nbsp;\u00bb&nbsp;: <span style=\"color: #c00000;\">\u00ab&nbsp;Tout le malheur des hommes vient d&rsquo;une seule chose qui est de ne pas savoir demeurer au repos dans une chambre&nbsp;\u00bb.<br \/>\n<\/span><\/span><\/p>\n<p><span style=\"color: #777777; font-family: Arial;\">Alors il faut jouer, regarder la t\u00e9l\u00e9vision, surfer sur internet, jardiner, voyager, visiter, bref s&rsquo;occuper l&rsquo;esprit pour qu&rsquo;il y ait toujours quelque chose qui chasse l&rsquo;ennui.<br \/>\n<\/span><\/p>\n<p><span style=\"color: #777777; font-family: Arial;\">Et puis, dans les rencontres il faut pouvoir dire quelque chose apr\u00e8s \u00ab&nbsp;bonjour&nbsp;\u00bb.<br \/>\n<\/span><\/p>\n<p><span style=\"color: #777777; font-family: Arial;\">Pour beaucoup, le red\u00e9marrage de la Ligue 1 constitue une aubaine&nbsp;: les derniers r\u00e9sultats de l&rsquo;OL, de l&rsquo;OM ou du PSG, l&rsquo;arriv\u00e9e de tel ou tel joueur contre un prix exorbitant quel que soit son art de manipuler un ballon de cuir constituent un moyen commode de lutter contre le silence.<br \/>\n<\/span><\/p>\n<p><span style=\"color: #777777; font-family: Arial;\">Mais raconter ses vacances est aussi un excellent sujet qui peut \u00eatre \u00e9chang\u00e9 assez facilement, avec quasi n&rsquo;importe qui et sans trop d&rsquo;implication personnelle.<br \/>\n<\/span><\/p>\n<p><span style=\"color: #777777; font-family: Arial;\">Sujet de conversation donc id\u00e9al.<br \/>\n<\/span><\/p>\n<p><span style=\"color: #777777; font-family: Arial;\"><span style=\"color: #800000;\">&lt;916&gt;<\/span><br \/>\n<\/span><\/p>\n","protected":false},"excerpt":{"rendered":"<p>\u00ab&nbsp;Le Ministre du temps libre&nbsp;\u00bb Cr\u00e9ation \u00e9ph\u00e9m\u00e8re de Fran\u00e7ois Mitterrand lors de son accession au pouvoir. Le temps libre constitue une question s\u00e9rieuse. En 1981, quand Fran\u00e7ois Mitterrand est \u00e9lu pr\u00e9sident, nous sommes alors dans le monde de l&rsquo;utopie et<\/p>\n","protected":false},"author":1,"featured_media":0,"comment_status":"open","ping_status":"closed","sticky":false,"template":"","format":"standard","meta":{"footnotes":""},"categories":[1],"tags":[6,7,11],"class_list":["post-2923","post","type-post","status-publish","format-standard","hentry","category-motdujour","tag-philosophie","tag-societe","tag-sociologie"],"_links":{"self":[{"href":"https:\/\/lemotdujour.fr\/index.php?rest_route=\/wp\/v2\/posts\/2923","targetHints":{"allow":["GET"]}}],"collection":[{"href":"https:\/\/lemotdujour.fr\/index.php?rest_route=\/wp\/v2\/posts"}],"about":[{"href":"https:\/\/lemotdujour.fr\/index.php?rest_route=\/wp\/v2\/types\/post"}],"author":[{"embeddable":true,"href":"https:\/\/lemotdujour.fr\/index.php?rest_route=\/wp\/v2\/users\/1"}],"replies":[{"embeddable":true,"href":"https:\/\/lemotdujour.fr\/index.php?rest_route=%2Fwp%2Fv2%2Fcomments&post=2923"}],"version-history":[{"count":10,"href":"https:\/\/lemotdujour.fr\/index.php?rest_route=\/wp\/v2\/posts\/2923\/revisions"}],"predecessor-version":[{"id":12223,"href":"https:\/\/lemotdujour.fr\/index.php?rest_route=\/wp\/v2\/posts\/2923\/revisions\/12223"}],"wp:attachment":[{"href":"https:\/\/lemotdujour.fr\/index.php?rest_route=%2Fwp%2Fv2%2Fmedia&parent=2923"}],"wp:term":[{"taxonomy":"category","embeddable":true,"href":"https:\/\/lemotdujour.fr\/index.php?rest_route=%2Fwp%2Fv2%2Fcategories&post=2923"},{"taxonomy":"post_tag","embeddable":true,"href":"https:\/\/lemotdujour.fr\/index.php?rest_route=%2Fwp%2Fv2%2Ftags&post=2923"}],"curies":[{"name":"wp","href":"https:\/\/api.w.org\/{rel}","templated":true}]}}