{"id":2912,"date":"2017-08-28T04:00:30","date_gmt":"2017-08-28T02:00:30","guid":{"rendered":"http:\/\/lemotdujour.fr\/?p=2912"},"modified":"2021-09-29T10:51:04","modified_gmt":"2021-09-29T08:51:04","slug":"lundi-28-aout-2017","status":"publish","type":"post","link":"https:\/\/lemotdujour.fr\/?p=2912","title":{"rendered":"Lundi 28 ao\u00fbt 2017"},"content":{"rendered":"<div class=\"mdjTexte\">\t\u00ab&nbsp;Les vacances&nbsp;\u00bb<\/div>\n<div class=\"mdjAuteur\">\tP\u00e9riode pendant laquelle les gens qui ont du travail arr\u00eatent de travailler.<\/div>\n<p><span style=\"color: #777777; font-family: Arial;\">Il me semble pertinent apr\u00e8s cette longue tr\u00eave estivale d&rsquo;\u00e9voquer les vacances. <\/span><\/p>\n<p><span style=\"color: #777777; font-family: Arial;\">Commen\u00e7ons d&rsquo;abord par l&rsquo;\u00e9tymologie. Comme souvent ce mot vient du latin&nbsp;: \u00ab&nbsp;vacare&nbsp;\u00bb. Le <a href=\"https:\/\/fr.wiktionary.org\/wiki\/vaco\"><span style=\"color: #0000ff;\">wiktionnaire<\/span><\/a> nous apprend qu&rsquo;il s&rsquo;agit de l&rsquo;infinitif du verbe \u00ab&nbsp;vaco&nbsp;\u00bb qui a pour traduction&nbsp;: \u00ab&nbsp;<em>\u00catre vide, inoccup\u00e9, vacant, \u00eatre sans ma\u00eetre, \u00eatre sans emploi<\/em>.&nbsp;\u00bb<br \/>\n<\/span><\/p>\n<p><a href=\"http:\/\/www.dicolatin.fr\/FR\/LAK\/0\/VACARE\/index.htm\"><span style=\"font-family: Arial;\"><span style=\"color: #0000ff;\">&lt;Dans ce dictionnaire sp\u00e9cialis\u00e9 en latin&gt;<\/span><\/span><\/a><span style=\"font-family: Arial;\"> <span style=\"color: #777777;\">on ajoute \u00e0 \u00ab&nbsp;inoccup\u00e9&nbsp;\u00bb le terme \u00ab&nbsp;\u00eatre oisif&nbsp;\u00bb, une connotation morale !<br \/>\n<\/span><\/span><\/p>\n<p><span style=\"color: #777777; font-family: Arial;\">Quand on consulte le dictionnaire du CNRS&nbsp;: <span style=\"color: #0000ff;\"><a href=\"http:\/\/www.cnrtl.fr\/etymologie\/vacances\"><span style=\"color: #0000ff;\">http:\/\/www.cnrtl.fr\/etymologie\/vacances<\/span><\/a>,<\/span> les r\u00e9dacteurs de cet ouvrage font remonter le mot fran\u00e7ais au XIV\u00e8me si\u00e8cle&nbsp;: \u00ab&nbsp; 1305-07 \u00ab \u00e9tat d&rsquo;une charge qui est sans titulaire \u00bb (Recueil de lettres anglo-fran\u00e7aises, \u00e9d. Tanquerey, p. 93\u00bb; puis plus pr\u00e9cis\u00e9ment au XIX\u00e8me si\u00e8cle&nbsp;: \u00ab 1884 \u00ab caract\u00e8re de ce qui est disponible \u00bb (Huysmans, \u00c0 rebours, p. 288: la vacance de son esprit).&nbsp;\u00bb<br \/>\n<\/span><\/p>\n<p><span style=\"color: #777777; font-family: Arial;\">Tout ceci nous ram\u00e8ne au concept de \u00ab&nbsp;ne rien faire&nbsp;\u00bb que j&rsquo;avais d\u00e9velopp\u00e9 lors du mot de jour de rentr\u00e9e de 2015&nbsp;: \u00ab&nbsp;<a href=\"https:\/\/lemotdujour.fr\/?p=1200\"><span style=\"color: #0000ff;\">L&rsquo;art difficile de ne presque rien faire&nbsp;<\/span><\/a>\u00bb.<br \/>\n<\/span><\/p>\n<p><span style=\"color: #777777; font-family: Arial;\">La lecture du Canard Encha\u00een\u00e9 du 9 ao\u00fbt 2017 nous apprend que l&rsquo;in\u00e9narrable Pr\u00e9sident des Etats-Unis actuel exprime un avis tranch\u00e9 sur les vacances&nbsp;:<br \/>\n<\/span><\/p>\n<p style=\"margin-left: 28pt;\"><span style=\"color: #c00000; font-family: Arial;\">\u00ab&nbsp;Ne prenez pas de vacances. Quel int\u00e9r\u00eat&nbsp;? Si vous n&rsquo;aimez pas votre travail, vous avez le mauvais boulot&nbsp;\u00bb.<br \/>\n<\/span><\/p>\n<p><span style=\"color: #777777; font-family: Arial;\">Mais le canard encha\u00een\u00e9 nous rassure, le pitre grotesque que les Etats-Uniens ont \u00e9lu Pr\u00e9sident est en r\u00e9alit\u00e9 un \u00ab&nbsp;glandeur&nbsp;\u00bb, car en ce d\u00e9but d&rsquo;ao\u00fbt 2017 Donald Trump avait quitt\u00e9 son lieu de travail de la Maison Blanche pour 17 jours au profit d&rsquo;une de ses luxueuses r\u00e9sidences de vacances&nbsp;: le Trump National Golf Club de Bedminster. Et le Washington Post a recens\u00e9 le nombre de jours de cong\u00e9 qu&rsquo;il a pris depuis le d\u00e9but de son mandat&nbsp;: 53 jours. Le Canard encha\u00een\u00e9 explique que l&rsquo;am\u00e9ricain moyen n&rsquo;a droit qu&rsquo;\u00e0 10 jours par an en moyenne.<br \/>\n<\/span><\/p>\n<p><span style=\"color: #777777; font-family: Arial;\">Mais si on peut croire le biographe de Trump, nous serons bient\u00f4t d\u00e9barrass\u00e9s de cet <a href=\"http:\/\/www.larousse.fr\/dictionnaires\/francais\/histrion\/40098\"><span style=\"color: #0000ff;\">&lt;histrion&gt;<\/span><\/a>, car comme <a href=\"http:\/\/www.lepoint.fr\/monde\/etats-unis-trump-demissionnera-des-l-automne-predit-son-biographe-18-08-2017-2150816_24.php\"><span style=\"color: #0000ff;\">&lt;Le Point&gt;<\/span><\/a> le relate l&rsquo;\u00e9crivain am\u00e9ricain Tony Schwartz qui est l&rsquo;auteur des m\u00e9moires du milliardaire, The Art of the Deal (1987) est persuad\u00e9 que l&rsquo;affaire russe aura raison de la pr\u00e9sidence du 45e pr\u00e9sident des \u00c9tats-Unis et que ce dernier d\u00e9missionnera d\u00e8s l&rsquo;automne. Le 21 d\u00e9cembre, nous serons \u00e0 la fin de l&rsquo;automne et nous examinerons si cette pr\u00e9diction hardie s&rsquo;est r\u00e9v\u00e9l\u00e9e exacte.<br \/>\n<\/span><\/p>\n<p><span style=\"color: #777777; font-family: Arial;\">Les vacances sont donc une p\u00e9riode pendant laquelle une personne cesse ses activit\u00e9s habituelles.<br \/>\n<\/span><\/p>\n<p><a href=\"https:\/\/fr.wikipedia.org\/wiki\/Vacances\"><span style=\"font-family: Arial;\"><span style=\"color: #0000ff;\">Wikipedia<\/span><\/span><\/a><span style=\"color: #0000ff; font-family: Arial;\"><span style=\"color: #808080;\"> nous rend plus savant&nbsp;:<\/span><br \/>\n<\/span><\/p>\n<p style=\"margin-left: 28pt;\"><span style=\"color: #c00000; font-family: Arial;\">\u00ab&nbsp;Le concept des vacances est li\u00e9 \u00e0 l&rsquo;apparition des civilisations urbaines, contrairement au monde agricole, qui \u00e0 cause du climat, ne dicte pas un rythme de travail continu tout au long de l&rsquo;ann\u00e9e. Au Moyen \u00c2ge, il existait d\u00e9j\u00e0 en Europe de l&rsquo;Ouest des \u00ab vacances \u00bb qui correspondaient \u00e0 la p\u00e9riode des moissons en \u00e9t\u00e9 o\u00f9 les universit\u00e9s fermaient pour permettre \u00e0 tous d&rsquo;aller travailler aux champs.<br \/>\n<\/span><\/p>\n<p style=\"margin-left: 28pt;\"><span style=\"color: #c00000; font-family: Arial;\">Au XIXe si\u00e8cle, les vacances se r\u00e9pandent dans toute l&rsquo;aristocratie et la bourgeoisie d&rsquo;Europe occidentale. Elles correspondaient donc \u00e0 la p\u00e9riode o\u00f9 les classes sup\u00e9rieures de la soci\u00e9t\u00e9 quittaient leurs demeures principales (elles les laissaient vacantes) pour rejoindre des r\u00e9sidences secondaires, profiter de la nature [&#8230;] ou des bienfaits du climat marin ou montagnard pour la sant\u00e9.<br \/>\n<\/span><\/p>\n<p style=\"margin-left: 28pt;\"><span style=\"color: #c00000; font-family: Arial;\">Les Britanniques, dont l&rsquo;\u00e9conomie \u00e9tait la plus florissante au monde, ont \u00e9t\u00e9 les premiers \u00e0 se tourner vers les stations baln\u00e9aires, d&rsquo;abord sur leurs c\u00f4tes, puis de l&rsquo;autre c\u00f4t\u00e9 de la Manche (\u00e0 Deauville, Dinard, etc.) puis enfin dans le sud de la France, sur la C\u00f4te d&rsquo;Azur (la Promenade des Anglais \u00e0 Nice doit son nom aux nombreuses r\u00e9sidences o\u00f9 les Britanniques venaient passer les mois d&rsquo;hiver) mais aussi \u00e0 Biarritz.&nbsp;\u00bb<br \/>\n<\/span><\/p>\n<p><span style=\"color: #777777; font-family: Arial;\">L&rsquo;encyclop\u00e9die en ligne nous apprend surtout que la dur\u00e9e des vacances est tr\u00e8s diff\u00e9rente selon les pays&nbsp;:<br \/>\n<\/span><\/p>\n<p style=\"margin-left: 28pt;\"><span style=\"color: #c00000; font-family: Arial;\">\u00ab&nbsp;\u00c0 Hong Kong, Singapour et Ta\u00efwan, les vacances sont de sept jours par an. [\u2026]. En France, le nombre th\u00e9orique de jours de cong\u00e9s pay\u00e9s annuels est de 25 (cinq semaines). En 2008, c&rsquo;est l\u00e9g\u00e8rement moins que la moyenne de l&rsquo;Union europ\u00e9enne (25,2 jours). La dur\u00e9e des cong\u00e9s pay\u00e9s atteint 30 jours en Allemagne et au Danemark, 33 jours en Su\u00e8de&nbsp;\u00bb<br \/>\n<\/span><\/p>\n<p><span style=\"color: #777777; font-family: Arial;\">Cette petite \u00e9num\u00e9ration montre, encore une fois, la diff\u00e9rence entre l&rsquo;Europe et le reste du monde. Elle me fait penser \u00e0 cette r\u00e9flexion qu&rsquo;un ministre allemand a partag\u00e9 un jour avec un homologue asiatique&nbsp;: <span style=\"color: #c00000;\">\u00ab&nbsp;Et en Europe nous sommes tellement riches que nous pouvons m\u00eame payer des gens \u00e0 ne pas travailler&nbsp;!&nbsp;\u00bb. <span style=\"color: #777777;\">Il pensait certainement aux retraites, aux cong\u00e9s maternit\u00e9, aux cong\u00e9s maladies mais aussi au temps incroyablement long par rapport \u00e0 la moyenne mondiale de nos cong\u00e9s europ\u00e9ens de l&rsquo;ouest.<br \/>\n<\/span><\/span><\/span><\/p>\n<p><span style=\"color: #777777; font-family: Arial;\">La question l\u00e9gitime que nous pouvons poser est celle de savoir, dans l&rsquo;univers d&rsquo;une globalisation qui tend \u00e0 ramener le plus grand nombre vers une moyenne, si les standards europ\u00e9ens se g\u00e9n\u00e9raliseront ou si au contraire l&rsquo;Europe va tendre vers ceux du reste du monde.<br \/>\n<\/span><\/p>\n<p><span style=\"color: #777777; font-family: Arial;\">La dur\u00e9e et je dirai la s\u00e9r\u00e9nit\u00e9 des vacances sont li\u00e9es en grande partie au salariat et au droit du travail. L&rsquo;id\u00e9e qu&rsquo;il est envisageable de sortir du salariat pour entrer dans une logique ind\u00e9pendante, d&rsquo;auto-entrepreneur ou de multiples contrats de mini jobs ou encore de contrats de projet ou de CDI de chantier pourrait avoir pour effet de rendre le temps libre moins serein et aussi de diminuer la dur\u00e9e de vacances r\u00e9elle.<br \/>\n<\/span><\/p>\n<p><span style=\"color: #777777; font-family: Arial;\">Mais comment occupe t&rsquo;on son temps libre&nbsp;?<br \/>\n<\/span><\/p>\n<p><span style=\"color: #777777; font-family: Arial;\">Cela pourrait \u00eatre le sujet des mots du jour suivant.<br \/>\n<\/span><\/p>\n<p><span style=\"color: #800000;\">&lt;915&gt;<\/span><\/p>\n<p><span style=\"color: #777777; font-family: Arial;\"><br \/>\n<\/span><\/p>\n","protected":false},"excerpt":{"rendered":"<p>\u00ab&nbsp;Les vacances&nbsp;\u00bb P\u00e9riode pendant laquelle les gens qui ont du travail arr\u00eatent de travailler. Il me semble pertinent apr\u00e8s cette longue tr\u00eave estivale d&rsquo;\u00e9voquer les vacances. Commen\u00e7ons d&rsquo;abord par l&rsquo;\u00e9tymologie. Comme souvent ce mot vient du latin&nbsp;: \u00ab&nbsp;vacare&nbsp;\u00bb. Le wiktionnaire<\/p>\n","protected":false},"author":1,"featured_media":0,"comment_status":"open","ping_status":"closed","sticky":false,"template":"","format":"standard","meta":{"footnotes":""},"categories":[1],"tags":[18,3,11],"class_list":["post-2912","post","type-post","status-publish","format-standard","hentry","category-motdujour","tag-international","tag-politique","tag-sociologie"],"_links":{"self":[{"href":"https:\/\/lemotdujour.fr\/index.php?rest_route=\/wp\/v2\/posts\/2912","targetHints":{"allow":["GET"]}}],"collection":[{"href":"https:\/\/lemotdujour.fr\/index.php?rest_route=\/wp\/v2\/posts"}],"about":[{"href":"https:\/\/lemotdujour.fr\/index.php?rest_route=\/wp\/v2\/types\/post"}],"author":[{"embeddable":true,"href":"https:\/\/lemotdujour.fr\/index.php?rest_route=\/wp\/v2\/users\/1"}],"replies":[{"embeddable":true,"href":"https:\/\/lemotdujour.fr\/index.php?rest_route=%2Fwp%2Fv2%2Fcomments&post=2912"}],"version-history":[{"count":9,"href":"https:\/\/lemotdujour.fr\/index.php?rest_route=\/wp\/v2\/posts\/2912\/revisions"}],"predecessor-version":[{"id":12224,"href":"https:\/\/lemotdujour.fr\/index.php?rest_route=\/wp\/v2\/posts\/2912\/revisions\/12224"}],"wp:attachment":[{"href":"https:\/\/lemotdujour.fr\/index.php?rest_route=%2Fwp%2Fv2%2Fmedia&parent=2912"}],"wp:term":[{"taxonomy":"category","embeddable":true,"href":"https:\/\/lemotdujour.fr\/index.php?rest_route=%2Fwp%2Fv2%2Fcategories&post=2912"},{"taxonomy":"post_tag","embeddable":true,"href":"https:\/\/lemotdujour.fr\/index.php?rest_route=%2Fwp%2Fv2%2Ftags&post=2912"}],"curies":[{"name":"wp","href":"https:\/\/api.w.org\/{rel}","templated":true}]}}