{"id":2902,"date":"2014-09-01T10:02:35","date_gmt":"2014-09-01T08:02:35","guid":{"rendered":"http:\/\/lemotdujour.fr\/?p=2902"},"modified":"2020-11-15T18:13:32","modified_gmt":"2020-11-15T17:13:32","slug":"lundi-1er-septembre-2014","status":"publish","type":"post","link":"https:\/\/lemotdujour.fr\/?p=2902","title":{"rendered":"Lundi 1er septembre 2014"},"content":{"rendered":"<div class=\"mdjTexte\">\u00ab Les mots sont les passants myst\u00e9rieux de l\u2019\u00e2me \u00bb<\/div>\n<div class=\"mdjAuteur\">Victor Hugo Les Contemplations Livre I. Po\u00e8me VIII \u00ab\u00a0Suite\u00a0\u00bb (1854)<\/div>\n<p><span style=\"color: #777777; font-family: Arial;\">Eh bien essayons de continuer cette discipline quotidienne du mot du jour. Pour m&rsquo;en convaincre j&rsquo;ai re\u00e7u les protestations de certains \u00e0 l&rsquo;id\u00e9e de finir ce d\u00e9fi et ce 8\u00e8me po\u00e8me du livre Un des contemplations de Victor Hugo :<br \/>\n<\/span><\/p>\n<p><span style=\"color: #777777; font-family: Arial;\">\u00ab\u00a0<strong>Car le mot qu&rsquo;on le sache est un \u00eatre vivant<\/strong>\u00a0\u00bb.<br \/>\n<\/span><\/p>\n<p><span style=\"color: #777777; font-family: Arial;\">Cette p\u00e9riode de cong\u00e9 m&rsquo;a permis de faire le point, depuis le 9 octobre 2012, le pr\u00e9sent mot est le 339<sup>\u00e8me<\/sup> de cette s\u00e9rie.<br \/>\n<\/span><\/p>\n<p><span style=\"color: #777777; font-family: Arial;\">Que le ciel et les mots de Hugo vous tiennent en joie. Ce po\u00e8me \u00e9tant fort long je me permets d&rsquo;en citer des extraits :<br \/>\n<\/span><\/p>\n<p style=\"margin-left: 28pt;\"><span style=\"color: #c00000; font-family: Arial;\">Car le mot, qu&rsquo;on le sache, est un \u00eatre vivant.<br \/>\n<\/span><span style=\"color: #c00000; font-family: Arial;\">La main du songeur vibre et tremble en l&rsquo;\u00e9crivant;<br \/>\n<\/span><span style=\"color: #c00000; font-family: Arial;\">La plume, qui d&rsquo;une aile allongeait l&rsquo;envergure,<br \/>\n<\/span><span style=\"color: #c00000; font-family: Arial;\">Fr\u00e9mit sur le papier quand sort cette figure,<br \/>\n<\/span><span style=\"color: #c00000; font-family: Arial;\">Le mot, le terme, type on ne sait d&rsquo;o\u00f9 venu,<br \/>\n<\/span><span style=\"color: #c00000; font-family: Arial;\">Face de l&rsquo;invisible, aspect de l&rsquo;inconnu;<br \/>\n<\/span><span style=\"color: #c00000; font-family: Arial;\">Cr\u00e9\u00e9, par qui? forg\u00e9, par qui? jailli de l&rsquo;ombre;<br \/>\n<\/span><span style=\"color: #c00000; font-family: Arial;\">Montant et descendant dans notre t\u00eate sombre,<br \/>\n[\u2026]<br \/>\n<\/span><\/p>\n<p style=\"margin-left: 28pt;\"><span style=\"color: #c00000; font-family: Arial;\">Oui, vous tous, comprenez que les mots sont des choses.<br \/>\nIls roulent p\u00eale-m\u00eale au gouffre obscur des proses,<br \/>\n<\/span><span style=\"color: #c00000; font-family: Arial;\">Ou font gronder le vers, orageuse for\u00eat.<br \/>\n<\/span><span style=\"color: #c00000; font-family: Arial;\">Du sphinx Esprit Humain le mot sait le secret.<br \/>\n<\/span><span style=\"color: #c00000; font-family: Arial;\">[\u2026]<br \/>\n<\/span><\/p>\n<p style=\"margin-left: 28pt;\"><span style=\"color: #c00000; font-family: Arial;\">Tel mot est un sourire, et tel autre un regard;<br \/>\n<\/span><span style=\"color: #c00000; font-family: Arial;\">De quelque mot profond tout homme est le disciple;<br \/>\n<\/span><span style=\"color: #c00000; font-family: Arial;\">Toute force ici-bas a le mot pour multiple;<br \/>\n<\/span><span style=\"color: #c00000; font-family: Arial;\">[\u2026]<br \/>\n<\/span><\/p>\n<p style=\"margin-left: 28pt;\"><span style=\"color: #c00000; font-family: Arial;\">Ce qu&rsquo;un mot ne sait pas, un autre le r\u00e9v\u00e8le;<br \/>\n<\/span><span style=\"color: #c00000; font-family: Arial;\">Les mots heurtent le front comme l&rsquo;eau le r\u00e9cif;<br \/>\n<\/span><span style=\"color: #c00000; font-family: Arial;\">Ils fourmillent, ouvrant dans notre esprit pensif<br \/>\n<\/span><span style=\"color: #c00000; font-family: Arial;\">Des griffes ou des mains, et quelques-uns des ailes;<br \/>\n<\/span><span style=\"color: #c00000; font-family: Arial;\">Comme en un \u00e2tre noir errent des \u00e9tincelles,<br \/>\n<\/span><span style=\"color: #c00000; font-family: Arial;\">R\u00eaveurs, tristes, joyeux, amers, sinistres, doux,<br \/>\n<\/span><span style=\"color: #c00000; font-family: Arial;\">Sombre peuple, les mots vont et viennent en nous;<br \/>\n<\/span><span style=\"color: #c00000; font-family: Arial;\">Les mots sont les passants myst\u00e9rieux de l&rsquo;\u00e2me<br \/>\n<\/span><span style=\"color: #c00000; font-family: Arial;\">Chacun d&rsquo;eux porte une ombre ou secoue une flamme;<br \/>\n<\/span><span style=\"color: #c00000; font-family: Arial;\">[\u2026]<br \/>\n<\/span><\/p>\n<p style=\"margin-left: 28pt;\"><span style=\"color: #c00000; font-family: Arial;\">Le mot d\u00e9vore, et rien ne r\u00e9siste \u00e0 sa dent.<br \/>\n<\/span><span style=\"color: #c00000; font-family: Arial;\">A son haleine, l&rsquo;\u00e2me et la lumi\u00e8re aidant,<br \/>\n<\/span><span style=\"color: #c00000; font-family: Arial;\">L&rsquo;obscure \u00e9normit\u00e9 lentement s&rsquo;exfolie.<br \/>\n<\/span><span style=\"color: #c00000; font-family: Arial;\">Il met sa force sombre en ceux que rien ne plie;<br \/>\n<\/span><span style=\"color: #c00000; font-family: Arial;\">[\u2026]<br \/>\n<\/span><\/p>\n<p style=\"margin-left: 28pt;\"><span style=\"color: #c00000; font-family: Arial;\">Oui, tout-puissant! tel est le mot. Fou qui s&rsquo;en joue!<br \/>\n<\/span><span style=\"color: #c00000; font-family: Arial;\">Quand l&rsquo;erreur fait un n\u0153ud dans l&rsquo;homme, il le d\u00e9noue.<br \/>\n<\/span><span style=\"color: #c00000; font-family: Arial;\">Il est foudre dans l&rsquo;ombre et ver dans le fruit m\u00fbr.<br \/>\n<\/span><span style=\"color: #c00000; font-family: Arial;\">Il sort d&rsquo;une trompette, il tremble sur un mur,<br \/>\n<\/span><span style=\"color: #c00000; font-family: Arial;\">Et Balthazar chancelle, et J\u00e9richo s&rsquo;\u00e9croule.<br \/>\n<\/span><span style=\"color: #c00000; font-family: Arial;\">Il s&rsquo;incorpore au peuple, \u00e9tant lui-m\u00eame foule.<br \/>\n<\/span><span style=\"color: #c00000; font-family: Arial;\">Il est vie, esprit, germe, ouragan, vertu, feu;<br \/>\n<\/span><span style=\"color: #c00000; font-family: Arial;\">Car le mot, c&rsquo;est le Verbe, et le Verbe, c&rsquo;est Dieu.<br \/>\n<\/span><\/p>\n<p style=\"margin-left: 18pt;\"><a href=\"http:\/\/fr.wikisource.org\/wiki\/Page:Hugo_-_Les_Contemplations,_Nelson,_1856.djvu\/42\"><span style=\"font-family: Arial;\"><span style=\"color: #0000ff;\">&lt;L&rsquo;int\u00e9gralit\u00e9 du po\u00e8me se trouve ici avec l&rsquo;int\u00e9gralit\u00e9 des Contemplations&gt;<\/span><\/span><\/a><span style=\"color: #777777; font-family: Arial;\"><br \/>\n<\/span><\/p>\n<p><span style=\"color: #c00000; font-family: Arial;\">&lt;339&gt;<\/span><\/p>\n","protected":false},"excerpt":{"rendered":"<p>\u00ab Les mots sont les passants myst\u00e9rieux de l\u2019\u00e2me \u00bb Victor Hugo Les Contemplations Livre I. Po\u00e8me VIII \u00ab\u00a0Suite\u00a0\u00bb (1854) Eh bien essayons de continuer cette discipline quotidienne du mot du jour. Pour m&rsquo;en convaincre j&rsquo;ai re\u00e7u les protestations de<\/p>\n","protected":false},"author":1,"featured_media":0,"comment_status":"open","ping_status":"closed","sticky":false,"template":"","format":"standard","meta":{"footnotes":""},"categories":[1],"tags":[9,19,8],"class_list":["post-2902","post","type-post","status-publish","format-standard","hentry","category-motdujour","tag-litterature","tag-personnel","tag-poesie"],"_links":{"self":[{"href":"https:\/\/lemotdujour.fr\/index.php?rest_route=\/wp\/v2\/posts\/2902","targetHints":{"allow":["GET"]}}],"collection":[{"href":"https:\/\/lemotdujour.fr\/index.php?rest_route=\/wp\/v2\/posts"}],"about":[{"href":"https:\/\/lemotdujour.fr\/index.php?rest_route=\/wp\/v2\/types\/post"}],"author":[{"embeddable":true,"href":"https:\/\/lemotdujour.fr\/index.php?rest_route=\/wp\/v2\/users\/1"}],"replies":[{"embeddable":true,"href":"https:\/\/lemotdujour.fr\/index.php?rest_route=%2Fwp%2Fv2%2Fcomments&post=2902"}],"version-history":[{"count":7,"href":"https:\/\/lemotdujour.fr\/index.php?rest_route=\/wp\/v2\/posts\/2902\/revisions"}],"predecessor-version":[{"id":10127,"href":"https:\/\/lemotdujour.fr\/index.php?rest_route=\/wp\/v2\/posts\/2902\/revisions\/10127"}],"wp:attachment":[{"href":"https:\/\/lemotdujour.fr\/index.php?rest_route=%2Fwp%2Fv2%2Fmedia&parent=2902"}],"wp:term":[{"taxonomy":"category","embeddable":true,"href":"https:\/\/lemotdujour.fr\/index.php?rest_route=%2Fwp%2Fv2%2Fcategories&post=2902"},{"taxonomy":"post_tag","embeddable":true,"href":"https:\/\/lemotdujour.fr\/index.php?rest_route=%2Fwp%2Fv2%2Ftags&post=2902"}],"curies":[{"name":"wp","href":"https:\/\/api.w.org\/{rel}","templated":true}]}}