{"id":2867,"date":"2017-10-23T03:30:09","date_gmt":"2017-10-23T01:30:09","guid":{"rendered":"http:\/\/lemotdujour.fr\/?p=2867"},"modified":"2021-09-29T21:13:54","modified_gmt":"2021-09-29T19:13:54","slug":"lundi-23-octobre-2017","status":"publish","type":"post","link":"https:\/\/lemotdujour.fr\/?p=2867","title":{"rendered":"Lundi 23 octobre 2017"},"content":{"rendered":"<div class=\"mdjTexte\">\t\u00ab&nbsp;La R\u00e9forme&nbsp;\u00bb<\/div>\n<div class=\"mdjAuteur\">\tMouvement religieux n\u00e9 en 1517 en Allemagne et conduisant \u00e0 la cr\u00e9ation des \u00e9glises protestantes<\/div>\n<p><span style=\"color: #777777; font-family: Arial;\">2017 est une ann\u00e9e pleine d&rsquo;anniversaires et de comm\u00e9morations. Le mot du jour du 13 octobre en a rappel\u00e9 certains.<br \/>\n<\/span><\/p>\n<p><span style=\"color: #777777; font-family: Arial;\">J&rsquo;avais omis de citer l&rsquo;anniversaire qui a motiv\u00e9 notre jeune pr\u00e9sident improbable et cultiv\u00e9 \u00e0 inviter pour notre f\u00eate nationale le vieux pr\u00e9sident improbable et inculte des Etats-Unis. Il n&rsquo;y a que le caract\u00e8re improbable de leurs \u00e9lections respectives qui permet de trouver un point commun entre ces deux hommes. Il y a cent ans les Etats-Unis entraient en guerre au c\u00f4t\u00e9 des anglais et des fran\u00e7ais contre les allemands et les empires centraux. Ce point de d\u00e9part de l&rsquo;h\u00e9g\u00e9monie militaire et \u00e9conomique am\u00e9ricaine a continu\u00e9 tout au long du XX\u00e8me si\u00e8cle pendant lequel les am\u00e9ricains se sont occup\u00e9s des affaires europ\u00e9ennes, un peu pour pr\u00e9server leurs int\u00e9r\u00eats, beaucoup parce que nous autres europ\u00e9ens nous nous sommes tr\u00e8s mal comport\u00e9s et avons entra\u00een\u00e9 le monde dans des guerres mondiales apocalyptiques et des totalitarismes meurtriers qu&rsquo;ont \u00e9t\u00e9 le nazisme et le communisme bolch\u00e9vique.<br \/>\n<\/span><\/p>\n<p><span style=\"color: #777777; font-family: Arial;\">Et justement, un autre centenaire est \u00e0 comm\u00e9morer, les cents ans de la r\u00e9volution russe d&rsquo;abord celle de f\u00e9vrier qui renversa le Tsar, puis la vraie, la tragique celle qui allait permettre aux bolcheviks de prendre le pouvoir, d&rsquo;essayer de mettre en place un syst\u00e8me productiviste alternatif au capitalisme, de nier les libert\u00e9s, et d&rsquo;assassiner des millions de leurs concitoyens pour s&rsquo;\u00e9craser dans la d\u00e9route \u00e9conomique&nbsp;: la r\u00e9volution d&rsquo;octobre qui a eu lieu selon notre calendrier le 7 novembre 1917. Cette r\u00e9volution aura dur\u00e9 moins de 75 ans puisqu&rsquo;elle s&rsquo;acheva avec la fin de l&rsquo;Union Sovi\u00e9tique le 25 d\u00e9cembre 1991.<br \/>\n<\/span><\/p>\n<p><span style=\"color: #777777; font-family: Arial;\">Mais j&rsquo;entends parler cette semaine non d&rsquo;une r\u00e9volution (<em>quelqu&rsquo;un saurait-il m&rsquo;expliquer pourquoi on utilise ce mot qui signifie tourner autour d&rsquo;un astre pour revenir au m\u00eame point pour qualifier des bouleversements politiques, cela signifierait-il que forc\u00e9ment les r\u00e9volutions tournent en rond&nbsp;<\/em>?) mais de la R\u00e9forme.<br \/>\n<\/span><\/p>\n<p><span style=\"color: #777777; font-family: Arial;\">On oppose souvent la r\u00e9volution et la r\u00e9forme. Mais la R\u00e9forme fut un bouleversement religieux, politique et m\u00eame \u00e9conomique selon Max Weber qui \u00e9crivit&nbsp;: \u00ab&nbsp; <a href=\"https:\/\/fr.wikipedia.org\/wiki\/L%27%C3%89thique_protestante_et_l%27esprit_du_capitalisme\"><span style=\"color: #0000ff;\">L&rsquo;\u00c9thique protestante et l&rsquo;esprit du capitalisme<\/span>&nbsp;&nbsp;<\/a>\u00bb<br \/>\n<\/span><\/p>\n<p><span style=\"color: #777777; font-family: Arial;\">Selon l&rsquo;excellent outil du &lt;<a href=\"http:\/\/www.cnrtl.fr\/etymologie\/r%C3%A9forme\"><span style=\"color: #0000ff;\">CNTRL<\/span><\/a>&gt; du CNRS le verbe \u00ab&nbsp;R\u00e9former&nbsp;\u00bb est li\u00e9 \u00e0 la racine \u00ab&nbsp;former&nbsp;\u00bb et signifie \u00ab <strong>ramener \u00e0 sa forme primitive<\/strong> \u00bb, ce sens existerait depuis la fin du XII\u00e8me si\u00e8cle.<br \/>\n<\/span><\/p>\n<p><span style=\"color: #777777; font-family: Arial;\">La R\u00e9forme a 500 ans et s&rsquo;inscrit dans le temps long, plus long que la r\u00e9volution bolchevique.<br \/>\n<\/span><\/p>\n<p><span style=\"color: #777777; font-family: Arial;\">Les humains aiment dater le d\u00e9but d&rsquo;une p\u00e9riode, d&rsquo;un ph\u00e9nom\u00e8ne de temps long.<br \/>\n<\/span><\/p>\n<p><span style=\"color: #777777; font-family: Arial;\">Et on date le d\u00e9but de la R\u00e9forme au <strong>31 octobre 1517<\/strong>. Ce jour-l\u00e0, un moine augustin, professeur de th\u00e9ologie \u00e0 l&rsquo;universit\u00e9 de Wittembourg en Thuringe sur les terres du Prince \u00e9lecteur de Saxe, <strong>Martin Luther<\/strong> a rendu public et envoy\u00e9 \u00e0 certains interlocuteurs un document qui a gard\u00e9 pour nom dans l&rsquo;Histoire&nbsp;: \u00ab<span style=\"color: #0000ff;\">&nbsp;<\/span><a href=\"https:\/\/fr.wikipedia.org\/wiki\/95_th%C3%A8ses\"><span style=\"color: #0000ff;\"><strong>Les 95 th\u00e8ses<\/strong><\/span>&nbsp;<\/a>\u00bb contre les indulgences et le fonctionnement de l&rsquo;\u00e9glise en vue de provoquer un d\u00e9bat th\u00e9ologique, une bataille d&rsquo;id\u00e9es \u00e0 l&rsquo;int\u00e9rieur de l&rsquo;Eglise Catholique. Par un concours de circonstances, des malentendus mais aussi des postures politiques et nationalistes ce d\u00e9bat d&rsquo;id\u00e9es va s&rsquo;abimer dans des guerres, des affrontements et une rupture au sein de la chr\u00e9tient\u00e9 occidentale. Nous y reviendrons pendant quelques jours pour \u00e9clairer ce moment de l&rsquo;Histoire europ\u00e9enne et mondiale, car les Etats Unis sont impr\u00e9gn\u00e9s par cette r\u00e9volution luth\u00e9rienne qui va g\u00e9n\u00e9rer le mouvement protestant.<br \/>\n<\/span><\/p>\n<p><span style=\"color: #777777; font-family: Arial;\">Pour ce premier mot de la s\u00e9rie, je vais m&rsquo;int\u00e9resser au Monde \u00ab&nbsp;europ\u00e9en&nbsp;\u00bb dans lequel ce document de controverse th\u00e9ologique allait mener \u00e0 une explosion de rivalit\u00e9s, de haines et aussi de dynamisme intellectuel, politique et \u00e9conomique.<br \/>\n<\/span><\/p>\n<p><span style=\"color: #777777; font-family: Arial;\">Nous disons donc 1517.<br \/>\n<\/span><\/p>\n<p><span style=\"color: #777777; font-family: Arial;\">Tous les \u00e9l\u00e8ves ayant fr\u00e9quent\u00e9 des classes d&rsquo;Histoire de l&rsquo;\u00e9cole fran\u00e7aise ont au minimum une date grav\u00e9e dans leur m\u00e9moire&nbsp;: \u00ab&nbsp;<strong>1515<\/strong>&nbsp;\u00bb donc 2 ans avant 1517.<br \/>\n<\/span><\/p>\n<p><a href=\"https:\/\/fr.wikipedia.org\/wiki\/1515\"><span style=\"font-family: Arial;\"><span style=\"color: #0000ff;\">&lt;1515&gt;<\/span><\/span><\/a><span style=\"color: #777777; font-family: Arial;\">&nbsp; <strong>donc Fran\u00e7ois 1<sup>er<\/sup><\/strong>, donc Chambord, donc la Renaissance dans sa flamboyance.<br \/>\n<\/span><\/p>\n<p><span style=\"color: #777777; font-family: Arial;\">Luther (1483-1546) et Fran\u00e7ois 1<sup>er<\/sup> (1494-1547) sont des contemporains, Luther un peu plus \u00e2g\u00e9, 11 ans quand Fran\u00e7ois 1<sup>er<\/sup> na\u00eet. Mais \u00e0 partir des 95 th\u00e8ses et pendant tout le reste de la vie de Luther, la France n&rsquo;eut qu&rsquo;un seul roi, un roi catholique mais qui par sa politique aida grandement la diffusion du protestantisme en Europe et notamment au sein des Etats du Saint Empire Romain germanique o\u00f9 r\u00e9gnait son ennemi principal l&#8217;empereur Charles Quint.<br \/>\n<\/span><\/p>\n<p><span style=\"color: #777777; font-family: Arial;\">1515, donc <\/span><span style=\"color: #0000ff; font-family: Arial;\">&lt;<a href=\"https:\/\/fr.wikipedia.org\/wiki\/Bataille_de_Marignan\"><span style=\"color: #0000ff;\">la bataille de Marignan<\/span><\/a>&gt; <\/span><span style=\"color: #777777; font-family: Arial;\">en Italie \u00e0 16 km au sud-est de Milan. Pour les plus savants la bataille eut lieu les 13 et 14 septembre 1515 et opposa le roi de France Fran\u00e7ois Ier et ses alli\u00e9s v\u00e9nitiens aux mercenaires suisses qui d\u00e9fendaient le duch\u00e9 de Milan.<br \/>\n<\/span><\/p>\n<p><span style=\"color: #777777; font-family: Arial;\">Donc l&rsquo;Italie \u2026au c\u0153ur des rivalit\u00e9s europ\u00e9ennes, si\u00e8ge de la papaut\u00e9 et de rivalit\u00e9s internes fortes entre Venise, G\u00e8nes, Milan et Rome.<br \/>\n<\/span><\/p>\n<p><span style=\"color: #777777; font-family: Arial;\">Et Florence\u2026<\/span><span style=\"color: #0000ff; font-family: Arial;\"> <a href=\"https:\/\/fr.wikipedia.org\/wiki\/Laurent_de_M%C3%A9dicis\"><span style=\"color: #0000ff;\">&lt;Laurent de M\u00e9dicis dit le<\/span> <span style=\"color: #0000ff;\">Magnifique&gt;<\/span><\/a> <\/span><span style=\"color: #777777; font-family: Arial;\">(1449-1492), donc un a\u00een\u00e9 pour Luther qui avait 9 ans quand Laurent le Magnifique est mort. Mais en 1513, le Pape qui est \u00e9lu \u00e0 Rome a pour nom L\u00e9on X, ce fut le Pape qui dirigeait l&rsquo;Eglise catholique en 1517. Qui est L\u00e9on X en r\u00e9alit\u00e9&nbsp;?<br \/>\n<\/span><\/p>\n<p><span style=\"color: #0000ff;\"><a href=\"https:\/\/fr.wikipedia.org\/wiki\/L%C3%A9on_X\"><span style=\"font-family: Arial;\"><span style=\"color: #0000ff;\">&lt;L\u00e9on X&gt;<\/span><\/span><\/a> <\/span><span style=\"color: #777777; font-family: Arial;\">eut pour nom de bapt\u00eame Giovanni M\u00e9dicis, c&rsquo;est le second fils de Laurent de M\u00e9dicis. Il fut Pape de 1513 \u00e0 1521.<br \/>\n<\/span><\/p>\n<p><span style=\"color: #777777; font-family: Arial;\">L\u00e9on X, comme tous les souverains europ\u00e9ens et particuli\u00e8rement italiens fut un grand protecteur des arts. Il fit notamment travailler pour lui <\/span><span style=\"color: #777777; font-family: Arial;\"><a title=\"Rapha\u00ebl (peintre)\" href=\"https:\/\/fr.wikipedia.org\/wiki\/Rapha%C3%ABl_%28peintre%29\"><span style=\"color: #0000ff;\">Rapha\u00ebl<\/span><\/a> <\/span><span style=\"color: #777777; font-family: Arial;\">(1483-1520) n\u00e9 la m\u00eame ann\u00e9e que Luther. Il peignit le portrait de L\u00e9on X, que l&rsquo;on peut admirer de nos jours \u00e0 la <\/span><span style=\"color: #777777; font-family: Arial;\"><a title=\"Galerie des Offices\" href=\"https:\/\/fr.wikipedia.org\/wiki\/Galerie_des_Offices\"><span style=\"color: #0000ff;\">galerie des Offices<\/span><\/a> <\/span><span style=\"color: #777777; font-family: Arial;\">de Florence.<br \/>\n<\/span><\/p>\n<p><span style=\"color: #777777; font-family: Arial;\">L\u00e9on X succ\u00e9da au pape <\/span><span style=\"color: #0000ff; font-family: Arial;\"><a href=\"https:\/\/fr.wikipedia.org\/wiki\/Jules_II\"><span style=\"color: #0000ff;\">Ju<\/span>l<span style=\"color: #0000ff;\">es II<\/span><\/a>,<\/span><span style=\"color: #777777; font-family: Arial;\"> le pape de<\/span><span style=\"color: #777777; font-family: Arial;\"> <a href=\"https:\/\/fr.wikipedia.org\/wiki\/Michel-Ange\"><span style=\"color: #0000ff;\">Michel Ange<\/span><\/a> <\/span><span style=\"color: #777777; font-family: Arial;\">(1475-1564) qui naquit donc avant Luther et mourra apr\u00e8s. Jules II fut aussi le Pape qui entreprit l&rsquo;\u00e9dification de la <\/span><span style=\"color: #0000ff; font-family: Arial;\">&lt;<a href=\"https:\/\/fr.wikipedia.org\/wiki\/Basilique_Saint-Pierre\"><span style=\"color: #0000ff;\">basilique Saint Pierre<\/span><\/a>&gt; <\/span><span style=\"color: #777777; font-family: Arial;\"> qui fut financ\u00e9e en partie par les <\/span><span style=\"color: #777777; font-family: Arial;\"><a href=\"https:\/\/fr.wikipedia.org\/wiki\/Indulgence_(catholicisme)\"><span style=\"color: #0000ff;\">&lt;Indulgences&gt;<\/span><\/a> qui jou\u00e8rent un r\u00f4le certain mais toutefois limit\u00e9 dans le combat th\u00e9ologique de Luther.<br \/>\n<\/span><\/p>\n<p><span style=\"color: #777777; font-family: Arial;\">Le successeur de L\u00e9on X, Adrien VI ne r\u00e9gna qu&rsquo;un peu plus d&rsquo;un an. Il \u00e9tait originaire d&rsquo;Utrecht ville des futurs Pays-Bas. Il est surtout connu comme \u00e9tant le dernier pape non italien avant Jean-Paul II&nbsp;!<br \/>\n<\/span><\/p>\n<p><span style=\"color: #777777; font-family: Arial;\">Et apr\u00e8s ce Pape de transition, il y eut <a href=\"https:\/\/fr.wikipedia.org\/wiki\/Cl%C3%A9ment_VII\"><span style=\"color: #0000ff;\">Cl\u00e9ment<\/span> <span style=\"color: #0000ff;\">VII<\/span><\/a> (1523-1534) en pleine expansion du protestantisme, il \u00e9tait en r\u00e9alit\u00e9 le fils ill\u00e9gitime de Julien de M\u00e9dicis, fr\u00e8re de Laurent le Magnifique.<br \/>\n<\/span><\/p>\n<p><span style=\"color: #777777; font-family: Arial;\">Pour rester avec les M\u00e9dicis et Florence, nous devons rappeler que les M\u00e9dicis seront renvers\u00e9s par la conqu\u00eate fran\u00e7aise en 1494. Un fr\u00e8re dominicain du nom de <span style=\"color: #0000ff;\"><a href=\"https:\/\/fr.wikipedia.org\/wiki\/J%C3%A9r%C3%B4me_Savonarole\"><span style=\"color: #0000ff;\">Savonarole<\/span><\/a><\/span> va alors jouer un r\u00f4le essentiel dans la cit\u00e9 des M\u00e9dicis. Il rencontre le roi de France Charles VIII, n\u00e9gocie les conditions de la paix et \u00e9vite le sac de la ville. Les Florentins sont autoris\u00e9s par le roi de France \u00e0 choisir leur propre mode de gouvernement. Savonarole devient alors dirigeant de la cit\u00e9. Il institue un r\u00e9gime qu&rsquo;il d\u00e9crit comme une \u00ab R\u00e9publique chr\u00e9tienne et religieuse \u00bb.<br \/>\n<\/span><\/p>\n<p><span style=\"color: #777777; font-family: Arial;\">Homme intransigeant, voulant lutter contre toute corruption il va instituer un pouvoir totalitaire, dans le sens qu&rsquo;il veut tout contr\u00f4ler de la vie des florentins m\u00eame la vie intime. Il finira tr\u00e8s mal puisqu&rsquo;il mourut pendu et br\u00fbl\u00e9 \u00e0 Florence le 23 mai 1498, Luther avait 15 ans. Certains citent Savonarole comme un pr\u00e9curseur de Luther car il voulait lutter contre la corruption et les abus de l&rsquo;Eglise, mais nous verrons que ce ne fut pas le combat principal de Luther.<br \/>\n<\/span><\/p>\n<p><span style=\"color: #777777; font-family: Arial;\">Savonarole fut donc l&rsquo;alli\u00e9 du roi de France et l&rsquo;ennemi du Duch\u00e9 de Milan qui \u00e9tait au main de la famille Sforza, ce qui \u00e9tait encore le cas lorsqu&rsquo;en 1515, \u00e0 Marignan, Fran\u00e7ois 1<sup>er<\/sup> vainquit les troupes alli\u00e9es au duch\u00e9 de Milan.<br \/>\n<\/span><\/p>\n<p><span style=\"color: #777777; font-family: Arial;\">Un autre grand ennemi de Savonarole \u00e9tait le pape <span style=\"color: #0000ff;\"><a href=\"https:\/\/fr.wikipedia.org\/wiki\/Alexandre_VI\"><span style=\"color: #0000ff;\">Alexandre<\/span> <span style=\"color: #0000ff;\">VI<\/span><\/a>,<\/span> pape de 1492 \u00e0 1503, de la famille romaine des Borgia, p\u00e8re de Lucr\u00e8ce Borgia et <a href=\"https:\/\/fr.wikipedia.org\/wiki\/C%C3%A9sar_Borgia\"><span style=\"color: #0000ff;\">C\u00e9sar Borgia<\/span><\/a> (1475-1507). Ce dernier est mort 10 ans avant les 95 th\u00e8ses, il avait 8 ans \u00e0 la naissance de Luther.<br \/>\n<\/span><\/p>\n<p><span style=\"color: #777777; font-family: Arial;\">Qui dit C\u00e9sar Borgia, pense \u00e0 <a href=\"https:\/\/fr.wikipedia.org\/wiki\/Nicolas_Machiavel\"><span style=\"color: #0000ff;\">Machiavel<\/span><\/a> (1469-1527) un autre contemporain de Luther, m\u00eame s&rsquo;il est un peu son a\u00een\u00e9. Je n&rsquo;ai vu nulle part que Luther aurait lu Machiavel, d&rsquo;ailleurs <a href=\"https:\/\/fr.wikipedia.org\/wiki\/Le_Prince\"><span style=\"color: #0000ff;\">&lt;Le Prince&gt;<\/span><\/a> est paru en 1532. Mais dans le monde europ\u00e9en de Luther existait la pens\u00e9e de Machiavel sur le pouvoir.<br \/>\n<\/span><\/p>\n<p><span style=\"color: #777777; font-family: Arial;\">Revenons \u00e0 Fran\u00e7ois 1<sup>er<\/sup> et l&rsquo;Italie, dans ce cas un autre nom illustre d&rsquo;entre les illustres nous revient en m\u00e9moire&nbsp;: <a href=\"https:\/\/fr.wikipedia.org\/wiki\/L%C3%A9onard_de_Vinci\"><span style=\"color: #0000ff;\">&lt;L\u00e9onard de Vinci&gt;<\/span><\/a> (1452-1519), il est mort 2 ans apr\u00e8s 1517, il faisait partie du panth\u00e9on culturel de l&rsquo;Europe de Luther.<br \/>\n<\/span><\/p>\n<p><span style=\"color: #777777; font-family: Arial;\">Fran\u00e7ois 1<sup>er<\/sup> eut pour principal ennemi Charles Quint, pour lutter contre lui il se chercha des alli\u00e9s. Et dans un \u00e9pisode fameux <a href=\"https:\/\/www.herodote.net\/7_juin_1520-evenement-15200607.php\"><span style=\"color: #0000ff;\">&lt;Le camp du Drap d&rsquo;or&gt;<\/span><\/a> qui est le nom donn\u00e9 \u00e0 la rencontre diplomatique du 7 au 24 juin 1520, dans un lieu situ\u00e9 dans le Nord de la France, pr\u00e8s de Calais il rencontra le roi Henri VIII d&rsquo;Angleterre. Cette rencontre n&rsquo;aboutit pas \u00e0 l&rsquo;alliance souhait\u00e9e.<br \/>\n<\/span><\/p>\n<p><span style=\"color: #777777; font-family: Arial;\">Mais Henry VIII de la famille Tudor (1491-1547) qui fut roi d&rsquo;Angleterre et d&rsquo;Irlande de 1509 \u00e0 sa mort, fut aussi un grand contemporain de Luther. Il devint roi alors que Luther avait 26 ans. Ce dernier ne connut \u00e0 partir de cet instant aucun autre roi d&rsquo;Angleterre jusqu&rsquo;\u00e0 sa mort.<br \/>\n<\/span><\/p>\n<p><a href=\"https:\/\/fr.wikipedia.org\/wiki\/Henri_VIII\"><span style=\"font-family: Arial;\"><span style=\"color: #0000ff;\">&lt;Henry VIII<\/span>&gt;<\/span><\/a><span style=\"color: #777777; font-family: Arial;\"> avait \u00e9pous\u00e9 Catherine d&rsquo;Aragon mais souhaitait l&rsquo;annulation de ce mariage pour \u00e9pouser une des dames de compagnie de la reine&nbsp;: <span style=\"color: #0000ff;\">&lt;<a href=\"https:\/\/fr.wikipedia.org\/wiki\/Anne_Boleyn\"><span style=\"color: #0000ff;\">Anne<\/span> <span style=\"color: #0000ff;\">Boleyn<\/span><\/a>&gt;<\/span>. Mais pour ce faire il avait besoin de l&rsquo;appui du Pape, et Cl\u00e9ment VII dont nous avons d\u00e9j\u00e0 parl\u00e9 a refus\u00e9 obstin\u00e9ment de c\u00e9der \u00e0 l&rsquo;injonction du roi. C&rsquo;est pourquoi Henry VIII entreprit, \u00e0 sa fa\u00e7on, une r\u00e9forme pour donner naissance \u00e0 l&rsquo;\u00e9glise anglicane dont le chef est le souverain britannique. Sans le mouvement lanc\u00e9 par Luther en Allemagne, probablement qu&rsquo;Henry VIII n&rsquo;aurait pas eu cette initiative qui s&rsquo;inscrit imm\u00e9diatement dans la R\u00e9forme.<br \/>\n<\/span><\/p>\n<p><span style=\"color: #777777; font-family: Arial;\">Wikip\u00e9dia affirme \u00e0 propos d&rsquo;Anne Boleyn que&nbsp;:<br \/>\n<\/span><\/p>\n<p style=\"margin-left: 28pt;\"><span style=\"color: #c00000; font-family: Arial;\">\u00ab&nbsp;Sa r\u00e9putation d&rsquo;\u00eatre favorable \u00e0 la r\u00e9forme religieuse se r\u00e9pand dans toute l&rsquo;Europe, elle est adul\u00e9e par l&rsquo;\u00e9lite protestante ; m\u00eame Martin Luther voit d&rsquo;un bon \u0153il son accession au tr\u00f4ne.&nbsp;\u00bb<br \/>\n<\/span><\/p>\n<p><span style=\"color: #777777; font-family: Arial;\">Vous savez que cette pauvre Anne Boleyn fut d\u00e9capit\u00e9e sur ordre de Henry VIII mais que leur fille fut reine d&rsquo;Angleterre et que cette reine fut la Grande <span style=\"color: #0000ff;\">&lt;<a href=\"https:\/\/fr.wikipedia.org\/wiki\/%C3%89lisabeth_Ire_(reine_d%27Angleterre)\"><span style=\"color: #0000ff;\">Elisabeth<\/span> <span style=\"color: #0000ff;\">1<sup>\u00e8re<\/sup><\/span><\/a>&gt;<\/span> (Reine de 1558-1603), d\u00e9but de l&rsquo;\u00e2ge d&rsquo;or de la Grande Bretagne. Elle consolida l&rsquo;Eglise anglicane et l&rsquo;inscrivit dans le protestantisme. Fort de cet h\u00e9ritage l&rsquo;Acte d&rsquo;\u00e9tablissement de 1701 exclura de la succession des rois d&rsquo;Angleterre, les catholiques. Ce qui explique l&rsquo;av\u00e8nement comme roi d&rsquo;Angleterre, du Prince \u00e9lecteur de Hanovre sous le nom de Georges 1<sup>er<\/sup> (roi de 1714 \u00e0 1727). Car \u00e0 la mort de la reine Anne de Grande-Bretagne, si plus de 50 nobles avaient des liens de parent\u00e9 plus \u00e9troits avec la reine Anne que lui, ils \u00e9taient tous catholiques. George \u00e9tait donc le plus proche parent protestant d&rsquo;Anne. C&rsquo;est ainsi que la maison allemande des Hanovre s&#8217;empara de la couronne britannique.<br \/>\n<\/span><\/p>\n<p><span style=\"color: #777777; font-family: Arial;\">La couronne britannique a toujours ses racines allemandes. La reine Victoria fut la derni\u00e8re des souverains de la Maison de Hanovre. Mais ayant \u00e9pous\u00e9, en outre, un allemand : le prince Albert de Saxe-Cobourg-Gotha, lorsque \u00c9douard VII, fils de la reine Victoria, monte sur le tr\u00f4ne, il portera le nom de son p\u00e8re et la maison royale prend d\u00e8s lors le nom de Saxe-Cobourg-Gotha. Et c&rsquo;est en pleine premi\u00e8re guerre mondiale, il y a 100 ans, en 1917, que ce nom trop clairement li\u00e9 \u00e0 l&rsquo;ennemi allemand fut chang\u00e9. Ainsi, cette dynastie toujours au pouvoir pris le nom d&rsquo;un ch\u00e2teau, situ\u00e9 dans le Berkshire \u00e0 l&rsquo;ouest de Londres&nbsp;: le ch\u00e2teau de Windsor.<br \/>\n<\/span><\/p>\n<p><span style=\"color: #777777; font-family: Arial;\">Ceci nous \u00e9loigne de Luther mais il fallait bien expliquer les cons\u00e9quences de la d\u00e9cision de Henry VIII de cr\u00e9er l&rsquo;\u00e9glise anglicane pour \u00e9pouser Anne Boleyn et le lien avec le protestantisme issu de la R\u00e9forme luth\u00e9rienne<br \/>\n<\/span><\/p>\n<p><span style=\"color: #777777; font-family: Arial;\">Mais venons maintenant au c\u0153ur de la r\u00e9forme luth\u00e9rienne. Luther est allemand. Il est professeur \u00e0 l&rsquo;universit\u00e9 de Wittemberg, en Thuringe. Le souverain de ce lieu, est en 1517, le Prince \u00e9lecteur de Saxe&nbsp;: <a href=\"https:\/\/fr.wikipedia.org\/wiki\/Fr%C3%A9d%C3%A9ric_III_de_Saxe\"><span style=\"color: #0000ff;\">Fr\u00e9d\u00e9ric le Sage<\/span><\/a><span style=\"color: #0000ff;\">.<\/span> Il est \u00e9lecteur de l&rsquo;Empereur du Saint Empire Germanique. Car l&rsquo;Allemagne a un semblant d&rsquo;unit\u00e9 repr\u00e9sent\u00e9e par l&rsquo;Empereur.(Le premier Reich, le deuxi\u00e8me sera celui cr\u00e9\u00e9 par Bismarck pour Guillaume 1<sup>er<\/sup>, le troisi\u00e8me est tristement c\u00e9l\u00e8bre) .<br \/>\n<\/span><\/p>\n<p><span style=\"color: #777777; font-family: Arial;\">En 1517, l&rsquo;Empereur est Maximilien 1<sup>er<\/sup> de la maison des Habsbourg. Il va mourir en 1519 ouvrant une nouvelle p\u00e9riode \u00e9lectorale incertaine dans laquelle vont s&rsquo;affronter Fran\u00e7ois 1<sup>er<\/sup> qui veut devenir empereur et le futur Charles Quint de la maison des Habsbourg. On sait que ce fut <span style=\"color: #0000ff;\">&lt;<a href=\"https:\/\/fr.wikipedia.org\/wiki\/Charles_Quint\"><span style=\"color: #0000ff;\">Charles<\/span> <span style=\"color: #0000ff;\">Quint<\/span><\/a>&gt;<\/span> qui l&#8217;emporta mais la rivalit\u00e9 entre la France et la maison Habsbourg ne gagna qu&rsquo;en intensit\u00e9. Le d\u00e9but de la r\u00e9forme apr\u00e8s 1517 \u00e9mergea dans un empire affaibli par un jeune empereur non encore aguerri, des Etats allemands souhaitant de plus en plus d&rsquo;ind\u00e9pendance par rapport \u00e0 l&rsquo;Empereur et la Papaut\u00e9 et un roi de France qui trouva dans cette fracture en train de na\u00eetre entre catholiques et protestants un germe f\u00e9cond de division de nature \u00e0 affaiblir son ennemi, voire le vaincre. Cette division allait cependant s&#8217;emparer quelques ann\u00e9es apr\u00e8s de la France s&rsquo;abimant dans les guerres de religion.<br \/>\n<\/span><\/p>\n<p><span style=\"color: #777777; font-family: Arial;\">Luther et la R\u00e9forme auraient \u00e9t\u00e9 an\u00e9antis aussi s\u00fbrement que les tentatives pr\u00e9c\u00e9dentes de r\u00e9former l&rsquo;Eglise et la papaut\u00e9 de <a href=\"https:\/\/fr.wikipedia.org\/wiki\/Jan_Hus\">&lt;<span style=\"color: #0000ff;\">Jan Hus<\/span>&gt;<\/a>ou de <a href=\"https:\/\/fr.wikipedia.org\/wiki\/John_Wyclif\">&lt;<span style=\"color: #0000ff;\">John Wyclif<\/span>&gt;<\/a> s&rsquo;il n&rsquo;avait pas pu b\u00e9n\u00e9ficier du soutien sans faille m\u00eame s&rsquo;il fut ambig\u00fce de Fr\u00e9d\u00e9ric le Sage et de cette rivalit\u00e9 fondamentale entre Fran\u00e7ois 1<sup>er<\/sup> et Charles Quint.<br \/>\n<\/span><\/p>\n<p><span style=\"color: #777777; font-family: Arial;\">Mais cette description du Monde de Luther et de la R\u00e9forme ne serait pas compl\u00e8te, si on ne rappelait pas 3 dates&nbsp;:<br \/>\n<\/span><\/p>\n<ul>\n<li><span style=\"color: #777777; font-family: Arial;\"><strong>1453&nbsp;<\/strong>: L&#8217;empire Ottoman s&#8217;empare de Constantinople et met fin \u00e0 l&rsquo;Empire romain d&rsquo;Orient. Luther na\u00eetra 30 ans apr\u00e8s.<br \/>\n<\/span><\/li>\n<\/ul>\n<ul>\n<li><span style=\"color: #777777; font-family: Arial;\"><strong>1492<\/strong>&nbsp;: Luther a 9 ans et Christophe Collomb d\u00e9couvre l&rsquo;Am\u00e9rique. Les 95 th\u00e8ses sont publi\u00e9es le 31 octobre 1517, ce m\u00eame mois d&rsquo;Octobre 1517, \u00e0 S\u00e9ville, Fernand de Magellan commence les pr\u00e9paratifs du premier tour du monde. <a href=\"https:\/\/fr.wikipedia.org\/wiki\/Fernand_de_Magellan\">&lt;<span style=\"color: #0000ff;\">Magellan<\/span>&gt;<\/a>, (1480-1521) est un autre contemporain imm\u00e9diat de Luther.<br \/>\n<\/span><\/li>\n<\/ul>\n<ul>\n<li><span style=\"color: #777777; font-family: Arial;\">Et probablement la plus importante pour la r\u00e9forme&nbsp;: <strong>1451<\/strong>&nbsp;: Le premier livre europ\u00e9en est imprim\u00e9 par Gutenberg avec des caract\u00e8res mobiles \u00ab&nbsp;la grammaire latine de Donatus&nbsp;\u00bb. Puis la premi\u00e8re \u00e9dition latine de la Bible est celle dite de la \u00ab Bible \u00e0 quarante-deux lignes \u00bb en 1453 par Gutenberg. Des presses s&rsquo;installent rapidement dans les grandes villes d&rsquo;Europe : Cologne (1464), B\u00e2le (1466), Rome (1467), Venise (1469), Paris (1470), Lyon (1473), Bruges (1474), Gen\u00e8ve (1478), Londres (1480), Anvers (1481) et des centaines d&rsquo;autres. En 1500, on comptait plus de 200 ateliers d&rsquo;imprimerie dans la seule Allemagne. Sans l&rsquo;invention de l&rsquo;imprimerie, Luther et les R\u00e9form\u00e9s n&rsquo;auraient jamais pu diffuser leurs id\u00e9es avec une telle puissance et vitesse.<br \/>\n<\/span><\/li>\n<\/ul>\n<p><span style=\"color: #777777; font-family: Arial;\">Il faut bien arr\u00eater cet exercice d&rsquo;\u00e9rudition pr\u00e9sentant le monde o\u00f9 Luther a agi et proclam\u00e9 ses th\u00e8ses r\u00e9formatrices. Mais je ferais une impasse trop importante si je ne citais un autre immense penseur de la culture europ\u00e9enne, contemporain de Luther, d&rsquo;abord son alli\u00e9 puis son adversaire, l&rsquo;humaniste hollandais <a href=\"https:\/\/fr.wikipedia.org\/wiki\/%C3%89rasme\">&lt;<span style=\"color: #0000ff;\">Erasme<\/span>&gt;<\/a> (1467-1536)<br \/>\n<\/span><\/p>\n<p><span style=\"color: #777777; font-family: Arial;\">Luther est le contraire d&rsquo;un penseur isol\u00e9 dans un coin obscur de Thuringe. Il nait et pr\u00eache dans un monde en plein mouvement, en plein dynamisme avec de grands artistes, de grands penseurs et de grands d\u00e9couvreurs. Un dernier&nbsp;: 10 ans avant la naissance de Luther, naissait <a href=\"https:\/\/fr.wikipedia.org\/wiki\/Nicolas_Copernic\"><span style=\"color: #0000ff;\">Nicolas Copernic<\/span><\/a> (1473 \u2013 1543) qui d\u00e9fendra la th\u00e9orie de l&rsquo;h\u00e9liocentrisme.<\/span><\/p>\n<p><span style=\"color: #800000;\">&lt;955&gt;<\/span><\/p>\n","protected":false},"excerpt":{"rendered":"<p>\u00ab&nbsp;La R\u00e9forme&nbsp;\u00bb Mouvement religieux n\u00e9 en 1517 en Allemagne et conduisant \u00e0 la cr\u00e9ation des \u00e9glises protestantes 2017 est une ann\u00e9e pleine d&rsquo;anniversaires et de comm\u00e9morations. Le mot du jour du 13 octobre en a rappel\u00e9 certains. J&rsquo;avais omis de<\/p>\n","protected":false},"author":1,"featured_media":0,"comment_status":"open","ping_status":"closed","sticky":false,"template":"","format":"standard","meta":{"footnotes":""},"categories":[1],"tags":[47,17,34],"class_list":["post-2867","post","type-post","status-publish","format-standard","hentry","category-motdujour","tag-allemagne","tag-histoire","tag-religion"],"_links":{"self":[{"href":"https:\/\/lemotdujour.fr\/index.php?rest_route=\/wp\/v2\/posts\/2867","targetHints":{"allow":["GET"]}}],"collection":[{"href":"https:\/\/lemotdujour.fr\/index.php?rest_route=\/wp\/v2\/posts"}],"about":[{"href":"https:\/\/lemotdujour.fr\/index.php?rest_route=\/wp\/v2\/types\/post"}],"author":[{"embeddable":true,"href":"https:\/\/lemotdujour.fr\/index.php?rest_route=\/wp\/v2\/users\/1"}],"replies":[{"embeddable":true,"href":"https:\/\/lemotdujour.fr\/index.php?rest_route=%2Fwp%2Fv2%2Fcomments&post=2867"}],"version-history":[{"count":17,"href":"https:\/\/lemotdujour.fr\/index.php?rest_route=\/wp\/v2\/posts\/2867\/revisions"}],"predecessor-version":[{"id":12291,"href":"https:\/\/lemotdujour.fr\/index.php?rest_route=\/wp\/v2\/posts\/2867\/revisions\/12291"}],"wp:attachment":[{"href":"https:\/\/lemotdujour.fr\/index.php?rest_route=%2Fwp%2Fv2%2Fmedia&parent=2867"}],"wp:term":[{"taxonomy":"category","embeddable":true,"href":"https:\/\/lemotdujour.fr\/index.php?rest_route=%2Fwp%2Fv2%2Fcategories&post=2867"},{"taxonomy":"post_tag","embeddable":true,"href":"https:\/\/lemotdujour.fr\/index.php?rest_route=%2Fwp%2Fv2%2Ftags&post=2867"}],"curies":[{"name":"wp","href":"https:\/\/api.w.org\/{rel}","templated":true}]}}