{"id":2853,"date":"2014-11-06T13:54:28","date_gmt":"2014-11-06T12:54:28","guid":{"rendered":"http:\/\/lemotdujour.fr\/?p=2853"},"modified":"2021-10-28T22:41:24","modified_gmt":"2021-10-28T20:41:24","slug":"jeudi-6-novembre-2014","status":"publish","type":"post","link":"https:\/\/lemotdujour.fr\/?p=2853","title":{"rendered":"Jeudi 6 novembre 2014"},"content":{"rendered":"<div class=\"mdjTexte\">\t\u00ab&nbsp;Le verrou de Bercy&nbsp;\u00bb<\/div>\n<div class=\"mdjAuteur\">\tSingularit\u00e9 fran\u00e7aise.<\/div>\n<p><span style=\"color: #777777; font-family: Arial;\">En France, nul ne peut \u00eatre poursuivi devant un tribunal p\u00e9nal sans l&rsquo;autorisation de La Commission des Infractions Fiscales (C.I.F.) qui est une instance du Minist\u00e8re des Finances \u00e0 Bercy. C&rsquo;est ce m\u00e9canisme qui est appel\u00e9 \u00able verrou de Bercy\u00bb.<br \/>\n<\/span><\/p>\n<p><span style=\"color: #777777; font-family: Arial;\">Il s&rsquo;agit d&rsquo;une confusion entre l&rsquo;ex\u00e9cutif et le judiciaire, puisque l&rsquo;on met, pour ce type d&rsquo;infraction, le procureur et le juge sous la tutelle pr\u00e9alable d&rsquo;une \u00e9manation du pouvoir ex\u00e9cutif.<br \/>\n<\/span><\/p>\n<p><span style=\"color: #777777; font-family: Arial;\">En Principe quand une infraction est commise, il faut pr\u00e9venir un procureur et c&rsquo;est \u00e0 ce dernier, magistrat donc fonctionnaire de l&rsquo;ordre judiciaire, qu&rsquo;il appartient de d\u00e9cider de poursuivre ou non.<br \/>\n<\/span><\/p>\n<p><span style=\"color: #777777; font-family: Arial;\">C&rsquo;est un des principes de base que l&rsquo;on apprend quand on fait des \u00e9tudes de Droit et dont le fondement se trouve dans la d\u00e9claration des droits de l&rsquo;Homme et des citoyens de 1789 dans son article 16.<br \/>\n<\/span><\/p>\n<p style=\"margin-left: 28pt;\"><span style=\"color: #c00000; font-family: Arial;\">Article 16. \u00ab&nbsp;<strong>Toute Soci\u00e9t\u00e9 dans laquelle la garantie des Droits n&rsquo;est pas assur\u00e9e, ni la s\u00e9paration des Pouvoirs d\u00e9termin\u00e9e, n&rsquo;a point de Constitution.\u00bb<br \/>\n<\/strong><\/span><\/p>\n<p><span style=\"color: #777777; font-family: Arial;\">Poursuivre, juger c&rsquo;est le pouvoir judiciaire, si le pouvoir ex\u00e9cutif s&rsquo;en m\u00eale, il n&rsquo;y a pas s\u00e9paration des pouvoirs.<br \/>\n<\/span><\/p>\n<p><span style=\"color: #777777; font-family: Arial;\">Les diff\u00e9rents sp\u00e9cialistes de la corruption, qui s&rsquo;expriment beaucoup ces derniers temps : Antoine Peillon, Edwy Plenel plaident pour qu&rsquo;on fasse sauter le \u00ab&nbsp;verrou de Bercy&nbsp;\u00bb.<br \/>\n<\/span><\/p>\n<p><span style=\"color: #777777; font-family: Arial;\">Lors de l&rsquo;affaire Cahuzac cette question s&rsquo;\u00e9tait d\u00e9j\u00e0 pos\u00e9e de mani\u00e8re tr\u00e8s pr\u00e9gnante :<br \/>\n<\/span><\/p>\n<p><span style=\"color: #0000ff;\"><a href=\"http:\/\/www.liberation.fr\/futurs\/2013\/07\/15\/fraude-fiscale-faire-sauter-le-verrou-de-bercy_918449\"><span style=\"font-family: Arial;\"><span style=\"color: #0000ff;\">&lt;Faire sauter le verrou de Bercy&gt;<\/span><\/span><\/a><\/span><\/p>\n<p><span style=\"color: #777777; font-family: Arial;\">Pour l&rsquo;instant les gouvernements de droite comme de gauche ont toujours refus\u00e9 de remettre en cause ce m\u00e9canisme.<br \/>\n<\/span><\/p>\n<p><span style=\"color: #800000; font-family: Arial;\">&lt;387&gt;<\/span><\/p>\n","protected":false},"excerpt":{"rendered":"<p>\u00ab&nbsp;Le verrou de Bercy&nbsp;\u00bb Singularit\u00e9 fran\u00e7aise. En France, nul ne peut \u00eatre poursuivi devant un tribunal p\u00e9nal sans l&rsquo;autorisation de La Commission des Infractions Fiscales (C.I.F.) qui est une instance du Minist\u00e8re des Finances \u00e0 Bercy. C&rsquo;est ce m\u00e9canisme qui<\/p>\n","protected":false},"author":1,"featured_media":0,"comment_status":"open","ping_status":"closed","sticky":false,"template":"","format":"standard","meta":{"footnotes":""},"categories":[1],"tags":[42,15,3],"class_list":["post-2853","post","type-post","status-publish","format-standard","hentry","category-motdujour","tag-corruption","tag-france","tag-politique"],"_links":{"self":[{"href":"https:\/\/lemotdujour.fr\/index.php?rest_route=\/wp\/v2\/posts\/2853","targetHints":{"allow":["GET"]}}],"collection":[{"href":"https:\/\/lemotdujour.fr\/index.php?rest_route=\/wp\/v2\/posts"}],"about":[{"href":"https:\/\/lemotdujour.fr\/index.php?rest_route=\/wp\/v2\/types\/post"}],"author":[{"embeddable":true,"href":"https:\/\/lemotdujour.fr\/index.php?rest_route=\/wp\/v2\/users\/1"}],"replies":[{"embeddable":true,"href":"https:\/\/lemotdujour.fr\/index.php?rest_route=%2Fwp%2Fv2%2Fcomments&post=2853"}],"version-history":[{"count":7,"href":"https:\/\/lemotdujour.fr\/index.php?rest_route=\/wp\/v2\/posts\/2853\/revisions"}],"predecessor-version":[{"id":12536,"href":"https:\/\/lemotdujour.fr\/index.php?rest_route=\/wp\/v2\/posts\/2853\/revisions\/12536"}],"wp:attachment":[{"href":"https:\/\/lemotdujour.fr\/index.php?rest_route=%2Fwp%2Fv2%2Fmedia&parent=2853"}],"wp:term":[{"taxonomy":"category","embeddable":true,"href":"https:\/\/lemotdujour.fr\/index.php?rest_route=%2Fwp%2Fv2%2Fcategories&post=2853"},{"taxonomy":"post_tag","embeddable":true,"href":"https:\/\/lemotdujour.fr\/index.php?rest_route=%2Fwp%2Fv2%2Ftags&post=2853"}],"curies":[{"name":"wp","href":"https:\/\/api.w.org\/{rel}","templated":true}]}}