{"id":2787,"date":"2013-06-18T19:33:06","date_gmt":"2013-06-18T17:33:06","guid":{"rendered":"http:\/\/lemotdujour.fr\/?p=2787"},"modified":"2020-11-15T17:03:34","modified_gmt":"2020-11-15T16:03:34","slug":"mardi-18-juin-2013","status":"publish","type":"post","link":"https:\/\/lemotdujour.fr\/?p=2787","title":{"rendered":"Mardi 18 juin 2013"},"content":{"rendered":"<div class=\"mdjTexte\">\t\u00abLe bassin dans lequel on p\u00eache l\u2019\u00e9lite fran\u00e7aise est minuscule\u00bb<\/div>\n<div class=\"mdjAuteur\">\tPeter Gumbel dans le livre \u00abElite Academy\u00bb Enqu\u00eate sur la France malade de ses grandes \u00e9coles, Deno\u00ebl, 176 p.<\/div>\n<p><span style=\"color: #777777; font-family: Arial;\">Peter Gumbel est journaliste anglais vivant en France depuis une dizaine d&rsquo;ann\u00e9e et enseignant \u00e0 l&rsquo;IEP Paris. C&rsquo;est probablement un observateur venant d&rsquo;une autre culture qui peut le mieux analyser les probl\u00e8mes de la France.<br \/>\n<\/span><\/p>\n<p><span style=\"color: #777777; font-family: Arial;\">Voici des extraits de ce livre&nbsp;:<br \/>\n<\/span><\/p>\n<p style=\"margin-left: 28pt;\"><span style=\"color: #c00000; font-family: Arial;\">\u00ab&nbsp;Les \u00e9lites fran\u00e7aises sont une obsession nationale qui a fait l&rsquo;objet d&rsquo;innombrables \u00e9tudes. [&#8230;] En France, la discussion sur les \u00e9lites se focalise tr\u00e8s souvent sur les milieux sociaux dont sont issus ceux qui ont grimp\u00e9 l&rsquo;\u00e9chelle sociale. On cherchera alors \u00e0 savoir dans quelle mesure ils sont, ou non, repr\u00e9sentatifs de la population prise dans son ensemble. [&#8230;] Toutefois, si vous construisez un syst\u00e8me m\u00e9ritocratique qui repose enti\u00e8rement ou tr\u00e8s largement sur les performances scolaires, comme l&rsquo;a fait la France, il y a peu de chances que ce syst\u00e8me repr\u00e9sente la population dans sa globalit\u00e9. [&#8230;]<br \/>\n<\/span><\/p>\n<p style=\"margin-left: 28pt;\"><span style=\"color: #c00000; font-family: Arial;\">Ce qui est surprenant, c&rsquo;est que ce d\u00e9bat national si tourment\u00e9 en France n&rsquo;ait pas abouti \u00e0 une r\u00e9forme du syst\u00e8me. Ailleurs, notamment au Royaume-Uni et aux Etats-Unis, la question des origines sociales de l&rsquo;\u00e9lite a fait l&rsquo;objet d&rsquo;innombrables discussions d\u00e9bouchant sur de vrais changements. Il y a \u00e0 peine 25 ans, l&rsquo;\u00e9lite financi\u00e8re britannique sortait dans son \u00e9crasante majorit\u00e9 d&rsquo;Oxford ou de Cambridge apr\u00e8s \u00eatre pass\u00e9e par des \u00e9coles priv\u00e9es. [&#8230;]<br \/>\n<\/span><\/p>\n<p style=\"margin-left: 28pt;\"><span style=\"color: #c00000; font-family: Arial;\">Aujourd&rsquo;hui, l&rsquo;influence d&rsquo;Oxford et de Cambridge d\u00e9cline : alors que 67% des PDG \u00e9taient dipl\u00f4m\u00e9s de l&rsquo;une de ces deux universit\u00e9s en 1987, ce chiffre \u00e9tait tomb\u00e9 en 2007 \u00e0 39%, selon le Sutton Trust, une fondation qui fait campagne pour une plus grande ouverture sociale. Et il continue de chuter : en 2012, seulement 21% des PDG des 100 plus grandes entreprises britanniques \u00e9taient des dipl\u00f4m\u00e9s d'\u00a0\u00bbOxbridge\u00a0\u00bb, selon une enqu\u00eate men\u00e9e par le chasseur de t\u00eates Robert Half. La tendance est la m\u00eame pour l&rsquo;\u00e9lite politique. [&#8230;]<br \/>\n<\/span><\/p>\n<p style=\"margin-left: 28pt;\"><span style=\"color: #c00000; font-family: Arial;\">Et la France ? Le chemin vers les hautes sph\u00e8res demeure une route en pente raide sem\u00e9e d&#8217;emb\u00fbches, [&#8230;] plus \u00e9troite qu&rsquo;elle ne l&rsquo;\u00e9tait il y a vingt ans, et qui passe n\u00e9cessairement par le syst\u00e8me typiquement fran\u00e7ais des grandes \u00e9coles, auquel seulement 5% des jeunes Fran\u00e7ais ont acc\u00e8s. Et m\u00eame dans cet univers ultras\u00e9lectif [&#8230;], deux institutions dominent. L&rsquo;Ecole polytechnique [&#8230;] et l&rsquo;ENA. [&#8230;]<br \/>\n<\/span><\/p>\n<p style=\"margin-left: 28pt;\"><span style=\"color: #c00000; font-family: Arial;\">Au d\u00e9but des ann\u00e9es 1960, le professeur d&rsquo;\u00e9conomie am\u00e9ricain David Granick mena une \u00e9tude comparative des pratiques manag\u00e9riales dans quatre pays. En France, il d\u00e9couvrit que 80% des patrons des entreprises les plus importantes \u00e9taient issus de cinq grandes \u00e9coles, dont 42% de l&rsquo;Ecole polytechnique. [&#8230;] Plus r\u00e9cemment, deux autres chercheurs, Fran\u00e7ois-Xavier Dudouet et Herv\u00e9 Joly men\u00e8rent une enqu\u00eate similaire, en ciblant cette fois l&rsquo;ensemble des dirigeants des quarante entreprises qui constituent le CAC 40. [&#8230;] Parmi les 546 dirigeants dont le parcours avait \u00e9t\u00e9 examin\u00e9, 84% \u00e9taient issus des grandes \u00e9coles, et trois \u00e9tablissements &#8211; Polytechnique, ENA et HEC &#8211; repr\u00e9sentaient 46% du total.<br \/>\n<\/span><\/p>\n<p style=\"margin-left: 28pt;\"><span style=\"color: #c00000; font-family: Arial;\">En politique, le sch\u00e9ma est similaire. [&#8230;] La pr\u00e9sidence Hollande n&rsquo;a rien d&rsquo;extraordinaire : ces quarante derni\u00e8res ann\u00e9es, les \u00e9narques et les polytechniciens ont impos\u00e9 leur pr\u00e9sence dominante et permanente aussi bien \u00e0 l&rsquo;Elys\u00e9e qu&rsquo;\u00e0 Matignon, quelle que soit la couleur politique du pouvoir. [&#8230;] A cette \u00e9poque [celle de Val\u00e9ry Giscard d&rsquo;Estaing, NDLR], 61% de l&rsquo;entourage pr\u00e9sidentiel \u00e9tait compos\u00e9 d&rsquo;anciens \u00e9l\u00e8ves des deux \u00e9coles. [&#8230;] M\u00eame Nicolas Sarkozy ne s&rsquo;est pas rebell\u00e9 contre le syst\u00e8me : 55% de son \u00e9quipe rapproch\u00e9e avait fait l&rsquo;ENA ou l&rsquo;X. Avec Fran\u00e7ois Hollande, nous sommes revenus \u00e0 un pourcentage proche de ce qu&rsquo;il \u00e9tait sous VGE. [&#8230;]<br \/>\n<\/span><\/p>\n<p style=\"margin-left: 28pt;\"><span style=\"color: #c00000; font-family: Arial;\">De la m\u00eame mani\u00e8re que la majorit\u00e9 des \u00e9narques sont issus de Sciences-Po, l&rsquo;\u00e9crasante majorit\u00e9 des \u00e9l\u00e8ves de Polytechnique proviennent de cinq classes pr\u00e9paratoires, dont trois sont situ\u00e9es dans les 5e et 6e arrondissements de Paris, celles des lyc\u00e9es Henri-IV, Louis-le-Grand et Saint-Louis, les deux autres \u00e9tant celles des lyc\u00e9es Hoche et Sainte-Genevi\u00e8ve (dite \u00ab\u00a0Ginette\u00a0\u00bb), \u00e0 Versailles. [&#8230;] Le bassin dans lequel on p\u00eache l&rsquo;\u00e9lite fran\u00e7aise est minuscule. [&#8230;] Aux Etats-Unis, ensemble, Harvard, Yale, Princeton, Columbia, Dartmouth, Cornell, l&rsquo;universit\u00e9 de Pennsylvanie et Brown acceptent vingt-quatre mille \u00e9tudiants de premier cycle tous les ans, cinquante fois plus que l&rsquo;ENA et lX, pour un pays cinq fois plus peupl\u00e9. [&#8230;]&nbsp;\u00bb<br \/>\n<\/span><\/p>\n<p><span style=\"color: #777777; font-family: Arial;\">Il a aussi r\u00e9pondu \u00e0 un entretien de l&rsquo;Express dont le titre est \u00ab&nbsp;<span style=\"color: #800000;\">Les r\u00e9seaux de pouvoir fran\u00e7ais sont incestueux et malsains&nbsp;<\/span>\u00bb<br \/>\n<\/span><\/p>\n<p><span style=\"color: #777777; font-family: Arial;\">A la question que Reprochez-vous aux grandes \u00e9coles fran\u00e7aises&nbsp;? il explique&nbsp;:<br \/>\n<\/span><\/p>\n<p style=\"margin-left: 28pt;\"><span style=\"color: #c00000; font-family: Arial;\">\u00ab&nbsp;C&rsquo;est un syst\u00e8me \u00e9troit et rigide. Je ne suis pas contre les \u00e9lites, mais en France on p\u00eache dans un bassin qui s&rsquo;av\u00e8re minuscule! Aux Etats-Unis et en Angleterre, la diversit\u00e9 des \u00e9lites est beaucoup plus importante. En France, l&rsquo;ouverture sociale des grandes \u00e9coles est affich\u00e9e comme un objectif politique, mais le syst\u00e8me reste inchang\u00e9.<br \/>\n<\/span><\/p>\n<p style=\"margin-left: 28pt;\"><span style=\"color: #c00000; font-family: Arial;\">Deuxi\u00e8me reproche que je formule: les grandes \u00e9coles fran\u00e7aises sont dans une logique de s\u00e9lection tr\u00e8s forte. 96% de la population n&rsquo;en est pas issu. C&rsquo;est un syst\u00e8me pour \u00ab\u00a0happy few\u00a0\u00bb qui g\u00e9n\u00e8re un manque de confiance chez les \u00e9tudiants, et des taux d&rsquo;\u00e9chec tr\u00e8s \u00e9lev\u00e9s. De ce point de vue, le monde du travail agit comme un miroir de ce qui se passe \u00e0 l&rsquo;\u00e9cole: niveau de stress important, sentiment de frustration, manque de motivation. Autant d&rsquo;\u00e9l\u00e9ments qui trouvent leur origine dans une logique de s\u00e9lection.<br \/>\n<\/span><\/p>\n<p style=\"margin-left: 28pt;\"><span style=\"color: #c00000; font-family: Arial;\">Troisi\u00e8me \u00e9l\u00e9ment, le principe de la m\u00e9ritocratie r\u00e9publicaine vant\u00e9 par la France est tr\u00e8s sympa&#8230; Simplement, il ne marche pas! Ce n&rsquo;est pas parce qu&rsquo;on est tr\u00e8s performant \u00e0 l&rsquo;\u00e9cole, qu&rsquo;on l&rsquo;est tout autant en entreprise ou dans un cabinet minist\u00e9riel. Il est d&rsquo;ailleurs prouv\u00e9 que les entreprises qui recrutent exclusivement dans le r\u00e9seau des grandes \u00e9coles sont moins performantes que les autres. Autre \u00e9l\u00e9ment d&rsquo;interrogation, l&rsquo;administration publique fran\u00e7aise. Si l&rsquo;ENA \u00e9tait vraiment efficace, nous aurions une administration tr\u00e8s performante et tr\u00e8s moderne. Or la France a compl\u00e8tement rat\u00e9 depuis 20 ans les \u00e9volutions de son administration. Des rapports entiers consacr\u00e9s \u00e0 ce sujet encombrent les placards des minist\u00e8res, mais les diff\u00e9rents gouvernements sont incapables de les mettre en oeuvre. Si vous regardez les grands corps de l&rsquo;Etat, tout cela n&rsquo;est pas tr\u00e8s \u00e9tonnant&#8230; En France le corps le plus prestigieux est l&rsquo;Inspection des Finances. Ce qui veut dire que les Fran\u00e7ais sont tr\u00e8s forts dans la critique et le contr\u00f4le, beaucoup moins dans la mise en \u0153uvre.&nbsp;\u00bb<br \/>\n<\/span><\/p>\n<p><span style=\"color: #777777; font-family: Arial;\">A la question que pr\u00e9conisez-vous ? Il r\u00e9pond&nbsp;:<br \/>\n<\/span><\/p>\n<p style=\"margin-left: 28pt;\"><span style=\"color: #c00000; font-family: Arial;\">\u00ab&nbsp;Je pense qu&rsquo;il faut casser le lien automatique entre les grands corps d&rsquo;Etat et l&rsquo;ENA. Ces r\u00e9seaux sont aujourd&rsquo;hui incestueux et malsains. Si \u00e7a fonctionnait, il faudrait les maintenir, mais \u00e7a ne marche plus!<br \/>\n<\/span><\/p>\n<p style=\"margin-left: 28pt;\"><span style=\"color: #c00000; font-family: Arial;\">Aujourd&rsquo;hui nombre d&rsquo;\u00e9tudiants brillants partent faire leurs \u00e9tudes \u00e0 l&rsquo;\u00e9tranger. Mon espoir c&rsquo;est qu&rsquo;en rentrant en France, ils changent ce syst\u00e8me, cet entre-soi qui pr\u00e9vaut dans les \u00e9lites fran\u00e7aises. \u00bb<br \/>\n<\/span><\/p>\n<p><span style=\"color: #777777; font-family: Arial;\">J&rsquo;ai tir\u00e9 extraits et r\u00e9ponses de ces deux articles qui donnent encore d&rsquo;autres \u00e9l\u00e9ments&nbsp;:<br \/>\n<\/span><\/p>\n<p><a href=\"http:\/\/tempsreel.nouvelobs.com\/education\/20130614.OBS3354\/la-france-malade-de-ses-grandes-ecoles.html\"><span style=\"font-family: Arial;\"><span style=\"color: #0000ff;\">http:\/\/tempsreel.nouvelobs.com\/education\/20130614.OBS3354\/la-france-malade-de-ses-grandes-ecoles.html<\/span><\/span><\/a><span style=\"font-family: Arial; color: #0000ff;\"><br \/>\n<\/span><\/p>\n<p><span style=\"color: #0000ff;\"><a href=\"http:\/\/www.lexpress.fr\/actualite\/societe\/peter-gumbel-les-reseaux-de-pouvoir-francais-sont-incestueux-et-malsains_1250365.html\"><span style=\"font-family: Arial;\"><span style=\"color: #0000ff;\">http:\/\/www.lexpress.fr\/actualite\/societe\/peter-gumbel-les-reseaux-de-pouvoir-francais-sont-incestueux-et-malsains_1250365.html<\/span><\/span><\/a><\/span><span style=\"font-family: Arial;\"><br \/>\n<\/span><\/p>\n<p><a href=\"http:\/\/www.denoel.fr\/Catalogue\/DENOEL\/Impacts\/Elite-Academy\"><img decoding=\"async\" src=\"https:\/\/lemotdujour.fr\/wp-content\/uploads\/2017\/07\/071417_1732_Mardi18juin1.jpg\" alt=\"\"><\/a><\/p>\n<p><span style=\"color: #800000;\">&lt;122&gt;<\/span><\/p>\n","protected":false},"excerpt":{"rendered":"<p>\u00abLe bassin dans lequel on p\u00eache l\u2019\u00e9lite fran\u00e7aise est minuscule\u00bb Peter Gumbel dans le livre \u00abElite Academy\u00bb Enqu\u00eate sur la France malade de ses grandes \u00e9coles, Deno\u00ebl, 176 p. Peter Gumbel est journaliste anglais vivant en France depuis une dizaine<\/p>\n","protected":false},"author":1,"featured_media":0,"comment_status":"open","ping_status":"closed","sticky":false,"template":"","format":"standard","meta":{"footnotes":""},"categories":[1],"tags":[15,11],"class_list":["post-2787","post","type-post","status-publish","format-standard","hentry","category-motdujour","tag-france","tag-sociologie"],"_links":{"self":[{"href":"https:\/\/lemotdujour.fr\/index.php?rest_route=\/wp\/v2\/posts\/2787","targetHints":{"allow":["GET"]}}],"collection":[{"href":"https:\/\/lemotdujour.fr\/index.php?rest_route=\/wp\/v2\/posts"}],"about":[{"href":"https:\/\/lemotdujour.fr\/index.php?rest_route=\/wp\/v2\/types\/post"}],"author":[{"embeddable":true,"href":"https:\/\/lemotdujour.fr\/index.php?rest_route=\/wp\/v2\/users\/1"}],"replies":[{"embeddable":true,"href":"https:\/\/lemotdujour.fr\/index.php?rest_route=%2Fwp%2Fv2%2Fcomments&post=2787"}],"version-history":[{"count":5,"href":"https:\/\/lemotdujour.fr\/index.php?rest_route=\/wp\/v2\/posts\/2787\/revisions"}],"predecessor-version":[{"id":10116,"href":"https:\/\/lemotdujour.fr\/index.php?rest_route=\/wp\/v2\/posts\/2787\/revisions\/10116"}],"wp:attachment":[{"href":"https:\/\/lemotdujour.fr\/index.php?rest_route=%2Fwp%2Fv2%2Fmedia&parent=2787"}],"wp:term":[{"taxonomy":"category","embeddable":true,"href":"https:\/\/lemotdujour.fr\/index.php?rest_route=%2Fwp%2Fv2%2Fcategories&post=2787"},{"taxonomy":"post_tag","embeddable":true,"href":"https:\/\/lemotdujour.fr\/index.php?rest_route=%2Fwp%2Fv2%2Ftags&post=2787"}],"curies":[{"name":"wp","href":"https:\/\/api.w.org\/{rel}","templated":true}]}}