{"id":2757,"date":"2013-01-09T09:49:32","date_gmt":"2013-01-09T08:49:32","guid":{"rendered":"http:\/\/lemotdujour.fr\/?p=2757"},"modified":"2020-11-15T17:01:35","modified_gmt":"2020-11-15T16:01:35","slug":"mercredi-9-janvier-2013","status":"publish","type":"post","link":"https:\/\/lemotdujour.fr\/?p=2757","title":{"rendered":"Mercredi 9 janvier 2013"},"content":{"rendered":"<div class=\"mdjTexte\">\t\u00abNotre machine \u00e0 fournir des connaissances, incapable de nous fournir la capacit\u00e9 de relier les connaissances, produit dans les esprits myopies, c\u00e9cit\u00e9s.\u00bb<\/div>\n<div class=\"mdjAuteur\">\tEdgar Morin<\/div>\n<p><span style=\"color: #777777; font-family: Arial;\">Peut-\u00eatre avez-vous, lu l&rsquo;article d&rsquo;Edgar Morin dans le Monde du 1er janvier 2013 et dont le titre est : \u00ab <span style=\"color: #c00000;\">En 2013, il faudra plus encore se m\u00e9fier de la docte ignorance des experts&nbsp;<span style=\"color: #777777;\">\u00bb.<br \/>\n<\/span><\/span><\/span><\/p>\n<p><span style=\"color: #777777; font-family: Arial;\">J&rsquo;en tire ce mot du jour qui donne un \u00e9clairage saisissant sur la limite du jugement des experts :<br \/>\n<\/span><\/p>\n<p><span style=\"color: #777777; font-family: Arial;\">Cet article d\u00e9bute de la mani\u00e8re suivante&nbsp;:<br \/>\n<\/span><\/p>\n<p style=\"margin-left: 28pt;\"><span style=\"color: #c00000; font-family: Arial;\">\u00ab&nbsp;H\u00e9las, nos dirigeants semblent totalement d\u00e9pass\u00e9s : ils sont incapables aujourd&rsquo;hui de proposer un diagnostic juste de la situation et incapables, du coup, d&rsquo;apporter des solutions concr\u00e8tes, \u00e0 la hauteur des enjeux. Tout se passe comme si une petite oligarchie int\u00e9ress\u00e9e seulement par son avenir \u00e0 court terme avait pris les commandes.\u00a0\u00bb (Manifeste Roosevelt, 2012.)<br \/>\n<\/span><\/p>\n<p style=\"margin-left: 28pt;\"><span style=\"color: #c00000; font-family: Arial;\">\u00ab\u00a0Un diagnostic juste\u00a0\u00bb suppose une pens\u00e9e capable de r\u00e9unir et d&rsquo;organiser les informations et connaissances dont nous disposons, mais qui sont compartiment\u00e9es et dispers\u00e9es.<br \/>\n<\/span><\/p>\n<p style=\"margin-left: 28pt;\"><span style=\"color: #c00000; font-family: Arial;\">Une telle pens\u00e9e doit \u00eatre consciente de l&rsquo;erreur de sous-estimer l&rsquo;erreur dont le propre, comme a dit Descartes, est d&rsquo;ignorer qu&rsquo;elle est erreur. Elle doit \u00eatre consciente de l&rsquo;illusion de sous-estimer l&rsquo;illusion. Erreur et illusion ont conduit les responsables politiques et militaires du destin de la France au d\u00e9sastre de 1940 ; elles ont conduit Staline \u00e0 faire confiance \u00e0 Hitler, qui faillit an\u00e9antir l&rsquo;Union sovi\u00e9tique.<br \/>\n<\/span><\/p>\n<p style=\"margin-left: 28pt;\"><span style=\"color: #c00000; font-family: Arial;\">Tout notre pass\u00e9, m\u00eame r\u00e9cent, fourmille d&rsquo;erreurs et d&rsquo;illusions, l&rsquo;illusion d&rsquo;un progr\u00e8s ind\u00e9fini de la soci\u00e9t\u00e9 industrielle, l&rsquo;illusion de l&rsquo;impossibilit\u00e9 de nouvelles crises \u00e9conomiques, l&rsquo;illusion sovi\u00e9tique et mao\u00efste, et aujourd&rsquo;hui r\u00e8gne encore l&rsquo;illusion d&rsquo;une sortie de la crise par l&rsquo;\u00e9conomie n\u00e9olib\u00e9rale, qui pourtant a produit cette crise. R\u00e8gne aussi l&rsquo;illusion que la seule alternative se trouve entre deux erreurs, l&rsquo;erreur que la rigueur est rem\u00e8de \u00e0 la crise, l&rsquo;erreur que la croissance est rem\u00e8de \u00e0 la rigueur.<br \/>\n<\/span><\/p>\n<p style=\"margin-left: 28pt;\"><span style=\"color: #c00000; font-family: Arial;\">L&rsquo;erreur n&rsquo;est pas seulement aveuglement sur les faits. Elle est dans une vision unilat\u00e9rale et r\u00e9ductrice qui ne voit qu&rsquo;un \u00e9l\u00e9ment, un seul aspect d&rsquo;une r\u00e9alit\u00e9 en elle-m\u00eame \u00e0 la fois une et multiple, c&rsquo;est-\u00e0-dire complexe.<br \/>\n<\/span><\/p>\n<p style=\"margin-left: 28pt;\"><span style=\"color: #c00000; font-family: Arial;\">H\u00e9las. Notre enseignement qui nous fournit de si multiples connaissances n&rsquo;enseigne en rien sur les probl\u00e8mes fondamentaux de la connaissance qui sont les risques d&rsquo;erreur et d&rsquo;illusion, et il n&rsquo;enseigne nullement les conditions d&rsquo;une connaissance pertinente, qui est de pouvoir affronter la complexit\u00e9 des r\u00e9alit\u00e9s.<br \/>\n<\/span><\/p>\n<p style=\"margin-left: 28pt;\"><span style=\"color: #c00000; font-family: Arial;\">Notre machine \u00e0 fournir des connaissances, incapable de nous fournir la capacit\u00e9 de relier les connaissances, produit dans les esprits myopies, c\u00e9cit\u00e9s. Paradoxalement l&rsquo;amoncellement sans lien des connaissances produit une nouvelle et tr\u00e8s docte ignorance chez les experts et sp\u00e9cialistes, pr\u00e9tendant \u00e9clairer les responsables politiques et sociaux.&nbsp;\u00bb<br \/>\n<\/span><\/p>\n<p><span style=\"color: #777777; font-family: Arial;\">Pour lire la suite de cet article : <a href=\"http:\/\/www.lemonde.fr\/idees\/article\/2013\/01\/01\/en-2013-il-faudra-plus-encore-se-mefier-de-la-docte-ignorance-des-experts_1811813_3232.html\"><span style=\"color: #0000ff;\">&lt;Il faudra plus encore se m\u00e9fier de la docte ignorance des experts&gt;<\/span><\/a><\/span><\/p>\n<p><span style=\"color: #800000;\">&lt;47&gt;<\/span><\/p>\n","protected":false},"excerpt":{"rendered":"<p>\u00abNotre machine \u00e0 fournir des connaissances, incapable de nous fournir la capacit\u00e9 de relier les connaissances, produit dans les esprits myopies, c\u00e9cit\u00e9s.\u00bb Edgar Morin Peut-\u00eatre avez-vous, lu l&rsquo;article d&rsquo;Edgar Morin dans le Monde du 1er janvier 2013 et dont le<\/p>\n","protected":false},"author":1,"featured_media":0,"comment_status":"open","ping_status":"closed","sticky":false,"template":"","format":"standard","meta":{"footnotes":""},"categories":[1],"tags":[6,3,11],"class_list":["post-2757","post","type-post","status-publish","format-standard","hentry","category-motdujour","tag-philosophie","tag-politique","tag-sociologie"],"_links":{"self":[{"href":"https:\/\/lemotdujour.fr\/index.php?rest_route=\/wp\/v2\/posts\/2757","targetHints":{"allow":["GET"]}}],"collection":[{"href":"https:\/\/lemotdujour.fr\/index.php?rest_route=\/wp\/v2\/posts"}],"about":[{"href":"https:\/\/lemotdujour.fr\/index.php?rest_route=\/wp\/v2\/types\/post"}],"author":[{"embeddable":true,"href":"https:\/\/lemotdujour.fr\/index.php?rest_route=\/wp\/v2\/users\/1"}],"replies":[{"embeddable":true,"href":"https:\/\/lemotdujour.fr\/index.php?rest_route=%2Fwp%2Fv2%2Fcomments&post=2757"}],"version-history":[{"count":4,"href":"https:\/\/lemotdujour.fr\/index.php?rest_route=\/wp\/v2\/posts\/2757\/revisions"}],"predecessor-version":[{"id":10115,"href":"https:\/\/lemotdujour.fr\/index.php?rest_route=\/wp\/v2\/posts\/2757\/revisions\/10115"}],"wp:attachment":[{"href":"https:\/\/lemotdujour.fr\/index.php?rest_route=%2Fwp%2Fv2%2Fmedia&parent=2757"}],"wp:term":[{"taxonomy":"category","embeddable":true,"href":"https:\/\/lemotdujour.fr\/index.php?rest_route=%2Fwp%2Fv2%2Fcategories&post=2757"},{"taxonomy":"post_tag","embeddable":true,"href":"https:\/\/lemotdujour.fr\/index.php?rest_route=%2Fwp%2Fv2%2Ftags&post=2757"}],"curies":[{"name":"wp","href":"https:\/\/api.w.org\/{rel}","templated":true}]}}