{"id":2648,"date":"2017-06-29T04:30:07","date_gmt":"2017-06-29T02:30:07","guid":{"rendered":"http:\/\/lemotdujour.fr\/?p=2648"},"modified":"2021-09-26T21:21:30","modified_gmt":"2021-09-26T19:21:30","slug":"jeudi-29-juin-2017","status":"publish","type":"post","link":"https:\/\/lemotdujour.fr\/?p=2648","title":{"rendered":"Jeudi 29 juin 2017"},"content":{"rendered":"<div class=\"mdjTexte\">\t\u00abL\u2019homme, en jouant ainsi avec cette machine si compliqu\u00e9e, la nature,&nbsp;me fait l\u2019effet d\u2019un aveugle qui ne conna\u00eetrait pas la m\u00e9canique et qui&nbsp;aurait la pr\u00e9tention de d\u00e9monter tous les rouages d\u2019une horloge qui&nbsp;marcherait bien, pour la remonter \u00e0 sa fantaisie et \u00e0 son caprice. \u00bb<\/div>\n<div class=\"mdjAuteur\">\tEug\u00e8ne Huzar L\u2019arbre de la science, Paris, Dentu, 1857<\/div>\n<p><span style=\"color: #777777; font-family: Arial;\">On oppose souvent notre temps, qui est en plein doute par rapport au progr\u00e8s, au XIX\u00e8me si\u00e8cle o\u00f9 il semble selon la l\u00e9gende que tous croyaient au Progr\u00e8s, comme <span style=\"color: #0000ff;\"><a style=\"color: #0000ff;\" href=\"https:\/\/fr.wikipedia.org\/wiki\/Auguste_Comte\">Auguste Comte<\/a><\/span> fondateur du positivisme et dont la citation&nbsp;: \u00abOrdem e Progresso\u00bb \u00ab Ordre et Progr\u00e8s \u00bb orne toujours le drapeau du Br\u00e9sil.<br \/>\n<\/span><\/p>\n<p><span style=\"color: #777777; font-family: Arial;\">Comme toujours la r\u00e9alit\u00e9 est plus complexe, ainsi au XIX<sup>e<\/sup>&nbsp;si\u00e8cle, en pleine r\u00e9volution industrielle, un homme, avocat de m\u00e9tier, Eug\u00e8ne Huzar (1820-1890) \u00e9crivit deux essais&nbsp;: \u00ab<span style=\"color: #0000ff;\">&nbsp;<a style=\"color: #0000ff;\" href=\"https:\/\/rh19.revues.org\/3888\">La Fin du monde par la science<\/a><\/span> (1851)&nbsp;\u00bb et \u00ab&nbsp;L&rsquo;Arbre de la science (1857)&nbsp;\u00bb dans lesquels il .exprimait son scepticisme face \u00e0 la science et \u00e0 la technique des humains qui entendaient se rendre ma\u00eetre de la nature, et jouaient avec cette \u00ab&nbsp;machine si compliqu\u00e9e&nbsp;\u00bb sans la comprendre.<br \/>\n<\/span><\/p>\n<p><span style=\"color: #777777; font-family: Arial;\">L&rsquo;exergue est assez explicite&nbsp;!<br \/>\n<\/span><\/p>\n<p><span style=\"color: #777777; font-family: Arial;\">J&rsquo;ai d\u00e9couvert cet intellectuel dans l&rsquo;\u00e9mission de France Culture : la concordance des temps&nbsp;: <a href=\"http:\/\/www.franceculture.fr\/emissions\/concordance-des-temps\/la-fin-du-monde-par-la-science-genese-dune-angoisse\" target=\"_blank\" rel=\"noopener noreferrer\"><span style=\"color: blue; text-decoration: underline;\">http:\/\/www.franceculture.fr\/emissions\/concordance-des-temps\/la-fin-du-monde-par-la-science-genese-dune-angoisse<\/span><\/a><br \/>\n<\/span><\/p>\n<p><span style=\"color: #777777;\"><span style=\"font-family: Arial;\">C&rsquo;est l&rsquo;historien des sciences <span style=\"color: #0000ff;\"><a style=\"color: #0000ff;\" href=\"http:\/\/www.laviedesidees.fr\/_Fressoz-Jean-Baptiste_.html\">Jean-Baptiste Fressoz<\/a><\/span>, ma\u00eetre de conf\u00e9rences \u00e0 l&rsquo;Institut d&rsquo;\u00e9tudes politiques de Paris qui a d\u00e9couvert cet homme \u00e9tonnant&nbsp;: <\/span><span style=\"color: #351c75; font-family: Tahoma; font-size: 12pt;\"><br \/>\n<\/span><\/span><\/p>\n<p><span style=\"color: #777777;\"><span style=\"font-family: Arial;\">Son lyrisme et son exag\u00e9ration pr\u00eatent \u00e0 sourire, mais certaines mises en garde r\u00e9sonnent comme des proph\u00e9ties aujourd&rsquo;hui. <\/span><span style=\"color: #351c75; font-family: Tahoma; font-size: 12pt;\"><br \/>\n<\/span><\/span><\/p>\n<p><a href=\"http:\/\/www.pourlascience.fr\/ewb_pages\/a\/actu-une-critique-du-progres-19065.php\" target=\"_blank\" rel=\"noopener noreferrer\"><span style=\"color: blue; font-family: Arial; text-decoration: underline;\">http:\/\/www.pourlascience.fr\/ewb_pages\/a\/actu-une-critique-du-progres-19065.php<\/span><\/a><span style=\"color: #777777; font-family: Times New Roman; font-size: 12pt;\"><br \/>\n<\/span><\/p>\n<p><span style=\"color: #777777; font-family: Arial;\">Vous trouverez derri\u00e8re ce lien&nbsp;: <a href=\"https:\/\/socio-anthropologie.revues.org\/1566\" target=\"_blank\" rel=\"noopener noreferrer\"><span style=\"color: blue; text-decoration: underline;\">https:\/\/socio-anthropologie.revues.org\/1566<\/span><\/a> une pr\u00e9sentation par Jean Baptiste Fressoz de l&rsquo;\u0153uvre d&rsquo;Eug\u00e8ne Huzar ainsi que les textes de cet homme surprenant.<br \/>\n<\/span><\/p>\n<p><span style=\"color: #777777; font-family: Arial;\">Voici d&rsquo;abord une introduction de Jean-Baptiste Fressoz<br \/>\n<\/span><\/p>\n<p style=\"margin-left: 28pt;\"><span style=\"color: #c00000; font-family: Arial;\">L&rsquo;int\u00e9r\u00eat d&rsquo;Eug\u00e8ne Huzar est de proposer la premi\u00e8re philosophe catastrophiste de la technique. Dans deux livres curieusement oubli\u00e9s,&nbsp;La fin du monde par la science(1855) et&nbsp;L&rsquo;arbre de la science&nbsp;(1857), l&rsquo;auteur synth\u00e9tise les d\u00e9bats environnementaux et technologiques de son \u00e9poque (la d\u00e9forestation et le changement climatique, la vaccination et la d\u00e9g\u00e9n\u00e9rescence de l&rsquo;esp\u00e8ce humaine, les catastrophes ferroviaires etc.) pour objectiver d&rsquo;une mani\u00e8re originale le progr\u00e8s, non comme la ma\u00eetrise technique de la nature, mais comme la perte de ma\u00eetrise de la technique. Selon son syst\u00e8me, l&rsquo;humanit\u00e9 parcourt des cycles de progr\u00e8s et de catastrophes la ramenant \u00e0 un \u00e9tat de sauvagerie. Pour tenter de retarder la fin du pr\u00e9sent cycle, Huzar propose d&rsquo;\u00e9tablir une \u00ab&nbsp;\u00e9dilit\u00e9 plan\u00e9taire&nbsp;\u00bb charg\u00e9e de veiller aux \u00e9quilibres du globe.<br \/>\n<\/span><\/p>\n<p><span style=\"color: #777777; font-family: Arial;\">Puis directement la prose d&rsquo;Huzar.<br \/>\n<\/span><\/p>\n<p><span style=\"color: #777777; font-family: Arial;\">D&rsquo;abord son inqui\u00e9tude devant \u00ab&nbsp;la c\u00e9cit\u00e9&nbsp;\u00bb de&nbsp;la science qui d\u00e9clenche des effets qu&rsquo;elle n&rsquo;est pas en mesure de ma\u00eetriser&nbsp;:<br \/>\n<\/span><\/p>\n<p style=\"margin-left: 28pt;\"><span style=\"color: #c00000; font-family: Arial;\"><strong>\u00ab&nbsp;L&rsquo;homme, en jouant ainsi avec cette machine si compliqu\u00e9e, la nature, me fait l&rsquo;effet d&rsquo;un aveugle qui ne conna\u00eetrait pas la m\u00e9canique et qui aurait la pr\u00e9tention de d\u00e9monter tous les rouages d&rsquo;une horloge qui marcherait bien, pour la remonter \u00e0 sa fantaisie et \u00e0 son caprice.<br \/>\n<\/strong><\/span><\/p>\n<p style=\"margin-left: 28pt;\"><span style=\"color: #c00000; font-family: Arial;\">Mais, me dira-t-on, ce que fait l&rsquo;homme par rapport \u00e0 la nature, ne peut-on le comparer \u00e0 une simple \u00e9gratignure faite \u00e0 l&rsquo;\u00e9piderme d&rsquo;un homme vigoureux et bien portant ? Je le veux bien ; mais qui ne sait pas que, selon les occasions, par exemple au pied, une simple \u00e9gratignure donne la mort. Voyez plut\u00f4t ce qui a lieu sous les tropiques. [\u2026]<br \/>\n<\/span><\/p>\n<p style=\"margin-left: 28pt;\"><span style=\"color: #c00000; font-family: Arial;\">Je comprendrais, encore une fois, qu&rsquo;un sauvage de l&rsquo;Am\u00e9rique du Sud, qui n&rsquo;aurait jamais quitt\u00e9 sa for\u00eat, v\u00eent me dire que la terre est infinie, et que l&rsquo;homme, par cons\u00e9quent, ne peut la troubler.<br \/>\n<\/span><\/p>\n<p style=\"margin-left: 28pt;\"><span style=\"color: #c00000; font-family: Arial;\">Aujourd&rsquo;hui, avec la science, la proposition est enti\u00e8rement renvers\u00e9e : c&rsquo;est l&rsquo;homme qui est infini, gr\u00e2ce \u00e0 la science, et c&rsquo;est la plan\u00e8te qui est finie. L&rsquo;espace et le temps n&rsquo;existent plus par la vapeur et l&rsquo;\u00e9lectricit\u00e9. La terre n&rsquo;est plus pour nous, hommes du dix-neuvi\u00e8me si\u00e8cle qui pouvons en faire le tour quarante ou cinquante fois dans notre vie, ce qu&rsquo;elle pouvait \u00eatre aux yeux des hommes de l&rsquo;antiquit\u00e9, qui n&rsquo;en avaient jamais mesur\u00e9 la circonf\u00e9rence.<br \/>\n<\/span><\/p>\n<p style=\"margin-left: 28pt;\"><span style=\"color: #c00000; font-family: Arial;\">Pour nous, elle est limit\u00e9e, tr\u00e8s limit\u00e9e, puisque nous pouvons en faire aussi vite le tour qu&rsquo;un Grec e\u00fbt pu faire le tour de l&rsquo;Attique.<br \/>\n<\/span><\/p>\n<p style=\"margin-left: 28pt;\"><span style=\"color: #c00000; font-family: Arial;\">L&rsquo;espace, qui est la mesure des formes, n&rsquo;\u00e9tant plus rien pour nous, qu&rsquo;est devenue la forme ? Rien.<br \/>\n<\/span><\/p>\n<p style=\"margin-left: 28pt;\"><span style=\"color: #c00000; font-family: Arial;\">Or, quand on voit une chose aussi limit\u00e9e que la terre et une puissance aussi illimit\u00e9e qu&rsquo;est celle de l&rsquo;homme arm\u00e9 du levier de la science, l&rsquo;on peut se demander quelle action peut avoir un jour cette puissance illimit\u00e9e sur notre pauvre terre si limit\u00e9e et si born\u00e9e aujourd&rsquo;hui.<br \/>\n<\/span><\/p>\n<p><span style=\"color: #777777; font-family: Arial;\">Et puis il propose des solutions&nbsp;: une sorte de principe de pr\u00e9caution avant l&rsquo;heure et une institution mondiale charg\u00e9e de le faire respecter et de prot\u00e9ger l&rsquo;Humanit\u00e9&nbsp;:<br \/>\n<\/span><\/p>\n<p style=\"margin-left: 28pt;\"><span style=\"color: #c00000; font-family: Arial;\">\u00ab&nbsp;Tout mal appelle apr\u00e8s lui un rem\u00e8de ; j&rsquo;ai signal\u00e9 le mal, c&rsquo;est-\u00e0-dire la catastrophe, naissant un jour de notre raison insuffisante \u00e0 la recherche de l&rsquo;absolu. Je vais chercher le rem\u00e8de, c&rsquo;est-\u00e0-dire le moyen de le combattre et de l&rsquo;\u00e9viter s&rsquo;il est possible.<br \/>\n<\/span><\/p>\n<p style=\"margin-left: 28pt;\"><span style=\"color: #c00000; font-family: Arial;\">Or, il y a deux sortes de moyens : Moyens palliatifs Moyens curatifs.<br \/>\n<\/span><\/p>\n<p style=\"margin-left: 28pt;\"><span style=\"color: #c00000; font-family: Arial;\"> Les moyens palliatifs, comme on le sait en m\u00e9decine, n&rsquo;ont pas pour but de d\u00e9truire le mal, mais de le retarder et de l&rsquo;amoindrir. Les moyens curatifs ont pour but de d\u00e9raciner, de d\u00e9truire enti\u00e8rement le mal.<br \/>\n<\/span><\/p>\n<p style=\"margin-left: 28pt;\"><span style=\"color: #c00000; font-family: Arial;\">Quels sont les moyens palliatifs que je propose ?<br \/>\n<\/span><\/p>\n<p style=\"margin-left: 28pt;\"><span style=\"color: #c00000; font-family: Arial;\">Les voici :<br \/>\n<\/span><\/p>\n<p style=\"margin-left: 28pt;\"><span style=\"color: #c00000; font-family: Arial;\">1\u00b0 L&rsquo;homme dans l&rsquo;avenir ne doit pas tenter des exp\u00e9riences capitales, d\u00e9cisives, sans avoir l&rsquo;assurance qu&rsquo;elles ne peuvent en rien troubler l&rsquo;harmonie des lois de la nature ;<br \/>\n<\/span><\/p>\n<p style=\"margin-left: 28pt;\"><span style=\"color: #c00000; font-family: Arial;\">2\u00b0 Il faudra dans l&rsquo;avenir cr\u00e9er des \u00e9coles sp\u00e9ciales ayant pour but de d\u00e9terminer et d&rsquo;\u00e9tudier les lois qui constituent l&rsquo;\u00e9quilibre du globe ;<br \/>\n<\/span><\/p>\n<p style=\"margin-left: 28pt;\"><span style=\"color: #c00000; font-family: Arial;\">3\u00b0 Il faudra aussi dans l&rsquo;avenir cr\u00e9er une \u00e9dilit\u00e9 plan\u00e9taire qui r\u00e9glemente le travail humain, de telle sorte que rien de d\u00e9cisif, de capital, tel que le d\u00e9boisement d&rsquo;une continent ou le percement d&rsquo;un isthme, etc., ne puisse avoir lieu sans l&rsquo;autorisation de l&rsquo;\u00e9dilit\u00e9 plan\u00e9taire. Cette \u00e9dilit\u00e9 aura son si\u00e8ge dans une des grandes villes du monde ; elle sera compos\u00e9e de l&rsquo;\u00e9lite de la science du monde entier. Chaque \u00e9dile sera nomm\u00e9 par ses concitoyens. Les \u00e9diles seront les premiers magistrats du monde, et chaque fois qu&rsquo;une nation voudra entreprendre une de ces tentatives audacieuses qui peuvent troubler l&rsquo;harmonie du monde, elle devra s&rsquo;adresser aux \u00e9diles, qui pourront lui donner ou lui refuser l&rsquo;autorisation, car ils seront l\u00e0 pour veiller \u00e0 la conservation de l&rsquo;harmonie du globe.<br \/>\n<\/span><\/p>\n<p style=\"margin-left: 28pt;\"><span style=\"color: #c00000; font-family: Arial;\">La nation qui enfreindrait les ordres des \u00e9diles serait mise au ban des nations, comme s&rsquo;\u00e9tant rendue <strong>coupable du crime de l\u00e8se-humanit\u00e9<\/strong>. Ainsi, un peuple veut-il d\u00e9boiser ses for\u00eats, il faudra que l&rsquo;\u00e9dilit\u00e9 le lui permette. Un peuple veut-il percer un isthme, il lui faudra encore la permission de l&rsquo;\u00e9dilit\u00e9 ; enfin, chaque fois qu&rsquo;une nation devra entreprendre une de ces grandes choses qui peuvent troubler l&rsquo;\u00e9quilibre de la plan\u00e8te, il faudra qu&rsquo;elle ait obtenu la permission de l&rsquo;humanit\u00e9 tout enti\u00e8re, repr\u00e9sent\u00e9e par ses \u00e9diles.<br \/>\n<\/span><\/p>\n<p style=\"margin-left: 28pt;\"><span style=\"color: #c00000; font-family: Arial;\">Telle devra \u00eatre la solidarit\u00e9 de l&rsquo;homme dans l&rsquo;avenir. Cette \u00e9dilit\u00e9 plan\u00e9taire que je vous propose para\u00eetra, \u00e0 tous ceux qui me liront, absurde, et pourtant elle est d\u00e9j\u00e0 dans nos m\u0153urs.<br \/>\n<\/span><\/p>\n<p style=\"margin-left: 28pt;\"><span style=\"color: #c00000; font-family: Arial;\">N&rsquo;avons-nous pas en petit, en France, ce que je demande en grand pour le Globe ? N&rsquo;y a-t-il pas un principe inscrit dans nos codes qui donne aux propri\u00e9taires le droit d&rsquo;user, de jouir de la chose, mais non d&rsquo;en abuser ? Ainsi, un homme a-t-il le droit de mettre le feu \u00e0 sa maison ? Non.<br \/>\n<\/span><\/p>\n<p style=\"margin-left: 28pt;\"><span style=\"color: #c00000; font-family: Arial;\">Pourquoi ?<br \/>\n<\/span><\/p>\n<p style=\"margin-left: 28pt;\"><span style=\"color: #c00000; font-family: Arial;\">Parce que toute une ville pourrait \u00eatre victime de cet abus de sa propri\u00e9t\u00e9.&nbsp;[\u2026]<br \/>\n<\/span><\/p>\n<p style=\"margin-left: 28pt;\"><span style=\"color: #c00000; font-family: Arial;\">Veiller sur l&rsquo;harmonie du globe, faire en sorte qu&rsquo;elle ne soit point troubl\u00e9e, tel serait le but de cette premi\u00e8re institution du monde.&nbsp;\u00bb<br \/>\n<\/span><\/p>\n<p><span style=\"color: #777777; font-family: Arial;\">Vous ne trouvez pas cette pens\u00e9e, imagin\u00e9e en pleine r\u00e9volution industrielle triomphante, \u00e9tonnante&nbsp;? Pr\u00e9monitoire&nbsp;?<br \/>\n<\/span><\/p>\n<p><span style=\"color: #777777; font-family: Arial;\">Certainement romantique et utopique.<br \/>\n<\/span><\/p>\n<p><a href=\"http:\/\/didaquest.org\/wiki\/HUZAR_Eug%C3%A8ne\"><span style=\"font-family: Arial;\">Eug\u00e8ne Huzar<\/span><\/a><span style=\"color: #777777; font-family: Arial;\"> \u00e9tait son nom.<\/span><\/p>\n<p><span style=\"color: #800000;\">&lt;914&gt;<\/span><\/p>\n","protected":false},"excerpt":{"rendered":"<p>\u00abL\u2019homme, en jouant ainsi avec cette machine si compliqu\u00e9e, la nature,&nbsp;me fait l\u2019effet d\u2019un aveugle qui ne conna\u00eetrait pas la m\u00e9canique et qui&nbsp;aurait la pr\u00e9tention de d\u00e9monter tous les rouages d\u2019une horloge qui&nbsp;marcherait bien, pour la remonter \u00e0 sa fantaisie<\/p>\n","protected":false},"author":1,"featured_media":0,"comment_status":"open","ping_status":"closed","sticky":false,"template":"","format":"standard","meta":{"footnotes":""},"categories":[1],"tags":[43,17,35],"class_list":["post-2648","post","type-post","status-publish","format-standard","hentry","category-motdujour","tag-ecologie","tag-histoire","tag-sciences"],"_links":{"self":[{"href":"https:\/\/lemotdujour.fr\/index.php?rest_route=\/wp\/v2\/posts\/2648","targetHints":{"allow":["GET"]}}],"collection":[{"href":"https:\/\/lemotdujour.fr\/index.php?rest_route=\/wp\/v2\/posts"}],"about":[{"href":"https:\/\/lemotdujour.fr\/index.php?rest_route=\/wp\/v2\/types\/post"}],"author":[{"embeddable":true,"href":"https:\/\/lemotdujour.fr\/index.php?rest_route=\/wp\/v2\/users\/1"}],"replies":[{"embeddable":true,"href":"https:\/\/lemotdujour.fr\/index.php?rest_route=%2Fwp%2Fv2%2Fcomments&post=2648"}],"version-history":[{"count":6,"href":"https:\/\/lemotdujour.fr\/index.php?rest_route=\/wp\/v2\/posts\/2648\/revisions"}],"predecessor-version":[{"id":12165,"href":"https:\/\/lemotdujour.fr\/index.php?rest_route=\/wp\/v2\/posts\/2648\/revisions\/12165"}],"wp:attachment":[{"href":"https:\/\/lemotdujour.fr\/index.php?rest_route=%2Fwp%2Fv2%2Fmedia&parent=2648"}],"wp:term":[{"taxonomy":"category","embeddable":true,"href":"https:\/\/lemotdujour.fr\/index.php?rest_route=%2Fwp%2Fv2%2Fcategories&post=2648"},{"taxonomy":"post_tag","embeddable":true,"href":"https:\/\/lemotdujour.fr\/index.php?rest_route=%2Fwp%2Fv2%2Ftags&post=2648"}],"curies":[{"name":"wp","href":"https:\/\/api.w.org\/{rel}","templated":true}]}}