{"id":2640,"date":"2017-06-28T04:30:59","date_gmt":"2017-06-28T02:30:59","guid":{"rendered":"http:\/\/lemotdujour.fr\/?p=2640"},"modified":"2021-09-26T21:22:57","modified_gmt":"2021-09-26T19:22:57","slug":"mercredi-27-juin-2017","status":"publish","type":"post","link":"https:\/\/lemotdujour.fr\/?p=2640","title":{"rendered":"Mercredi 28 juin 2017"},"content":{"rendered":"<div class=\"mdjTexte\">\t\u00ab&nbsp;Est-ce que l\u2019homme est plus intelligent que le poulpe ? On ne sait pas&nbsp;\u00bb<\/div>\n<div class=\"mdjAuteur\">\tFranz de Waal<\/div>\n<p><span style=\"color: #777777; font-family: Arial;\">Les lecteurs de \u00ab&nbsp;Sapiens&nbsp;\u00bb de Yuval Harari ne seront pas surpris par le contenu de ce mot du jour.<br \/>\n<\/span><\/p>\n<p><span style=\"color: #777777; font-family: Arial;\">Toutefois si on peut classer Harari dans la cat\u00e9gorie des vulgarisateurs ou des \u00ab&nbsp;compilateurs&nbsp;\u00bb de la science et de la recherche r\u00e9alis\u00e9s par d&rsquo;autres, tel n&rsquo;est pas le cas &nbsp;de <strong>Franz de Waal <\/strong>qui est un primatologue et \u00e9thologue n\u00e9erlandais. Lui est un sp\u00e9cialiste qui travaille depuis de tr\u00e8s longues ann\u00e9es sur les animaux. Il travaille particuli\u00e8rement sur <strong>l&#8217;empathie<\/strong> des animaux.<br \/>\n<\/span><\/p>\n<p><span style=\"color: #777777;\"><span style=\"font-family: Arial;\">Je l&rsquo;ai d\u00e9couvert lorsqu&rsquo;il avait \u00e9t\u00e9 invit\u00e9 par Patrick Cohen <span style=\"color: #0000ff;\"><a style=\"color: #0000ff;\" href=\"https:\/\/www.franceinter.fr\/emissions\/l-invite-de-8h20\/l-invite-de-8h20-04-octobre-2016\">&lt;en octobre 2016&gt;<\/a><\/span>, pour parler de son dernier ouvrage : <\/span><span style=\"font-family: Tahoma;\">&lt;Sommes nous trop b\u00eate pour comprendre l&rsquo;intelligence des animaux ?&gt;<\/span><span style=\"font-family: Arial;\"><br \/>\n<\/span><\/span><\/p>\n<p><span style=\"color: #777777; font-family: Arial;\">Il enseigne et exerce ses recherches dans l&rsquo;universit\u00e9 d&rsquo;Atlanta aux Etats-Unis. C&rsquo;est un scientifique passionnant et tr\u00e8s s\u00e9rieux m\u00eame s&rsquo;il est un peu provocateur, mais c&rsquo;est pour mieux expliquer le fruit de ses recherches.<br \/>\n<\/span><\/p>\n<p><span style=\"color: #777777; font-family: Arial;\">D\u00e9j\u00e0 les titres de ses ouvrages pr\u00e9c\u00e9dents constituent un programme&nbsp;:<span style=\"color: #0000ff;\"> \u00ab&nbsp;<a style=\"color: #0000ff;\" href=\"https:\/\/www.odilejacob.fr\/catalogue\/sciences-humaines\/ethologie\/politique-du-chimpanze_9782738102874.php\">La Politique du chimpanz\u00e9&nbsp;<\/a>\u00bb, \u00ab&nbsp;<a style=\"color: #0000ff;\" href=\"https:\/\/www.decitre.fr\/livres\/de-la-reconciliation-chez-les-primates-9782082102667.html\">De la r\u00e9conciliation chez les primates&nbsp;<\/a>\u00bb et \u00ab&nbsp;<a style=\"color: #0000ff;\" href=\"http:\/\/www.fayard.fr\/le-singe-en-nous-9782213627991\">Le Singe en nous&nbsp;<\/a>\u00bb.<\/span><br \/>\n<\/span><\/p>\n<p><span style=\"color: #777777; font-family: Arial;\">A Patrick Cohen, il a tenu \u00e0 peu pr\u00e8s ce langage&nbsp;:<br \/>\n<\/span><\/p>\n<p style=\"margin-left: 28pt;\"><span style=\"color: #c00000; font-family: Arial;\">\u00ab&nbsp;Chaque semaine on trouve de nouvelles choses sur l&rsquo;intelligence des animaux. Pas seulement sur les grands singes, moi je travaille avec les chimpanz\u00e9s et les bonobos essentiellement, mais aussi sur les oiseaux les poissons, les rats&nbsp;, les chiens, les dauphins.&nbsp;\u00bb<br \/>\n<\/span><\/p>\n<p><span style=\"color: #777777; font-family: Arial;\">Et quand Patrick Cohen lui demande un exemple pr\u00e9cis dont il peut faire le r\u00e9cit, il raconte l&rsquo;histoire suivante&nbsp;:<br \/>\n<\/span><\/p>\n<p style=\"margin-left: 28pt;\"><span style=\"color: #c00000; font-family: Arial;\">\u00ab&nbsp;Nous avons fait une exp\u00e9rience avec deux singes \u00e0 qui on demandait de faire un travail, le premier on le r\u00e9compensait avec des grains de raisin, le second avec des bouts de concombre. Il est tr\u00e8s clair qu&rsquo;un singe aime beaucoup plus les grains de raisin que le concombre. Au bout d&rsquo;un certain temps, le singe \u00e0 qui on donnait du concombre [et qui constatait qu&rsquo;on donnait \u00e0 l&rsquo;autre du raisin], c&rsquo;est tout simplement arr\u00eat\u00e9 de travailler. Il s&rsquo;est tout simplement mis en gr\u00e8ve, il voulait \u00eatre mieux pay\u00e9&nbsp;! Montrant par l\u00e0 sa perception de la justice.&nbsp;\u00bb<br \/>\n<\/span><\/p>\n<p><span style=\"color: #777777; font-family: Arial;\">Franz de Waal, qui est n\u00e9 en 1948, explique que lorsqu&rsquo;il \u00e9tait jeune il a eu beaucoup de mal \u00e0 imposer ses buts de recherche. Les \u00e9lites universitaires consid\u00e9raient que les animaux c&rsquo;\u00e9taient de l&rsquo;instinct et un apprentissage rudimentaire.<br \/>\n<\/span><\/p>\n<p><span style=\"color: #777777; font-family: Arial;\">Depuis, la science a beaucoup progress\u00e9 et a montr\u00e9 que les animaux \u00e9taient intelligents, savaient faire des raisonnements, savaient utiliser des outils (Franz de Waal parlent non seulement des singes, mais des corbeaux qui utilisent des outils pour parvenir \u00e0 leurs fins). Ils savent aussi se projeter dans le futur, des singes vont choisir un outil qu&rsquo;ils utiliseront plusieurs heures apr\u00e8s, ou encore privil\u00e9gieront l&rsquo;attente parce qu&rsquo;ils savent que dans plusieurs heures ils auront une r\u00e9compense plus grande que celle qu&rsquo;ils auraient obtenu imm\u00e9diatement.<br \/>\n<\/span><\/p>\n<p><span style=\"color: #777777; font-family: Arial;\">Et puis ils sont capables d&#8217;empathie, particuli\u00e8rement \u00e0 l&rsquo;\u00e9gard de leurs proches. Des auditeurs ont appel\u00e9 pour t\u00e9moigner qu&rsquo;ils ont vu des \u00e2nes pleurer parce que leur petit venait d&rsquo;\u00eatre \u00e9cras\u00e9 par une voiture. Franz de Waal a confirm\u00e9 qu&rsquo;une telle situation a \u00e9t\u00e9 observ\u00e9e plusieurs fois.<br \/>\n<\/span><\/p>\n<p><span style=\"color: #777777; font-family: Arial;\">Franz de Waal conteste qu&rsquo;il existe un seul type d&rsquo;intelligence. Les animaux ont des fonctionnalit\u00e9s que les humains ne poss\u00e8dent pas. Tout juste reconna\u00eet-il que les humains sont uniques en raison de l&rsquo;utilisation du langage symbolique, mais c&rsquo;est tout. Pour le reste il y a des variations d&rsquo;intelligence et l&rsquo;atout de l&rsquo;humain d&rsquo;avoir un cerveau plus gros que la plupart des animaux.<br \/>\n<\/span><\/p>\n<p><span style=\"color: #777777; font-family: Arial;\">L&rsquo;homme est un animal qui a un cerveau ordinateur comme les autres animaux, peut-\u00eatre juste un peu plus puissant. C&rsquo;est une diff\u00e9rence d&rsquo;intensit\u00e9 mais pas de nature.<br \/>\n<\/span><\/p>\n<p><span style=\"color: #777777; font-family: Arial;\">A propos du poulpe, il explique que cet animal appr\u00e9hende le monde de mani\u00e8re tr\u00e8s diff\u00e9rente d&rsquo;un homme car son syst\u00e8me nerveux est compl\u00e8tement distribu\u00e9 sur tout son corps. C&rsquo;est pourquoi il pose cette question provocante : \u00ab&nbsp;<span style=\"color: #c00000;\">Est-ce que l&rsquo;homme est plus intelligent que le poulpe ? On ne sait pas&nbsp;\u00bb<br \/>\n<\/span><\/span><\/p>\n<p><span style=\"color: #777777; font-family: Arial;\">Pour lui l&rsquo;erreur est de faire de l&rsquo;homme la mesure de toute chose, de comparer le comportement de l&rsquo;animal par rapport aux standards humains. Cette comparaison est \u00e9videmment d\u00e9favorable \u00e0 l&rsquo;animal. Mais quand on observe l&rsquo;animal de son point de vue de sa mani\u00e8re d&rsquo;appr\u00e9hender le monde, on constate qu&rsquo;il est intelligent, qu&rsquo;il a des raisonnements cognitifs et des \u00e9motions. C&rsquo;est un animal comme nous.<br \/>\n<\/span><\/p>\n<p><span style=\"color: #777777; font-family: Arial;\">Franz de Waal a approuv\u00e9 un auditeur qui citait Boris Cyrulnik qui a dit&nbsp;:<br \/>\n<\/span><\/p>\n<p style=\"margin-left: 28pt;\"><span style=\"color: #c00000; font-family: Arial;\">\u00ab&nbsp;<strong>L&rsquo;homme n&rsquo;est pas le seul animal intelligent, mais c&rsquo;est le seul animal qui croit qu&rsquo;il est le seul \u00e0 \u00eatre intelligent<\/strong>&nbsp;\u00bb<br \/>\n<\/span><\/p>\n<p><span style=\"color: #777777; font-family: Arial;\">Mais Franz de Waal a surtout \u0153uvr\u00e9 dans le domaine de l&#8217;empathie, dans un entretien <a href=\"http:\/\/www.lepoint.fr\/culture\/interview-frans-de-waal-de-l-empathie-animale-aux-religions-humaines-30-10-2013-1749855_3.php\"><span style=\"color: #0000ff;\">&lt;Au Point de 2013&gt;<\/span>,<\/a> il disait&nbsp;:<br \/>\n<\/span><\/p>\n<p style=\"margin-left: 28pt;\"><span style=\"color: #c00000; font-family: Arial;\">\u00ab&nbsp;En 1996, lorsque j&rsquo;ai publi\u00e9 mon premier livre sur le sujet, <em>Le bon singe<\/em>, la notion d&#8217;empathie chez les animaux \u00e9tait tr\u00e8s controvers\u00e9e. Elle a \u00e9t\u00e9 depuis mise en \u00e9vidence chez les souris, les rats, les \u00e9l\u00e9phants&#8230; Tous les mammif\u00e8res, en r\u00e9alit\u00e9, manifestent une sensibilit\u00e9 aux \u00e9motions des autres.&nbsp;\u00bb<br \/>\n<\/span><\/p>\n<p><span style=\"color: #777777; font-family: Arial;\">Et cette interview<span style=\"color: #0000ff;\"> <a style=\"color: #0000ff;\" href=\"http:\/\/next.liberation.fr\/livres\/2010\/03\/11\/l-empathie-caracterise-tous-les-mammiferes_614400\">\u00e0 Lib\u00e9ration en 2010&nbsp;<\/a>:<\/span><br \/>\n<\/span><\/p>\n<p style=\"margin-left: 28pt;\"><span style=\"color: #c00000; font-family: Arial;\">\u00ab&nbsp;Tout a commenc\u00e9 il y a trente ans, quand j&rsquo;ai d\u00e9couvert un comportement dit de \u00abconsolation\u00bb, de r\u00e9confort, chez les chimpanz\u00e9s. Apr\u00e8s une bagarre, celui qui a perdu est consol\u00e9 par les autres, ils s&rsquo;approchent, le prennent dans leurs bras, essaient de le calmer. Dix ans plus tard, j&rsquo;ai entendu parler du travail de la psychologue Carolyn Zahn-Waxler, qui testait l&#8217;empathie chez les enfants. Elle demandait aux parents ou aux fr\u00e8res et s\u0153urs de pleurer ou de faire comme s&rsquo;ils avaient mal, et les enfants, m\u00eame tr\u00e8s jeunes, 1 ou 2 ans \u00e0 peine, s&rsquo;approchaient, touchaient, demandaient comment \u00e7a allait. Ce qu&rsquo;elle d\u00e9crivait \u00e9tait exactement ce que j&rsquo;avais appel\u00e9 le comportement de \u00abconsolation\u00bb chez les chimpanz\u00e9s. C&rsquo;est \u00e0 partir de ce moment que j&rsquo;ai commenc\u00e9 \u00e0 regarder le comportement des chimpanz\u00e9s, et des singes en g\u00e9n\u00e9ral, en me posant la question de l&#8217;empathie.<br \/>\n<\/span><\/p>\n<p style=\"margin-left: 28pt;\"><span style=\"color: #c00000; font-family: Arial;\"><em>Vous avez test\u00e9 l&#8217;empathie chez les primates ?<br \/>\n<\/em><\/span><\/p>\n<p style=\"margin-left: 28pt;\"><span style=\"color: #c00000; font-family: Arial;\">\u00abIl y a eu des dizaines d&rsquo;exp\u00e9riences. Je vous citerai celle o\u00f9 des singes refusent d&rsquo;activer un m\u00e9canisme qui leur distribue de la nourriture quand ils r\u00e9alisent que le syst\u00e8me envoie des d\u00e9charges \u00e9lectriques \u00e0 leurs compagnons. Leur sensibilit\u00e9 \u00e0 la souffrance des autres \u00e9tait telle qu&rsquo;ils ont arr\u00eat\u00e9 de se nourrir pendant douze jours.<br \/>\n<\/span><\/p>\n<p style=\"margin-left: 28pt;\"><span style=\"color: #c00000; font-family: Arial;\"><em>Vous affirmez que cela va bien au-del\u00e0 des singes.<br \/>\n<\/em><\/span><\/p>\n<p style=\"margin-left: 28pt;\"><span style=\"color: #c00000; font-family: Arial;\">Depuis quelques ann\u00e9es, on a en effet des exemples nombreux et troublants : des dauphins qui soutiennent un compagnon bless\u00e9 pour le faire respirer \u00e0 la surface, des \u00e9l\u00e9phants qui s&rsquo;occupent avec beaucoup de d\u00e9licatesse d&rsquo;une vieille femelle aveugle\u2026 Je pense que l&#8217;empathie est apparue dans l&rsquo;\u00e9volution avant l&rsquo;arriv\u00e9e des primates : elle est caract\u00e9ristique de tous les mammif\u00e8res et elle d\u00e9coule des soins maternels. Lorsque des petits expriment une \u00e9motion, qu&rsquo;ils sont en danger ou qu&rsquo;ils ont faim, la femelle doit r\u00e9agir imm\u00e9diatement, sinon les petits meurent. C&rsquo;est ainsi que l&#8217;empathie a commenc\u00e9.&nbsp;\u00bb<br \/>\n<\/span><\/p>\n<p><span style=\"color: #777777; font-family: Arial;\">La r\u00e9ponse \u00e0 cette question&nbsp;: Vous \u00e9voquez la r\u00e9ticence des chercheurs \u00e0 parler des \u00e9motions animales : leurs raisons seraient moins scientifiques que religieuses&nbsp;? est aussi tr\u00e8s troublante, car il en tire des conclusions pour cet animal qu&rsquo;est homo sapiens&nbsp;:<br \/>\n<\/span><\/p>\n<p style=\"margin-left: 28pt;\"><span style=\"color: #c00000; font-family: Arial;\">\u00ab&nbsp;La psychologie vient de la philosophie et la philosophie vient de la th\u00e9ologie. Dans les d\u00e9partements de psychologie et de philosophie, il y a toujours eu une forte tendance \u00e0 mettre l&rsquo;accent sur la distinction homme\/animal. On est tout le temps en train de s&rsquo;y demander quel est le propre de l&rsquo;homme. A la diff\u00e9rence des biologistes, pour lesquels l&rsquo;homme est un animal. Pour moi, c&rsquo;est int\u00e9ressant de regarder les psychologues : ils essaient toujours de tracer cette ligne de s\u00e9paration et ils ne sont d&rsquo;ailleurs jamais contents. Ils ont d&rsquo;abord dit que la sp\u00e9cificit\u00e9 de l&rsquo;homme tenait \u00e0 l&rsquo;usage des outils, puis \u00e0 la culture\u2026 Au fur et \u00e0 mesure que leurs arguments tombent, ils en proposent d&rsquo;autres. Mais je ne pense pas qu&rsquo;ils trouveront, parce que toutes les grandes capacit\u00e9s, comme la moralit\u00e9, se divisent en petites capacit\u00e9s, pr\u00e9sentes chez les animaux. Dans la morale, il y a de l&#8217;empathie, qui existe chez beaucoup d&rsquo;animaux. Il est peut-\u00eatre vrai que la morale, telle qu&rsquo;elle existe chez l&rsquo;homme, ne sera jamais trouv\u00e9e chez un autre animal, mais \u00e7a ne veut pas dire qu&rsquo;il n&rsquo;y en ait pas certains \u00e9l\u00e9ments ailleurs. Les diff\u00e9rences sont moins absolues que les gens ne le croient.<br \/>\n<\/span><\/p>\n<p style=\"margin-left: 28pt;\"><span style=\"color: #c00000; font-family: Arial;\"><em>En parlant des trois religions monoth\u00e9istes, vous remarquez qu&rsquo;elles sont n\u00e9es dans le d\u00e9sert, dans des pays sans singes\u2026<br \/>\n<\/em><\/span><\/p>\n<p style=\"margin-left: 28pt;\"><span style=\"color: #c00000; font-family: Arial;\">Les religions occidentales sont n\u00e9es dans le d\u00e9sert. Dans le d\u00e9sert, \u00e0 quel animal l&rsquo;\u00eatre humain peut-il se comparer ? Au chameau ? L&rsquo;homme et le chameau sont de toute \u00e9vidence tr\u00e8s diff\u00e9rents. Il est donc tr\u00e8s facile de soutenir que nous sommes compl\u00e8tement diff\u00e9rents des animaux, que nous ne sommes pas des animaux, que nous avons une \u00e2me et que les animaux n&rsquo;en ont pas. Quand on lit le folklore de nos soci\u00e9t\u00e9s, les fables de La Fontaine par exemple, on y rencontre des renards, des corbeaux, des cigognes, des lapins\u2026 mais pas de singes. Alors que les folklores asiatiques sont pleins de gibbons, de macaques\u2026 En Inde, en Chine, au Japon, il y a toutes sortes de singes. Le d\u00e9veloppement des civilisations s&rsquo;y est fait en compagnie des primates, c&rsquo;est \u00e0 cette sorte d&rsquo;animaux que les Asiatiques se comparent. Du coup, la ligne de s\u00e9paration n&rsquo;est jamais tr\u00e8s nette. Dans le livre, je raconte que, lorsque, pour la premi\u00e8re fois au XIXe si\u00e8cle, les habitants de Londres et de Paris ont vu des grands singes, ils ont \u00e9t\u00e9 choqu\u00e9s, d\u00e9go\u00fbt\u00e9s m\u00eame. D\u00e9go\u00fbt\u00e9s en voyant un orang-outan ? \u00c7a n&rsquo;est possible que si on a de soi une id\u00e9e qui exclut l&rsquo;animal. Sinon, on voit un orang-outan et on se dit : si \u00e7a, c&rsquo;est un animal, alors peut-\u00eatre que moi aussi je suis un animal. Aujourd&rsquo;hui, bien s\u00fbr, c&rsquo;est diff\u00e9rent. Les gens se sont habitu\u00e9s \u00e0 l&rsquo;id\u00e9e qu&rsquo;ils sont des grands singes et \u00e0 se voir eux-m\u00eames comme des animaux. Jusqu&rsquo;\u00e0 un certain point, en tout cas, en dehors des d\u00e9partements de philosophie.&nbsp;\u00bb<br \/>\n<\/span><\/p>\n<p><span style=\"color: #777777; font-family: Arial;\">Un scientifique, une r\u00e9flexion et un bouleversement de notre perception du monde passionnant.<br \/>\n<\/span><\/p>\n<p><span style=\"color: #777777; font-family: Arial;\">Il a aussi \u00e9t\u00e9 invit\u00e9 \u00e0 deux \u00e9missions de Radio France &nbsp;:<br \/>\n<\/span><\/p>\n<p><span style=\"color: #0000ff;\"><a style=\"color: #0000ff;\" href=\"https:\/\/www.franceinter.fr\/emissions\/la-tete-au-carre\/la-tete-au-carre-10-octobre-2016\"><span style=\"font-family: Arial;\">https:\/\/www.franceinter.fr\/emissions\/la-tete-au-carre\/la-tete-au-carre-10-octobre-2016<\/span><\/a><span style=\"font-family: Arial;\"><br \/>\n<\/span><\/span><\/p>\n<p><span style=\"color: #0000ff;\"><a style=\"color: #0000ff;\" href=\"https:\/\/www.franceculture.fr\/emissions\/la-grande-table-2eme-partie\/lanimal-est-il-un-homme-comme-un-autre\"><span style=\"font-family: Arial;\">https:\/\/www.franceculture.fr\/emissions\/la-grande-table-2eme-partie\/lanimal-est-il-un-homme-comme-un-autre<\/span><\/a><\/span><span style=\"color: #777777; font-family: Arial;\"><br \/>\n<\/span><\/p>\n<p><span style=\"color: #777777; font-family: Arial;\">Et vous trouverez cette page sur le site d&rsquo;Arte avec des vid\u00e9os&nbsp;:<br \/>\n<\/span><\/p>\n<p><span style=\"color: #0000ff;\"><a style=\"color: #0000ff;\" href=\"http:\/\/sites.arte.tv\/28minutes\/fr\/frans-de-waal-le-neerlandais-qui-observe-les-singes-pour-comprendre-les-hommes-28minutes\"><span style=\"font-family: Tahoma;\">http:\/\/sites.arte.tv\/28minutes\/fr\/frans-de-waal-le-neerlandais-qui-observe-les-singes-pour-comprendre-les-hommes-28minutes<\/span><\/a><\/span><span style=\"color: #777777; font-family: Arial;\"><br \/>\n<\/span><\/p>\n<p><img loading=\"lazy\" decoding=\"async\" class=\"alignnone size-medium wp-image-2645\" src=\"https:\/\/lemotdujour.fr\/wp-content\/uploads\/2017\/06\/Sommes-nous-trop-betes-pour-comprendre-l-intelligence-des-animaux--198x300.jpg\" alt=\"\" width=\"198\" height=\"300\" srcset=\"https:\/\/lemotdujour.fr\/wp-content\/uploads\/2017\/06\/Sommes-nous-trop-betes-pour-comprendre-l-intelligence-des-animaux--198x300.jpg 198w, https:\/\/lemotdujour.fr\/wp-content\/uploads\/2017\/06\/Sommes-nous-trop-betes-pour-comprendre-l-intelligence-des-animaux-.jpg 400w\" sizes=\"auto, (max-width: 198px) 100vw, 198px\" \/><\/p>\n<p><span style=\"color: #800000;\">&lt;913&gt;<\/span><\/p>\n","protected":false},"excerpt":{"rendered":"<p>\u00ab&nbsp;Est-ce que l\u2019homme est plus intelligent que le poulpe ? On ne sait pas&nbsp;\u00bb Franz de Waal Les lecteurs de \u00ab&nbsp;Sapiens&nbsp;\u00bb de Yuval Harari ne seront pas surpris par le contenu de ce mot du jour. Toutefois si on peut<\/p>\n","protected":false},"author":1,"featured_media":0,"comment_status":"open","ping_status":"closed","sticky":false,"template":"","format":"standard","meta":{"footnotes":""},"categories":[1],"tags":[43,6,35],"class_list":["post-2640","post","type-post","status-publish","format-standard","hentry","category-motdujour","tag-ecologie","tag-philosophie","tag-sciences"],"_links":{"self":[{"href":"https:\/\/lemotdujour.fr\/index.php?rest_route=\/wp\/v2\/posts\/2640","targetHints":{"allow":["GET"]}}],"collection":[{"href":"https:\/\/lemotdujour.fr\/index.php?rest_route=\/wp\/v2\/posts"}],"about":[{"href":"https:\/\/lemotdujour.fr\/index.php?rest_route=\/wp\/v2\/types\/post"}],"author":[{"embeddable":true,"href":"https:\/\/lemotdujour.fr\/index.php?rest_route=\/wp\/v2\/users\/1"}],"replies":[{"embeddable":true,"href":"https:\/\/lemotdujour.fr\/index.php?rest_route=%2Fwp%2Fv2%2Fcomments&post=2640"}],"version-history":[{"count":8,"href":"https:\/\/lemotdujour.fr\/index.php?rest_route=\/wp\/v2\/posts\/2640\/revisions"}],"predecessor-version":[{"id":12166,"href":"https:\/\/lemotdujour.fr\/index.php?rest_route=\/wp\/v2\/posts\/2640\/revisions\/12166"}],"wp:attachment":[{"href":"https:\/\/lemotdujour.fr\/index.php?rest_route=%2Fwp%2Fv2%2Fmedia&parent=2640"}],"wp:term":[{"taxonomy":"category","embeddable":true,"href":"https:\/\/lemotdujour.fr\/index.php?rest_route=%2Fwp%2Fv2%2Fcategories&post=2640"},{"taxonomy":"post_tag","embeddable":true,"href":"https:\/\/lemotdujour.fr\/index.php?rest_route=%2Fwp%2Fv2%2Ftags&post=2640"}],"curies":[{"name":"wp","href":"https:\/\/api.w.org\/{rel}","templated":true}]}}