{"id":2631,"date":"2017-06-26T04:30:16","date_gmt":"2017-06-26T02:30:16","guid":{"rendered":"http:\/\/lemotdujour.fr\/?p=2631"},"modified":"2021-09-29T11:00:52","modified_gmt":"2021-09-29T09:00:52","slug":"lundi-26-juin-2017-2","status":"publish","type":"post","link":"https:\/\/lemotdujour.fr\/?p=2631","title":{"rendered":"Lundi 26 juin 2017"},"content":{"rendered":"<div class=\"mdjTexte\">\t\u00ab&nbsp;Le vitiligo&nbsp;\u00bb<\/div>\n<div class=\"mdjAuteur\">\tMaladie de la peau qui a fait l\u2019objet d\u2019une journ\u00e9e mondiale ce dimanche 25 juin<\/div>\n<p><span style=\"color: #0000ff;\"><a style=\"color: #0000ff;\" href=\"https:\/\/www.afvitiligo.com\/journee-mondiale-vitiligo-partout-france\/\"><span style=\"font-family: Arial;\">&lt;Ce dimanche, il avait \u00e9t\u00e9 d\u00e9cid\u00e9 d&rsquo;organiser une journ\u00e9e mondiale du vitiligo&gt;<\/span><\/a><\/span><span style=\"color: #777777; font-family: Arial;\"><br \/>\n<\/span><\/p>\n<p><span style=\"color: #777777; font-family: Arial;\">C&rsquo;est le fait d&rsquo;avoir entendu cette information qui m&rsquo;a incit\u00e9 \u00e0 m&rsquo;int\u00e9resser \u00e0 ce sujet.<br \/>\n<\/span><\/p>\n<p><span style=\"color: #777777; font-family: Arial;\">Le &lt;<span style=\"color: #0000ff;\"><a style=\"color: #0000ff;\" href=\"http:\/\/www.doctissimo.fr\/html\/forme\/beaute_maladies_peau\/articles\/fo_7714_vitiligo_peau.htm\">site doctossimo<\/a><\/span>&gt; explique qu&rsquo;il s&rsquo;agit d&rsquo;une maladie de peau qui se caract\u00e9rise par des zones d\u00e9pigment\u00e9es plus ou moins \u00e9tendues. Ce site pr\u00e9cise qu&rsquo;elle est connue depuis la nuit des temps.<br \/>\n<\/span><\/p>\n<p><span style=\"color: #777777; font-family: Arial;\">C&rsquo;est une maladie qui est analys\u00e9e par les froids techniciens de la m\u00e9decine comme b\u00e9gnine sur le plan m\u00e9dical. Mais ce que ces techniciens feignent d&rsquo;ignorer c&rsquo;est l&rsquo;aspect humain notamment dans sa relation \u00e0 autrui, dans le para\u00eetre qu&rsquo;on peut d\u00e9noncer philosophiquement, mais qui est pourtant si important dans la vie en soci\u00e9t\u00e9.<br \/>\n<\/span><\/p>\n<p><span style=\"color: #777777; font-family: Arial;\">C&rsquo;est toujours le site doctossimo qui explique que le vitiligo peut conduire \u00e0 une d\u00e9tresse psychologique s\u00e9v\u00e8re et doit, \u00e0 ce titre, b\u00e9n\u00e9ficier d&rsquo;une prise en charge adapt\u00e9e&nbsp;:<br \/>\n<\/span><\/p>\n<p style=\"margin-left: 28pt;\"><span style=\"color: #c00000; font-family: Arial;\">\u00ab&nbsp;Le vitiligo se manifeste par des plaques blanches correspondant \u00e0 des zones de peau o\u00f9 les cellules fabriquant la&nbsp;<span style=\"color: #0000ff;\"><a style=\"color: #0000ff;\" href=\"http:\/\/dictionnaire.doctissimo.fr\/definition-melanine.htm\" target=\"_self\" rel=\"noopener\">m\u00e9lanine<\/a><\/span>&nbsp;&#8211; \u00e0 l&rsquo;origine de la pigmentation de la peau &#8211; ont disparu. Ces plaques n&rsquo;ont pas d&rsquo;autre sp\u00e9cificit\u00e9&nbsp;:&nbsp;elles ne d\u00e9mangent pas ou tr\u00e8s rarement, elles ne sont ni douloureuses, ni contagieuses. Pourtant, ces simples taches d\u00e9color\u00e9es suffisent \u00e0 provoquer le d\u00e9go\u00fbt, voire le rejet. Mary, atteinte \u00e0 l&rsquo;\u00e2ge de 8&nbsp;ans, en a particuli\u00e8rement souffert quand elle \u00e9tait enfant.&nbsp;<em>\u00ab\u00a0A l&rsquo;\u00e9poque, il y a 30&nbsp;ans, on connaissait encore mal cette maladie, que l&rsquo;on associait \u00e0 la&nbsp;<span style=\"color: #0000ff;\"><a style=\"color: #0000ff;\" href=\"http:\/\/www.doctissimo.fr\/html\/sante\/encyclopedie\/sa_1218_gale.htm\" target=\"_self\" rel=\"noopener\">gale<\/a><\/span>. Pendant des ann\u00e9es, j&rsquo;ai \u00e9t\u00e9 rejet\u00e9e, m\u00eame par mes anciens amis&nbsp;;&nbsp;ils pensaient que cela pouvait \u00eatre contagieux et refusaient de m&rsquo;approcher.\u00bb<\/em><br \/>\n<\/span><\/p>\n<p><span style=\"color: #777777; font-family: Arial;\">Une <span style=\"color: #0000ff;\"><a style=\"color: #0000ff;\" href=\"https:\/\/www.afvitiligo.com\/\">&lt;association fran\u00e7aise du vitiligo&gt;<\/a><\/span> a \u00e9t\u00e9 cr\u00e9\u00e9e avec pour objet d&rsquo;informer des nouveaux traitements, mais aussi de cr\u00e9er un groupe capable de faire pression pour que cette maladie soit davantage prise en consid\u00e9ration et aussi permettre \u00e0 celles et ceux qui en sont victimes d&rsquo;\u00eatre en lien avec d&rsquo;autres qui poursuivent le m\u00eame combat.<br \/>\n<\/span><\/p>\n<p><span style=\"color: #777777; font-family: Arial;\">Le journal<span style=\"color: #0000ff;\"> <a style=\"color: #0000ff;\" href=\"http:\/\/www.20minutes.fr\/sante\/1872935-20160625-vivre-vitiligo-accepter-liberer\">&lt;20 Minutes&gt;<\/a><\/span> a \u00e9crit un article \u00e0 l&rsquo;occasion de la journ\u00e9e mondiale&nbsp;:<br \/>\n<\/span><\/p>\n<p style=\"margin-left: 28pt;\"><span style=\"color: #c00000; font-family: Arial;\">\u00ab&nbsp;N&rsquo;avez-vous jamais eu l&rsquo;impression que l&rsquo;on vous d\u00e9visageait ? Pour ceux qui vivent avec le vitiligo, cette impression est une r\u00e9alit\u00e9 souvent pesante. Le vitiligo, tout le monde conna\u00eet sans vraiment savoir ce que c&rsquo;est. Ce n&rsquo;est pourtant pas une maladie rare. En France, entre 900.000 et 1,2 million de personnes vivent avec le vitiligo. Il s&rsquo;agit d&rsquo;\u00ab une maladie qui entra\u00eene une disparition des m\u00e9lanocytes de la peau, les cellules responsables de la pigmentation de l&rsquo;\u00e9piderme, faisant appara\u00eetre sur le corps des taches blanches&nbsp;\u00bb<br \/>\n<\/span><\/p>\n<p style=\"margin-left: 28pt;\"><span style=\"color: #c00000; font-family: Arial;\">Pour ceux qui vivent avec le vitiligo, regards insistants et remarques d\u00e9sagr\u00e9ables ne sont pas faciles \u00e0 supporter. [\u2026] Son vitiligo, Amandine, \u00e9tudiante en licence de communication \u00e0 Mulhouse, vit avec depuis l&rsquo;\u00e2ge de 2 ans. De larges taches d\u00e9pigment\u00e9es parcourent une grande partie de son corps, qu&rsquo;elle a longtemps cach\u00e9. \u00ab Traverser l&rsquo;enfance et l&rsquo;adolescence a \u00e9t\u00e9 tr\u00e8s difficile, se souvient la jeune femme de 21 ans. Etre ado n&rsquo;est d\u00e9j\u00e0 pas simple, mais quand vous y ajoutez les regards incessants, les moqueries et les r\u00e9flexions d\u00e9plac\u00e9es, \u00e7a a \u00e9t\u00e9 tr\u00e8s difficile \u00e0 vivre : j&rsquo;\u00e9prouvais un grand mal-\u00eatre et j&rsquo;en avais marre de ne pas vivre comme tout le monde \u00bb, se souvient-elle. A l&rsquo;\u00e9poque, rien n&rsquo;aurait pu convaincre Amandine de porter autre chose que des v\u00eatements tr\u00e8s couvrants. Pantalon et pull \u00e0 manches longues, sa garde-robe restait la m\u00eame par tous les temps.<br \/>\n<\/span><\/p>\n<p style=\"margin-left: 28pt;\"><span style=\"color: #c00000; font-family: Arial;\">\u00ab Certains ne pratiquent aucun sport, d&rsquo;autres sont dans un d\u00e9sarroi tel qu&rsquo;ils sombrent dans la d\u00e9pression, voire le suicide \u00bb, ajoute Jean-Marie Meurant. Pour Amandine, le vitiligo est devenu une \u00ab obsession \u00bb. \u00ab Je ne suis pas all\u00e9e \u00e0 la piscine avant l&rsquo;\u00e2ge de 15 ans et dans le bus, je m&rsquo;asseyais en posant les mains sur mes jambes, paumes en l&rsquo;air, pour ne pas que l&rsquo;on voie les taches sur le dos de mes mains \u00bb. Une \u00e9poque difficile \u00e0 vivre pour elle et son entourage, en particulier son grand-p\u00e8re, atteint lui aussi de cette maladie g\u00e9n\u00e9tique.<br \/>\n<\/span><\/p>\n<p style=\"margin-left: 28pt;\"><span style=\"color: #c00000; font-family: Arial;\">Jusqu&rsquo;au jour o\u00f9, \u00e0 18 ans, la jeune femme a d\u00e9cid\u00e9 qu&rsquo;elle ne voulait plus vivre de cette mani\u00e8re. \u00ab J&rsquo;ai voulu changer, \u00eatre plus ouverte sur l&rsquo;ext\u00e9rieur et m&rsquo;accepter comme j&rsquo;\u00e9tais \u00bb. C&rsquo;est alors qu&rsquo;elle a rejoint l&rsquo;association, o\u00f9 elle a fait la connaissance d&rsquo;autres membres, atteints comme elle de vitiligo. Pour favoriser l&rsquo;acceptation de la maladie, l&rsquo;AFV propose r\u00e9guli\u00e8rement des ateliers de maquillage correcteur \u00e0 ses adh\u00e9rents. Objectif : se sentir plus \u00e0 l&rsquo;aise dans son corps, mais aussi \u00ab rompre l&rsquo;isolement qu&rsquo;entra\u00eene le vitiligo \u00bb, insiste Jean-Marie Meurant.&nbsp;\u00bb<br \/>\n<\/span><\/p>\n<p><span style=\"color: #777777; font-family: Arial;\">Il existe de belles initiatives pour aider \u00e0 changer le regard, ainsi &lt;<span style=\"color: #0000ff;\"><a style=\"color: #0000ff;\" href=\"https:\/\/www.topsante.com\/medecine\/dermato\/psoriasis\/un-photographe-sublime-la-beaute-des-personnes-atteintes-par-le-vitiligo-618501\">Un photographe sublime la beaut\u00e9 des personnes atteintes par le vitiligo<\/a><\/span>&gt;&nbsp;:<br \/>\n<\/span><\/p>\n<p style=\"margin-left: 28pt;\"><span style=\"color: #c00000; font-family: Arial;\">\u00ab&nbsp;Pour lutter contre les pr\u00e9jug\u00e9s, le photographe australien Brock Elbank a choisi de r\u00e9aliser une s\u00e9rie de portraits autour du vitiligo. Interrog\u00e9 par le site I-D, l&rsquo;un de ses mod\u00e8les explique : \u00ab certaines personnes ont des physiques plus singuliers que d&rsquo;autres, en ayant des cheveux diff\u00e9rents, des marques sur leur corps, ou bien des taches de rousseur&#8230; Mais dans tous les cas, chaque personne est unique. Pour s&rsquo;accepter, il ne faut pas n\u00e9cessairement avoir quelque chose d&rsquo;aussi visible que le vitiligo. Aimez tout ce que vous avez ! La beaut\u00e9 est un m\u00e9lange de qualit\u00e9s qui vous rendent unique, autant \u00e0 l&rsquo;ext\u00e9rieur qu&rsquo;\u00e0 l&rsquo;int\u00e9rieur. \u00bb&nbsp;\u00bb<br \/>\n<\/span><\/p>\n<p><span style=\"color: #777777; font-family: Arial;\">Comprendre le monde, c&rsquo;est aussi comprendre les autres dans leurs beaut\u00e9s, leurs cr\u00e9ativit\u00e9s mais aussi leurs combats et leurs difficult\u00e9s.<br \/>\n<\/span><\/p>\n<p><span style=\"color: #777777; font-family: Arial;\">Comprendre, c&rsquo;est permettre de changer notre regard.<br \/>\n<\/span><\/p>\n<p><span style=\"color: #777777; font-family: Arial;\">Je trouvais pertinent de partager ces r\u00e9flexions.<\/span><\/p>\n<p><span style=\"color: #800000;\">&lt;911&gt;<\/span><\/p>\n","protected":false},"excerpt":{"rendered":"<p>\u00ab&nbsp;Le vitiligo&nbsp;\u00bb Maladie de la peau qui a fait l\u2019objet d\u2019une journ\u00e9e mondiale ce dimanche 25 juin &lt;Ce dimanche, il avait \u00e9t\u00e9 d\u00e9cid\u00e9 d&rsquo;organiser une journ\u00e9e mondiale du vitiligo&gt; C&rsquo;est le fait d&rsquo;avoir entendu cette information qui m&rsquo;a incit\u00e9 \u00e0<\/p>\n","protected":false},"author":1,"featured_media":0,"comment_status":"open","ping_status":"closed","sticky":false,"template":"","format":"standard","meta":{"footnotes":""},"categories":[1],"tags":[13,7],"class_list":["post-2631","post","type-post","status-publish","format-standard","hentry","category-motdujour","tag-sante","tag-societe"],"_links":{"self":[{"href":"https:\/\/lemotdujour.fr\/index.php?rest_route=\/wp\/v2\/posts\/2631","targetHints":{"allow":["GET"]}}],"collection":[{"href":"https:\/\/lemotdujour.fr\/index.php?rest_route=\/wp\/v2\/posts"}],"about":[{"href":"https:\/\/lemotdujour.fr\/index.php?rest_route=\/wp\/v2\/types\/post"}],"author":[{"embeddable":true,"href":"https:\/\/lemotdujour.fr\/index.php?rest_route=\/wp\/v2\/users\/1"}],"replies":[{"embeddable":true,"href":"https:\/\/lemotdujour.fr\/index.php?rest_route=%2Fwp%2Fv2%2Fcomments&post=2631"}],"version-history":[{"count":5,"href":"https:\/\/lemotdujour.fr\/index.php?rest_route=\/wp\/v2\/posts\/2631\/revisions"}],"predecessor-version":[{"id":12235,"href":"https:\/\/lemotdujour.fr\/index.php?rest_route=\/wp\/v2\/posts\/2631\/revisions\/12235"}],"wp:attachment":[{"href":"https:\/\/lemotdujour.fr\/index.php?rest_route=%2Fwp%2Fv2%2Fmedia&parent=2631"}],"wp:term":[{"taxonomy":"category","embeddable":true,"href":"https:\/\/lemotdujour.fr\/index.php?rest_route=%2Fwp%2Fv2%2Fcategories&post=2631"},{"taxonomy":"post_tag","embeddable":true,"href":"https:\/\/lemotdujour.fr\/index.php?rest_route=%2Fwp%2Fv2%2Ftags&post=2631"}],"curies":[{"name":"wp","href":"https:\/\/api.w.org\/{rel}","templated":true}]}}