{"id":2596,"date":"2017-06-22T04:30:21","date_gmt":"2017-06-22T02:30:21","guid":{"rendered":"http:\/\/lemotdujour.fr\/?p=2596"},"modified":"2021-09-26T21:31:21","modified_gmt":"2021-09-26T19:31:21","slug":"jeudi-22-juin-2017","status":"publish","type":"post","link":"https:\/\/lemotdujour.fr\/?p=2596","title":{"rendered":"Jeudi 22 juin 2017"},"content":{"rendered":"<div class=\"mdjTexte\">\t\u00ab&nbsp;Un gouvernement g\u00e9n\u00e9ralement mal inspir\u00e9, face \u00e0 une angoisse g\u00e9n\u00e9rale totale, a cherch\u00e9 la chose la plus spectaculaire qu\u2019il pouvait mettre en place et il a d\u00e9cid\u00e9 de mettre en place l\u2019\u00e9tat d\u2019urgence&nbsp;\u00bb<\/div>\n<div class=\"mdjAuteur\">\tFran\u00e7ois Sureau<\/div>\n<p><span style=\"color: #777777; font-family: Arial;\">J&rsquo;ai d\u00e9j\u00e0 \u00e9voqu\u00e9 l&rsquo;avocat Fran\u00e7ois Sureau \u00e0 deux reprises&nbsp;:<br \/>\n<\/span><\/p>\n<ul>\n<li><span style=\"color: #777777; font-family: Arial;\">Une premi\u00e8re fois <span style=\"color: #0000ff;\"><a style=\"color: #0000ff;\" title=\"2 h 00 min\" href=\"https:\/\/lemotdujour.fr\/?p=2201\">le 18 septembre 2013<\/a>&nbsp;<\/span>: \u00abLe Droit ne fait pas Justice.\u00bb o\u00f9 il expliquait qu&rsquo;une de ses plus terribles exp\u00e9riences de justice fut lorsqu&rsquo;il dut participer \u00e0 une d\u00e9cision du Conseil d&rsquo;Etat qui refusa l&rsquo;asile politique \u00e0 un militant basque Javier Ibarrategui qui se disait menac\u00e9 de mort en Espagne. Ibarrategui retourna donc dans son pays o\u00f9 des groupes d&rsquo;extr\u00eame droite, des anciens franquistes, l&rsquo;assassin\u00e8rent comme il l&rsquo;avait annonc\u00e9.<br \/>\n<\/span><\/li>\n<\/ul>\n<ul>\n<li><span style=\"color: #777777; font-family: Arial;\">Une seconde fois beaucoup plus r\u00e9cemment, lorsqu&rsquo;il plaida devant le Conseil Constitutionnel avec une \u00e9loquence et une hauteur de vue exceptionnelles contre cette id\u00e9e absurde de vouloir interdire et de sanctionner la libert\u00e9 d&rsquo;aller sur des sites djihadistes : \u00ab&nbsp;La libert\u00e9 de penser, la libert\u00e9 d&rsquo;opinion, [\u2026] n&rsquo;existent pas seulement pour satisfaire le d\u00e9sir de la connaissance individuelle, le bien-\u00eatre intellectuel de chaque citoyen. [\u2026] Elles [existent] &nbsp;aussi parce que ces libert\u00e9s sont consubstantielles \u00e0 l&rsquo;existence d&rsquo;une soci\u00e9t\u00e9 d\u00e9mocratique&nbsp;\u00bb. C&rsquo;\u00e9tait le mot du jour du<span style=\"color: #0000ff;\"> <a style=\"color: #0000ff;\" href=\"https:\/\/lemotdujour.fr\/?p=426\"><span style=\"text-decoration: underline;\">13 f\u00e9vrier 2017<\/span><\/a><span style=\"text-decoration: underline;\">. <\/span><span style=\"color: #808080;\">Pour celles et ceux qui ne sont pas convaincus qu&rsquo;une telle interdiction est \u00e0 la fois stupide et liberticide, il faut relire cette plaidoirie.<\/span><br \/>\n<\/span><\/span><\/li>\n<\/ul>\n<p><span style=\"color: #777777; font-family: Arial;\">Cette fois, il \u00e9tait invit\u00e9 par France Culture <span style=\"color: #0000ff;\"><a style=\"color: #0000ff;\" href=\"https:\/\/www.franceculture.fr\/emissions\/linvite-des-matins\/y-t-il-etat-durgence-sur-nos-libertes\">&lt;aux matins de France Culture&gt;<\/a><\/span> lors d&rsquo;une \u00e9mission consacr\u00e9e aux Libert\u00e9s Publiques et \u00e0 l&rsquo;\u00c9tat d&rsquo;urgence.<br \/>\n<\/span><\/p>\n<p><span style=\"color: #777777; font-family: Arial;\">Oui&nbsp;! Parce que nous avons un vrai probl\u00e8me en France aujourd&rsquo;hui. Un probl\u00e8me grave&nbsp;: l&rsquo;\u00e9tat d&rsquo;urgence mis en place dans la nuit des attentats du 13 novembre 2015, c&rsquo;est \u00e0 dire un \u00e9tat d&rsquo;exception, est toujours en place.<br \/>\n<\/span><\/p>\n<p><span style=\"color: #777777; font-family: Arial;\">Emmanuel Macron semble avoir pour projet de sortir de l&rsquo;\u00e9tat d&rsquo;urgence, en inscrivant dans l&rsquo;\u00e9tat du Droit commun, des dispositions de l&rsquo;\u00e9tat d&rsquo;urgence. Et cela est tr\u00e8s grave.<br \/>\n<\/span><\/p>\n<p><span style=\"color: #777777; font-family: Arial;\">Il faut rappeler d&rsquo;abord quelques fondamentaux sur l&rsquo;\u00e9tat de droit, les libert\u00e9s et le combat des lumi\u00e8res.<br \/>\n<\/span><\/p>\n<p><span style=\"color: #777777; font-family: Arial;\">Voltaire avait \u00e9t\u00e9 <span style=\"color: #0000ff;\"><a style=\"color: #0000ff;\" href=\"http:\/\/www.linternaute.com\/histoire\/jour\/evenement\/16\/5\/1\/a\/48711\/voltaire_embastille.shtml\">embastill\u00e9 par la seule volont\u00e9 du r\u00e9gent<\/a> <\/span>\u00e0 qui il avait d\u00e9plu, il n&rsquo;est qu&rsquo;un exemple parmi beaucoup d&rsquo;autres de cette \u00e9poque. Ce fut par la suite son combat de lutter contre l&rsquo;arbitraire. Mais dans le domaine du Droit et des Libert\u00e9s il faut bien reconna\u00eetre que nos amis anglais ont toujours eu beaucoup d&rsquo;avance sur nous. C&rsquo;est eux qui en 1215, ont impos\u00e9 la <span style=\"color: #0000ff;\"><a style=\"color: #0000ff;\" href=\"https:\/\/www.herodote.net\/15_juin_1215-evenement-12150615.php\">&lt;Magna Carta ou Grande Charte &gt;<\/a><\/span> au Roi pour asseoir la Libert\u00e9 et les Droits individuels. Et notamment ne pas entraver l&rsquo;application du droit en arr\u00eatant les hommes libres de fa\u00e7on arbitraire, point qui sera appel\u00e9<span style=\"color: #0000ff;\"> <a style=\"color: #0000ff;\" title=\"Habeas corpus\" href=\"https:\/\/fr.wikipedia.org\/wiki\/Habeas_corpus\"><em>habeas corpus<\/em><\/a>.<\/span> Wikipedia nous apprend que ce texte avait \u00e9t\u00e9 pr\u00e9c\u00e9d\u00e9 par la Charte des Libert\u00e9s, \u00e9dict\u00e9e en 1100 par Henri Ier. Mais cette charte des Libert\u00e9s \u00e9tait tomb\u00e9e en d\u00e9su\u00e9tude.<br \/>\n<\/span><\/p>\n<p><span style=\"color: #777777; font-family: Arial;\">Mais que dit la Magna Carta dans son article 39&nbsp;?&nbsp;: <em>\u00ab&nbsp;<span style=\"color: #c00000;\">Aucun homme libre ne sera saisi, ni emprisonn\u00e9 ou d\u00e9poss\u00e9d\u00e9 de ses biens, d\u00e9clar\u00e9 hors-la-loi, exil\u00e9 ou ex\u00e9cut\u00e9, de quelques mani\u00e8res que ce soit. Nous ne le condamnerons pas non plus \u00e0 l&#8217;emprisonnement sans un jugement l\u00e9gal de ses pairs, conforme aux lois du pays<span style=\"color: #777777;\">&nbsp;\u00bb<\/span><\/span><\/em>.<br \/>\n<\/span><\/p>\n<p><span style=\"color: #777777; font-family: Arial;\">Comment fait-on cela&nbsp;?<br \/>\n<\/span><\/p>\n<p><span style=\"color: #777777; font-family: Arial;\">Par la s\u00e9paration des pouvoirs&nbsp;!<br \/>\n<\/span><\/p>\n<p><span style=\"color: #777777; font-family: Arial;\">Wikipedia rappelle que pour l&rsquo;essentiel, la s\u00e9paration des pouvoirs a \u00e9t\u00e9 th\u00e9oris\u00e9e par <span style=\"color: #0000ff;\"><a style=\"color: #0000ff;\" title=\"John Locke\" href=\"https:\/\/fr.wikipedia.org\/wiki\/John_Locke\">Locke<\/a><\/span> et non par <span style=\"color: #0000ff;\"><a style=\"color: #0000ff;\" title=\"Montesquieu\" href=\"https:\/\/fr.wikipedia.org\/wiki\/Montesquieu\">Montesquieu<\/a><\/span>&nbsp;; qui dans <span style=\"color: #0000ff;\"><a style=\"color: #0000ff;\" title=\"De l'esprit des lois\" href=\"https:\/\/fr.wikipedia.org\/wiki\/De_l%27esprit_des_lois\"><em>De l&rsquo;esprit des lois<\/em><\/a><\/span> conceptualise surtout la <em>limitation<\/em> du pouvoir par le pouvoir&nbsp;:<br \/>\n<\/span><\/p>\n<p><span style=\"color: #777777; font-family: Arial;\">Revenons \u00e0 des choses plus pratiques. Vous \u00eates dans un pays de Libert\u00e9 parce que le Gouvernement et son bras arm\u00e9, l&rsquo;Administration et la Police ne peuvent pas d\u00e9barquer chez vous selon leur bon vouloir, ne peuvent pas non plus vous arr\u00eater s&rsquo;ils le jugent utile ou vous assigner \u00e0 r\u00e9sidence chez vous parce que cela leur parait pertinent au maintien de l&rsquo;ordre. Pour faire cela, parce que cela est n\u00e9cessaire parfois, ils ont besoin qu&rsquo;un Juge de l&rsquo;ordre judiciaire les y autorise pr\u00e9alablement. J&rsquo;insiste sur le pr\u00e9alablement.<br \/>\n<\/span><\/p>\n<p><span style=\"color: #777777; font-family: Arial;\">C&rsquo;est justement \u00e0 cela que l&rsquo;Etat d&rsquo;urgence s&rsquo;attaque. L&rsquo;a<span style=\"color: #808080;\">dministra<\/span>tion agit sans l&rsquo;autorisation du Juge. C&rsquo;est une r\u00e9gression fondamentale.<br \/>\n<\/span><\/p>\n<p><span style=\"color: #0000ff;\"><a style=\"color: #0000ff;\" href=\"https:\/\/www.franceinter.fr\/emissions\/l-invite-de-8h20\/l-invite-de-8h20-13-juin-2017\"><span style=\"font-family: Arial;\">&lt;Un autre avocat Patrice Spinosi a expliqu\u00e9 sur France Inter&gt;<\/span><\/a><span style=\"font-family: Arial;\"><span style=\"color: #808080;\"> comment le Gouvernement s&rsquo;est fait pi\u00e9ger par manque de clairvoyance et aussi une attitude distante par rapport aux Libert\u00e9s et \u00e0 l&rsquo;Etat de Droit, toujours cit\u00e9 mais peu inspirant.<\/span><br \/>\n<\/span><\/span><\/p>\n<p><span style=\"color: #777777; font-family: Arial;\">Lorsque des bandes arm\u00e9es ont d\u00e9ferl\u00e9 sur notre capitale en tirant sur la foule et dans une salle de concert, il fallait agir vite. L&rsquo;\u00e9tat d&rsquo;urgence permettait de le faire et de surprendre les criminels en pleine action ou en train de vouloir continuer leur besogne macabre. Mais dans la semaine, il aurait fallu arr\u00eater l&rsquo;exception pour revenir dans le Droit commun.<br \/>\n<\/span><\/p>\n<p><span style=\"color: #777777; font-family: Arial;\">Mais le Gouvernement n&rsquo;a pas os\u00e9. Et plus il attendait, plus cela devenait difficile. Car imaginons un attentat juste apr\u00e8s la fin de l&rsquo;\u00e9tat d&rsquo;urgence, le gouvernement serait vilipend\u00e9 et accus\u00e9 d&rsquo;incons\u00e9quence.<br \/>\n<\/span><\/p>\n<p><span style=\"color: #777777; font-family: Arial;\">Pourquoi, parce qu&rsquo;il a essay\u00e9 de faire croire que l&rsquo;\u00e9tat d&rsquo;urgence permettait d&rsquo;\u00e9viter les attentats et de lutter efficacement contre les terroristes.<br \/>\n<\/span><\/p>\n<p><span style=\"color: #777777; font-family: Arial;\">C&rsquo;est l\u00e0 qu&rsquo;il faut \u00eatre solide et clair dans sa t\u00eate et \u00e9couter ceux qui savent, pas ceux qui font de la propagande ou de la communication. L&rsquo;\u00e9tat d&rsquo;urgence ne sert \u00e0 rien pour lutter contre le terrorisme dans la dur\u00e9e.<br \/>\n<\/span><\/p>\n<p><span style=\"color: #777777; font-family: Arial;\">Et Fran\u00e7ois Sureau est un homme solide et clair&nbsp;:<br \/>\n<\/span><\/p>\n<p style=\"margin-left: 28pt;\"><span style=\"color: #c00000; font-family: Arial;\">\u00ab&nbsp;[En France] nous avons un probl\u00e8me avec la libert\u00e9 qui tient au fait qu&rsquo;on aurait pu choisir Montesquieu ou Voltaire. On aurait pu penser [au d\u00e9but de la R\u00e9volution fran\u00e7aise] qu&rsquo;\u00e0 l&rsquo;origine de tout il y avait l&rsquo;existence d&rsquo;un homme libre, d&rsquo;un citoyen libre, d&rsquo;une personne dont il fallait garantir l&rsquo;existence, le cas \u00e9ch\u00e9ant contre l&rsquo;Etat. Ce n&rsquo;est pas ce que l&rsquo;on a choisi. On a choisi Rousseau et le culte de la volont\u00e9 g\u00e9n\u00e9rale. Il en r\u00e9sulte que lorsque la volont\u00e9 g\u00e9n\u00e9rale s&rsquo;exprime par la voix du Parlement et qu&rsquo;on nous explique que la s\u00e9curit\u00e9 vaut tout et la libert\u00e9 ne vaut rien, tout le monde est d&rsquo;accord avec cette id\u00e9e. C&rsquo;est \u00e0 dire que le culte absolu de la volont\u00e9 g\u00e9n\u00e9rale tend \u00e0 faire dispara\u00eetre l&rsquo;id\u00e9al des libert\u00e9s publiques.<br \/>\n<\/span><\/p>\n<p style=\"margin-left: 28pt;\"><span style=\"color: #c00000; font-family: Arial;\">Cela a pour cons\u00e9quence que pendant tr\u00e8s longtemps on n&rsquo;a pas contr\u00f4l\u00e9 les Lois par rapport aux normes constitutionnelles et qu&rsquo;il a fallu attendre 1971 d&rsquo;une d\u00e9cision c\u00e9l\u00e8bre du Conseil Constitutionnel, \u00e0 propos de la Libert\u00e9 d&rsquo;association, pour que [cette instance] accepte de contr\u00f4ler la constitutionnalit\u00e9 de la Loi par rapport aux grands principes de la d\u00e9claration des droits. Il ne le faisait pas avant. Cela montre quelque chose d&rsquo;assez profond qui montre que chez nous le combat pour les libert\u00e9s publiques est toujours \u00e0 reprendre parce qu&rsquo;il ne rentre pas vraiment dans l&rsquo;ADN politique fran\u00e7ais. [\u2026] Nous ne sommes pas un pays lib\u00e9ral [au sens politique de Montesquieu et Tocqueville].<br \/>\n<\/span><\/p>\n<p><span style=\"color: #777777; font-family: Arial;\">Il faudra probablement que j&rsquo;\u00e9crive un mot du jour sur la fameuse \u00ab&nbsp;Volont\u00e9 g\u00e9n\u00e9rale&nbsp;\u00bb de Rousseau que tout \u00e9tudiant de Droit apprend pendant ses \u00e9tudes et qui a servi de fondement aux sovi\u00e9tiques pour consid\u00e9rer que les personnes qui n&rsquo;\u00e9taient pas d&rsquo;accord avec la volont\u00e9 g\u00e9n\u00e9rale exprim\u00e9 par le Parti \u00e9taient des dissidents qui sombraient dans la folie et qu&rsquo;il fallait soit \u00ab&nbsp;r\u00e9\u00e9duquer&nbsp;\u00bb soit \u00ab&nbsp;enfermer&nbsp;\u00bb dans des h\u00f4pitaux psychiatriques. En effet, celui qui s&rsquo;oppose \u00e0 la volont\u00e9 g\u00e9n\u00e9rale n&rsquo;est pas un opposant qui exprime une autre opinion, mais un homme qui se trompe. Mais revenons au sujet principal, le diagnostic de Fran\u00e7ois Sureau sur l&rsquo;\u00e9tat d&rsquo;urgence.<br \/>\n<\/span><\/p>\n<p><span style=\"color: #777777; font-family: Arial;\">Fran\u00e7ois Sureau insiste beaucoup sur le fait que nous ne parlons pas ici de lib\u00e9ralisme \u00e9conomique mais politique. En France le mot lib\u00e9ralisme est quasi exclusivement attach\u00e9 au domaine de l&rsquo;\u00e9conomie. Il y a d&rsquo;ailleurs en France une m\u00e9fiance assez g\u00e9n\u00e9ralis\u00e9e \u00e0 l&rsquo;\u00e9gard du lib\u00e9ralisme \u00e9conomique qui la distingue de beaucoup de ses voisins. Mais ce n&rsquo;est pas de lib\u00e9ralisme \u00e9conomique qu&rsquo;il est question mais bien de politique et de libert\u00e9 des citoyens qu&rsquo;il s&rsquo;agit \u00e0 la fois de garantir et de prot\u00e9ger. Et surtout de prot\u00e9ger de l&rsquo;intrusion de l&rsquo;Etat.<br \/>\n<\/span><\/p>\n<p style=\"margin-left: 28pt;\"><span style=\"color: #c00000; font-family: Arial;\">[Cette question des droits de la personne traverse les formations politiques. Il y a tout une partie de la gauche, la gauche de type Vallsiste pour laquelle ces mots n&rsquo;ont absolument aucun sens exactement comme une partie de la Droite.<br \/>\n<\/span><\/p>\n<p><span style=\"color: #777777; font-family: Arial;\">C&rsquo;est alors que Guillaume Erner le relance pour poser la probl\u00e9matique de mani\u00e8re claire&nbsp;: le terrorisme actuel ne m\u00e9rite t&rsquo;il pas que l&rsquo;on pose un mouchoir sur un certain nombre de nos libert\u00e9s individuelles pour avoir la s\u00e9curit\u00e9 collective.<br \/>\n<\/span><\/p>\n<p style=\"margin-left: 28pt;\"><span style=\"color: #c00000; font-family: Arial;\">\u00ab&nbsp;La v\u00e9rit\u00e9 est tout \u00e0 fait l&rsquo;inverse. [\u2026]<br \/>\n<\/span><\/p>\n<p style=\"margin-left: 28pt;\"><span style=\"color: #c00000; font-family: Arial;\">Premier point, quand nos p\u00e8res fondateurs ont pos\u00e9 les principes de nos droits individuels, ils ne l&rsquo;ont pas fait uniquement pour les situations o\u00f9 tout va bien. Et au moment o\u00f9 nos grands penseurs expliquaient qu&rsquo;on ne pouvait pas perquisitionner chez quelqu&rsquo;un sans le mandat d&rsquo;un juge, qui est \u00e0 peu pr\u00e8s une garantie qu&rsquo;on a suspendue au moment de l&rsquo;\u00e9tat d&rsquo;urgence, on ne pouvait pas traverser la for\u00eat de Bondy sans escorte arm\u00e9e. Les gens qui ont r\u00e9fl\u00e9chi [aux exigences] d&rsquo;une soci\u00e9t\u00e9 libre ne l&rsquo;ont pas fait quand tout allait bien.<br \/>\n<\/span><\/p>\n<p style=\"margin-left: 28pt;\"><span style=\"color: #c00000; font-family: Arial;\">Second point, qui est encore plus grave, il y a l\u00e0-dedans une forme d&rsquo;imposture. Plut\u00f4t que de s&rsquo;organiser pour que la Police soit r\u00e9ellement efficace \u00e0 l&rsquo;\u00e9gard des 400 personnes qui sont r\u00e9ellement dangereuses, car je suis tout aussi avide de s\u00e9curit\u00e9 que tout le monde, pour qu&rsquo;elle travaille davantage, qu&rsquo;elle ait plus de moyens pour qu&rsquo;on recr\u00e9e par exemple les renseignements g\u00e9n\u00e9raux, on a pr\u00e9f\u00e9r\u00e9 suspendre les libert\u00e9s publiques de l&rsquo;ensemble des fran\u00e7ais. Et c&rsquo;est cela la probl\u00e9matique de l&rsquo;\u00e9tat d&rsquo;urgence. [\u2026] c&rsquo;est l&rsquo;effet de groupes de pression de la justice et de l&rsquo;administration\u2026]<br \/>\n<\/span><\/p>\n<p style=\"margin-left: 28pt;\"><span style=\"color: #c00000; font-family: Arial;\">Les cons\u00e9quences de l&rsquo;\u00e9tat d&rsquo;urgence c&rsquo;est qu&rsquo;on s&rsquo;est servi de l&rsquo;assignation \u00e0 r\u00e9sidence pour contraindre des corses \u00e0 rester chez eux \u00e0 propos de match de foot en Corse du sud ou encore des \u00e9cologistes au moment de la COP 21.<br \/>\n<\/span><\/p>\n<p style=\"margin-left: 28pt;\"><span style=\"color: #c00000; font-family: Arial;\">C&rsquo;est cela qui est inacceptable.&nbsp;!&nbsp;\u00bb<br \/>\n<\/span><\/p>\n<p><span style=\"color: #777777; font-family: Arial;\">L&rsquo;\u00e9tat d&rsquo;urgence n&rsquo;est pas efficace pour ce \u00e0 quoi on pr\u00e9tend l&rsquo;utiliser&nbsp;:<br \/>\n<\/span><\/p>\n<p style=\"margin-left: 28pt;\"><span style=\"color: #c00000; font-family: Arial;\">\u00ab&nbsp;Personne de s\u00e9rieux ne pense que l&rsquo;\u00e9tat d&rsquo;urgence a une quelconque efficacit\u00e9 dans la lutte contre le terrorisme. [La Grande Bretagne n&rsquo;a pas fait comme nous] Il y a eu 7000 perquisitions administratives pour 4 mises en examen]. Tout le monde sait que cela ne fonctionne pas. Simplement qu&rsquo;est ce qui s&rsquo;est pass\u00e9&nbsp;? [\u2026] <span style=\"text-decoration: underline;\">Un gouvernement g\u00e9n\u00e9ralement mal inspir\u00e9, face \u00e0 une angoisse g\u00e9n\u00e9rale totale, a cherch\u00e9 la chose la plus spectaculaire qu&rsquo;il pouvait mettre en place et il a d\u00e9cid\u00e9 de mettre en place l&rsquo;\u00e9tat d&rsquo;urgence<\/span>. Maintenant, faute de p\u00e9dagogie ou plut\u00f4t avec l&rsquo;effet de cette p\u00e9dagogie n\u00e9gative, la plupart des fran\u00e7ais pense que l&rsquo;\u00e9tat d&rsquo;urgence est indispensable \u00e0 leur s\u00e9curit\u00e9. Il n&rsquo;en est absolument rien. [\u2026] et tout le monde le sait parmi les sp\u00e9cialistes.<br \/>\n<\/span><\/p>\n<p style=\"margin-left: 28pt;\"><span style=\"color: #c00000; font-family: Arial;\">On n&rsquo;a jamais vu un procureur refuser d&rsquo;ouvrir une enqu\u00eate pr\u00e9liminaire. On a jamais vu un magistrat anti-terroriste refuser de d\u00e9livrer un mandat de perquisition.<br \/>\n<\/span><\/p>\n<p style=\"margin-left: 28pt;\"><span style=\"color: #c00000; font-family: Arial;\">L&rsquo;id\u00e9e de confier au Pr\u00e9fet les missions normalement d\u00e9volues aux magistrats est une id\u00e9e totalement surr\u00e9aliste.<br \/>\n<\/span><\/p>\n<p style=\"margin-left: 28pt;\"><span style=\"color: #c00000; font-family: Arial;\">Mais les gouvernements se sont laiss\u00e9s enfermer dans ce pi\u00e8ge. Pourquoi l&rsquo;ont-ils fait&nbsp;?<br \/>\n<\/span><\/p>\n<p style=\"margin-left: 28pt;\"><span style=\"color: #c00000; font-family: Arial;\">Parce que c&rsquo;\u00e9tait commode. Parce que c&rsquo;\u00e9tait de pauvres hommes d\u00e9pass\u00e9s par les \u00e9v\u00e8nements.&nbsp;\u00bb<br \/>\n<\/span><\/p>\n<p><span style=\"color: #777777; font-family: Arial;\">Sureau parle de la part de nos gouvernants depuis 20 ans d&rsquo;une furie normative.<br \/>\n<\/span><\/p>\n<p style=\"margin-left: 28pt;\"><span style=\"color: #c00000; font-family: Arial;\">\u00ab&nbsp;Plut\u00f4t que d&rsquo;avoir un Ministre de l&rsquo;Int\u00e9rieur capable de n\u00e9gocier un compromis d&rsquo;efficacit\u00e9 avec les syndicats de Police, on a pr\u00e9f\u00e9r\u00e9 faire passer une Loi anti-terroriste par an pour r\u00e9duire les libert\u00e9s de tout le monde. En r\u00e9alit\u00e9, il n&rsquo;y a plus d&rsquo;Etat et c&rsquo;est pour cela qu&rsquo;il y a de plus en plus de Lois. La lutte anti-terroriste n\u00e9cessite de redonner \u00e0 l&rsquo;Etat un pouvoir effectif&nbsp;: la recr\u00e9ation de renseignements g\u00e9n\u00e9raux, une police plus efficace, une police mieux \u00e9quip\u00e9e. Alors cela ne se voit pas, cela ne permet pas d&rsquo;aller au Parlement et de dire&nbsp;: j&rsquo;ai fait la Loi Tartemolle&nbsp;! Mais c&rsquo;est certainement ce qu&rsquo;il faut faire.&nbsp;\u00bb<br \/>\n<\/span><\/p>\n<p><span style=\"color: #777777; font-family: Arial;\">Sureau donne une explication peu rassurante sur ces errements normatifs de nos gouvernants&nbsp;en parlant de la disparition de la culture philosophique de la classe politique.<br \/>\n<\/span><\/p>\n<p style=\"margin-left: 28pt;\"><span style=\"color: #c00000; font-family: Arial;\">\u00ab&nbsp;Quand vous regardez les d\u00e9bats parlementaires de la 3<sup>\u00e8me<\/sup> ou de la 4<sup>\u00e8me<\/sup> R\u00e9publique \u00e0 propos des l\u00e9gislations d&rsquo;exceptions vous constatez qu&rsquo;il y avait de vrais d\u00e9bats. [\u2026] Il y a des gens inspir\u00e9s par la philosophie des droits. Ce qui est frappant c&rsquo;est que ce d\u00e9bat a enti\u00e8rement disparu du Parlement. Il faut attendre d&rsquo;\u00eatre devant le Conseil constitutionnel pour le tenir. [\u2026] C&rsquo;est d\u00fb au progr\u00e8s incroyable de l&rsquo;inculture de la philosophie juridique chez les parlementaires et probablement \u00e0 une culture uniquement instrumentale dans son rapport au Droit de l&rsquo;Ecole Nationale de l&rsquo;Administration. [Un exemple] quand le Conseil Constitutionnel a d\u00e9cid\u00e9 de censurer l&rsquo;interdiction de consultation des sites terroristes, la d\u00e9cision du Conseil Constitutionnel sort \u00e0 14h, \u00e0 18h on apprend que 4 mecs se sont r\u00e9unis en commission pour tenter de contourner la d\u00e9cision du Conseil Constitutionnel. Ceci, il y a trente ans aurait d\u00e9clench\u00e9 un v\u00e9ritable scandale public&nbsp;\u00bb<br \/>\n<\/span><\/p>\n<p><span style=\"color: #777777; font-family: Arial;\">Et bien s\u00fbr cela ne d\u00e9clencha aucun scandale.<br \/>\n<\/span><\/p>\n<p><span style=\"color: #777777; font-family: Arial;\">Il me semble que c&rsquo;est la 3\u00e8me fois ou la 4<sup>\u00e8me<\/sup> fois que je me sens conduit \u00e0 citer cet avertissement, qui n&rsquo;a jamais fait l&rsquo;exergue d&rsquo;un mot du jour, de Benjamin Franklin, l&rsquo;un des P\u00e8res fondateurs des \u00c9tats-Unis (1706-1790) : \u00ab <span style=\"color: #c00000;\">Un peuple pr\u00eat \u00e0 sacrifier un peu de libert\u00e9 pour un peu de s\u00e9curit\u00e9 ne m\u00e9rite ni l&rsquo;une ni l&rsquo;autre, et finit par perdre les deux.<span style=\"color: #777777;\">\u00bb<br \/>\n<\/span><\/span><\/span><\/p>\n<p><span style=\"color: #800000;\">&lt;909&gt;<\/span><\/p>\n","protected":false},"excerpt":{"rendered":"<p>\u00ab&nbsp;Un gouvernement g\u00e9n\u00e9ralement mal inspir\u00e9, face \u00e0 une angoisse g\u00e9n\u00e9rale totale, a cherch\u00e9 la chose la plus spectaculaire qu\u2019il pouvait mettre en place et il a d\u00e9cid\u00e9 de mettre en place l\u2019\u00e9tat d\u2019urgence&nbsp;\u00bb Fran\u00e7ois Sureau J&rsquo;ai d\u00e9j\u00e0 \u00e9voqu\u00e9 l&rsquo;avocat Fran\u00e7ois<\/p>\n","protected":false},"author":1,"featured_media":0,"comment_status":"open","ping_status":"closed","sticky":false,"template":"","format":"standard","meta":{"footnotes":""},"categories":[1],"tags":[16,41,3],"class_list":["post-2596","post","type-post","status-publish","format-standard","hentry","category-motdujour","tag-droit","tag-liberte","tag-politique"],"_links":{"self":[{"href":"https:\/\/lemotdujour.fr\/index.php?rest_route=\/wp\/v2\/posts\/2596","targetHints":{"allow":["GET"]}}],"collection":[{"href":"https:\/\/lemotdujour.fr\/index.php?rest_route=\/wp\/v2\/posts"}],"about":[{"href":"https:\/\/lemotdujour.fr\/index.php?rest_route=\/wp\/v2\/types\/post"}],"author":[{"embeddable":true,"href":"https:\/\/lemotdujour.fr\/index.php?rest_route=\/wp\/v2\/users\/1"}],"replies":[{"embeddable":true,"href":"https:\/\/lemotdujour.fr\/index.php?rest_route=%2Fwp%2Fv2%2Fcomments&post=2596"}],"version-history":[{"count":4,"href":"https:\/\/lemotdujour.fr\/index.php?rest_route=\/wp\/v2\/posts\/2596\/revisions"}],"predecessor-version":[{"id":12169,"href":"https:\/\/lemotdujour.fr\/index.php?rest_route=\/wp\/v2\/posts\/2596\/revisions\/12169"}],"wp:attachment":[{"href":"https:\/\/lemotdujour.fr\/index.php?rest_route=%2Fwp%2Fv2%2Fmedia&parent=2596"}],"wp:term":[{"taxonomy":"category","embeddable":true,"href":"https:\/\/lemotdujour.fr\/index.php?rest_route=%2Fwp%2Fv2%2Fcategories&post=2596"},{"taxonomy":"post_tag","embeddable":true,"href":"https:\/\/lemotdujour.fr\/index.php?rest_route=%2Fwp%2Fv2%2Ftags&post=2596"}],"curies":[{"name":"wp","href":"https:\/\/api.w.org\/{rel}","templated":true}]}}